{"id":93769,"date":"2023-08-01T10:58:06","date_gmt":"2023-08-01T08:58:06","guid":{"rendered":"https:\/\/president-ksgov.net\/?p=93769"},"modified":"2023-08-01T11:25:17","modified_gmt":"2023-08-01T09:25:17","slug":"president-osmani-congratulates-switzerland-on-its-national-day-we-will-continue-to-strengthen-the-bond-between-our-countries","status":"publish","type":"post","link":"https:\/\/president-ksgov.net\/en\/president-osmani-congratulates-switzerland-on-its-national-day-we-will-continue-to-strengthen-the-bond-between-our-countries\/","title":{"rendered":"President Osmani congratulates Switzerland on its National Day: We will continue to strengthen the bond between our countries"},"content":{"rendered":"<p style=\"font-weight: 400;\">The President of the Republic of Kosovo Vjosa Osmani congratulated Switzerland on its National Day.<\/p>\n<p style=\"font-weight: 400;\">&#8220;Happy National Day to President Alain Berset and our Swiss friends! Switzerland is our longstanding partner, and an ardent supporter of the people of Kosovo. Together, we will continue to strengthen the bond between our countries, with our diaspora playing a pivotal role,&#8221; wrote President Osmani.<\/p>\n","protected":false},"excerpt":{"rendered":"<p>The President of the Republic of Kosovo Vjosa Osmani congratulated Switzerland on its National Day. &#8220;Happy National Day to President Alain Berset and our Swiss friends! Switzerland is our longstanding partner, and an ardent supporter of the people of Kosovo. Together, we will continue to strengthen the bond between our countries, with our diaspora playing a pivotal role,&#8221; wrote President Osmani.<\/p>\n","protected":false},"author":11,"featured_media":93766,"comment_status":"open","ping_status":"closed","sticky":false,"template":"","format":"standard","meta":{"_eb_attr":"","footnotes":""},"categories":[111],"tags":[],"class_list":["post-93769","post","type-post","status-publish","format-standard","has-post-thumbnail","hentry","category-news"],"yoast_head":"<!-- This site is optimized with the Yoast SEO plugin v23.5 - https:\/\/yoast.com\/wordpress\/plugins\/seo\/ -->\n<title>President Osmani congratulates Switzerland on its National Day: We will continue to strengthen the bond between our countries - President of the Republic of Kosovo - DR. VJOSA OSMANI - SADRIU<\/title>\n<meta name=\"description\" content=\"President Osmani congratulates Switzerland on its National Day: We will continue to strengthen the bond between our countries - President of the Republic of Kosovo - DR. VJOSA OSMANI - SADRIU -\" \/>\n<meta name=\"robots\" content=\"index, follow, max-snippet:-1, max-image-preview:large, max-video-preview:-1\" \/>\n<link rel=\"canonical\" href=\"https:\/\/president-ksgov.net\/en\/president-osmani-congratulates-switzerland-on-its-national-day-we-will-continue-to-strengthen-the-bond-between-our-countries\/\" \/>\n<meta property=\"og:locale\" content=\"en_US\" \/>\n<meta property=\"og:type\" content=\"article\" \/>\n<meta property=\"og:title\" content=\"President Osmani congratulates Switzerland on its National Day: We will continue to strengthen the bond between our countries - President of the Republic of Kosovo - DR. VJOSA OSMANI - SADRIU\" \/>\n<meta property=\"og:description\" content=\"President Osmani congratulates Switzerland on its National Day: We will continue to strengthen the bond between our countries - President of the Republic of Kosovo - DR. VJOSA OSMANI - SADRIU -\" \/>\n<meta property=\"og:url\" content=\"https:\/\/president-ksgov.net\/en\/president-osmani-congratulates-switzerland-on-its-national-day-we-will-continue-to-strengthen-the-bond-between-our-countries\/\" \/>\n<meta property=\"og:site_name\" content=\"President of the Republic of Kosovo - DR. VJOSA OSMANI - SADRIU\" \/>\n<meta property=\"article:published_time\" content=\"2023-08-01T08:58:06+00:00\" \/>\n<meta property=\"article:modified_time\" content=\"2023-08-01T09:25:17+00:00\" \/>\n<meta property=\"og:image\" content=\"https:\/\/president-ksgov.net\/wp-content\/uploads\/20230801_110002.jpg\" \/>\n\t<meta property=\"og:image:width\" content=\"1600\" \/>\n\t<meta property=\"og:image:height\" content=\"1600\" \/>\n\t<meta property=\"og:image:type\" content=\"image\/jpeg\" \/>\n<meta name=\"author\" content=\"presidentlogin\" \/>\n<meta name=\"twitter:card\" content=\"summary_large_image\" \/>\n<meta name=\"twitter:label1\" content=\"Written by\" \/>\n\t<meta name=\"twitter:data1\" content=\"presidentlogin\" \/>\n<script type=\"application\/ld+json\" class=\"yoast-schema-graph\">{\"@context\":\"https:\/\/schema.org\",\"@graph\":[{\"@type\":\"WebPage\",\"@id\":\"https:\/\/president-ksgov.net\/en\/president-osmani-congratulates-switzerland-on-its-national-day-we-will-continue-to-strengthen-the-bond-between-our-countries\/\",\"url\":\"https:\/\/president-ksgov.net\/en\/president-osmani-congratulates-switzerland-on-its-national-day-we-will-continue-to-strengthen-the-bond-between-our-countries\/\",\"name\":\"President Osmani congratulates Switzerland on its National Day: We will continue to strengthen the bond between our countries - President of the Republic of Kosovo - DR. VJOSA OSMANI - SADRIU\",\"isPartOf\":{\"@id\":\"https:\/\/president-ksgov.net\/#website\"},\"primaryImageOfPage\":{\"@id\":\"https:\/\/president-ksgov.net\/en\/president-osmani-congratulates-switzerland-on-its-national-day-we-will-continue-to-strengthen-the-bond-between-our-countries\/#primaryimage\"},\"image\":{\"@id\":\"https:\/\/president-ksgov.net\/en\/president-osmani-congratulates-switzerland-on-its-national-day-we-will-continue-to-strengthen-the-bond-between-our-countries\/#primaryimage\"},\"thumbnailUrl\":\"https:\/\/president-ksgov.net\/wp-content\/uploads\/20230801_110002.jpg\",\"datePublished\":\"2023-08-01T08:58:06+00:00\",\"dateModified\":\"2023-08-01T09:25:17+00:00\",\"author\":{\"@id\":\"https:\/\/president-ksgov.net\/#\/schema\/person\/1a2c014cffc81ec60d5a452a36d08d92\"},\"description\":\"President Osmani congratulates Switzerland on its National Day: We will continue to strengthen the bond between our countries - President of the Republic of Kosovo - DR. VJOSA OSMANI - SADRIU -\",\"breadcrumb\":{\"@id\":\"https:\/\/president-ksgov.net\/en\/president-osmani-congratulates-switzerland-on-its-national-day-we-will-continue-to-strengthen-the-bond-between-our-countries\/#breadcrumb\"},\"inLanguage\":\"en-US\",\"potentialAction\":[{\"@type\":\"ReadAction\",\"target\":[\"https:\/\/president-ksgov.net\/en\/president-osmani-congratulates-switzerland-on-its-national-day-we-will-continue-to-strengthen-the-bond-between-our-countries\/\"]}]},{\"@type\":\"ImageObject\",\"inLanguage\":\"en-US\",\"@id\":\"https:\/\/president-ksgov.net\/en\/president-osmani-congratulates-switzerland-on-its-national-day-we-will-continue-to-strengthen-the-bond-between-our-countries\/#primaryimage\",\"url\":\"https:\/\/president-ksgov.net\/wp-content\/uploads\/20230801_110002.jpg\",\"contentUrl\":\"https:\/\/president-ksgov.net\/wp-content\/uploads\/20230801_110002.jpg\",\"width\":1600,\"height\":1600},{\"@type\":\"BreadcrumbList\",\"@id\":\"https:\/\/president-ksgov.net\/en\/president-osmani-congratulates-switzerland-on-its-national-day-we-will-continue-to-strengthen-the-bond-between-our-countries\/#breadcrumb\",\"itemListElement\":[{\"@type\":\"ListItem\",\"position\":1,\"name\":\"Home\",\"item\":\"https:\/\/president-ksgov.net\/en\/\"},{\"@type\":\"ListItem\",\"position\":2,\"name\":\"President Osmani congratulates Switzerland on its National Day: We will continue to strengthen the bond between our countries\"}]},{\"@type\":\"WebSite\",\"@id\":\"https:\/\/president-ksgov.net\/#website\",\"url\":\"https:\/\/president-ksgov.net\/\",\"name\":\"Presidente e Republik\u00ebs s\u00eb Kosov\u00ebs\",\"description\":\"Presidente e Republik\u00ebs s\u00eb Kosov\u00ebs\",\"alternateName\":\"DR. VJOSA OSMANI - SADRIU\",\"potentialAction\":[{\"@type\":\"SearchAction\",\"target\":{\"@type\":\"EntryPoint\",\"urlTemplate\":\"https:\/\/president-ksgov.net\/?s={search_term_string}\"},\"query-input\":{\"@type\":\"PropertyValueSpecification\",\"valueRequired\":true,\"valueName\":\"search_term_string\"}}],\"inLanguage\":\"en-US\"},{\"@type\":\"Person\",\"@id\":\"https:\/\/president-ksgov.net\/#\/schema\/person\/1a2c014cffc81ec60d5a452a36d08d92\",\"name\":\"presidentlogin\",\"image\":{\"@type\":\"ImageObject\",\"inLanguage\":\"en-US\",\"@id\":\"https:\/\/president-ksgov.net\/#\/schema\/person\/image\/\",\"url\":\"https:\/\/secure.gravatar.com\/avatar\/339f00ab0a8a0d5ce1ecff10aa2b4a1f51f58bbd5a57793f8cd6ad624080d807?s=96&d=mm&r=g\",\"contentUrl\":\"https:\/\/secure.gravatar.com\/avatar\/339f00ab0a8a0d5ce1ecff10aa2b4a1f51f58bbd5a57793f8cd6ad624080d807?s=96&d=mm&r=g\",\"caption\":\"presidentlogin\"}}]}<\/script>\n<!-- \/ Yoast SEO plugin. -->","yoast_head_json":{"title":"President Osmani congratulates Switzerland on its National Day: We will continue to strengthen the bond between our countries - President of the Republic of Kosovo - DR. VJOSA OSMANI - SADRIU","description":"President Osmani congratulates Switzerland on its National Day: We will continue to strengthen the bond between our countries - President of the Republic of Kosovo - DR. VJOSA OSMANI - SADRIU -","robots":{"index":"index","follow":"follow","max-snippet":"max-snippet:-1","max-image-preview":"max-image-preview:large","max-video-preview":"max-video-preview:-1"},"canonical":"https:\/\/president-ksgov.net\/en\/president-osmani-congratulates-switzerland-on-its-national-day-we-will-continue-to-strengthen-the-bond-between-our-countries\/","og_locale":"en_US","og_type":"article","og_title":"President Osmani congratulates Switzerland on its National Day: We will continue to strengthen the bond between our countries - President of the Republic of Kosovo - DR. VJOSA OSMANI - SADRIU","og_description":"President Osmani congratulates Switzerland on its National Day: We will continue to strengthen the bond between our countries - President of the Republic of Kosovo - DR. VJOSA OSMANI - SADRIU -","og_url":"https:\/\/president-ksgov.net\/en\/president-osmani-congratulates-switzerland-on-its-national-day-we-will-continue-to-strengthen-the-bond-between-our-countries\/","og_site_name":"President of the Republic of Kosovo - DR. VJOSA OSMANI - SADRIU","article_published_time":"2023-08-01T08:58:06+00:00","article_modified_time":"2023-08-01T09:25:17+00:00","og_image":[{"width":1600,"height":1600,"url":"https:\/\/president-ksgov.net\/wp-content\/uploads\/20230801_110002.jpg","type":"image\/jpeg"}],"author":"presidentlogin","twitter_card":"summary_large_image","twitter_misc":{"Written by":"presidentlogin"},"schema":{"@context":"https:\/\/schema.org","@graph":[{"@type":"WebPage","@id":"https:\/\/president-ksgov.net\/en\/president-osmani-congratulates-switzerland-on-its-national-day-we-will-continue-to-strengthen-the-bond-between-our-countries\/","url":"https:\/\/president-ksgov.net\/en\/president-osmani-congratulates-switzerland-on-its-national-day-we-will-continue-to-strengthen-the-bond-between-our-countries\/","name":"President Osmani congratulates Switzerland on its National Day: We will continue to strengthen the bond between our countries - President of the Republic of Kosovo - DR. VJOSA OSMANI - SADRIU","isPartOf":{"@id":"https:\/\/president-ksgov.net\/#website"},"primaryImageOfPage":{"@id":"https:\/\/president-ksgov.net\/en\/president-osmani-congratulates-switzerland-on-its-national-day-we-will-continue-to-strengthen-the-bond-between-our-countries\/#primaryimage"},"image":{"@id":"https:\/\/president-ksgov.net\/en\/president-osmani-congratulates-switzerland-on-its-national-day-we-will-continue-to-strengthen-the-bond-between-our-countries\/#primaryimage"},"thumbnailUrl":"https:\/\/president-ksgov.net\/wp-content\/uploads\/20230801_110002.jpg","datePublished":"2023-08-01T08:58:06+00:00","dateModified":"2023-08-01T09:25:17+00:00","author":{"@id":"https:\/\/president-ksgov.net\/#\/schema\/person\/1a2c014cffc81ec60d5a452a36d08d92"},"description":"President Osmani congratulates Switzerland on its National Day: We will continue to strengthen the bond between our countries - President of the Republic of Kosovo - DR. VJOSA OSMANI - SADRIU -","breadcrumb":{"@id":"https:\/\/president-ksgov.net\/en\/president-osmani-congratulates-switzerland-on-its-national-day-we-will-continue-to-strengthen-the-bond-between-our-countries\/#breadcrumb"},"inLanguage":"en-US","potentialAction":[{"@type":"ReadAction","target":["https:\/\/president-ksgov.net\/en\/president-osmani-congratulates-switzerland-on-its-national-day-we-will-continue-to-strengthen-the-bond-between-our-countries\/"]}]},{"@type":"ImageObject","inLanguage":"en-US","@id":"https:\/\/president-ksgov.net\/en\/president-osmani-congratulates-switzerland-on-its-national-day-we-will-continue-to-strengthen-the-bond-between-our-countries\/#primaryimage","url":"https:\/\/president-ksgov.net\/wp-content\/uploads\/20230801_110002.jpg","contentUrl":"https:\/\/president-ksgov.net\/wp-content\/uploads\/20230801_110002.jpg","width":1600,"height":1600},{"@type":"BreadcrumbList","@id":"https:\/\/president-ksgov.net\/en\/president-osmani-congratulates-switzerland-on-its-national-day-we-will-continue-to-strengthen-the-bond-between-our-countries\/#breadcrumb","itemListElement":[{"@type":"ListItem","position":1,"name":"Home","item":"https:\/\/president-ksgov.net\/en\/"},{"@type":"ListItem","position":2,"name":"President Osmani congratulates Switzerland on its National Day: We will continue to strengthen the bond between our countries"}]},{"@type":"WebSite","@id":"https:\/\/president-ksgov.net\/#website","url":"https:\/\/president-ksgov.net\/","name":"Presidente e Republik\u00ebs s\u00eb Kosov\u00ebs","description":"Presidente e Republik\u00ebs s\u00eb Kosov\u00ebs","alternateName":"DR. VJOSA OSMANI - SADRIU","potentialAction":[{"@type":"SearchAction","target":{"@type":"EntryPoint","urlTemplate":"https:\/\/president-ksgov.net\/?s={search_term_string}"},"query-input":{"@type":"PropertyValueSpecification","valueRequired":true,"valueName":"search_term_string"}}],"inLanguage":"en-US"},{"@type":"Person","@id":"https:\/\/president-ksgov.net\/#\/schema\/person\/1a2c014cffc81ec60d5a452a36d08d92","name":"presidentlogin","image":{"@type":"ImageObject","inLanguage":"en-US","@id":"https:\/\/president-ksgov.net\/#\/schema\/person\/image\/","url":"https:\/\/secure.gravatar.com\/avatar\/339f00ab0a8a0d5ce1ecff10aa2b4a1f51f58bbd5a57793f8cd6ad624080d807?s=96&d=mm&r=g","contentUrl":"https:\/\/secure.gravatar.com\/avatar\/339f00ab0a8a0d5ce1ecff10aa2b4a1f51f58bbd5a57793f8cd6ad624080d807?s=96&d=mm&r=g","caption":"presidentlogin"}}]}},"_links":{"self":[{"href":"https:\/\/president-ksgov.net\/en\/wp-json\/wp\/v2\/posts\/93769","targetHints":{"allow":["GET"]}}],"collection":[{"href":"https:\/\/president-ksgov.net\/en\/wp-json\/wp\/v2\/posts"}],"about":[{"href":"https:\/\/president-ksgov.net\/en\/wp-json\/wp\/v2\/types\/post"}],"author":[{"embeddable":true,"href":"https:\/\/president-ksgov.net\/en\/wp-json\/wp\/v2\/users\/11"}],"replies":[{"embeddable":true,"href":"https:\/\/president-ksgov.net\/en\/wp-json\/wp\/v2\/comments?post=93769"}],"version-history":[{"count":2,"href":"https:\/\/president-ksgov.net\/en\/wp-json\/wp\/v2\/posts\/93769\/revisions"}],"predecessor-version":[{"id":93771,"href":"https:\/\/president-ksgov.net\/en\/wp-json\/wp\/v2\/posts\/93769\/revisions\/93771"}],"wp:featuredmedia":[{"embeddable":true,"href":"https:\/\/president-ksgov.net\/en\/wp-json\/wp\/v2\/media\/93766"}],"wp:attachment":[{"href":"https:\/\/president-ksgov.net\/en\/wp-json\/wp\/v2\/media?parent=93769"}],"wp:term":[{"taxonomy":"category","embeddable":true,"href":"https:\/\/president-ksgov.net\/en\/wp-json\/wp\/v2\/categories?post=93769"},{"taxonomy":"post_tag","embeddable":true,"href":"https:\/\/president-ksgov.net\/en\/wp-json\/wp\/v2\/tags?post=93769"}],"curies":[{"name":"wp","href":"https:\/\/api.w.org\/{rel}","templated":true}]}}