{"id":93729,"date":"2023-07-23T16:00:53","date_gmt":"2023-07-23T14:00:53","guid":{"rendered":"https:\/\/president-ksgov.net\/?p=93729"},"modified":"2023-07-26T12:57:29","modified_gmt":"2023-07-26T10:57:29","slug":"president-osmani-commemorated-the-prominent-activist-shaban-manaj-on-the-23rd-anniversary-of-his-kidnapping-and-assassination","status":"publish","type":"post","link":"https:\/\/president-ksgov.net\/en\/president-osmani-commemorated-the-prominent-activist-shaban-manaj-on-the-23rd-anniversary-of-his-kidnapping-and-assassination\/","title":{"rendered":"President Osmani  commemorated the prominent activist Shaban Manaj, on the 23rd anniversary of his kidnapping and assassination"},"content":{"rendered":"<p>On the 23rd anniversary of his kidnapping and\u00a0 assassination the memory of Shaban Manaj, the prominent activist for freedom and independence, still remains fresh in our minds and hearts.<\/p>\n<p>He was the man who never gave up, standing right next to the historical president Dr. Ibrahim Rugova, with whom they gave all they could to the cause of freedom, independence and state.<\/p>\n<p>Lawyer Manaj will always remain a model of a man committed to human rights and national issues.<\/p>\n<p>The deeds of Shaban Manaj will always be remembered, as our efforts for justice shall never cease!<\/p>\n","protected":false},"excerpt":{"rendered":"<p>On the 23rd anniversary of his kidnapping and\u00a0 assassination the memory of Shaban Manaj, the prominent activist for freedom and independence, still remains fresh in our minds and hearts. He was the man who never gave up, standing right next to the historical president Dr. Ibrahim Rugova, with whom they gave all they could to the cause of freedom, independence and state. Lawyer Manaj will always remain a model of a man committed to human rights and national issues. The deeds of Shaban Manaj will always be remembered, as our efforts for justice shall never cease!<\/p>\n","protected":false},"author":11,"featured_media":93194,"comment_status":"open","ping_status":"closed","sticky":false,"template":"","format":"standard","meta":{"_eb_attr":"","footnotes":""},"categories":[111],"tags":[],"class_list":["post-93729","post","type-post","status-publish","format-standard","has-post-thumbnail","hentry","category-news"],"yoast_head":"<!-- This site is optimized with the Yoast SEO plugin v23.5 - https:\/\/yoast.com\/wordpress\/plugins\/seo\/ -->\n<title>President Osmani commemorated the prominent activist Shaban Manaj, on the 23rd anniversary of his kidnapping and assassination - President of the Republic of Kosovo - DR. VJOSA OSMANI - SADRIU<\/title>\n<meta name=\"description\" content=\"President Osmani commemorated the prominent activist Shaban Manaj, on the 23rd anniversary of his kidnapping and assassination - President of the Republic of Kosovo - DR. VJOSA OSMANI - SADRIU -\" \/>\n<meta name=\"robots\" content=\"index, follow, max-snippet:-1, max-image-preview:large, max-video-preview:-1\" \/>\n<link rel=\"canonical\" href=\"https:\/\/president-ksgov.net\/en\/president-osmani-commemorated-the-prominent-activist-shaban-manaj-on-the-23rd-anniversary-of-his-kidnapping-and-assassination\/\" \/>\n<meta property=\"og:locale\" content=\"en_US\" \/>\n<meta property=\"og:type\" content=\"article\" \/>\n<meta property=\"og:title\" content=\"President Osmani commemorated the prominent activist Shaban Manaj, on the 23rd anniversary of his kidnapping and assassination - President of the Republic of Kosovo - DR. VJOSA OSMANI - SADRIU\" \/>\n<meta property=\"og:description\" content=\"President Osmani commemorated the prominent activist Shaban Manaj, on the 23rd anniversary of his kidnapping and assassination - President of the Republic of Kosovo - DR. VJOSA OSMANI - SADRIU -\" \/>\n<meta property=\"og:url\" content=\"https:\/\/president-ksgov.net\/en\/president-osmani-commemorated-the-prominent-activist-shaban-manaj-on-the-23rd-anniversary-of-his-kidnapping-and-assassination\/\" \/>\n<meta property=\"og:site_name\" content=\"President of the Republic of Kosovo - DR. VJOSA OSMANI - SADRIU\" \/>\n<meta property=\"article:published_time\" content=\"2023-07-23T14:00:53+00:00\" \/>\n<meta property=\"article:modified_time\" content=\"2023-07-26T10:57:29+00:00\" \/>\n<meta property=\"og:image\" content=\"https:\/\/president-ksgov.net\/wp-content\/uploads\/ZPRK-4.jpg\" \/>\n\t<meta property=\"og:image:width\" content=\"2000\" \/>\n\t<meta property=\"og:image:height\" content=\"1000\" \/>\n\t<meta property=\"og:image:type\" content=\"image\/jpeg\" \/>\n<meta name=\"author\" content=\"presidentlogin\" \/>\n<meta name=\"twitter:card\" content=\"summary_large_image\" \/>\n<meta name=\"twitter:label1\" content=\"Written by\" \/>\n\t<meta name=\"twitter:data1\" content=\"presidentlogin\" \/>\n<script type=\"application\/ld+json\" class=\"yoast-schema-graph\">{\"@context\":\"https:\/\/schema.org\",\"@graph\":[{\"@type\":\"WebPage\",\"@id\":\"https:\/\/president-ksgov.net\/en\/president-osmani-commemorated-the-prominent-activist-shaban-manaj-on-the-23rd-anniversary-of-his-kidnapping-and-assassination\/\",\"url\":\"https:\/\/president-ksgov.net\/en\/president-osmani-commemorated-the-prominent-activist-shaban-manaj-on-the-23rd-anniversary-of-his-kidnapping-and-assassination\/\",\"name\":\"President Osmani commemorated the prominent activist Shaban Manaj, on the 23rd anniversary of his kidnapping and assassination - President of the Republic of Kosovo - DR. VJOSA OSMANI - SADRIU\",\"isPartOf\":{\"@id\":\"https:\/\/president-ksgov.net\/#website\"},\"primaryImageOfPage\":{\"@id\":\"https:\/\/president-ksgov.net\/en\/president-osmani-commemorated-the-prominent-activist-shaban-manaj-on-the-23rd-anniversary-of-his-kidnapping-and-assassination\/#primaryimage\"},\"image\":{\"@id\":\"https:\/\/president-ksgov.net\/en\/president-osmani-commemorated-the-prominent-activist-shaban-manaj-on-the-23rd-anniversary-of-his-kidnapping-and-assassination\/#primaryimage\"},\"thumbnailUrl\":\"https:\/\/president-ksgov.net\/wp-content\/uploads\/ZPRK-4.jpg\",\"datePublished\":\"2023-07-23T14:00:53+00:00\",\"dateModified\":\"2023-07-26T10:57:29+00:00\",\"author\":{\"@id\":\"https:\/\/president-ksgov.net\/#\/schema\/person\/1a2c014cffc81ec60d5a452a36d08d92\"},\"description\":\"President Osmani commemorated the prominent activist Shaban Manaj, on the 23rd anniversary of his kidnapping and assassination - President of the Republic of Kosovo - DR. VJOSA OSMANI - SADRIU -\",\"breadcrumb\":{\"@id\":\"https:\/\/president-ksgov.net\/en\/president-osmani-commemorated-the-prominent-activist-shaban-manaj-on-the-23rd-anniversary-of-his-kidnapping-and-assassination\/#breadcrumb\"},\"inLanguage\":\"en-US\",\"potentialAction\":[{\"@type\":\"ReadAction\",\"target\":[\"https:\/\/president-ksgov.net\/en\/president-osmani-commemorated-the-prominent-activist-shaban-manaj-on-the-23rd-anniversary-of-his-kidnapping-and-assassination\/\"]}]},{\"@type\":\"ImageObject\",\"inLanguage\":\"en-US\",\"@id\":\"https:\/\/president-ksgov.net\/en\/president-osmani-commemorated-the-prominent-activist-shaban-manaj-on-the-23rd-anniversary-of-his-kidnapping-and-assassination\/#primaryimage\",\"url\":\"https:\/\/president-ksgov.net\/wp-content\/uploads\/ZPRK-4.jpg\",\"contentUrl\":\"https:\/\/president-ksgov.net\/wp-content\/uploads\/ZPRK-4.jpg\",\"width\":2000,\"height\":1000},{\"@type\":\"BreadcrumbList\",\"@id\":\"https:\/\/president-ksgov.net\/en\/president-osmani-commemorated-the-prominent-activist-shaban-manaj-on-the-23rd-anniversary-of-his-kidnapping-and-assassination\/#breadcrumb\",\"itemListElement\":[{\"@type\":\"ListItem\",\"position\":1,\"name\":\"Home\",\"item\":\"https:\/\/president-ksgov.net\/en\/\"},{\"@type\":\"ListItem\",\"position\":2,\"name\":\"President Osmani commemorated the prominent activist Shaban Manaj, on the 23rd anniversary of his kidnapping and assassination\"}]},{\"@type\":\"WebSite\",\"@id\":\"https:\/\/president-ksgov.net\/#website\",\"url\":\"https:\/\/president-ksgov.net\/\",\"name\":\"Presidente e Republik\u00ebs s\u00eb Kosov\u00ebs\",\"description\":\"Presidente e Republik\u00ebs s\u00eb Kosov\u00ebs\",\"alternateName\":\"DR. VJOSA OSMANI - SADRIU\",\"potentialAction\":[{\"@type\":\"SearchAction\",\"target\":{\"@type\":\"EntryPoint\",\"urlTemplate\":\"https:\/\/president-ksgov.net\/?s={search_term_string}\"},\"query-input\":{\"@type\":\"PropertyValueSpecification\",\"valueRequired\":true,\"valueName\":\"search_term_string\"}}],\"inLanguage\":\"en-US\"},{\"@type\":\"Person\",\"@id\":\"https:\/\/president-ksgov.net\/#\/schema\/person\/1a2c014cffc81ec60d5a452a36d08d92\",\"name\":\"presidentlogin\",\"image\":{\"@type\":\"ImageObject\",\"inLanguage\":\"en-US\",\"@id\":\"https:\/\/president-ksgov.net\/#\/schema\/person\/image\/\",\"url\":\"https:\/\/secure.gravatar.com\/avatar\/339f00ab0a8a0d5ce1ecff10aa2b4a1f51f58bbd5a57793f8cd6ad624080d807?s=96&d=mm&r=g\",\"contentUrl\":\"https:\/\/secure.gravatar.com\/avatar\/339f00ab0a8a0d5ce1ecff10aa2b4a1f51f58bbd5a57793f8cd6ad624080d807?s=96&d=mm&r=g\",\"caption\":\"presidentlogin\"}}]}<\/script>\n<!-- \/ Yoast SEO plugin. -->","yoast_head_json":{"title":"President Osmani commemorated the prominent activist Shaban Manaj, on the 23rd anniversary of his kidnapping and assassination - President of the Republic of Kosovo - DR. VJOSA OSMANI - SADRIU","description":"President Osmani commemorated the prominent activist Shaban Manaj, on the 23rd anniversary of his kidnapping and assassination - President of the Republic of Kosovo - DR. VJOSA OSMANI - SADRIU -","robots":{"index":"index","follow":"follow","max-snippet":"max-snippet:-1","max-image-preview":"max-image-preview:large","max-video-preview":"max-video-preview:-1"},"canonical":"https:\/\/president-ksgov.net\/en\/president-osmani-commemorated-the-prominent-activist-shaban-manaj-on-the-23rd-anniversary-of-his-kidnapping-and-assassination\/","og_locale":"en_US","og_type":"article","og_title":"President Osmani commemorated the prominent activist Shaban Manaj, on the 23rd anniversary of his kidnapping and assassination - President of the Republic of Kosovo - DR. VJOSA OSMANI - SADRIU","og_description":"President Osmani commemorated the prominent activist Shaban Manaj, on the 23rd anniversary of his kidnapping and assassination - President of the Republic of Kosovo - DR. VJOSA OSMANI - SADRIU -","og_url":"https:\/\/president-ksgov.net\/en\/president-osmani-commemorated-the-prominent-activist-shaban-manaj-on-the-23rd-anniversary-of-his-kidnapping-and-assassination\/","og_site_name":"President of the Republic of Kosovo - DR. VJOSA OSMANI - SADRIU","article_published_time":"2023-07-23T14:00:53+00:00","article_modified_time":"2023-07-26T10:57:29+00:00","og_image":[{"width":2000,"height":1000,"url":"https:\/\/president-ksgov.net\/wp-content\/uploads\/ZPRK-4.jpg","type":"image\/jpeg"}],"author":"presidentlogin","twitter_card":"summary_large_image","twitter_misc":{"Written by":"presidentlogin"},"schema":{"@context":"https:\/\/schema.org","@graph":[{"@type":"WebPage","@id":"https:\/\/president-ksgov.net\/en\/president-osmani-commemorated-the-prominent-activist-shaban-manaj-on-the-23rd-anniversary-of-his-kidnapping-and-assassination\/","url":"https:\/\/president-ksgov.net\/en\/president-osmani-commemorated-the-prominent-activist-shaban-manaj-on-the-23rd-anniversary-of-his-kidnapping-and-assassination\/","name":"President Osmani commemorated the prominent activist Shaban Manaj, on the 23rd anniversary of his kidnapping and assassination - President of the Republic of Kosovo - DR. VJOSA OSMANI - SADRIU","isPartOf":{"@id":"https:\/\/president-ksgov.net\/#website"},"primaryImageOfPage":{"@id":"https:\/\/president-ksgov.net\/en\/president-osmani-commemorated-the-prominent-activist-shaban-manaj-on-the-23rd-anniversary-of-his-kidnapping-and-assassination\/#primaryimage"},"image":{"@id":"https:\/\/president-ksgov.net\/en\/president-osmani-commemorated-the-prominent-activist-shaban-manaj-on-the-23rd-anniversary-of-his-kidnapping-and-assassination\/#primaryimage"},"thumbnailUrl":"https:\/\/president-ksgov.net\/wp-content\/uploads\/ZPRK-4.jpg","datePublished":"2023-07-23T14:00:53+00:00","dateModified":"2023-07-26T10:57:29+00:00","author":{"@id":"https:\/\/president-ksgov.net\/#\/schema\/person\/1a2c014cffc81ec60d5a452a36d08d92"},"description":"President Osmani commemorated the prominent activist Shaban Manaj, on the 23rd anniversary of his kidnapping and assassination - President of the Republic of Kosovo - DR. VJOSA OSMANI - SADRIU -","breadcrumb":{"@id":"https:\/\/president-ksgov.net\/en\/president-osmani-commemorated-the-prominent-activist-shaban-manaj-on-the-23rd-anniversary-of-his-kidnapping-and-assassination\/#breadcrumb"},"inLanguage":"en-US","potentialAction":[{"@type":"ReadAction","target":["https:\/\/president-ksgov.net\/en\/president-osmani-commemorated-the-prominent-activist-shaban-manaj-on-the-23rd-anniversary-of-his-kidnapping-and-assassination\/"]}]},{"@type":"ImageObject","inLanguage":"en-US","@id":"https:\/\/president-ksgov.net\/en\/president-osmani-commemorated-the-prominent-activist-shaban-manaj-on-the-23rd-anniversary-of-his-kidnapping-and-assassination\/#primaryimage","url":"https:\/\/president-ksgov.net\/wp-content\/uploads\/ZPRK-4.jpg","contentUrl":"https:\/\/president-ksgov.net\/wp-content\/uploads\/ZPRK-4.jpg","width":2000,"height":1000},{"@type":"BreadcrumbList","@id":"https:\/\/president-ksgov.net\/en\/president-osmani-commemorated-the-prominent-activist-shaban-manaj-on-the-23rd-anniversary-of-his-kidnapping-and-assassination\/#breadcrumb","itemListElement":[{"@type":"ListItem","position":1,"name":"Home","item":"https:\/\/president-ksgov.net\/en\/"},{"@type":"ListItem","position":2,"name":"President Osmani commemorated the prominent activist Shaban Manaj, on the 23rd anniversary of his kidnapping and assassination"}]},{"@type":"WebSite","@id":"https:\/\/president-ksgov.net\/#website","url":"https:\/\/president-ksgov.net\/","name":"Presidente e Republik\u00ebs s\u00eb Kosov\u00ebs","description":"Presidente e Republik\u00ebs s\u00eb Kosov\u00ebs","alternateName":"DR. VJOSA OSMANI - SADRIU","potentialAction":[{"@type":"SearchAction","target":{"@type":"EntryPoint","urlTemplate":"https:\/\/president-ksgov.net\/?s={search_term_string}"},"query-input":{"@type":"PropertyValueSpecification","valueRequired":true,"valueName":"search_term_string"}}],"inLanguage":"en-US"},{"@type":"Person","@id":"https:\/\/president-ksgov.net\/#\/schema\/person\/1a2c014cffc81ec60d5a452a36d08d92","name":"presidentlogin","image":{"@type":"ImageObject","inLanguage":"en-US","@id":"https:\/\/president-ksgov.net\/#\/schema\/person\/image\/","url":"https:\/\/secure.gravatar.com\/avatar\/339f00ab0a8a0d5ce1ecff10aa2b4a1f51f58bbd5a57793f8cd6ad624080d807?s=96&d=mm&r=g","contentUrl":"https:\/\/secure.gravatar.com\/avatar\/339f00ab0a8a0d5ce1ecff10aa2b4a1f51f58bbd5a57793f8cd6ad624080d807?s=96&d=mm&r=g","caption":"presidentlogin"}}]}},"_links":{"self":[{"href":"https:\/\/president-ksgov.net\/en\/wp-json\/wp\/v2\/posts\/93729","targetHints":{"allow":["GET"]}}],"collection":[{"href":"https:\/\/president-ksgov.net\/en\/wp-json\/wp\/v2\/posts"}],"about":[{"href":"https:\/\/president-ksgov.net\/en\/wp-json\/wp\/v2\/types\/post"}],"author":[{"embeddable":true,"href":"https:\/\/president-ksgov.net\/en\/wp-json\/wp\/v2\/users\/11"}],"replies":[{"embeddable":true,"href":"https:\/\/president-ksgov.net\/en\/wp-json\/wp\/v2\/comments?post=93729"}],"version-history":[{"count":1,"href":"https:\/\/president-ksgov.net\/en\/wp-json\/wp\/v2\/posts\/93729\/revisions"}],"predecessor-version":[{"id":93730,"href":"https:\/\/president-ksgov.net\/en\/wp-json\/wp\/v2\/posts\/93729\/revisions\/93730"}],"wp:featuredmedia":[{"embeddable":true,"href":"https:\/\/president-ksgov.net\/en\/wp-json\/wp\/v2\/media\/93194"}],"wp:attachment":[{"href":"https:\/\/president-ksgov.net\/en\/wp-json\/wp\/v2\/media?parent=93729"}],"wp:term":[{"taxonomy":"category","embeddable":true,"href":"https:\/\/president-ksgov.net\/en\/wp-json\/wp\/v2\/categories?post=93729"},{"taxonomy":"post_tag","embeddable":true,"href":"https:\/\/president-ksgov.net\/en\/wp-json\/wp\/v2\/tags?post=93729"}],"curies":[{"name":"wp","href":"https:\/\/api.w.org\/{rel}","templated":true}]}}