{"id":93692,"date":"2023-07-21T19:27:40","date_gmt":"2023-07-21T17:27:40","guid":{"rendered":"https:\/\/president-ksgov.net\/?p=93692"},"modified":"2023-07-24T11:06:19","modified_gmt":"2023-07-24T09:06:19","slug":"president-osmani-met-with-the-ambassador-of-france-olivier-guerot","status":"publish","type":"post","link":"https:\/\/president-ksgov.net\/en\/president-osmani-met-with-the-ambassador-of-france-olivier-guerot\/","title":{"rendered":"President Osmani met with the ambassador of France Olivier Gu\u00e9rot"},"content":{"rendered":"<div>The President of the Republic of Kosovo Vjosa Osmani held a working meeting with the Ambassador of France to Kosovo Olivier Gu\u00e9rot, during which they discussed the latest developments in the country and the dialogue between Kosovo and Serbia. President Osmani underlined the need for full implementation of the Brussels and Ohrid agreement.<\/p>\n<\/div>\n<div>The continuation of coordination with partners regarding the common goal of expanding the situation in the north of the country was also discussed at the meeting. President Osmani emphasized the readiness for close cooperation between Kosovo and its allies to achieve the international empowerment of Kosovo.<\/p>\n<\/div>\n<div>She praised the relations with France and confirmed the partnership and cooperation in the future, which serves to maintain peace, security and long-term stability in the country and the region.<\/div>\n","protected":false},"excerpt":{"rendered":"<p>The President of the Republic of Kosovo Vjosa Osmani held a working meeting with the Ambassador of France to Kosovo Olivier Gu\u00e9rot, during which they discussed the latest developments in the country and the dialogue between Kosovo and Serbia. President Osmani underlined the need for full implementation of the Brussels and Ohrid agreement. The continuation of coordination with partners regarding the common goal of expanding the situation in the north of the country was also discussed at the meeting. President Osmani emphasized the readiness for close cooperation between Kosovo and its allies to achieve the international empowerment of Kosovo. She praised the relations with France and confirmed the partnership and cooperation in the future, which serves to maintain peace, security and long-term stability in the country and the region.<\/p>\n","protected":false},"author":11,"featured_media":93649,"comment_status":"open","ping_status":"closed","sticky":false,"template":"","format":"standard","meta":{"_eb_attr":"","footnotes":""},"categories":[111],"tags":[],"class_list":["post-93692","post","type-post","status-publish","format-standard","has-post-thumbnail","hentry","category-news"],"yoast_head":"<!-- This site is optimized with the Yoast SEO plugin v23.5 - https:\/\/yoast.com\/wordpress\/plugins\/seo\/ -->\n<title>President Osmani met with the ambassador of France Olivier Gu\u00e9rot - President of the Republic of Kosovo - DR. VJOSA OSMANI - SADRIU<\/title>\n<meta name=\"description\" content=\"President Osmani met with the ambassador of France Olivier Gu\u00e9rot - President of the Republic of Kosovo - DR. VJOSA OSMANI - SADRIU -\" \/>\n<meta name=\"robots\" content=\"index, follow, max-snippet:-1, max-image-preview:large, max-video-preview:-1\" \/>\n<link rel=\"canonical\" href=\"https:\/\/president-ksgov.net\/en\/president-osmani-met-with-the-ambassador-of-france-olivier-guerot\/\" \/>\n<meta property=\"og:locale\" content=\"en_US\" \/>\n<meta property=\"og:type\" content=\"article\" \/>\n<meta property=\"og:title\" content=\"President Osmani met with the ambassador of France Olivier Gu\u00e9rot - President of the Republic of Kosovo - DR. VJOSA OSMANI - SADRIU\" \/>\n<meta property=\"og:description\" content=\"President Osmani met with the ambassador of France Olivier Gu\u00e9rot - President of the Republic of Kosovo - DR. VJOSA OSMANI - SADRIU -\" \/>\n<meta property=\"og:url\" content=\"https:\/\/president-ksgov.net\/en\/president-osmani-met-with-the-ambassador-of-france-olivier-guerot\/\" \/>\n<meta property=\"og:site_name\" content=\"President of the Republic of Kosovo - DR. VJOSA OSMANI - SADRIU\" \/>\n<meta property=\"article:published_time\" content=\"2023-07-21T17:27:40+00:00\" \/>\n<meta property=\"article:modified_time\" content=\"2023-07-24T09:06:19+00:00\" \/>\n<meta property=\"og:image\" content=\"https:\/\/president-ksgov.net\/wp-content\/uploads\/21.7.23_amb_2.jpg\" \/>\n\t<meta property=\"og:image:width\" content=\"2000\" \/>\n\t<meta property=\"og:image:height\" content=\"1500\" \/>\n\t<meta property=\"og:image:type\" content=\"image\/jpeg\" \/>\n<meta name=\"author\" content=\"presidentlogin\" \/>\n<meta name=\"twitter:card\" content=\"summary_large_image\" \/>\n<meta name=\"twitter:label1\" content=\"Written by\" \/>\n\t<meta name=\"twitter:data1\" content=\"presidentlogin\" \/>\n\t<meta name=\"twitter:label2\" content=\"Est. reading time\" \/>\n\t<meta name=\"twitter:data2\" content=\"1 minute\" \/>\n<script type=\"application\/ld+json\" class=\"yoast-schema-graph\">{\"@context\":\"https:\/\/schema.org\",\"@graph\":[{\"@type\":\"WebPage\",\"@id\":\"https:\/\/president-ksgov.net\/en\/president-osmani-met-with-the-ambassador-of-france-olivier-guerot\/\",\"url\":\"https:\/\/president-ksgov.net\/en\/president-osmani-met-with-the-ambassador-of-france-olivier-guerot\/\",\"name\":\"President Osmani met with the ambassador of France Olivier Gu\u00e9rot - President of the Republic of Kosovo - DR. VJOSA OSMANI - SADRIU\",\"isPartOf\":{\"@id\":\"https:\/\/president-ksgov.net\/#website\"},\"primaryImageOfPage\":{\"@id\":\"https:\/\/president-ksgov.net\/en\/president-osmani-met-with-the-ambassador-of-france-olivier-guerot\/#primaryimage\"},\"image\":{\"@id\":\"https:\/\/president-ksgov.net\/en\/president-osmani-met-with-the-ambassador-of-france-olivier-guerot\/#primaryimage\"},\"thumbnailUrl\":\"https:\/\/president-ksgov.net\/wp-content\/uploads\/21.7.23_amb_2.jpg\",\"datePublished\":\"2023-07-21T17:27:40+00:00\",\"dateModified\":\"2023-07-24T09:06:19+00:00\",\"author\":{\"@id\":\"https:\/\/president-ksgov.net\/#\/schema\/person\/1a2c014cffc81ec60d5a452a36d08d92\"},\"description\":\"President Osmani met with the ambassador of France Olivier Gu\u00e9rot - President of the Republic of Kosovo - DR. VJOSA OSMANI - SADRIU -\",\"breadcrumb\":{\"@id\":\"https:\/\/president-ksgov.net\/en\/president-osmani-met-with-the-ambassador-of-france-olivier-guerot\/#breadcrumb\"},\"inLanguage\":\"en-US\",\"potentialAction\":[{\"@type\":\"ReadAction\",\"target\":[\"https:\/\/president-ksgov.net\/en\/president-osmani-met-with-the-ambassador-of-france-olivier-guerot\/\"]}]},{\"@type\":\"ImageObject\",\"inLanguage\":\"en-US\",\"@id\":\"https:\/\/president-ksgov.net\/en\/president-osmani-met-with-the-ambassador-of-france-olivier-guerot\/#primaryimage\",\"url\":\"https:\/\/president-ksgov.net\/wp-content\/uploads\/21.7.23_amb_2.jpg\",\"contentUrl\":\"https:\/\/president-ksgov.net\/wp-content\/uploads\/21.7.23_amb_2.jpg\",\"width\":2000,\"height\":1500},{\"@type\":\"BreadcrumbList\",\"@id\":\"https:\/\/president-ksgov.net\/en\/president-osmani-met-with-the-ambassador-of-france-olivier-guerot\/#breadcrumb\",\"itemListElement\":[{\"@type\":\"ListItem\",\"position\":1,\"name\":\"Home\",\"item\":\"https:\/\/president-ksgov.net\/en\/\"},{\"@type\":\"ListItem\",\"position\":2,\"name\":\"President Osmani met with the ambassador of France Olivier Gu\u00e9rot\"}]},{\"@type\":\"WebSite\",\"@id\":\"https:\/\/president-ksgov.net\/#website\",\"url\":\"https:\/\/president-ksgov.net\/\",\"name\":\"Presidente e Republik\u00ebs s\u00eb Kosov\u00ebs\",\"description\":\"Presidente e Republik\u00ebs s\u00eb Kosov\u00ebs\",\"alternateName\":\"DR. VJOSA OSMANI - SADRIU\",\"potentialAction\":[{\"@type\":\"SearchAction\",\"target\":{\"@type\":\"EntryPoint\",\"urlTemplate\":\"https:\/\/president-ksgov.net\/?s={search_term_string}\"},\"query-input\":{\"@type\":\"PropertyValueSpecification\",\"valueRequired\":true,\"valueName\":\"search_term_string\"}}],\"inLanguage\":\"en-US\"},{\"@type\":\"Person\",\"@id\":\"https:\/\/president-ksgov.net\/#\/schema\/person\/1a2c014cffc81ec60d5a452a36d08d92\",\"name\":\"presidentlogin\",\"image\":{\"@type\":\"ImageObject\",\"inLanguage\":\"en-US\",\"@id\":\"https:\/\/president-ksgov.net\/#\/schema\/person\/image\/\",\"url\":\"https:\/\/secure.gravatar.com\/avatar\/339f00ab0a8a0d5ce1ecff10aa2b4a1f51f58bbd5a57793f8cd6ad624080d807?s=96&d=mm&r=g\",\"contentUrl\":\"https:\/\/secure.gravatar.com\/avatar\/339f00ab0a8a0d5ce1ecff10aa2b4a1f51f58bbd5a57793f8cd6ad624080d807?s=96&d=mm&r=g\",\"caption\":\"presidentlogin\"}}]}<\/script>\n<!-- \/ Yoast SEO plugin. -->","yoast_head_json":{"title":"President Osmani met with the ambassador of France Olivier Gu\u00e9rot - President of the Republic of Kosovo - DR. VJOSA OSMANI - SADRIU","description":"President Osmani met with the ambassador of France Olivier Gu\u00e9rot - President of the Republic of Kosovo - DR. VJOSA OSMANI - SADRIU -","robots":{"index":"index","follow":"follow","max-snippet":"max-snippet:-1","max-image-preview":"max-image-preview:large","max-video-preview":"max-video-preview:-1"},"canonical":"https:\/\/president-ksgov.net\/en\/president-osmani-met-with-the-ambassador-of-france-olivier-guerot\/","og_locale":"en_US","og_type":"article","og_title":"President Osmani met with the ambassador of France Olivier Gu\u00e9rot - President of the Republic of Kosovo - DR. VJOSA OSMANI - SADRIU","og_description":"President Osmani met with the ambassador of France Olivier Gu\u00e9rot - President of the Republic of Kosovo - DR. VJOSA OSMANI - SADRIU -","og_url":"https:\/\/president-ksgov.net\/en\/president-osmani-met-with-the-ambassador-of-france-olivier-guerot\/","og_site_name":"President of the Republic of Kosovo - DR. VJOSA OSMANI - SADRIU","article_published_time":"2023-07-21T17:27:40+00:00","article_modified_time":"2023-07-24T09:06:19+00:00","og_image":[{"width":2000,"height":1500,"url":"https:\/\/president-ksgov.net\/wp-content\/uploads\/21.7.23_amb_2.jpg","type":"image\/jpeg"}],"author":"presidentlogin","twitter_card":"summary_large_image","twitter_misc":{"Written by":"presidentlogin","Est. reading time":"1 minute"},"schema":{"@context":"https:\/\/schema.org","@graph":[{"@type":"WebPage","@id":"https:\/\/president-ksgov.net\/en\/president-osmani-met-with-the-ambassador-of-france-olivier-guerot\/","url":"https:\/\/president-ksgov.net\/en\/president-osmani-met-with-the-ambassador-of-france-olivier-guerot\/","name":"President Osmani met with the ambassador of France Olivier Gu\u00e9rot - President of the Republic of Kosovo - DR. VJOSA OSMANI - SADRIU","isPartOf":{"@id":"https:\/\/president-ksgov.net\/#website"},"primaryImageOfPage":{"@id":"https:\/\/president-ksgov.net\/en\/president-osmani-met-with-the-ambassador-of-france-olivier-guerot\/#primaryimage"},"image":{"@id":"https:\/\/president-ksgov.net\/en\/president-osmani-met-with-the-ambassador-of-france-olivier-guerot\/#primaryimage"},"thumbnailUrl":"https:\/\/president-ksgov.net\/wp-content\/uploads\/21.7.23_amb_2.jpg","datePublished":"2023-07-21T17:27:40+00:00","dateModified":"2023-07-24T09:06:19+00:00","author":{"@id":"https:\/\/president-ksgov.net\/#\/schema\/person\/1a2c014cffc81ec60d5a452a36d08d92"},"description":"President Osmani met with the ambassador of France Olivier Gu\u00e9rot - President of the Republic of Kosovo - DR. VJOSA OSMANI - SADRIU -","breadcrumb":{"@id":"https:\/\/president-ksgov.net\/en\/president-osmani-met-with-the-ambassador-of-france-olivier-guerot\/#breadcrumb"},"inLanguage":"en-US","potentialAction":[{"@type":"ReadAction","target":["https:\/\/president-ksgov.net\/en\/president-osmani-met-with-the-ambassador-of-france-olivier-guerot\/"]}]},{"@type":"ImageObject","inLanguage":"en-US","@id":"https:\/\/president-ksgov.net\/en\/president-osmani-met-with-the-ambassador-of-france-olivier-guerot\/#primaryimage","url":"https:\/\/president-ksgov.net\/wp-content\/uploads\/21.7.23_amb_2.jpg","contentUrl":"https:\/\/president-ksgov.net\/wp-content\/uploads\/21.7.23_amb_2.jpg","width":2000,"height":1500},{"@type":"BreadcrumbList","@id":"https:\/\/president-ksgov.net\/en\/president-osmani-met-with-the-ambassador-of-france-olivier-guerot\/#breadcrumb","itemListElement":[{"@type":"ListItem","position":1,"name":"Home","item":"https:\/\/president-ksgov.net\/en\/"},{"@type":"ListItem","position":2,"name":"President Osmani met with the ambassador of France Olivier Gu\u00e9rot"}]},{"@type":"WebSite","@id":"https:\/\/president-ksgov.net\/#website","url":"https:\/\/president-ksgov.net\/","name":"Presidente e Republik\u00ebs s\u00eb Kosov\u00ebs","description":"Presidente e Republik\u00ebs s\u00eb Kosov\u00ebs","alternateName":"DR. VJOSA OSMANI - SADRIU","potentialAction":[{"@type":"SearchAction","target":{"@type":"EntryPoint","urlTemplate":"https:\/\/president-ksgov.net\/?s={search_term_string}"},"query-input":{"@type":"PropertyValueSpecification","valueRequired":true,"valueName":"search_term_string"}}],"inLanguage":"en-US"},{"@type":"Person","@id":"https:\/\/president-ksgov.net\/#\/schema\/person\/1a2c014cffc81ec60d5a452a36d08d92","name":"presidentlogin","image":{"@type":"ImageObject","inLanguage":"en-US","@id":"https:\/\/president-ksgov.net\/#\/schema\/person\/image\/","url":"https:\/\/secure.gravatar.com\/avatar\/339f00ab0a8a0d5ce1ecff10aa2b4a1f51f58bbd5a57793f8cd6ad624080d807?s=96&d=mm&r=g","contentUrl":"https:\/\/secure.gravatar.com\/avatar\/339f00ab0a8a0d5ce1ecff10aa2b4a1f51f58bbd5a57793f8cd6ad624080d807?s=96&d=mm&r=g","caption":"presidentlogin"}}]}},"_links":{"self":[{"href":"https:\/\/president-ksgov.net\/en\/wp-json\/wp\/v2\/posts\/93692","targetHints":{"allow":["GET"]}}],"collection":[{"href":"https:\/\/president-ksgov.net\/en\/wp-json\/wp\/v2\/posts"}],"about":[{"href":"https:\/\/president-ksgov.net\/en\/wp-json\/wp\/v2\/types\/post"}],"author":[{"embeddable":true,"href":"https:\/\/president-ksgov.net\/en\/wp-json\/wp\/v2\/users\/11"}],"replies":[{"embeddable":true,"href":"https:\/\/president-ksgov.net\/en\/wp-json\/wp\/v2\/comments?post=93692"}],"version-history":[{"count":3,"href":"https:\/\/president-ksgov.net\/en\/wp-json\/wp\/v2\/posts\/93692\/revisions"}],"predecessor-version":[{"id":93695,"href":"https:\/\/president-ksgov.net\/en\/wp-json\/wp\/v2\/posts\/93692\/revisions\/93695"}],"wp:featuredmedia":[{"embeddable":true,"href":"https:\/\/president-ksgov.net\/en\/wp-json\/wp\/v2\/media\/93649"}],"wp:attachment":[{"href":"https:\/\/president-ksgov.net\/en\/wp-json\/wp\/v2\/media?parent=93692"}],"wp:term":[{"taxonomy":"category","embeddable":true,"href":"https:\/\/president-ksgov.net\/en\/wp-json\/wp\/v2\/categories?post=93692"},{"taxonomy":"post_tag","embeddable":true,"href":"https:\/\/president-ksgov.net\/en\/wp-json\/wp\/v2\/tags?post=93692"}],"curies":[{"name":"wp","href":"https:\/\/api.w.org\/{rel}","templated":true}]}}