{"id":92958,"date":"2023-01-17T11:07:22","date_gmt":"2023-01-17T10:07:22","guid":{"rendered":"https:\/\/president-ksgov.net\/?p=92958"},"modified":"2026-01-28T08:29:27","modified_gmt":"2026-01-28T07:29:27","slug":"president-osmani-expresses-her-condolences-on-the-passing-away-of-academician-edi-shukriu","status":"publish","type":"post","link":"https:\/\/president-ksgov.net\/en\/president-osmani-expresses-her-condolences-on-the-passing-away-of-academician-edi-shukriu\/","title":{"rendered":"President Osmani expresses her condolences on the passing away of Academician Edi Shukriu"},"content":{"rendered":"<p>&#8220;I received with great pain the news of the passing away of Professor Edi Shukriu, member of the Academy of Sciences and Arts of Kosovo, a long-time professor of the University of Pristina as well as a prominent political and institutional activist.<\/p>\n<p>The passing away of Edi Shukriu is a great loss for the Albanian scholastic and scientific world as she was a highly respectable name in the field of archaeology and history, fields in which she left an indelible mark. Being among the first Albanian archaeologists, she laid the foundations of archaeological study in Kosovo and to which she dedicated almost all of her life, commencing and directing various research and scientific institutions and projects. A person with a pronounced poetic vocation, prof. Shukriu is also known in the field of literature. She has bequeathed us several poetic works.<\/p>\n<p>At these difficult moments, empathize with her family, friends and colleagues.<\/p>\n<p>&#8220;Eternal memory for Edi!\u201d states President Osmani&#8217;s condolence telegram.<\/p>\n","protected":false},"excerpt":{"rendered":"<p>&#8220;I received with great pain the news of the passing away of Professor Edi Shukriu, member of the Academy of Sciences and Arts of Kosovo, a long-time professor of the University of Pristina as well as a prominent political and institutional activist. The passing away of Edi Shukriu is a great loss for the Albanian scholastic and scientific world as she was a highly respectable name in the field of archaeology and history, fields in which she left an indelible mark. Being among the first Albanian archaeologists, she laid the foundations of archaeological study in Kosovo and to which she dedicated almost all of her life, commencing and directing various research and scientific institutions and projects. A person with a pronounced poetic vocation, prof. Shukriu is also known in the field of literature. She has bequeathed us several poetic works. At these difficult moments, empathize with her family, friends and colleagues. &#8220;Eternal memory for Edi!\u201d states President Osmani&#8217;s condolence telegram.<\/p>\n","protected":false},"author":9,"featured_media":8568,"comment_status":"closed","ping_status":"closed","sticky":false,"template":"","format":"standard","meta":{"_eb_attr":"","footnotes":""},"categories":[111],"tags":[],"class_list":["post-92958","post","type-post","status-publish","format-standard","has-post-thumbnail","hentry","category-news"],"yoast_head":"<!-- This site is optimized with the Yoast SEO plugin v23.5 - https:\/\/yoast.com\/wordpress\/plugins\/seo\/ -->\n<title>President Osmani expresses her condolences on the passing away of Academician Edi Shukriu - President of the Republic of Kosovo - DR. VJOSA OSMANI - SADRIU<\/title>\n<meta name=\"description\" content=\"President Osmani expresses her condolences on the passing away of Academician Edi Shukriu - President of the Republic of Kosovo - DR. VJOSA OSMANI - SADRIU -\" \/>\n<meta name=\"robots\" content=\"index, follow, max-snippet:-1, max-image-preview:large, max-video-preview:-1\" \/>\n<link rel=\"canonical\" href=\"https:\/\/president-ksgov.net\/en\/president-osmani-expresses-her-condolences-on-the-passing-away-of-academician-edi-shukriu\/\" \/>\n<meta property=\"og:locale\" content=\"en_US\" \/>\n<meta property=\"og:type\" content=\"article\" \/>\n<meta property=\"og:title\" content=\"President Osmani expresses her condolences on the passing away of Academician Edi Shukriu - President of the Republic of Kosovo - DR. VJOSA OSMANI - SADRIU\" \/>\n<meta property=\"og:description\" content=\"President Osmani expresses her condolences on the passing away of Academician Edi Shukriu - President of the Republic of Kosovo - DR. VJOSA OSMANI - SADRIU -\" \/>\n<meta property=\"og:url\" content=\"https:\/\/president-ksgov.net\/en\/president-osmani-expresses-her-condolences-on-the-passing-away-of-academician-edi-shukriu\/\" \/>\n<meta property=\"og:site_name\" content=\"President of the Republic of Kosovo - DR. VJOSA OSMANI - SADRIU\" \/>\n<meta property=\"article:published_time\" content=\"2023-01-17T10:07:22+00:00\" \/>\n<meta property=\"article:modified_time\" content=\"2026-01-28T07:29:27+00:00\" \/>\n<meta property=\"og:image\" content=\"https:\/\/president-ksgov.net\/wp-content\/uploads\/2023\/03\/16_01_2023_7657-1.jpg\" \/>\n\t<meta property=\"og:image:width\" content=\"600\" \/>\n\t<meta property=\"og:image:height\" content=\"360\" \/>\n\t<meta property=\"og:image:type\" content=\"image\/jpeg\" \/>\n<meta name=\"author\" content=\"Florent Rrahmani\" \/>\n<meta name=\"twitter:card\" content=\"summary_large_image\" \/>\n<meta name=\"twitter:label1\" content=\"Written by\" \/>\n\t<meta name=\"twitter:data1\" content=\"Florent Rrahmani\" \/>\n\t<meta name=\"twitter:label2\" content=\"Est. reading time\" \/>\n\t<meta name=\"twitter:data2\" content=\"2 minutes\" \/>\n<script type=\"application\/ld+json\" class=\"yoast-schema-graph\">{\"@context\":\"https:\/\/schema.org\",\"@graph\":[{\"@type\":\"WebPage\",\"@id\":\"https:\/\/president-ksgov.net\/en\/president-osmani-expresses-her-condolences-on-the-passing-away-of-academician-edi-shukriu\/\",\"url\":\"https:\/\/president-ksgov.net\/en\/president-osmani-expresses-her-condolences-on-the-passing-away-of-academician-edi-shukriu\/\",\"name\":\"President Osmani expresses her condolences on the passing away of Academician Edi Shukriu - President of the Republic of Kosovo - DR. VJOSA OSMANI - SADRIU\",\"isPartOf\":{\"@id\":\"https:\/\/president-ksgov.net\/#website\"},\"primaryImageOfPage\":{\"@id\":\"https:\/\/president-ksgov.net\/en\/president-osmani-expresses-her-condolences-on-the-passing-away-of-academician-edi-shukriu\/#primaryimage\"},\"image\":{\"@id\":\"https:\/\/president-ksgov.net\/en\/president-osmani-expresses-her-condolences-on-the-passing-away-of-academician-edi-shukriu\/#primaryimage\"},\"thumbnailUrl\":\"https:\/\/president-ksgov.net\/wp-content\/uploads\/2023\/03\/16_01_2023_7657-1.jpg\",\"datePublished\":\"2023-01-17T10:07:22+00:00\",\"dateModified\":\"2026-01-28T07:29:27+00:00\",\"author\":{\"@id\":\"https:\/\/president-ksgov.net\/#\/schema\/person\/7c46f744a99d3f1616b92658282aa934\"},\"description\":\"President Osmani expresses her condolences on the passing away of Academician Edi Shukriu - President of the Republic of Kosovo - DR. VJOSA OSMANI - SADRIU -\",\"breadcrumb\":{\"@id\":\"https:\/\/president-ksgov.net\/en\/president-osmani-expresses-her-condolences-on-the-passing-away-of-academician-edi-shukriu\/#breadcrumb\"},\"inLanguage\":\"en-US\",\"potentialAction\":[{\"@type\":\"ReadAction\",\"target\":[\"https:\/\/president-ksgov.net\/en\/president-osmani-expresses-her-condolences-on-the-passing-away-of-academician-edi-shukriu\/\"]}]},{\"@type\":\"ImageObject\",\"inLanguage\":\"en-US\",\"@id\":\"https:\/\/president-ksgov.net\/en\/president-osmani-expresses-her-condolences-on-the-passing-away-of-academician-edi-shukriu\/#primaryimage\",\"url\":\"https:\/\/president-ksgov.net\/wp-content\/uploads\/2023\/03\/16_01_2023_7657-1.jpg\",\"contentUrl\":\"https:\/\/president-ksgov.net\/wp-content\/uploads\/2023\/03\/16_01_2023_7657-1.jpg\",\"width\":600,\"height\":360},{\"@type\":\"BreadcrumbList\",\"@id\":\"https:\/\/president-ksgov.net\/en\/president-osmani-expresses-her-condolences-on-the-passing-away-of-academician-edi-shukriu\/#breadcrumb\",\"itemListElement\":[{\"@type\":\"ListItem\",\"position\":1,\"name\":\"Home\",\"item\":\"https:\/\/president-ksgov.net\/en\/\"},{\"@type\":\"ListItem\",\"position\":2,\"name\":\"President Osmani expresses her condolences on the passing away of Academician Edi Shukriu\"}]},{\"@type\":\"WebSite\",\"@id\":\"https:\/\/president-ksgov.net\/#website\",\"url\":\"https:\/\/president-ksgov.net\/\",\"name\":\"Presidente e Republik\u00ebs s\u00eb Kosov\u00ebs\",\"description\":\"Presidente e Republik\u00ebs s\u00eb Kosov\u00ebs\",\"alternateName\":\"DR. VJOSA OSMANI - SADRIU\",\"potentialAction\":[{\"@type\":\"SearchAction\",\"target\":{\"@type\":\"EntryPoint\",\"urlTemplate\":\"https:\/\/president-ksgov.net\/?s={search_term_string}\"},\"query-input\":{\"@type\":\"PropertyValueSpecification\",\"valueRequired\":true,\"valueName\":\"search_term_string\"}}],\"inLanguage\":\"en-US\"},{\"@type\":\"Person\",\"@id\":\"https:\/\/president-ksgov.net\/#\/schema\/person\/7c46f744a99d3f1616b92658282aa934\",\"name\":\"Florent Rrahmani\",\"image\":{\"@type\":\"ImageObject\",\"inLanguage\":\"en-US\",\"@id\":\"https:\/\/president-ksgov.net\/#\/schema\/person\/image\/\",\"url\":\"https:\/\/secure.gravatar.com\/avatar\/2545924aa250de68ac8368367a79b663e59571cd131611f54c89b0613a94e230?s=96&d=mm&r=g\",\"contentUrl\":\"https:\/\/secure.gravatar.com\/avatar\/2545924aa250de68ac8368367a79b663e59571cd131611f54c89b0613a94e230?s=96&d=mm&r=g\",\"caption\":\"Florent Rrahmani\"}}]}<\/script>\n<!-- \/ Yoast SEO plugin. -->","yoast_head_json":{"title":"President Osmani expresses her condolences on the passing away of Academician Edi Shukriu - President of the Republic of Kosovo - DR. VJOSA OSMANI - SADRIU","description":"President Osmani expresses her condolences on the passing away of Academician Edi Shukriu - President of the Republic of Kosovo - DR. VJOSA OSMANI - SADRIU -","robots":{"index":"index","follow":"follow","max-snippet":"max-snippet:-1","max-image-preview":"max-image-preview:large","max-video-preview":"max-video-preview:-1"},"canonical":"https:\/\/president-ksgov.net\/en\/president-osmani-expresses-her-condolences-on-the-passing-away-of-academician-edi-shukriu\/","og_locale":"en_US","og_type":"article","og_title":"President Osmani expresses her condolences on the passing away of Academician Edi Shukriu - President of the Republic of Kosovo - DR. VJOSA OSMANI - SADRIU","og_description":"President Osmani expresses her condolences on the passing away of Academician Edi Shukriu - President of the Republic of Kosovo - DR. VJOSA OSMANI - SADRIU -","og_url":"https:\/\/president-ksgov.net\/en\/president-osmani-expresses-her-condolences-on-the-passing-away-of-academician-edi-shukriu\/","og_site_name":"President of the Republic of Kosovo - DR. VJOSA OSMANI - SADRIU","article_published_time":"2023-01-17T10:07:22+00:00","article_modified_time":"2026-01-28T07:29:27+00:00","og_image":[{"width":600,"height":360,"url":"https:\/\/president-ksgov.net\/wp-content\/uploads\/2023\/03\/16_01_2023_7657-1.jpg","type":"image\/jpeg"}],"author":"Florent Rrahmani","twitter_card":"summary_large_image","twitter_misc":{"Written by":"Florent Rrahmani","Est. reading time":"2 minutes"},"schema":{"@context":"https:\/\/schema.org","@graph":[{"@type":"WebPage","@id":"https:\/\/president-ksgov.net\/en\/president-osmani-expresses-her-condolences-on-the-passing-away-of-academician-edi-shukriu\/","url":"https:\/\/president-ksgov.net\/en\/president-osmani-expresses-her-condolences-on-the-passing-away-of-academician-edi-shukriu\/","name":"President Osmani expresses her condolences on the passing away of Academician Edi Shukriu - President of the Republic of Kosovo - DR. VJOSA OSMANI - SADRIU","isPartOf":{"@id":"https:\/\/president-ksgov.net\/#website"},"primaryImageOfPage":{"@id":"https:\/\/president-ksgov.net\/en\/president-osmani-expresses-her-condolences-on-the-passing-away-of-academician-edi-shukriu\/#primaryimage"},"image":{"@id":"https:\/\/president-ksgov.net\/en\/president-osmani-expresses-her-condolences-on-the-passing-away-of-academician-edi-shukriu\/#primaryimage"},"thumbnailUrl":"https:\/\/president-ksgov.net\/wp-content\/uploads\/2023\/03\/16_01_2023_7657-1.jpg","datePublished":"2023-01-17T10:07:22+00:00","dateModified":"2026-01-28T07:29:27+00:00","author":{"@id":"https:\/\/president-ksgov.net\/#\/schema\/person\/7c46f744a99d3f1616b92658282aa934"},"description":"President Osmani expresses her condolences on the passing away of Academician Edi Shukriu - President of the Republic of Kosovo - DR. VJOSA OSMANI - SADRIU -","breadcrumb":{"@id":"https:\/\/president-ksgov.net\/en\/president-osmani-expresses-her-condolences-on-the-passing-away-of-academician-edi-shukriu\/#breadcrumb"},"inLanguage":"en-US","potentialAction":[{"@type":"ReadAction","target":["https:\/\/president-ksgov.net\/en\/president-osmani-expresses-her-condolences-on-the-passing-away-of-academician-edi-shukriu\/"]}]},{"@type":"ImageObject","inLanguage":"en-US","@id":"https:\/\/president-ksgov.net\/en\/president-osmani-expresses-her-condolences-on-the-passing-away-of-academician-edi-shukriu\/#primaryimage","url":"https:\/\/president-ksgov.net\/wp-content\/uploads\/2023\/03\/16_01_2023_7657-1.jpg","contentUrl":"https:\/\/president-ksgov.net\/wp-content\/uploads\/2023\/03\/16_01_2023_7657-1.jpg","width":600,"height":360},{"@type":"BreadcrumbList","@id":"https:\/\/president-ksgov.net\/en\/president-osmani-expresses-her-condolences-on-the-passing-away-of-academician-edi-shukriu\/#breadcrumb","itemListElement":[{"@type":"ListItem","position":1,"name":"Home","item":"https:\/\/president-ksgov.net\/en\/"},{"@type":"ListItem","position":2,"name":"President Osmani expresses her condolences on the passing away of Academician Edi Shukriu"}]},{"@type":"WebSite","@id":"https:\/\/president-ksgov.net\/#website","url":"https:\/\/president-ksgov.net\/","name":"Presidente e Republik\u00ebs s\u00eb Kosov\u00ebs","description":"Presidente e Republik\u00ebs s\u00eb Kosov\u00ebs","alternateName":"DR. VJOSA OSMANI - SADRIU","potentialAction":[{"@type":"SearchAction","target":{"@type":"EntryPoint","urlTemplate":"https:\/\/president-ksgov.net\/?s={search_term_string}"},"query-input":{"@type":"PropertyValueSpecification","valueRequired":true,"valueName":"search_term_string"}}],"inLanguage":"en-US"},{"@type":"Person","@id":"https:\/\/president-ksgov.net\/#\/schema\/person\/7c46f744a99d3f1616b92658282aa934","name":"Florent Rrahmani","image":{"@type":"ImageObject","inLanguage":"en-US","@id":"https:\/\/president-ksgov.net\/#\/schema\/person\/image\/","url":"https:\/\/secure.gravatar.com\/avatar\/2545924aa250de68ac8368367a79b663e59571cd131611f54c89b0613a94e230?s=96&d=mm&r=g","contentUrl":"https:\/\/secure.gravatar.com\/avatar\/2545924aa250de68ac8368367a79b663e59571cd131611f54c89b0613a94e230?s=96&d=mm&r=g","caption":"Florent Rrahmani"}}]}},"_links":{"self":[{"href":"https:\/\/president-ksgov.net\/en\/wp-json\/wp\/v2\/posts\/92958","targetHints":{"allow":["GET"]}}],"collection":[{"href":"https:\/\/president-ksgov.net\/en\/wp-json\/wp\/v2\/posts"}],"about":[{"href":"https:\/\/president-ksgov.net\/en\/wp-json\/wp\/v2\/types\/post"}],"author":[{"embeddable":true,"href":"https:\/\/president-ksgov.net\/en\/wp-json\/wp\/v2\/users\/9"}],"replies":[{"embeddable":true,"href":"https:\/\/president-ksgov.net\/en\/wp-json\/wp\/v2\/comments?post=92958"}],"version-history":[{"count":1,"href":"https:\/\/president-ksgov.net\/en\/wp-json\/wp\/v2\/posts\/92958\/revisions"}],"predecessor-version":[{"id":92959,"href":"https:\/\/president-ksgov.net\/en\/wp-json\/wp\/v2\/posts\/92958\/revisions\/92959"}],"wp:featuredmedia":[{"embeddable":true,"href":"https:\/\/president-ksgov.net\/en\/wp-json\/wp\/v2\/media\/8568"}],"wp:attachment":[{"href":"https:\/\/president-ksgov.net\/en\/wp-json\/wp\/v2\/media?parent=92958"}],"wp:term":[{"taxonomy":"category","embeddable":true,"href":"https:\/\/president-ksgov.net\/en\/wp-json\/wp\/v2\/categories?post=92958"},{"taxonomy":"post_tag","embeddable":true,"href":"https:\/\/president-ksgov.net\/en\/wp-json\/wp\/v2\/tags?post=92958"}],"curies":[{"name":"wp","href":"https:\/\/api.w.org\/{rel}","templated":true}]}}