{"id":92856,"date":"2023-04-24T16:10:49","date_gmt":"2023-04-24T14:10:49","guid":{"rendered":"https:\/\/president-ksgov.net\/?p=92856"},"modified":"2023-06-22T14:28:28","modified_gmt":"2023-06-22T12:28:28","slug":"president-osmanis-statement-following-the-vote-taken-by-the-committee-of-ministers-of-the-council-of-europe","status":"publish","type":"post","link":"https:\/\/president-ksgov.net\/en\/president-osmanis-statement-following-the-vote-taken-by-the-committee-of-ministers-of-the-council-of-europe\/","title":{"rendered":"President Osmani&#8217;s statement following the vote taken by the Committee of Ministers of the Council of Europe"},"content":{"rendered":"<p>Today&#8217;s vote to advance Kosovo&#8217;s application for membership in the Council of Europe to the Parliamentary Assembly is not only a good day for human rights and democracy in Kosovo but also an important moment for all of Europe.<\/p>\n<p>This is a step forward for Kosovo and its citizens, not only in terms of the international integration of our country but above all for the advancement of the position of human rights, for all our citizens, without distinction.<\/p>\n<p>I would like to express my gratitude to our international allies, the Icelandic presidency of the Council of Europe and to all the countries that supported us through their vote. I expect the consideration of our application by the Parliamentary Assembly to begin as soon as possible and to be successfully concluded.<\/p>\n<p>We are committed to the achievement of the highest standards of democracy, human rights and rule of law, and we are confident that our application will be judged on the basis of our achievements in these areas.<\/p>\n<p>Our Euro-Atlantic aspirations are clear and the determination of the people of Kosovo is stronger than ever. In recent years, Kosovo has made extraordinary progress and our membership in the Council of Europe is additional evidence of our unwavering commitment to the values that this institution represents.<\/p>\n<p>The forthcoming steps are an opportunity for Europe to demonstrate its commitment to the protection of human rights in every country, across the continent.<\/p>\n","protected":false},"excerpt":{"rendered":"<p>Today&#8217;s vote to advance Kosovo&#8217;s application for membership in the Council of Europe to the Parliamentary Assembly is not only a good day for human rights and democracy in Kosovo but also an important moment for all of Europe. This is a step forward for Kosovo and its citizens, not only in terms of the international integration of our country but above all for the advancement of the position of human rights, for all our citizens, without distinction. I would like to express my gratitude to our international allies, the Icelandic presidency of the Council of Europe and to all the countries that supported us through their vote. I expect the consideration of our application by the Parliamentary Assembly to begin as soon as possible and to be successfully concluded. We are committed to the achievement of the highest standards of democracy, human rights and rule of law, and we are confident that our application will be judged on the basis of our achievements in these areas. Our Euro-Atlantic aspirations are clear and the determination of the people of Kosovo is stronger than ever. In recent years, Kosovo has made extraordinary progress and our membership in the Council of Europe is additional evidence of our unwavering commitment to the values that this institution represents. The forthcoming steps are an opportunity for Europe to demonstrate its commitment to the protection of human rights in every country, across the continent.<\/p>\n","protected":false},"author":9,"featured_media":92722,"comment_status":"open","ping_status":"closed","sticky":false,"template":"","format":"standard","meta":{"_eb_attr":"","footnotes":""},"categories":[111],"tags":[],"class_list":["post-92856","post","type-post","status-publish","format-standard","has-post-thumbnail","hentry","category-news"],"yoast_head":"<!-- This site is optimized with the Yoast SEO plugin v23.5 - https:\/\/yoast.com\/wordpress\/plugins\/seo\/ -->\n<title>President Osmani&#039;s statement following the vote taken by the Committee of Ministers of the Council of Europe - President of the Republic of Kosovo - DR. VJOSA OSMANI - SADRIU<\/title>\n<meta name=\"description\" content=\"President Osmani&#039;s statement following the vote taken by the Committee of Ministers of the Council of Europe - President of the Republic of Kosovo - DR. VJOSA OSMANI - SADRIU -\" \/>\n<meta name=\"robots\" content=\"index, follow, max-snippet:-1, max-image-preview:large, max-video-preview:-1\" \/>\n<link rel=\"canonical\" href=\"https:\/\/president-ksgov.net\/en\/president-osmanis-statement-following-the-vote-taken-by-the-committee-of-ministers-of-the-council-of-europe\/\" \/>\n<meta property=\"og:locale\" content=\"en_US\" \/>\n<meta property=\"og:type\" content=\"article\" \/>\n<meta property=\"og:title\" content=\"President Osmani&#039;s statement following the vote taken by the Committee of Ministers of the Council of Europe - President of the Republic of Kosovo - DR. VJOSA OSMANI - SADRIU\" \/>\n<meta property=\"og:description\" content=\"President Osmani&#039;s statement following the vote taken by the Committee of Ministers of the Council of Europe - President of the Republic of Kosovo - DR. VJOSA OSMANI - SADRIU -\" \/>\n<meta property=\"og:url\" content=\"https:\/\/president-ksgov.net\/en\/president-osmanis-statement-following-the-vote-taken-by-the-committee-of-ministers-of-the-council-of-europe\/\" \/>\n<meta property=\"og:site_name\" content=\"President of the Republic of Kosovo - DR. VJOSA OSMANI - SADRIU\" \/>\n<meta property=\"article:published_time\" content=\"2023-04-24T14:10:49+00:00\" \/>\n<meta property=\"article:modified_time\" content=\"2023-06-22T12:28:28+00:00\" \/>\n<meta property=\"og:image\" content=\"https:\/\/president-ksgov.net\/wp-content\/uploads\/ZPRK-1.jpg\" \/>\n\t<meta property=\"og:image:width\" content=\"2000\" \/>\n\t<meta property=\"og:image:height\" content=\"1000\" \/>\n\t<meta property=\"og:image:type\" content=\"image\/jpeg\" \/>\n<meta name=\"author\" content=\"Florent Rrahmani\" \/>\n<meta name=\"twitter:card\" content=\"summary_large_image\" \/>\n<meta name=\"twitter:label1\" content=\"Written by\" \/>\n\t<meta name=\"twitter:data1\" content=\"Florent Rrahmani\" \/>\n\t<meta name=\"twitter:label2\" content=\"Est. reading time\" \/>\n\t<meta name=\"twitter:data2\" content=\"1 minute\" \/>\n<script type=\"application\/ld+json\" class=\"yoast-schema-graph\">{\"@context\":\"https:\/\/schema.org\",\"@graph\":[{\"@type\":\"WebPage\",\"@id\":\"https:\/\/president-ksgov.net\/en\/president-osmanis-statement-following-the-vote-taken-by-the-committee-of-ministers-of-the-council-of-europe\/\",\"url\":\"https:\/\/president-ksgov.net\/en\/president-osmanis-statement-following-the-vote-taken-by-the-committee-of-ministers-of-the-council-of-europe\/\",\"name\":\"President Osmani's statement following the vote taken by the Committee of Ministers of the Council of Europe - President of the Republic of Kosovo - DR. VJOSA OSMANI - SADRIU\",\"isPartOf\":{\"@id\":\"https:\/\/president-ksgov.net\/#website\"},\"primaryImageOfPage\":{\"@id\":\"https:\/\/president-ksgov.net\/en\/president-osmanis-statement-following-the-vote-taken-by-the-committee-of-ministers-of-the-council-of-europe\/#primaryimage\"},\"image\":{\"@id\":\"https:\/\/president-ksgov.net\/en\/president-osmanis-statement-following-the-vote-taken-by-the-committee-of-ministers-of-the-council-of-europe\/#primaryimage\"},\"thumbnailUrl\":\"https:\/\/president-ksgov.net\/wp-content\/uploads\/ZPRK-1.jpg\",\"datePublished\":\"2023-04-24T14:10:49+00:00\",\"dateModified\":\"2023-06-22T12:28:28+00:00\",\"author\":{\"@id\":\"https:\/\/president-ksgov.net\/#\/schema\/person\/7c46f744a99d3f1616b92658282aa934\"},\"description\":\"President Osmani's statement following the vote taken by the Committee of Ministers of the Council of Europe - President of the Republic of Kosovo - DR. VJOSA OSMANI - SADRIU -\",\"breadcrumb\":{\"@id\":\"https:\/\/president-ksgov.net\/en\/president-osmanis-statement-following-the-vote-taken-by-the-committee-of-ministers-of-the-council-of-europe\/#breadcrumb\"},\"inLanguage\":\"en-US\",\"potentialAction\":[{\"@type\":\"ReadAction\",\"target\":[\"https:\/\/president-ksgov.net\/en\/president-osmanis-statement-following-the-vote-taken-by-the-committee-of-ministers-of-the-council-of-europe\/\"]}]},{\"@type\":\"ImageObject\",\"inLanguage\":\"en-US\",\"@id\":\"https:\/\/president-ksgov.net\/en\/president-osmanis-statement-following-the-vote-taken-by-the-committee-of-ministers-of-the-council-of-europe\/#primaryimage\",\"url\":\"https:\/\/president-ksgov.net\/wp-content\/uploads\/ZPRK-1.jpg\",\"contentUrl\":\"https:\/\/president-ksgov.net\/wp-content\/uploads\/ZPRK-1.jpg\",\"width\":2000,\"height\":1000},{\"@type\":\"BreadcrumbList\",\"@id\":\"https:\/\/president-ksgov.net\/en\/president-osmanis-statement-following-the-vote-taken-by-the-committee-of-ministers-of-the-council-of-europe\/#breadcrumb\",\"itemListElement\":[{\"@type\":\"ListItem\",\"position\":1,\"name\":\"Home\",\"item\":\"https:\/\/president-ksgov.net\/en\/\"},{\"@type\":\"ListItem\",\"position\":2,\"name\":\"President Osmani&#8217;s statement following the vote taken by the Committee of Ministers of the Council of Europe\"}]},{\"@type\":\"WebSite\",\"@id\":\"https:\/\/president-ksgov.net\/#website\",\"url\":\"https:\/\/president-ksgov.net\/\",\"name\":\"Presidente e Republik\u00ebs s\u00eb Kosov\u00ebs\",\"description\":\"Presidente e Republik\u00ebs s\u00eb Kosov\u00ebs\",\"alternateName\":\"DR. VJOSA OSMANI - SADRIU\",\"potentialAction\":[{\"@type\":\"SearchAction\",\"target\":{\"@type\":\"EntryPoint\",\"urlTemplate\":\"https:\/\/president-ksgov.net\/?s={search_term_string}\"},\"query-input\":{\"@type\":\"PropertyValueSpecification\",\"valueRequired\":true,\"valueName\":\"search_term_string\"}}],\"inLanguage\":\"en-US\"},{\"@type\":\"Person\",\"@id\":\"https:\/\/president-ksgov.net\/#\/schema\/person\/7c46f744a99d3f1616b92658282aa934\",\"name\":\"Florent Rrahmani\",\"image\":{\"@type\":\"ImageObject\",\"inLanguage\":\"en-US\",\"@id\":\"https:\/\/president-ksgov.net\/#\/schema\/person\/image\/\",\"url\":\"https:\/\/secure.gravatar.com\/avatar\/2545924aa250de68ac8368367a79b663e59571cd131611f54c89b0613a94e230?s=96&d=mm&r=g\",\"contentUrl\":\"https:\/\/secure.gravatar.com\/avatar\/2545924aa250de68ac8368367a79b663e59571cd131611f54c89b0613a94e230?s=96&d=mm&r=g\",\"caption\":\"Florent Rrahmani\"}}]}<\/script>\n<!-- \/ Yoast SEO plugin. -->","yoast_head_json":{"title":"President Osmani's statement following the vote taken by the Committee of Ministers of the Council of Europe - President of the Republic of Kosovo - DR. VJOSA OSMANI - SADRIU","description":"President Osmani's statement following the vote taken by the Committee of Ministers of the Council of Europe - President of the Republic of Kosovo - DR. VJOSA OSMANI - SADRIU -","robots":{"index":"index","follow":"follow","max-snippet":"max-snippet:-1","max-image-preview":"max-image-preview:large","max-video-preview":"max-video-preview:-1"},"canonical":"https:\/\/president-ksgov.net\/en\/president-osmanis-statement-following-the-vote-taken-by-the-committee-of-ministers-of-the-council-of-europe\/","og_locale":"en_US","og_type":"article","og_title":"President Osmani's statement following the vote taken by the Committee of Ministers of the Council of Europe - President of the Republic of Kosovo - DR. VJOSA OSMANI - SADRIU","og_description":"President Osmani's statement following the vote taken by the Committee of Ministers of the Council of Europe - President of the Republic of Kosovo - DR. VJOSA OSMANI - SADRIU -","og_url":"https:\/\/president-ksgov.net\/en\/president-osmanis-statement-following-the-vote-taken-by-the-committee-of-ministers-of-the-council-of-europe\/","og_site_name":"President of the Republic of Kosovo - DR. VJOSA OSMANI - SADRIU","article_published_time":"2023-04-24T14:10:49+00:00","article_modified_time":"2023-06-22T12:28:28+00:00","og_image":[{"width":2000,"height":1000,"url":"https:\/\/president-ksgov.net\/wp-content\/uploads\/ZPRK-1.jpg","type":"image\/jpeg"}],"author":"Florent Rrahmani","twitter_card":"summary_large_image","twitter_misc":{"Written by":"Florent Rrahmani","Est. reading time":"1 minute"},"schema":{"@context":"https:\/\/schema.org","@graph":[{"@type":"WebPage","@id":"https:\/\/president-ksgov.net\/en\/president-osmanis-statement-following-the-vote-taken-by-the-committee-of-ministers-of-the-council-of-europe\/","url":"https:\/\/president-ksgov.net\/en\/president-osmanis-statement-following-the-vote-taken-by-the-committee-of-ministers-of-the-council-of-europe\/","name":"President Osmani's statement following the vote taken by the Committee of Ministers of the Council of Europe - President of the Republic of Kosovo - DR. VJOSA OSMANI - SADRIU","isPartOf":{"@id":"https:\/\/president-ksgov.net\/#website"},"primaryImageOfPage":{"@id":"https:\/\/president-ksgov.net\/en\/president-osmanis-statement-following-the-vote-taken-by-the-committee-of-ministers-of-the-council-of-europe\/#primaryimage"},"image":{"@id":"https:\/\/president-ksgov.net\/en\/president-osmanis-statement-following-the-vote-taken-by-the-committee-of-ministers-of-the-council-of-europe\/#primaryimage"},"thumbnailUrl":"https:\/\/president-ksgov.net\/wp-content\/uploads\/ZPRK-1.jpg","datePublished":"2023-04-24T14:10:49+00:00","dateModified":"2023-06-22T12:28:28+00:00","author":{"@id":"https:\/\/president-ksgov.net\/#\/schema\/person\/7c46f744a99d3f1616b92658282aa934"},"description":"President Osmani's statement following the vote taken by the Committee of Ministers of the Council of Europe - President of the Republic of Kosovo - DR. VJOSA OSMANI - SADRIU -","breadcrumb":{"@id":"https:\/\/president-ksgov.net\/en\/president-osmanis-statement-following-the-vote-taken-by-the-committee-of-ministers-of-the-council-of-europe\/#breadcrumb"},"inLanguage":"en-US","potentialAction":[{"@type":"ReadAction","target":["https:\/\/president-ksgov.net\/en\/president-osmanis-statement-following-the-vote-taken-by-the-committee-of-ministers-of-the-council-of-europe\/"]}]},{"@type":"ImageObject","inLanguage":"en-US","@id":"https:\/\/president-ksgov.net\/en\/president-osmanis-statement-following-the-vote-taken-by-the-committee-of-ministers-of-the-council-of-europe\/#primaryimage","url":"https:\/\/president-ksgov.net\/wp-content\/uploads\/ZPRK-1.jpg","contentUrl":"https:\/\/president-ksgov.net\/wp-content\/uploads\/ZPRK-1.jpg","width":2000,"height":1000},{"@type":"BreadcrumbList","@id":"https:\/\/president-ksgov.net\/en\/president-osmanis-statement-following-the-vote-taken-by-the-committee-of-ministers-of-the-council-of-europe\/#breadcrumb","itemListElement":[{"@type":"ListItem","position":1,"name":"Home","item":"https:\/\/president-ksgov.net\/en\/"},{"@type":"ListItem","position":2,"name":"President Osmani&#8217;s statement following the vote taken by the Committee of Ministers of the Council of Europe"}]},{"@type":"WebSite","@id":"https:\/\/president-ksgov.net\/#website","url":"https:\/\/president-ksgov.net\/","name":"Presidente e Republik\u00ebs s\u00eb Kosov\u00ebs","description":"Presidente e Republik\u00ebs s\u00eb Kosov\u00ebs","alternateName":"DR. VJOSA OSMANI - SADRIU","potentialAction":[{"@type":"SearchAction","target":{"@type":"EntryPoint","urlTemplate":"https:\/\/president-ksgov.net\/?s={search_term_string}"},"query-input":{"@type":"PropertyValueSpecification","valueRequired":true,"valueName":"search_term_string"}}],"inLanguage":"en-US"},{"@type":"Person","@id":"https:\/\/president-ksgov.net\/#\/schema\/person\/7c46f744a99d3f1616b92658282aa934","name":"Florent Rrahmani","image":{"@type":"ImageObject","inLanguage":"en-US","@id":"https:\/\/president-ksgov.net\/#\/schema\/person\/image\/","url":"https:\/\/secure.gravatar.com\/avatar\/2545924aa250de68ac8368367a79b663e59571cd131611f54c89b0613a94e230?s=96&d=mm&r=g","contentUrl":"https:\/\/secure.gravatar.com\/avatar\/2545924aa250de68ac8368367a79b663e59571cd131611f54c89b0613a94e230?s=96&d=mm&r=g","caption":"Florent Rrahmani"}}]}},"_links":{"self":[{"href":"https:\/\/president-ksgov.net\/en\/wp-json\/wp\/v2\/posts\/92856","targetHints":{"allow":["GET"]}}],"collection":[{"href":"https:\/\/president-ksgov.net\/en\/wp-json\/wp\/v2\/posts"}],"about":[{"href":"https:\/\/president-ksgov.net\/en\/wp-json\/wp\/v2\/types\/post"}],"author":[{"embeddable":true,"href":"https:\/\/president-ksgov.net\/en\/wp-json\/wp\/v2\/users\/9"}],"replies":[{"embeddable":true,"href":"https:\/\/president-ksgov.net\/en\/wp-json\/wp\/v2\/comments?post=92856"}],"version-history":[{"count":1,"href":"https:\/\/president-ksgov.net\/en\/wp-json\/wp\/v2\/posts\/92856\/revisions"}],"predecessor-version":[{"id":92857,"href":"https:\/\/president-ksgov.net\/en\/wp-json\/wp\/v2\/posts\/92856\/revisions\/92857"}],"wp:featuredmedia":[{"embeddable":true,"href":"https:\/\/president-ksgov.net\/en\/wp-json\/wp\/v2\/media\/92722"}],"wp:attachment":[{"href":"https:\/\/president-ksgov.net\/en\/wp-json\/wp\/v2\/media?parent=92856"}],"wp:term":[{"taxonomy":"category","embeddable":true,"href":"https:\/\/president-ksgov.net\/en\/wp-json\/wp\/v2\/categories?post=92856"},{"taxonomy":"post_tag","embeddable":true,"href":"https:\/\/president-ksgov.net\/en\/wp-json\/wp\/v2\/tags?post=92856"}],"curies":[{"name":"wp","href":"https:\/\/api.w.org\/{rel}","templated":true}]}}