{"id":92832,"date":"2023-04-06T20:46:48","date_gmt":"2023-04-06T18:46:48","guid":{"rendered":"https:\/\/president-ksgov.net\/?p=92832"},"modified":"2023-06-22T13:58:48","modified_gmt":"2023-06-22T11:58:48","slug":"president-osmani-hosted-in-a-meeting-a-delegation-from-the-atlantic-council","status":"publish","type":"post","link":"https:\/\/president-ksgov.net\/en\/president-osmani-hosted-in-a-meeting-a-delegation-from-the-atlantic-council\/","title":{"rendered":"President Osmani hosted in a meeting a delegation from the Atlantic Council"},"content":{"rendered":"<p>The President of the Republic of Kosovo, Vjosa Osmani, today received a delegation from the Europe Center of the Atlantic Council led by J\u00f6rn Fleck, senior Director.<\/p>\n<p>During the meeting they discussed the latest developments in the country and the region, the next steps in the integration of the Republic of Kosovo in the Euro-Atlantic institutions, the dialogue with Serbia, as well as the possibilities of deepening the cooperation with the Atlantic Council.<\/p>\n<p>Speaking about the current geopolitical developments in Europe, President Osmani emphasized that the Republic of Kosovo remains committed to sustainable peace in the region and beyond, while she said that the full integration of Kosovo in the Euro-Atlantic institutions together with other democratic states in the region is vital for achieving this goal.<\/p>\n<p>In addition, the President talked about the constructive role and proactive approach of Kosovo in the dialogue with Serbia, as well as the continuous coordination of the institutions of the Republic with allies and international partners. The President has reiterated the importance of protecting sovereignty, territorial integrity, constitutionality and protecting the functionality of the state at every step.<\/p>\n<p>Among other things, it was also discussed about the strengthening of the partnership between the Republic of Kosovo and the United States, as well as the deepening of cooperation with various programs of the Atlantic Council.<\/p>\n","protected":false},"excerpt":{"rendered":"<p>The President of the Republic of Kosovo, Vjosa Osmani, today received a delegation from the Europe Center of the Atlantic Council led by J\u00f6rn Fleck, senior Director. During the meeting they discussed the latest developments in the country and the region, the next steps in the integration of the Republic of Kosovo in the Euro-Atlantic institutions, the dialogue with Serbia, as well as the possibilities of deepening the cooperation with the Atlantic Council. Speaking about the current geopolitical developments in Europe, President Osmani emphasized that the Republic of Kosovo remains committed to sustainable peace in the region and beyond, while she said that the full integration of Kosovo in the Euro-Atlantic institutions together with other democratic states in the region is vital for achieving this goal. In addition, the President talked about the constructive role and proactive approach of Kosovo in the dialogue with Serbia, as well as the continuous coordination of the institutions of the Republic with allies and international partners. The President has reiterated the importance of protecting sovereignty, territorial integrity, constitutionality and protecting the functionality of the state at every step. Among other things, it was also discussed about the strengthening of the partnership between the Republic of Kosovo and the United States, as well as the deepening of cooperation with various programs of the Atlantic Council.<\/p>\n","protected":false},"author":9,"featured_media":88666,"comment_status":"open","ping_status":"closed","sticky":false,"template":"","format":"standard","meta":{"_eb_attr":"","footnotes":""},"categories":[111],"tags":[],"class_list":["post-92832","post","type-post","status-publish","format-standard","has-post-thumbnail","hentry","category-news"],"yoast_head":"<!-- This site is optimized with the Yoast SEO plugin v23.5 - https:\/\/yoast.com\/wordpress\/plugins\/seo\/ -->\n<title>President Osmani hosted in a meeting a delegation from the Atlantic Council - President of the Republic of Kosovo - DR. VJOSA OSMANI - SADRIU<\/title>\n<meta name=\"description\" content=\"President Osmani hosted in a meeting a delegation from the Atlantic Council - President of the Republic of Kosovo - DR. VJOSA OSMANI - SADRIU -\" \/>\n<meta name=\"robots\" content=\"index, follow, max-snippet:-1, max-image-preview:large, max-video-preview:-1\" \/>\n<link rel=\"canonical\" href=\"https:\/\/president-ksgov.net\/presidentja-osmani-priti-ne-takim-nje-delegacion-nga-keshilli-atlantik\/\" \/>\n<meta property=\"og:locale\" content=\"en_US\" \/>\n<meta property=\"og:type\" content=\"article\" \/>\n<meta property=\"og:title\" content=\"President Osmani hosted in a meeting a delegation from the Atlantic Council - President of the Republic of Kosovo - DR. VJOSA OSMANI - SADRIU\" \/>\n<meta property=\"og:description\" content=\"President Osmani hosted in a meeting a delegation from the Atlantic Council - President of the Republic of Kosovo - DR. VJOSA OSMANI - SADRIU -\" \/>\n<meta property=\"og:url\" content=\"https:\/\/president-ksgov.net\/presidentja-osmani-priti-ne-takim-nje-delegacion-nga-keshilli-atlantik\/\" \/>\n<meta property=\"og:site_name\" content=\"President of the Republic of Kosovo - DR. VJOSA OSMANI - SADRIU\" \/>\n<meta property=\"article:published_time\" content=\"2023-04-06T18:46:48+00:00\" \/>\n<meta property=\"article:modified_time\" content=\"2023-06-22T11:58:48+00:00\" \/>\n<meta property=\"og:image\" content=\"https:\/\/president-ksgov.net\/wp-content\/uploads\/presidentja-priti-ne-takim-delegacion-nga-ka-1-1024x683.jpg\" \/>\n\t<meta property=\"og:image:width\" content=\"1024\" \/>\n\t<meta property=\"og:image:height\" content=\"683\" \/>\n\t<meta property=\"og:image:type\" content=\"image\/jpeg\" \/>\n<meta name=\"author\" content=\"Florent Rrahmani\" \/>\n<meta name=\"twitter:card\" content=\"summary_large_image\" \/>\n<meta name=\"twitter:label1\" content=\"Written by\" \/>\n\t<meta name=\"twitter:data1\" content=\"Florent Rrahmani\" \/>\n\t<meta name=\"twitter:label2\" content=\"Est. reading time\" \/>\n\t<meta name=\"twitter:data2\" content=\"1 minute\" \/>\n<script type=\"application\/ld+json\" class=\"yoast-schema-graph\">{\"@context\":\"https:\/\/schema.org\",\"@graph\":[{\"@type\":\"WebPage\",\"@id\":\"https:\/\/president-ksgov.net\/presidentja-osmani-priti-ne-takim-nje-delegacion-nga-keshilli-atlantik\/\",\"url\":\"https:\/\/president-ksgov.net\/presidentja-osmani-priti-ne-takim-nje-delegacion-nga-keshilli-atlantik\/\",\"name\":\"President Osmani hosted in a meeting a delegation from the Atlantic Council - President of the Republic of Kosovo - DR. VJOSA OSMANI - SADRIU\",\"isPartOf\":{\"@id\":\"https:\/\/president-ksgov.net\/#website\"},\"primaryImageOfPage\":{\"@id\":\"https:\/\/president-ksgov.net\/presidentja-osmani-priti-ne-takim-nje-delegacion-nga-keshilli-atlantik\/#primaryimage\"},\"image\":{\"@id\":\"https:\/\/president-ksgov.net\/presidentja-osmani-priti-ne-takim-nje-delegacion-nga-keshilli-atlantik\/#primaryimage\"},\"thumbnailUrl\":\"https:\/\/president-ksgov.net\/wp-content\/uploads\/presidentja-priti-ne-takim-delegacion-nga-ka-1.jpg\",\"datePublished\":\"2023-04-06T18:46:48+00:00\",\"dateModified\":\"2023-06-22T11:58:48+00:00\",\"author\":{\"@id\":\"https:\/\/president-ksgov.net\/#\/schema\/person\/7c46f744a99d3f1616b92658282aa934\"},\"description\":\"President Osmani hosted in a meeting a delegation from the Atlantic Council - President of the Republic of Kosovo - DR. VJOSA OSMANI - SADRIU -\",\"breadcrumb\":{\"@id\":\"https:\/\/president-ksgov.net\/presidentja-osmani-priti-ne-takim-nje-delegacion-nga-keshilli-atlantik\/#breadcrumb\"},\"inLanguage\":\"en-US\",\"potentialAction\":[{\"@type\":\"ReadAction\",\"target\":[\"https:\/\/president-ksgov.net\/presidentja-osmani-priti-ne-takim-nje-delegacion-nga-keshilli-atlantik\/\"]}]},{\"@type\":\"ImageObject\",\"inLanguage\":\"en-US\",\"@id\":\"https:\/\/president-ksgov.net\/presidentja-osmani-priti-ne-takim-nje-delegacion-nga-keshilli-atlantik\/#primaryimage\",\"url\":\"https:\/\/president-ksgov.net\/wp-content\/uploads\/presidentja-priti-ne-takim-delegacion-nga-ka-1.jpg\",\"contentUrl\":\"https:\/\/president-ksgov.net\/wp-content\/uploads\/presidentja-priti-ne-takim-delegacion-nga-ka-1.jpg\",\"width\":2500,\"height\":1667},{\"@type\":\"BreadcrumbList\",\"@id\":\"https:\/\/president-ksgov.net\/presidentja-osmani-priti-ne-takim-nje-delegacion-nga-keshilli-atlantik\/#breadcrumb\",\"itemListElement\":[{\"@type\":\"ListItem\",\"position\":1,\"name\":\"Home\",\"item\":\"https:\/\/president-ksgov.net\/en\/\"},{\"@type\":\"ListItem\",\"position\":2,\"name\":\"President Osmani hosted in a meeting a delegation from the Atlantic Council\"}]},{\"@type\":\"WebSite\",\"@id\":\"https:\/\/president-ksgov.net\/#website\",\"url\":\"https:\/\/president-ksgov.net\/\",\"name\":\"Presidente e Republik\u00ebs s\u00eb Kosov\u00ebs\",\"description\":\"Presidente e Republik\u00ebs s\u00eb Kosov\u00ebs\",\"alternateName\":\"DR. VJOSA OSMANI - SADRIU\",\"potentialAction\":[{\"@type\":\"SearchAction\",\"target\":{\"@type\":\"EntryPoint\",\"urlTemplate\":\"https:\/\/president-ksgov.net\/?s={search_term_string}\"},\"query-input\":{\"@type\":\"PropertyValueSpecification\",\"valueRequired\":true,\"valueName\":\"search_term_string\"}}],\"inLanguage\":\"en-US\"},{\"@type\":\"Person\",\"@id\":\"https:\/\/president-ksgov.net\/#\/schema\/person\/7c46f744a99d3f1616b92658282aa934\",\"name\":\"Florent Rrahmani\",\"image\":{\"@type\":\"ImageObject\",\"inLanguage\":\"en-US\",\"@id\":\"https:\/\/president-ksgov.net\/#\/schema\/person\/image\/\",\"url\":\"https:\/\/secure.gravatar.com\/avatar\/2545924aa250de68ac8368367a79b663e59571cd131611f54c89b0613a94e230?s=96&d=mm&r=g\",\"contentUrl\":\"https:\/\/secure.gravatar.com\/avatar\/2545924aa250de68ac8368367a79b663e59571cd131611f54c89b0613a94e230?s=96&d=mm&r=g\",\"caption\":\"Florent Rrahmani\"}}]}<\/script>\n<!-- \/ Yoast SEO plugin. -->","yoast_head_json":{"title":"President Osmani hosted in a meeting a delegation from the Atlantic Council - President of the Republic of Kosovo - DR. VJOSA OSMANI - SADRIU","description":"President Osmani hosted in a meeting a delegation from the Atlantic Council - President of the Republic of Kosovo - DR. VJOSA OSMANI - SADRIU -","robots":{"index":"index","follow":"follow","max-snippet":"max-snippet:-1","max-image-preview":"max-image-preview:large","max-video-preview":"max-video-preview:-1"},"canonical":"https:\/\/president-ksgov.net\/presidentja-osmani-priti-ne-takim-nje-delegacion-nga-keshilli-atlantik\/","og_locale":"en_US","og_type":"article","og_title":"President Osmani hosted in a meeting a delegation from the Atlantic Council - President of the Republic of Kosovo - DR. VJOSA OSMANI - SADRIU","og_description":"President Osmani hosted in a meeting a delegation from the Atlantic Council - President of the Republic of Kosovo - DR. VJOSA OSMANI - SADRIU -","og_url":"https:\/\/president-ksgov.net\/presidentja-osmani-priti-ne-takim-nje-delegacion-nga-keshilli-atlantik\/","og_site_name":"President of the Republic of Kosovo - DR. VJOSA OSMANI - SADRIU","article_published_time":"2023-04-06T18:46:48+00:00","article_modified_time":"2023-06-22T11:58:48+00:00","og_image":[{"width":1024,"height":683,"url":"https:\/\/president-ksgov.net\/wp-content\/uploads\/presidentja-priti-ne-takim-delegacion-nga-ka-1-1024x683.jpg","type":"image\/jpeg"}],"author":"Florent Rrahmani","twitter_card":"summary_large_image","twitter_misc":{"Written by":"Florent Rrahmani","Est. reading time":"1 minute"},"schema":{"@context":"https:\/\/schema.org","@graph":[{"@type":"WebPage","@id":"https:\/\/president-ksgov.net\/presidentja-osmani-priti-ne-takim-nje-delegacion-nga-keshilli-atlantik\/","url":"https:\/\/president-ksgov.net\/presidentja-osmani-priti-ne-takim-nje-delegacion-nga-keshilli-atlantik\/","name":"President Osmani hosted in a meeting a delegation from the Atlantic Council - President of the Republic of Kosovo - DR. VJOSA OSMANI - SADRIU","isPartOf":{"@id":"https:\/\/president-ksgov.net\/#website"},"primaryImageOfPage":{"@id":"https:\/\/president-ksgov.net\/presidentja-osmani-priti-ne-takim-nje-delegacion-nga-keshilli-atlantik\/#primaryimage"},"image":{"@id":"https:\/\/president-ksgov.net\/presidentja-osmani-priti-ne-takim-nje-delegacion-nga-keshilli-atlantik\/#primaryimage"},"thumbnailUrl":"https:\/\/president-ksgov.net\/wp-content\/uploads\/presidentja-priti-ne-takim-delegacion-nga-ka-1.jpg","datePublished":"2023-04-06T18:46:48+00:00","dateModified":"2023-06-22T11:58:48+00:00","author":{"@id":"https:\/\/president-ksgov.net\/#\/schema\/person\/7c46f744a99d3f1616b92658282aa934"},"description":"President Osmani hosted in a meeting a delegation from the Atlantic Council - President of the Republic of Kosovo - DR. VJOSA OSMANI - SADRIU -","breadcrumb":{"@id":"https:\/\/president-ksgov.net\/presidentja-osmani-priti-ne-takim-nje-delegacion-nga-keshilli-atlantik\/#breadcrumb"},"inLanguage":"en-US","potentialAction":[{"@type":"ReadAction","target":["https:\/\/president-ksgov.net\/presidentja-osmani-priti-ne-takim-nje-delegacion-nga-keshilli-atlantik\/"]}]},{"@type":"ImageObject","inLanguage":"en-US","@id":"https:\/\/president-ksgov.net\/presidentja-osmani-priti-ne-takim-nje-delegacion-nga-keshilli-atlantik\/#primaryimage","url":"https:\/\/president-ksgov.net\/wp-content\/uploads\/presidentja-priti-ne-takim-delegacion-nga-ka-1.jpg","contentUrl":"https:\/\/president-ksgov.net\/wp-content\/uploads\/presidentja-priti-ne-takim-delegacion-nga-ka-1.jpg","width":2500,"height":1667},{"@type":"BreadcrumbList","@id":"https:\/\/president-ksgov.net\/presidentja-osmani-priti-ne-takim-nje-delegacion-nga-keshilli-atlantik\/#breadcrumb","itemListElement":[{"@type":"ListItem","position":1,"name":"Home","item":"https:\/\/president-ksgov.net\/en\/"},{"@type":"ListItem","position":2,"name":"President Osmani hosted in a meeting a delegation from the Atlantic Council"}]},{"@type":"WebSite","@id":"https:\/\/president-ksgov.net\/#website","url":"https:\/\/president-ksgov.net\/","name":"Presidente e Republik\u00ebs s\u00eb Kosov\u00ebs","description":"Presidente e Republik\u00ebs s\u00eb Kosov\u00ebs","alternateName":"DR. VJOSA OSMANI - SADRIU","potentialAction":[{"@type":"SearchAction","target":{"@type":"EntryPoint","urlTemplate":"https:\/\/president-ksgov.net\/?s={search_term_string}"},"query-input":{"@type":"PropertyValueSpecification","valueRequired":true,"valueName":"search_term_string"}}],"inLanguage":"en-US"},{"@type":"Person","@id":"https:\/\/president-ksgov.net\/#\/schema\/person\/7c46f744a99d3f1616b92658282aa934","name":"Florent Rrahmani","image":{"@type":"ImageObject","inLanguage":"en-US","@id":"https:\/\/president-ksgov.net\/#\/schema\/person\/image\/","url":"https:\/\/secure.gravatar.com\/avatar\/2545924aa250de68ac8368367a79b663e59571cd131611f54c89b0613a94e230?s=96&d=mm&r=g","contentUrl":"https:\/\/secure.gravatar.com\/avatar\/2545924aa250de68ac8368367a79b663e59571cd131611f54c89b0613a94e230?s=96&d=mm&r=g","caption":"Florent Rrahmani"}}]}},"_links":{"self":[{"href":"https:\/\/president-ksgov.net\/en\/wp-json\/wp\/v2\/posts\/92832","targetHints":{"allow":["GET"]}}],"collection":[{"href":"https:\/\/president-ksgov.net\/en\/wp-json\/wp\/v2\/posts"}],"about":[{"href":"https:\/\/president-ksgov.net\/en\/wp-json\/wp\/v2\/types\/post"}],"author":[{"embeddable":true,"href":"https:\/\/president-ksgov.net\/en\/wp-json\/wp\/v2\/users\/9"}],"replies":[{"embeddable":true,"href":"https:\/\/president-ksgov.net\/en\/wp-json\/wp\/v2\/comments?post=92832"}],"version-history":[{"count":1,"href":"https:\/\/president-ksgov.net\/en\/wp-json\/wp\/v2\/posts\/92832\/revisions"}],"predecessor-version":[{"id":92833,"href":"https:\/\/president-ksgov.net\/en\/wp-json\/wp\/v2\/posts\/92832\/revisions\/92833"}],"wp:featuredmedia":[{"embeddable":true,"href":"https:\/\/president-ksgov.net\/en\/wp-json\/wp\/v2\/media\/88666"}],"wp:attachment":[{"href":"https:\/\/president-ksgov.net\/en\/wp-json\/wp\/v2\/media?parent=92832"}],"wp:term":[{"taxonomy":"category","embeddable":true,"href":"https:\/\/president-ksgov.net\/en\/wp-json\/wp\/v2\/categories?post=92832"},{"taxonomy":"post_tag","embeddable":true,"href":"https:\/\/president-ksgov.net\/en\/wp-json\/wp\/v2\/tags?post=92832"}],"curies":[{"name":"wp","href":"https:\/\/api.w.org\/{rel}","templated":true}]}}