{"id":92730,"date":"2023-06-20T17:00:44","date_gmt":"2023-06-20T15:00:44","guid":{"rendered":"https:\/\/president-ksgov.net\/?p=92730"},"modified":"2023-06-21T11:00:50","modified_gmt":"2023-06-21T09:00:50","slug":"president-vjosa-osmanis-speech-on-world-refugee-day","status":"publish","type":"post","link":"https:\/\/president-ksgov.net\/en\/president-vjosa-osmanis-speech-on-world-refugee-day\/","title":{"rendered":"President Vjosa Osmani\u2019s speech on World Refugee Day"},"content":{"rendered":"<p>Dear Feride,<br \/>\nDear Luidmyla,<br \/>\nDear UNHCR Head of Mission<br \/>\nDear participants from Ukraine, Afghanistan and other countries,<br \/>\nMr. Ombudsperson;<br \/>\nRepresentatives of institutions,<\/p>\n<p>I am honoured to be today among you on a day evoking memories, but also a lot of pain for all the people of Kosovo.<\/p>\n<p>The fate of my people made us experience being refugees in 1999 when our existence was in question. Like everyone else in Kosovo, almost like everyone else, I myself was a refugee, so on this day, I cannot help but stand in solidarity with all the refugees around the world, but especially with those who have made our Republic their shelter today.<\/p>\n<p>The people of Kosovo feel this best because 24 years ago, doors were opened to us in many countries worldwide. This day reminds us how important freedom and safe living are.<br \/>\n1999 marked for us a chapter of the war with suffering, displacement and great human losses. It also serves as a stark reminder of the atrocities committed by the genocidal Serbian state at the time of the war, and it is therefore essential that we reflect on and remember this dark period in order to ensure that such horrors never happen again.<\/p>\n<p>The escalation of the war was followed by a mass exodus of nearly 1 million Kosovo men, women and children, who were subjected to unimaginable suffering, whose human rights were violated, whose existence was impinged, and who were forcibly expelled by Milosevic\u2019s genocidal regime.<\/p>\n<p>We were forced to leave our homes, leaving behind everything we held dear.<\/p>\n<p>The stories from this period are a testimony to the human spirit\u2019s resilience and strength against unimaginable disasters that war brings about.<br \/>\nIn those dark days for us, the human spirit triumphed. Different peoples and countries worldwide joined in our compassion and stood in solidarity with us by opening their doors and hearts.<br \/>\nTherefore, it is our collective responsibility to protect the peace, promote tolerance and ensure that each and every individual, regardless of their affiliation or background, lives free from fear and persecution.<\/p>\n<p>We must stand united against injustice, protect the rights of vulnerable people and strive for a world where no one is forced to endure displacement from and abandonment of the homeland.<br \/>\nOn World Refugee Day, we must come together to honour the resilience, strength and courage of refugees around the world.<\/p>\n<p>It is a day to recognize the plight of those who have been forced to leave their homes due to wars, persecution or disasters and to recognize their great contribution to society.<br \/>\nRefugees are not just numbers, but individuals with dreams, aspirations and potential.<\/p>\n<p>They embody the indomitable spirit of human survival and the unwavering hope for a better future.<\/p>\n<p>Today\u2019s exhibition by Luidmyla is the factual evidence of this because, despite the difficulties they have faced, they are always an example of the triumph of the human spirit against any evil.<br \/>\nNo one chooses to be a refugee. But anyone can become a refugee, anyone in the world can face such circumstances. Circumstances beyond their control take them away from everything they want.<\/p>\n<p>Refugees are not only recipients of aid, they are also agents of change. Their diverse experiences, skills and perspectives enrich our societies and enhance cultural diversity.<\/p>\n<p>Therefore, on this World Refugee Day, let us reaffirm our commitment to compassion and solidarity.<\/p>\n<p>Let us reject fear and separation, and embrace instead understanding and respect.<\/p>\n<p>By extending a helping hand to refugees, we are not only easing their suffering but also strengthening the bonds that unite us.<\/p>\n<p>On World Refugee Day, let us advocate for the protection of their rights, access to education, healthcare and equal life opportunities.<\/p>\n<p>Let us empower them to rebuild their lives and fulfil their potential because in doing so, we create a fairer, more human and more equal world for all.<\/p>\n<p>Together, we can build a future where no one is forced to flee, where every individual is esteemed and protected, and where compassion knows no limits.<\/p>\n<p>Let us stand together with refugees, not only today but every day, until every person finds peace, safety and a safe haven in their own home.<\/p>\n<p>Thank you!<\/p>\n<p>&nbsp;<\/p>\n","protected":false},"excerpt":{"rendered":"<p>Dear Feride, Dear Luidmyla, Dear UNHCR Head of Mission Dear participants from Ukraine, Afghanistan and other countries, Mr. Ombudsperson; Representatives of institutions, I am honoured to be today among you on a day evoking memories, but also a lot of pain for all the people of Kosovo. The fate of my people made us experience being refugees in 1999 when our existence was in question. Like everyone else in Kosovo, almost like everyone else, I myself was a refugee, so on this day, I cannot help but stand in solidarity with all the refugees around the world, but especially with those who have made our Republic their shelter today. The people of Kosovo feel this best because 24 years ago, doors were opened to us in many countries worldwide. This day reminds us how important freedom and safe living are. 1999 marked for us a chapter of the war with suffering, displacement and great human losses. It also serves as a stark reminder of the atrocities committed by the genocidal Serbian state at the time of the war, and it is therefore essential that we reflect on and remember this dark period in order to ensure that such horrors never happen again. The escalation of the war was followed by a mass exodus of nearly 1 million Kosovo men, women and children, who were subjected to unimaginable suffering, whose human rights were violated, whose existence was impinged, and who were forcibly expelled by Milosevic\u2019s genocidal regime. We were forced to leave our homes, leaving behind everything we held dear. The stories from this period are a testimony to the human spirit\u2019s resilience and strength against unimaginable disasters that war brings about. In those dark days for us, the human spirit triumphed. Different peoples and countries worldwide joined in our compassion and stood in solidarity with us by opening their doors and hearts. Therefore, it is our collective responsibility to protect the peace, promote tolerance and ensure that each and every individual, regardless of their affiliation or background, lives free from fear and persecution. We must stand united against injustice, protect the rights of vulnerable people and strive for a world where no one is forced to endure displacement from and abandonment of the homeland. On World Refugee Day, we must come together to honour the resilience, strength and courage of refugees around the world. It is a day to recognize the plight of those who have been forced to leave their homes due to wars, persecution or disasters and to recognize their great contribution to society. Refugees are not just numbers, but individuals with dreams, aspirations and potential. They embody the indomitable spirit of human survival and the unwavering hope for a better future. Today\u2019s exhibition by Luidmyla is the factual evidence of this because, despite the difficulties they have faced, they are always an example of the triumph of the human spirit against any evil. No one chooses to be a refugee. But anyone can become a refugee, anyone in the world can face such circumstances. Circumstances beyond their control take them away from everything they want. Refugees are not only recipients of aid, they are also agents of change. Their diverse experiences, skills and perspectives enrich our societies and enhance cultural diversity. Therefore, on this World Refugee Day, let us reaffirm our commitment to compassion and solidarity. Let us reject fear and separation, and embrace instead understanding and respect. By extending a helping hand to refugees, we are not only easing their suffering but also strengthening the bonds that unite us. On World Refugee Day, let us advocate for the protection of their rights, access to education, healthcare and equal life opportunities. Let us empower them to rebuild their lives and fulfil their potential because in doing so, we create a fairer, more human and more equal world for all. Together, we can build a future where no one is forced to flee, where every individual is esteemed and protected, and where compassion knows no limits. Let us stand together with refugees, not only today but every day, until every person finds peace, safety and a safe haven in their own home. Thank you! &nbsp;<\/p>\n","protected":false},"author":9,"featured_media":92669,"comment_status":"open","ping_status":"closed","sticky":false,"template":"","format":"standard","meta":{"_eb_attr":"","footnotes":""},"categories":[111,105],"tags":[],"class_list":["post-92730","post","type-post","status-publish","format-standard","has-post-thumbnail","hentry","category-news","category-speeches"],"yoast_head":"<!-- This site is optimized with the Yoast SEO plugin v23.5 - https:\/\/yoast.com\/wordpress\/plugins\/seo\/ -->\n<title>President Vjosa Osmani\u2019s speech on World Refugee Day - President of the Republic of Kosovo - DR. VJOSA OSMANI - SADRIU<\/title>\n<meta name=\"description\" content=\"President Vjosa Osmani\u2019s speech on World Refugee Day - President of the Republic of Kosovo - DR. VJOSA OSMANI - SADRIU -\" \/>\n<meta name=\"robots\" content=\"index, follow, max-snippet:-1, max-image-preview:large, max-video-preview:-1\" \/>\n<link rel=\"canonical\" href=\"https:\/\/president-ksgov.net\/en\/president-vjosa-osmanis-speech-on-world-refugee-day\/\" \/>\n<meta property=\"og:locale\" content=\"en_US\" \/>\n<meta property=\"og:type\" content=\"article\" \/>\n<meta property=\"og:title\" content=\"President Vjosa Osmani\u2019s speech on World Refugee Day - President of the Republic of Kosovo - DR. VJOSA OSMANI - SADRIU\" \/>\n<meta property=\"og:description\" content=\"President Vjosa Osmani\u2019s speech on World Refugee Day - President of the Republic of Kosovo - DR. VJOSA OSMANI - SADRIU -\" \/>\n<meta property=\"og:url\" content=\"https:\/\/president-ksgov.net\/en\/president-vjosa-osmanis-speech-on-world-refugee-day\/\" \/>\n<meta property=\"og:site_name\" content=\"President of the Republic of Kosovo - DR. VJOSA OSMANI - SADRIU\" \/>\n<meta property=\"article:published_time\" content=\"2023-06-20T15:00:44+00:00\" \/>\n<meta property=\"article:modified_time\" content=\"2023-06-21T09:00:50+00:00\" \/>\n<meta property=\"og:image\" content=\"https:\/\/president-ksgov.net\/wp-content\/uploads\/01-10.jpg\" \/>\n\t<meta property=\"og:image:width\" content=\"2000\" \/>\n\t<meta property=\"og:image:height\" content=\"1333\" \/>\n\t<meta property=\"og:image:type\" content=\"image\/jpeg\" \/>\n<meta name=\"author\" content=\"Florent Rrahmani\" \/>\n<meta name=\"twitter:card\" content=\"summary_large_image\" \/>\n<meta name=\"twitter:label1\" content=\"Written by\" \/>\n\t<meta name=\"twitter:data1\" content=\"Florent Rrahmani\" \/>\n\t<meta name=\"twitter:label2\" content=\"Est. reading time\" \/>\n\t<meta name=\"twitter:data2\" content=\"3 minutes\" \/>\n<script type=\"application\/ld+json\" class=\"yoast-schema-graph\">{\"@context\":\"https:\/\/schema.org\",\"@graph\":[{\"@type\":\"WebPage\",\"@id\":\"https:\/\/president-ksgov.net\/en\/president-vjosa-osmanis-speech-on-world-refugee-day\/\",\"url\":\"https:\/\/president-ksgov.net\/en\/president-vjosa-osmanis-speech-on-world-refugee-day\/\",\"name\":\"President Vjosa Osmani\u2019s speech on World Refugee Day - President of the Republic of Kosovo - DR. VJOSA OSMANI - SADRIU\",\"isPartOf\":{\"@id\":\"https:\/\/president-ksgov.net\/#website\"},\"primaryImageOfPage\":{\"@id\":\"https:\/\/president-ksgov.net\/en\/president-vjosa-osmanis-speech-on-world-refugee-day\/#primaryimage\"},\"image\":{\"@id\":\"https:\/\/president-ksgov.net\/en\/president-vjosa-osmanis-speech-on-world-refugee-day\/#primaryimage\"},\"thumbnailUrl\":\"https:\/\/president-ksgov.net\/wp-content\/uploads\/01-10.jpg\",\"datePublished\":\"2023-06-20T15:00:44+00:00\",\"dateModified\":\"2023-06-21T09:00:50+00:00\",\"author\":{\"@id\":\"https:\/\/president-ksgov.net\/#\/schema\/person\/7c46f744a99d3f1616b92658282aa934\"},\"description\":\"President Vjosa Osmani\u2019s speech on World Refugee Day - President of the Republic of Kosovo - DR. VJOSA OSMANI - SADRIU -\",\"breadcrumb\":{\"@id\":\"https:\/\/president-ksgov.net\/en\/president-vjosa-osmanis-speech-on-world-refugee-day\/#breadcrumb\"},\"inLanguage\":\"en-US\",\"potentialAction\":[{\"@type\":\"ReadAction\",\"target\":[\"https:\/\/president-ksgov.net\/en\/president-vjosa-osmanis-speech-on-world-refugee-day\/\"]}]},{\"@type\":\"ImageObject\",\"inLanguage\":\"en-US\",\"@id\":\"https:\/\/president-ksgov.net\/en\/president-vjosa-osmanis-speech-on-world-refugee-day\/#primaryimage\",\"url\":\"https:\/\/president-ksgov.net\/wp-content\/uploads\/01-10.jpg\",\"contentUrl\":\"https:\/\/president-ksgov.net\/wp-content\/uploads\/01-10.jpg\",\"width\":2000,\"height\":1333},{\"@type\":\"BreadcrumbList\",\"@id\":\"https:\/\/president-ksgov.net\/en\/president-vjosa-osmanis-speech-on-world-refugee-day\/#breadcrumb\",\"itemListElement\":[{\"@type\":\"ListItem\",\"position\":1,\"name\":\"Home\",\"item\":\"https:\/\/president-ksgov.net\/en\/\"},{\"@type\":\"ListItem\",\"position\":2,\"name\":\"President Vjosa Osmani\u2019s speech on World Refugee Day\"}]},{\"@type\":\"WebSite\",\"@id\":\"https:\/\/president-ksgov.net\/#website\",\"url\":\"https:\/\/president-ksgov.net\/\",\"name\":\"Presidente e Republik\u00ebs s\u00eb Kosov\u00ebs\",\"description\":\"Presidente e Republik\u00ebs s\u00eb Kosov\u00ebs\",\"alternateName\":\"DR. VJOSA OSMANI - SADRIU\",\"potentialAction\":[{\"@type\":\"SearchAction\",\"target\":{\"@type\":\"EntryPoint\",\"urlTemplate\":\"https:\/\/president-ksgov.net\/?s={search_term_string}\"},\"query-input\":{\"@type\":\"PropertyValueSpecification\",\"valueRequired\":true,\"valueName\":\"search_term_string\"}}],\"inLanguage\":\"en-US\"},{\"@type\":\"Person\",\"@id\":\"https:\/\/president-ksgov.net\/#\/schema\/person\/7c46f744a99d3f1616b92658282aa934\",\"name\":\"Florent Rrahmani\",\"image\":{\"@type\":\"ImageObject\",\"inLanguage\":\"en-US\",\"@id\":\"https:\/\/president-ksgov.net\/#\/schema\/person\/image\/\",\"url\":\"https:\/\/secure.gravatar.com\/avatar\/2545924aa250de68ac8368367a79b663e59571cd131611f54c89b0613a94e230?s=96&d=mm&r=g\",\"contentUrl\":\"https:\/\/secure.gravatar.com\/avatar\/2545924aa250de68ac8368367a79b663e59571cd131611f54c89b0613a94e230?s=96&d=mm&r=g\",\"caption\":\"Florent Rrahmani\"}}]}<\/script>\n<!-- \/ Yoast SEO plugin. -->","yoast_head_json":{"title":"President Vjosa Osmani\u2019s speech on World Refugee Day - President of the Republic of Kosovo - DR. VJOSA OSMANI - SADRIU","description":"President Vjosa Osmani\u2019s speech on World Refugee Day - President of the Republic of Kosovo - DR. VJOSA OSMANI - SADRIU -","robots":{"index":"index","follow":"follow","max-snippet":"max-snippet:-1","max-image-preview":"max-image-preview:large","max-video-preview":"max-video-preview:-1"},"canonical":"https:\/\/president-ksgov.net\/en\/president-vjosa-osmanis-speech-on-world-refugee-day\/","og_locale":"en_US","og_type":"article","og_title":"President Vjosa Osmani\u2019s speech on World Refugee Day - President of the Republic of Kosovo - DR. VJOSA OSMANI - SADRIU","og_description":"President Vjosa Osmani\u2019s speech on World Refugee Day - President of the Republic of Kosovo - DR. VJOSA OSMANI - SADRIU -","og_url":"https:\/\/president-ksgov.net\/en\/president-vjosa-osmanis-speech-on-world-refugee-day\/","og_site_name":"President of the Republic of Kosovo - DR. VJOSA OSMANI - SADRIU","article_published_time":"2023-06-20T15:00:44+00:00","article_modified_time":"2023-06-21T09:00:50+00:00","og_image":[{"width":2000,"height":1333,"url":"https:\/\/president-ksgov.net\/wp-content\/uploads\/01-10.jpg","type":"image\/jpeg"}],"author":"Florent Rrahmani","twitter_card":"summary_large_image","twitter_misc":{"Written by":"Florent Rrahmani","Est. reading time":"3 minutes"},"schema":{"@context":"https:\/\/schema.org","@graph":[{"@type":"WebPage","@id":"https:\/\/president-ksgov.net\/en\/president-vjosa-osmanis-speech-on-world-refugee-day\/","url":"https:\/\/president-ksgov.net\/en\/president-vjosa-osmanis-speech-on-world-refugee-day\/","name":"President Vjosa Osmani\u2019s speech on World Refugee Day - President of the Republic of Kosovo - DR. VJOSA OSMANI - SADRIU","isPartOf":{"@id":"https:\/\/president-ksgov.net\/#website"},"primaryImageOfPage":{"@id":"https:\/\/president-ksgov.net\/en\/president-vjosa-osmanis-speech-on-world-refugee-day\/#primaryimage"},"image":{"@id":"https:\/\/president-ksgov.net\/en\/president-vjosa-osmanis-speech-on-world-refugee-day\/#primaryimage"},"thumbnailUrl":"https:\/\/president-ksgov.net\/wp-content\/uploads\/01-10.jpg","datePublished":"2023-06-20T15:00:44+00:00","dateModified":"2023-06-21T09:00:50+00:00","author":{"@id":"https:\/\/president-ksgov.net\/#\/schema\/person\/7c46f744a99d3f1616b92658282aa934"},"description":"President Vjosa Osmani\u2019s speech on World Refugee Day - President of the Republic of Kosovo - DR. VJOSA OSMANI - SADRIU -","breadcrumb":{"@id":"https:\/\/president-ksgov.net\/en\/president-vjosa-osmanis-speech-on-world-refugee-day\/#breadcrumb"},"inLanguage":"en-US","potentialAction":[{"@type":"ReadAction","target":["https:\/\/president-ksgov.net\/en\/president-vjosa-osmanis-speech-on-world-refugee-day\/"]}]},{"@type":"ImageObject","inLanguage":"en-US","@id":"https:\/\/president-ksgov.net\/en\/president-vjosa-osmanis-speech-on-world-refugee-day\/#primaryimage","url":"https:\/\/president-ksgov.net\/wp-content\/uploads\/01-10.jpg","contentUrl":"https:\/\/president-ksgov.net\/wp-content\/uploads\/01-10.jpg","width":2000,"height":1333},{"@type":"BreadcrumbList","@id":"https:\/\/president-ksgov.net\/en\/president-vjosa-osmanis-speech-on-world-refugee-day\/#breadcrumb","itemListElement":[{"@type":"ListItem","position":1,"name":"Home","item":"https:\/\/president-ksgov.net\/en\/"},{"@type":"ListItem","position":2,"name":"President Vjosa Osmani\u2019s speech on World Refugee Day"}]},{"@type":"WebSite","@id":"https:\/\/president-ksgov.net\/#website","url":"https:\/\/president-ksgov.net\/","name":"Presidente e Republik\u00ebs s\u00eb Kosov\u00ebs","description":"Presidente e Republik\u00ebs s\u00eb Kosov\u00ebs","alternateName":"DR. VJOSA OSMANI - SADRIU","potentialAction":[{"@type":"SearchAction","target":{"@type":"EntryPoint","urlTemplate":"https:\/\/president-ksgov.net\/?s={search_term_string}"},"query-input":{"@type":"PropertyValueSpecification","valueRequired":true,"valueName":"search_term_string"}}],"inLanguage":"en-US"},{"@type":"Person","@id":"https:\/\/president-ksgov.net\/#\/schema\/person\/7c46f744a99d3f1616b92658282aa934","name":"Florent Rrahmani","image":{"@type":"ImageObject","inLanguage":"en-US","@id":"https:\/\/president-ksgov.net\/#\/schema\/person\/image\/","url":"https:\/\/secure.gravatar.com\/avatar\/2545924aa250de68ac8368367a79b663e59571cd131611f54c89b0613a94e230?s=96&d=mm&r=g","contentUrl":"https:\/\/secure.gravatar.com\/avatar\/2545924aa250de68ac8368367a79b663e59571cd131611f54c89b0613a94e230?s=96&d=mm&r=g","caption":"Florent Rrahmani"}}]}},"_links":{"self":[{"href":"https:\/\/president-ksgov.net\/en\/wp-json\/wp\/v2\/posts\/92730","targetHints":{"allow":["GET"]}}],"collection":[{"href":"https:\/\/president-ksgov.net\/en\/wp-json\/wp\/v2\/posts"}],"about":[{"href":"https:\/\/president-ksgov.net\/en\/wp-json\/wp\/v2\/types\/post"}],"author":[{"embeddable":true,"href":"https:\/\/president-ksgov.net\/en\/wp-json\/wp\/v2\/users\/9"}],"replies":[{"embeddable":true,"href":"https:\/\/president-ksgov.net\/en\/wp-json\/wp\/v2\/comments?post=92730"}],"version-history":[{"count":1,"href":"https:\/\/president-ksgov.net\/en\/wp-json\/wp\/v2\/posts\/92730\/revisions"}],"predecessor-version":[{"id":92731,"href":"https:\/\/president-ksgov.net\/en\/wp-json\/wp\/v2\/posts\/92730\/revisions\/92731"}],"wp:featuredmedia":[{"embeddable":true,"href":"https:\/\/president-ksgov.net\/en\/wp-json\/wp\/v2\/media\/92669"}],"wp:attachment":[{"href":"https:\/\/president-ksgov.net\/en\/wp-json\/wp\/v2\/media?parent=92730"}],"wp:term":[{"taxonomy":"category","embeddable":true,"href":"https:\/\/president-ksgov.net\/en\/wp-json\/wp\/v2\/categories?post=92730"},{"taxonomy":"post_tag","embeddable":true,"href":"https:\/\/president-ksgov.net\/en\/wp-json\/wp\/v2\/tags?post=92730"}],"curies":[{"name":"wp","href":"https:\/\/api.w.org\/{rel}","templated":true}]}}