{"id":92728,"date":"2023-06-20T20:50:21","date_gmt":"2023-06-20T18:50:21","guid":{"rendered":"https:\/\/president-ksgov.net\/?p=92728"},"modified":"2023-06-21T10:58:02","modified_gmt":"2023-06-21T08:58:02","slug":"the-president-condoles-the-fehmiu-family-and-the-sports-community-on-the-occasion-of-the-death-of-kosovos-doyen-of-sports-arsim-fehmiu","status":"publish","type":"post","link":"https:\/\/president-ksgov.net\/en\/the-president-condoles-the-fehmiu-family-and-the-sports-community-on-the-occasion-of-the-death-of-kosovos-doyen-of-sports-arsim-fehmiu\/","title":{"rendered":"The President condoles the Fehmiu family and the sports community on the occasion of the death of Kosovo\u2019s doyen of sports, Arsim Fehmiu"},"content":{"rendered":"<p>The President of the Republic of Kosovo, Vjosa Osmani, expressed her condolences to the Fehmiu family and the entire sports community on the occasion of the death of Kosovo\u2019s doyen of sports, Mr. Arsim Fehmiu.<\/p>\n<p>The following is the full condolence message by President Osmani:<\/p>\n<p>I received with pain the news of the death of the Kosovo\u2019s doyen of sports, Mr. Arsim Fehmiu.<\/p>\n<p>Professor Arsim made a valuable contribution to the university area, and also to the establishment of independent sports institutions in the Republic of Kosovo.<\/p>\n<p>His contribution to the sports of football, basketball, handball and volleyball will remain a reference for current and future generations.<\/p>\n<p>Condolences to the Fehmiu family and the entire sports community!<\/p>\n","protected":false},"excerpt":{"rendered":"<p>The President of the Republic of Kosovo, Vjosa Osmani, expressed her condolences to the Fehmiu family and the entire sports community on the occasion of the death of Kosovo\u2019s doyen of sports, Mr. Arsim Fehmiu. The following is the full condolence message by President Osmani: I received with pain the news of the death of the Kosovo\u2019s doyen of sports, Mr. Arsim Fehmiu. Professor Arsim made a valuable contribution to the university area, and also to the establishment of independent sports institutions in the Republic of Kosovo. His contribution to the sports of football, basketball, handball and volleyball will remain a reference for current and future generations. Condolences to the Fehmiu family and the entire sports community!<\/p>\n","protected":false},"author":9,"featured_media":92722,"comment_status":"closed","ping_status":"closed","sticky":false,"template":"","format":"standard","meta":{"_eb_attr":"","footnotes":""},"categories":[111],"tags":[],"class_list":["post-92728","post","type-post","status-publish","format-standard","has-post-thumbnail","hentry","category-news"],"yoast_head":"<!-- This site is optimized with the Yoast SEO plugin v23.5 - https:\/\/yoast.com\/wordpress\/plugins\/seo\/ -->\n<title>The President condoles the Fehmiu family and the sports community on the occasion of the death of Kosovo\u2019s doyen of sports, Arsim Fehmiu - President of the Republic of Kosovo - DR. VJOSA OSMANI - SADRIU<\/title>\n<meta name=\"description\" content=\"The President condoles the Fehmiu family and the sports community on the occasion of the death of Kosovo\u2019s doyen of sports, Arsim Fehmiu - President of the Republic of Kosovo - DR. VJOSA OSMANI - SADRIU -\" \/>\n<meta name=\"robots\" content=\"index, follow, max-snippet:-1, max-image-preview:large, max-video-preview:-1\" \/>\n<link rel=\"canonical\" href=\"https:\/\/president-ksgov.net\/en\/the-president-condoles-the-fehmiu-family-and-the-sports-community-on-the-occasion-of-the-death-of-kosovos-doyen-of-sports-arsim-fehmiu\/\" \/>\n<meta property=\"og:locale\" content=\"en_US\" \/>\n<meta property=\"og:type\" content=\"article\" \/>\n<meta property=\"og:title\" content=\"The President condoles the Fehmiu family and the sports community on the occasion of the death of Kosovo\u2019s doyen of sports, Arsim Fehmiu - President of the Republic of Kosovo - DR. VJOSA OSMANI - SADRIU\" \/>\n<meta property=\"og:description\" content=\"The President condoles the Fehmiu family and the sports community on the occasion of the death of Kosovo\u2019s doyen of sports, Arsim Fehmiu - President of the Republic of Kosovo - DR. VJOSA OSMANI - SADRIU -\" \/>\n<meta property=\"og:url\" content=\"https:\/\/president-ksgov.net\/en\/the-president-condoles-the-fehmiu-family-and-the-sports-community-on-the-occasion-of-the-death-of-kosovos-doyen-of-sports-arsim-fehmiu\/\" \/>\n<meta property=\"og:site_name\" content=\"President of the Republic of Kosovo - DR. VJOSA OSMANI - SADRIU\" \/>\n<meta property=\"article:published_time\" content=\"2023-06-20T18:50:21+00:00\" \/>\n<meta property=\"article:modified_time\" content=\"2023-06-21T08:58:02+00:00\" \/>\n<meta property=\"og:image\" content=\"https:\/\/president-ksgov.net\/wp-content\/uploads\/ZPRK-1.jpg\" \/>\n\t<meta property=\"og:image:width\" content=\"2000\" \/>\n\t<meta property=\"og:image:height\" content=\"1000\" \/>\n\t<meta property=\"og:image:type\" content=\"image\/jpeg\" \/>\n<meta name=\"author\" content=\"Florent Rrahmani\" \/>\n<meta name=\"twitter:card\" content=\"summary_large_image\" \/>\n<meta name=\"twitter:label1\" content=\"Written by\" \/>\n\t<meta name=\"twitter:data1\" content=\"Florent Rrahmani\" \/>\n\t<meta name=\"twitter:label2\" content=\"Est. reading time\" \/>\n\t<meta name=\"twitter:data2\" content=\"1 minute\" \/>\n<script type=\"application\/ld+json\" class=\"yoast-schema-graph\">{\"@context\":\"https:\/\/schema.org\",\"@graph\":[{\"@type\":\"WebPage\",\"@id\":\"https:\/\/president-ksgov.net\/en\/the-president-condoles-the-fehmiu-family-and-the-sports-community-on-the-occasion-of-the-death-of-kosovos-doyen-of-sports-arsim-fehmiu\/\",\"url\":\"https:\/\/president-ksgov.net\/en\/the-president-condoles-the-fehmiu-family-and-the-sports-community-on-the-occasion-of-the-death-of-kosovos-doyen-of-sports-arsim-fehmiu\/\",\"name\":\"The President condoles the Fehmiu family and the sports community on the occasion of the death of Kosovo\u2019s doyen of sports, Arsim Fehmiu - President of the Republic of Kosovo - DR. VJOSA OSMANI - SADRIU\",\"isPartOf\":{\"@id\":\"https:\/\/president-ksgov.net\/#website\"},\"primaryImageOfPage\":{\"@id\":\"https:\/\/president-ksgov.net\/en\/the-president-condoles-the-fehmiu-family-and-the-sports-community-on-the-occasion-of-the-death-of-kosovos-doyen-of-sports-arsim-fehmiu\/#primaryimage\"},\"image\":{\"@id\":\"https:\/\/president-ksgov.net\/en\/the-president-condoles-the-fehmiu-family-and-the-sports-community-on-the-occasion-of-the-death-of-kosovos-doyen-of-sports-arsim-fehmiu\/#primaryimage\"},\"thumbnailUrl\":\"https:\/\/president-ksgov.net\/wp-content\/uploads\/ZPRK-1.jpg\",\"datePublished\":\"2023-06-20T18:50:21+00:00\",\"dateModified\":\"2023-06-21T08:58:02+00:00\",\"author\":{\"@id\":\"https:\/\/president-ksgov.net\/#\/schema\/person\/7c46f744a99d3f1616b92658282aa934\"},\"description\":\"The President condoles the Fehmiu family and the sports community on the occasion of the death of Kosovo\u2019s doyen of sports, Arsim Fehmiu - President of the Republic of Kosovo - DR. VJOSA OSMANI - SADRIU -\",\"breadcrumb\":{\"@id\":\"https:\/\/president-ksgov.net\/en\/the-president-condoles-the-fehmiu-family-and-the-sports-community-on-the-occasion-of-the-death-of-kosovos-doyen-of-sports-arsim-fehmiu\/#breadcrumb\"},\"inLanguage\":\"en-US\",\"potentialAction\":[{\"@type\":\"ReadAction\",\"target\":[\"https:\/\/president-ksgov.net\/en\/the-president-condoles-the-fehmiu-family-and-the-sports-community-on-the-occasion-of-the-death-of-kosovos-doyen-of-sports-arsim-fehmiu\/\"]}]},{\"@type\":\"ImageObject\",\"inLanguage\":\"en-US\",\"@id\":\"https:\/\/president-ksgov.net\/en\/the-president-condoles-the-fehmiu-family-and-the-sports-community-on-the-occasion-of-the-death-of-kosovos-doyen-of-sports-arsim-fehmiu\/#primaryimage\",\"url\":\"https:\/\/president-ksgov.net\/wp-content\/uploads\/ZPRK-1.jpg\",\"contentUrl\":\"https:\/\/president-ksgov.net\/wp-content\/uploads\/ZPRK-1.jpg\",\"width\":2000,\"height\":1000},{\"@type\":\"BreadcrumbList\",\"@id\":\"https:\/\/president-ksgov.net\/en\/the-president-condoles-the-fehmiu-family-and-the-sports-community-on-the-occasion-of-the-death-of-kosovos-doyen-of-sports-arsim-fehmiu\/#breadcrumb\",\"itemListElement\":[{\"@type\":\"ListItem\",\"position\":1,\"name\":\"Home\",\"item\":\"https:\/\/president-ksgov.net\/en\/\"},{\"@type\":\"ListItem\",\"position\":2,\"name\":\"The President condoles the Fehmiu family and the sports community on the occasion of the death of Kosovo\u2019s doyen of sports, Arsim Fehmiu\"}]},{\"@type\":\"WebSite\",\"@id\":\"https:\/\/president-ksgov.net\/#website\",\"url\":\"https:\/\/president-ksgov.net\/\",\"name\":\"Presidente e Republik\u00ebs s\u00eb Kosov\u00ebs\",\"description\":\"Presidente e Republik\u00ebs s\u00eb Kosov\u00ebs\",\"alternateName\":\"DR. VJOSA OSMANI - SADRIU\",\"potentialAction\":[{\"@type\":\"SearchAction\",\"target\":{\"@type\":\"EntryPoint\",\"urlTemplate\":\"https:\/\/president-ksgov.net\/?s={search_term_string}\"},\"query-input\":{\"@type\":\"PropertyValueSpecification\",\"valueRequired\":true,\"valueName\":\"search_term_string\"}}],\"inLanguage\":\"en-US\"},{\"@type\":\"Person\",\"@id\":\"https:\/\/president-ksgov.net\/#\/schema\/person\/7c46f744a99d3f1616b92658282aa934\",\"name\":\"Florent Rrahmani\",\"image\":{\"@type\":\"ImageObject\",\"inLanguage\":\"en-US\",\"@id\":\"https:\/\/president-ksgov.net\/#\/schema\/person\/image\/\",\"url\":\"https:\/\/secure.gravatar.com\/avatar\/2545924aa250de68ac8368367a79b663e59571cd131611f54c89b0613a94e230?s=96&d=mm&r=g\",\"contentUrl\":\"https:\/\/secure.gravatar.com\/avatar\/2545924aa250de68ac8368367a79b663e59571cd131611f54c89b0613a94e230?s=96&d=mm&r=g\",\"caption\":\"Florent Rrahmani\"}}]}<\/script>\n<!-- \/ Yoast SEO plugin. -->","yoast_head_json":{"title":"The President condoles the Fehmiu family and the sports community on the occasion of the death of Kosovo\u2019s doyen of sports, Arsim Fehmiu - President of the Republic of Kosovo - DR. VJOSA OSMANI - SADRIU","description":"The President condoles the Fehmiu family and the sports community on the occasion of the death of Kosovo\u2019s doyen of sports, Arsim Fehmiu - President of the Republic of Kosovo - DR. VJOSA OSMANI - SADRIU -","robots":{"index":"index","follow":"follow","max-snippet":"max-snippet:-1","max-image-preview":"max-image-preview:large","max-video-preview":"max-video-preview:-1"},"canonical":"https:\/\/president-ksgov.net\/en\/the-president-condoles-the-fehmiu-family-and-the-sports-community-on-the-occasion-of-the-death-of-kosovos-doyen-of-sports-arsim-fehmiu\/","og_locale":"en_US","og_type":"article","og_title":"The President condoles the Fehmiu family and the sports community on the occasion of the death of Kosovo\u2019s doyen of sports, Arsim Fehmiu - President of the Republic of Kosovo - DR. VJOSA OSMANI - SADRIU","og_description":"The President condoles the Fehmiu family and the sports community on the occasion of the death of Kosovo\u2019s doyen of sports, Arsim Fehmiu - President of the Republic of Kosovo - DR. VJOSA OSMANI - SADRIU -","og_url":"https:\/\/president-ksgov.net\/en\/the-president-condoles-the-fehmiu-family-and-the-sports-community-on-the-occasion-of-the-death-of-kosovos-doyen-of-sports-arsim-fehmiu\/","og_site_name":"President of the Republic of Kosovo - DR. VJOSA OSMANI - SADRIU","article_published_time":"2023-06-20T18:50:21+00:00","article_modified_time":"2023-06-21T08:58:02+00:00","og_image":[{"width":2000,"height":1000,"url":"https:\/\/president-ksgov.net\/wp-content\/uploads\/ZPRK-1.jpg","type":"image\/jpeg"}],"author":"Florent Rrahmani","twitter_card":"summary_large_image","twitter_misc":{"Written by":"Florent Rrahmani","Est. reading time":"1 minute"},"schema":{"@context":"https:\/\/schema.org","@graph":[{"@type":"WebPage","@id":"https:\/\/president-ksgov.net\/en\/the-president-condoles-the-fehmiu-family-and-the-sports-community-on-the-occasion-of-the-death-of-kosovos-doyen-of-sports-arsim-fehmiu\/","url":"https:\/\/president-ksgov.net\/en\/the-president-condoles-the-fehmiu-family-and-the-sports-community-on-the-occasion-of-the-death-of-kosovos-doyen-of-sports-arsim-fehmiu\/","name":"The President condoles the Fehmiu family and the sports community on the occasion of the death of Kosovo\u2019s doyen of sports, Arsim Fehmiu - President of the Republic of Kosovo - DR. VJOSA OSMANI - SADRIU","isPartOf":{"@id":"https:\/\/president-ksgov.net\/#website"},"primaryImageOfPage":{"@id":"https:\/\/president-ksgov.net\/en\/the-president-condoles-the-fehmiu-family-and-the-sports-community-on-the-occasion-of-the-death-of-kosovos-doyen-of-sports-arsim-fehmiu\/#primaryimage"},"image":{"@id":"https:\/\/president-ksgov.net\/en\/the-president-condoles-the-fehmiu-family-and-the-sports-community-on-the-occasion-of-the-death-of-kosovos-doyen-of-sports-arsim-fehmiu\/#primaryimage"},"thumbnailUrl":"https:\/\/president-ksgov.net\/wp-content\/uploads\/ZPRK-1.jpg","datePublished":"2023-06-20T18:50:21+00:00","dateModified":"2023-06-21T08:58:02+00:00","author":{"@id":"https:\/\/president-ksgov.net\/#\/schema\/person\/7c46f744a99d3f1616b92658282aa934"},"description":"The President condoles the Fehmiu family and the sports community on the occasion of the death of Kosovo\u2019s doyen of sports, Arsim Fehmiu - President of the Republic of Kosovo - DR. VJOSA OSMANI - SADRIU -","breadcrumb":{"@id":"https:\/\/president-ksgov.net\/en\/the-president-condoles-the-fehmiu-family-and-the-sports-community-on-the-occasion-of-the-death-of-kosovos-doyen-of-sports-arsim-fehmiu\/#breadcrumb"},"inLanguage":"en-US","potentialAction":[{"@type":"ReadAction","target":["https:\/\/president-ksgov.net\/en\/the-president-condoles-the-fehmiu-family-and-the-sports-community-on-the-occasion-of-the-death-of-kosovos-doyen-of-sports-arsim-fehmiu\/"]}]},{"@type":"ImageObject","inLanguage":"en-US","@id":"https:\/\/president-ksgov.net\/en\/the-president-condoles-the-fehmiu-family-and-the-sports-community-on-the-occasion-of-the-death-of-kosovos-doyen-of-sports-arsim-fehmiu\/#primaryimage","url":"https:\/\/president-ksgov.net\/wp-content\/uploads\/ZPRK-1.jpg","contentUrl":"https:\/\/president-ksgov.net\/wp-content\/uploads\/ZPRK-1.jpg","width":2000,"height":1000},{"@type":"BreadcrumbList","@id":"https:\/\/president-ksgov.net\/en\/the-president-condoles-the-fehmiu-family-and-the-sports-community-on-the-occasion-of-the-death-of-kosovos-doyen-of-sports-arsim-fehmiu\/#breadcrumb","itemListElement":[{"@type":"ListItem","position":1,"name":"Home","item":"https:\/\/president-ksgov.net\/en\/"},{"@type":"ListItem","position":2,"name":"The President condoles the Fehmiu family and the sports community on the occasion of the death of Kosovo\u2019s doyen of sports, Arsim Fehmiu"}]},{"@type":"WebSite","@id":"https:\/\/president-ksgov.net\/#website","url":"https:\/\/president-ksgov.net\/","name":"Presidente e Republik\u00ebs s\u00eb Kosov\u00ebs","description":"Presidente e Republik\u00ebs s\u00eb Kosov\u00ebs","alternateName":"DR. VJOSA OSMANI - SADRIU","potentialAction":[{"@type":"SearchAction","target":{"@type":"EntryPoint","urlTemplate":"https:\/\/president-ksgov.net\/?s={search_term_string}"},"query-input":{"@type":"PropertyValueSpecification","valueRequired":true,"valueName":"search_term_string"}}],"inLanguage":"en-US"},{"@type":"Person","@id":"https:\/\/president-ksgov.net\/#\/schema\/person\/7c46f744a99d3f1616b92658282aa934","name":"Florent Rrahmani","image":{"@type":"ImageObject","inLanguage":"en-US","@id":"https:\/\/president-ksgov.net\/#\/schema\/person\/image\/","url":"https:\/\/secure.gravatar.com\/avatar\/2545924aa250de68ac8368367a79b663e59571cd131611f54c89b0613a94e230?s=96&d=mm&r=g","contentUrl":"https:\/\/secure.gravatar.com\/avatar\/2545924aa250de68ac8368367a79b663e59571cd131611f54c89b0613a94e230?s=96&d=mm&r=g","caption":"Florent Rrahmani"}}]}},"_links":{"self":[{"href":"https:\/\/president-ksgov.net\/en\/wp-json\/wp\/v2\/posts\/92728","targetHints":{"allow":["GET"]}}],"collection":[{"href":"https:\/\/president-ksgov.net\/en\/wp-json\/wp\/v2\/posts"}],"about":[{"href":"https:\/\/president-ksgov.net\/en\/wp-json\/wp\/v2\/types\/post"}],"author":[{"embeddable":true,"href":"https:\/\/president-ksgov.net\/en\/wp-json\/wp\/v2\/users\/9"}],"replies":[{"embeddable":true,"href":"https:\/\/president-ksgov.net\/en\/wp-json\/wp\/v2\/comments?post=92728"}],"version-history":[{"count":1,"href":"https:\/\/president-ksgov.net\/en\/wp-json\/wp\/v2\/posts\/92728\/revisions"}],"predecessor-version":[{"id":92729,"href":"https:\/\/president-ksgov.net\/en\/wp-json\/wp\/v2\/posts\/92728\/revisions\/92729"}],"wp:featuredmedia":[{"embeddable":true,"href":"https:\/\/president-ksgov.net\/en\/wp-json\/wp\/v2\/media\/92722"}],"wp:attachment":[{"href":"https:\/\/president-ksgov.net\/en\/wp-json\/wp\/v2\/media?parent=92728"}],"wp:term":[{"taxonomy":"category","embeddable":true,"href":"https:\/\/president-ksgov.net\/en\/wp-json\/wp\/v2\/categories?post=92728"},{"taxonomy":"post_tag","embeddable":true,"href":"https:\/\/president-ksgov.net\/en\/wp-json\/wp\/v2\/tags?post=92728"}],"curies":[{"name":"wp","href":"https:\/\/api.w.org\/{rel}","templated":true}]}}