{"id":92633,"date":"2023-06-18T21:10:31","date_gmt":"2023-06-18T19:10:31","guid":{"rendered":"https:\/\/president-ksgov.net\/?p=92633"},"modified":"2023-06-19T10:32:14","modified_gmt":"2023-06-19T08:32:14","slug":"president-osmani-expresses-her-condolences-for-the-loss-of-life-of-the-three-members-of-the-pacolli-and-visoka-families","status":"publish","type":"post","link":"https:\/\/president-ksgov.net\/en\/president-osmani-expresses-her-condolences-for-the-loss-of-life-of-the-three-members-of-the-pacolli-and-visoka-families\/","title":{"rendered":"President Osmani expresses her condolences for the loss of life of the three members of the Pacolli and Visoka families"},"content":{"rendered":"<p>The President of the Republic of Kosovo Vjosa Osmani, following the extraction of three lifeless bodies from the Lepenc river, has conveyed her condolences to the Pacolli and Visoka families, whose family members fell victim of the tragic accident.<\/p>\n<p>&#8220;It is with deep pain that I received the news of the tragic death of three of your family members. In these difficult moments for your families, I empathize with you and encourage you to find strength to cope with the pain. May their memory be eternal!&#8221; says President Osmani&#8217;s consoling message.<\/p>\n<p>President Osmani also wished Shk\u00eblqim, the only survivor of this accident, a speedy recovery and thanked the Kosovo Security Force, the Kosovo Police, the Kosovo Search and Rescue Association teams as well as the search and rescue team from North Macedonia for their engagement.<\/p>\n","protected":false},"excerpt":{"rendered":"<p>The President of the Republic of Kosovo Vjosa Osmani, following the extraction of three lifeless bodies from the Lepenc river, has conveyed her condolences to the Pacolli and Visoka families, whose family members fell victim of the tragic accident. &#8220;It is with deep pain that I received the news of the tragic death of three of your family members. In these difficult moments for your families, I empathize with you and encourage you to find strength to cope with the pain. May their memory be eternal!&#8221; says President Osmani&#8217;s consoling message. President Osmani also wished Shk\u00eblqim, the only survivor of this accident, a speedy recovery and thanked the Kosovo Security Force, the Kosovo Police, the Kosovo Search and Rescue Association teams as well as the search and rescue team from North Macedonia for their engagement.<\/p>\n","protected":false},"author":9,"featured_media":92519,"comment_status":"open","ping_status":"closed","sticky":false,"template":"","format":"standard","meta":{"_eb_attr":"","footnotes":""},"categories":[111],"tags":[],"class_list":["post-92633","post","type-post","status-publish","format-standard","has-post-thumbnail","hentry","category-news"],"yoast_head":"<!-- This site is optimized with the Yoast SEO plugin v23.5 - https:\/\/yoast.com\/wordpress\/plugins\/seo\/ -->\n<title>President Osmani expresses her condolences for the loss of life of the three members of the Pacolli and Visoka families - President of the Republic of Kosovo - DR. VJOSA OSMANI - SADRIU<\/title>\n<meta name=\"description\" content=\"President Osmani expresses her condolences for the loss of life of the three members of the Pacolli and Visoka families - President of the Republic of Kosovo - DR. VJOSA OSMANI - SADRIU -\" \/>\n<meta name=\"robots\" content=\"index, follow, max-snippet:-1, max-image-preview:large, max-video-preview:-1\" \/>\n<link rel=\"canonical\" href=\"https:\/\/president-ksgov.net\/en\/president-osmani-expresses-her-condolences-for-the-loss-of-life-of-the-three-members-of-the-pacolli-and-visoka-families\/\" \/>\n<meta property=\"og:locale\" content=\"en_US\" \/>\n<meta property=\"og:type\" content=\"article\" \/>\n<meta property=\"og:title\" content=\"President Osmani expresses her condolences for the loss of life of the three members of the Pacolli and Visoka families - President of the Republic of Kosovo - DR. VJOSA OSMANI - SADRIU\" \/>\n<meta property=\"og:description\" content=\"President Osmani expresses her condolences for the loss of life of the three members of the Pacolli and Visoka families - President of the Republic of Kosovo - DR. VJOSA OSMANI - SADRIU -\" \/>\n<meta property=\"og:url\" content=\"https:\/\/president-ksgov.net\/en\/president-osmani-expresses-her-condolences-for-the-loss-of-life-of-the-three-members-of-the-pacolli-and-visoka-families\/\" \/>\n<meta property=\"og:site_name\" content=\"President of the Republic of Kosovo - DR. VJOSA OSMANI - SADRIU\" \/>\n<meta property=\"article:published_time\" content=\"2023-06-18T19:10:31+00:00\" \/>\n<meta property=\"article:modified_time\" content=\"2023-06-19T08:32:14+00:00\" \/>\n<meta property=\"og:image\" content=\"https:\/\/president-ksgov.net\/wp-content\/uploads\/ZPRK.jpg\" \/>\n\t<meta property=\"og:image:width\" content=\"2000\" \/>\n\t<meta property=\"og:image:height\" content=\"1000\" \/>\n\t<meta property=\"og:image:type\" content=\"image\/jpeg\" \/>\n<meta name=\"author\" content=\"Florent Rrahmani\" \/>\n<meta name=\"twitter:card\" content=\"summary_large_image\" \/>\n<meta name=\"twitter:label1\" content=\"Written by\" \/>\n\t<meta name=\"twitter:data1\" content=\"Florent Rrahmani\" \/>\n\t<meta name=\"twitter:label2\" content=\"Est. reading time\" \/>\n\t<meta name=\"twitter:data2\" content=\"1 minute\" \/>\n<script type=\"application\/ld+json\" class=\"yoast-schema-graph\">{\"@context\":\"https:\/\/schema.org\",\"@graph\":[{\"@type\":\"WebPage\",\"@id\":\"https:\/\/president-ksgov.net\/en\/president-osmani-expresses-her-condolences-for-the-loss-of-life-of-the-three-members-of-the-pacolli-and-visoka-families\/\",\"url\":\"https:\/\/president-ksgov.net\/en\/president-osmani-expresses-her-condolences-for-the-loss-of-life-of-the-three-members-of-the-pacolli-and-visoka-families\/\",\"name\":\"President Osmani expresses her condolences for the loss of life of the three members of the Pacolli and Visoka families - President of the Republic of Kosovo - DR. VJOSA OSMANI - SADRIU\",\"isPartOf\":{\"@id\":\"https:\/\/president-ksgov.net\/#website\"},\"primaryImageOfPage\":{\"@id\":\"https:\/\/president-ksgov.net\/en\/president-osmani-expresses-her-condolences-for-the-loss-of-life-of-the-three-members-of-the-pacolli-and-visoka-families\/#primaryimage\"},\"image\":{\"@id\":\"https:\/\/president-ksgov.net\/en\/president-osmani-expresses-her-condolences-for-the-loss-of-life-of-the-three-members-of-the-pacolli-and-visoka-families\/#primaryimage\"},\"thumbnailUrl\":\"https:\/\/president-ksgov.net\/wp-content\/uploads\/ZPRK.jpg\",\"datePublished\":\"2023-06-18T19:10:31+00:00\",\"dateModified\":\"2023-06-19T08:32:14+00:00\",\"author\":{\"@id\":\"https:\/\/president-ksgov.net\/#\/schema\/person\/7c46f744a99d3f1616b92658282aa934\"},\"description\":\"President Osmani expresses her condolences for the loss of life of the three members of the Pacolli and Visoka families - President of the Republic of Kosovo - DR. VJOSA OSMANI - SADRIU -\",\"breadcrumb\":{\"@id\":\"https:\/\/president-ksgov.net\/en\/president-osmani-expresses-her-condolences-for-the-loss-of-life-of-the-three-members-of-the-pacolli-and-visoka-families\/#breadcrumb\"},\"inLanguage\":\"en-US\",\"potentialAction\":[{\"@type\":\"ReadAction\",\"target\":[\"https:\/\/president-ksgov.net\/en\/president-osmani-expresses-her-condolences-for-the-loss-of-life-of-the-three-members-of-the-pacolli-and-visoka-families\/\"]}]},{\"@type\":\"ImageObject\",\"inLanguage\":\"en-US\",\"@id\":\"https:\/\/president-ksgov.net\/en\/president-osmani-expresses-her-condolences-for-the-loss-of-life-of-the-three-members-of-the-pacolli-and-visoka-families\/#primaryimage\",\"url\":\"https:\/\/president-ksgov.net\/wp-content\/uploads\/ZPRK.jpg\",\"contentUrl\":\"https:\/\/president-ksgov.net\/wp-content\/uploads\/ZPRK.jpg\",\"width\":2000,\"height\":1000},{\"@type\":\"BreadcrumbList\",\"@id\":\"https:\/\/president-ksgov.net\/en\/president-osmani-expresses-her-condolences-for-the-loss-of-life-of-the-three-members-of-the-pacolli-and-visoka-families\/#breadcrumb\",\"itemListElement\":[{\"@type\":\"ListItem\",\"position\":1,\"name\":\"Home\",\"item\":\"https:\/\/president-ksgov.net\/en\/\"},{\"@type\":\"ListItem\",\"position\":2,\"name\":\"President Osmani expresses her condolences for the loss of life of the three members of the Pacolli and Visoka families\"}]},{\"@type\":\"WebSite\",\"@id\":\"https:\/\/president-ksgov.net\/#website\",\"url\":\"https:\/\/president-ksgov.net\/\",\"name\":\"Presidente e Republik\u00ebs s\u00eb Kosov\u00ebs\",\"description\":\"Presidente e Republik\u00ebs s\u00eb Kosov\u00ebs\",\"alternateName\":\"DR. VJOSA OSMANI - SADRIU\",\"potentialAction\":[{\"@type\":\"SearchAction\",\"target\":{\"@type\":\"EntryPoint\",\"urlTemplate\":\"https:\/\/president-ksgov.net\/?s={search_term_string}\"},\"query-input\":{\"@type\":\"PropertyValueSpecification\",\"valueRequired\":true,\"valueName\":\"search_term_string\"}}],\"inLanguage\":\"en-US\"},{\"@type\":\"Person\",\"@id\":\"https:\/\/president-ksgov.net\/#\/schema\/person\/7c46f744a99d3f1616b92658282aa934\",\"name\":\"Florent Rrahmani\",\"image\":{\"@type\":\"ImageObject\",\"inLanguage\":\"en-US\",\"@id\":\"https:\/\/president-ksgov.net\/#\/schema\/person\/image\/\",\"url\":\"https:\/\/secure.gravatar.com\/avatar\/2545924aa250de68ac8368367a79b663e59571cd131611f54c89b0613a94e230?s=96&d=mm&r=g\",\"contentUrl\":\"https:\/\/secure.gravatar.com\/avatar\/2545924aa250de68ac8368367a79b663e59571cd131611f54c89b0613a94e230?s=96&d=mm&r=g\",\"caption\":\"Florent Rrahmani\"}}]}<\/script>\n<!-- \/ Yoast SEO plugin. -->","yoast_head_json":{"title":"President Osmani expresses her condolences for the loss of life of the three members of the Pacolli and Visoka families - President of the Republic of Kosovo - DR. VJOSA OSMANI - SADRIU","description":"President Osmani expresses her condolences for the loss of life of the three members of the Pacolli and Visoka families - President of the Republic of Kosovo - DR. VJOSA OSMANI - SADRIU -","robots":{"index":"index","follow":"follow","max-snippet":"max-snippet:-1","max-image-preview":"max-image-preview:large","max-video-preview":"max-video-preview:-1"},"canonical":"https:\/\/president-ksgov.net\/en\/president-osmani-expresses-her-condolences-for-the-loss-of-life-of-the-three-members-of-the-pacolli-and-visoka-families\/","og_locale":"en_US","og_type":"article","og_title":"President Osmani expresses her condolences for the loss of life of the three members of the Pacolli and Visoka families - President of the Republic of Kosovo - DR. VJOSA OSMANI - SADRIU","og_description":"President Osmani expresses her condolences for the loss of life of the three members of the Pacolli and Visoka families - President of the Republic of Kosovo - DR. VJOSA OSMANI - SADRIU -","og_url":"https:\/\/president-ksgov.net\/en\/president-osmani-expresses-her-condolences-for-the-loss-of-life-of-the-three-members-of-the-pacolli-and-visoka-families\/","og_site_name":"President of the Republic of Kosovo - DR. VJOSA OSMANI - SADRIU","article_published_time":"2023-06-18T19:10:31+00:00","article_modified_time":"2023-06-19T08:32:14+00:00","og_image":[{"width":2000,"height":1000,"url":"https:\/\/president-ksgov.net\/wp-content\/uploads\/ZPRK.jpg","type":"image\/jpeg"}],"author":"Florent Rrahmani","twitter_card":"summary_large_image","twitter_misc":{"Written by":"Florent Rrahmani","Est. reading time":"1 minute"},"schema":{"@context":"https:\/\/schema.org","@graph":[{"@type":"WebPage","@id":"https:\/\/president-ksgov.net\/en\/president-osmani-expresses-her-condolences-for-the-loss-of-life-of-the-three-members-of-the-pacolli-and-visoka-families\/","url":"https:\/\/president-ksgov.net\/en\/president-osmani-expresses-her-condolences-for-the-loss-of-life-of-the-three-members-of-the-pacolli-and-visoka-families\/","name":"President Osmani expresses her condolences for the loss of life of the three members of the Pacolli and Visoka families - President of the Republic of Kosovo - DR. VJOSA OSMANI - SADRIU","isPartOf":{"@id":"https:\/\/president-ksgov.net\/#website"},"primaryImageOfPage":{"@id":"https:\/\/president-ksgov.net\/en\/president-osmani-expresses-her-condolences-for-the-loss-of-life-of-the-three-members-of-the-pacolli-and-visoka-families\/#primaryimage"},"image":{"@id":"https:\/\/president-ksgov.net\/en\/president-osmani-expresses-her-condolences-for-the-loss-of-life-of-the-three-members-of-the-pacolli-and-visoka-families\/#primaryimage"},"thumbnailUrl":"https:\/\/president-ksgov.net\/wp-content\/uploads\/ZPRK.jpg","datePublished":"2023-06-18T19:10:31+00:00","dateModified":"2023-06-19T08:32:14+00:00","author":{"@id":"https:\/\/president-ksgov.net\/#\/schema\/person\/7c46f744a99d3f1616b92658282aa934"},"description":"President Osmani expresses her condolences for the loss of life of the three members of the Pacolli and Visoka families - President of the Republic of Kosovo - DR. VJOSA OSMANI - SADRIU -","breadcrumb":{"@id":"https:\/\/president-ksgov.net\/en\/president-osmani-expresses-her-condolences-for-the-loss-of-life-of-the-three-members-of-the-pacolli-and-visoka-families\/#breadcrumb"},"inLanguage":"en-US","potentialAction":[{"@type":"ReadAction","target":["https:\/\/president-ksgov.net\/en\/president-osmani-expresses-her-condolences-for-the-loss-of-life-of-the-three-members-of-the-pacolli-and-visoka-families\/"]}]},{"@type":"ImageObject","inLanguage":"en-US","@id":"https:\/\/president-ksgov.net\/en\/president-osmani-expresses-her-condolences-for-the-loss-of-life-of-the-three-members-of-the-pacolli-and-visoka-families\/#primaryimage","url":"https:\/\/president-ksgov.net\/wp-content\/uploads\/ZPRK.jpg","contentUrl":"https:\/\/president-ksgov.net\/wp-content\/uploads\/ZPRK.jpg","width":2000,"height":1000},{"@type":"BreadcrumbList","@id":"https:\/\/president-ksgov.net\/en\/president-osmani-expresses-her-condolences-for-the-loss-of-life-of-the-three-members-of-the-pacolli-and-visoka-families\/#breadcrumb","itemListElement":[{"@type":"ListItem","position":1,"name":"Home","item":"https:\/\/president-ksgov.net\/en\/"},{"@type":"ListItem","position":2,"name":"President Osmani expresses her condolences for the loss of life of the three members of the Pacolli and Visoka families"}]},{"@type":"WebSite","@id":"https:\/\/president-ksgov.net\/#website","url":"https:\/\/president-ksgov.net\/","name":"Presidente e Republik\u00ebs s\u00eb Kosov\u00ebs","description":"Presidente e Republik\u00ebs s\u00eb Kosov\u00ebs","alternateName":"DR. VJOSA OSMANI - SADRIU","potentialAction":[{"@type":"SearchAction","target":{"@type":"EntryPoint","urlTemplate":"https:\/\/president-ksgov.net\/?s={search_term_string}"},"query-input":{"@type":"PropertyValueSpecification","valueRequired":true,"valueName":"search_term_string"}}],"inLanguage":"en-US"},{"@type":"Person","@id":"https:\/\/president-ksgov.net\/#\/schema\/person\/7c46f744a99d3f1616b92658282aa934","name":"Florent Rrahmani","image":{"@type":"ImageObject","inLanguage":"en-US","@id":"https:\/\/president-ksgov.net\/#\/schema\/person\/image\/","url":"https:\/\/secure.gravatar.com\/avatar\/2545924aa250de68ac8368367a79b663e59571cd131611f54c89b0613a94e230?s=96&d=mm&r=g","contentUrl":"https:\/\/secure.gravatar.com\/avatar\/2545924aa250de68ac8368367a79b663e59571cd131611f54c89b0613a94e230?s=96&d=mm&r=g","caption":"Florent Rrahmani"}}]}},"_links":{"self":[{"href":"https:\/\/president-ksgov.net\/en\/wp-json\/wp\/v2\/posts\/92633","targetHints":{"allow":["GET"]}}],"collection":[{"href":"https:\/\/president-ksgov.net\/en\/wp-json\/wp\/v2\/posts"}],"about":[{"href":"https:\/\/president-ksgov.net\/en\/wp-json\/wp\/v2\/types\/post"}],"author":[{"embeddable":true,"href":"https:\/\/president-ksgov.net\/en\/wp-json\/wp\/v2\/users\/9"}],"replies":[{"embeddable":true,"href":"https:\/\/president-ksgov.net\/en\/wp-json\/wp\/v2\/comments?post=92633"}],"version-history":[{"count":1,"href":"https:\/\/president-ksgov.net\/en\/wp-json\/wp\/v2\/posts\/92633\/revisions"}],"predecessor-version":[{"id":92634,"href":"https:\/\/president-ksgov.net\/en\/wp-json\/wp\/v2\/posts\/92633\/revisions\/92634"}],"wp:featuredmedia":[{"embeddable":true,"href":"https:\/\/president-ksgov.net\/en\/wp-json\/wp\/v2\/media\/92519"}],"wp:attachment":[{"href":"https:\/\/president-ksgov.net\/en\/wp-json\/wp\/v2\/media?parent=92633"}],"wp:term":[{"taxonomy":"category","embeddable":true,"href":"https:\/\/president-ksgov.net\/en\/wp-json\/wp\/v2\/categories?post=92633"},{"taxonomy":"post_tag","embeddable":true,"href":"https:\/\/president-ksgov.net\/en\/wp-json\/wp\/v2\/tags?post=92633"}],"curies":[{"name":"wp","href":"https:\/\/api.w.org\/{rel}","templated":true}]}}