{"id":89649,"date":"2023-04-25T17:06:00","date_gmt":"2023-04-25T15:06:00","guid":{"rendered":"https:\/\/dev.president-ksgov.net\/?p=89649"},"modified":"2023-04-28T14:18:57","modified_gmt":"2023-04-28T12:18:57","slug":"president-osmani-awarded-the-hero-of-kosovo-order-post-mortem-to-ismet-rraci","status":"publish","type":"post","link":"https:\/\/president-ksgov.net\/en\/president-osmani-awarded-the-hero-of-kosovo-order-post-mortem-to-ismet-rraci\/","title":{"rendered":"President Osmani awarded the &#8220;Hero of Kosovo&#8221; order post-mortem to Ismet Rraci"},"content":{"rendered":"<p><span class=\"text-short\">The President of the Republic of Kosovo Vjosa Osmani Sadriu, on the 22nd anniversary of his falling, bestowed yesterday the &#8220;Hero of Kosovo&#8221; Order to Ismet Rraci.<\/span><\/p>\n<p>According to President Osmani, Ismet Rraci was a patriot and prominent and indomitable political activist engaged in the liberation of Kosovo, its state-building and institutional life in the country.<\/p>\n<p>&#8220;Ismeti was killed in 2001. This was a heavy blow not only to his family but to all of Kosovo. He worked all his life for the common good and the establishment of justice remains a necessity. He was killed, but not his ideal for Kosovo, a free and democratic state. The &#8220;Hero of Kosovo&#8221; order is not only deserved via an institutional assessment but also by the citizens of Kosovo for this tireless activist. Eternal memory !&#8221; stated the President.<\/p>\n","protected":false},"excerpt":{"rendered":"<p>The President of the Republic of Kosovo Vjosa Osmani Sadriu, on the 22nd anniversary of his falling, bestowed yesterday the &#8220;Hero of Kosovo&#8221; Order to Ismet Rraci. According to President Osmani, Ismet Rraci was a patriot and prominent and indomitable political activist engaged in the liberation of Kosovo, its state-building and institutional life in the country. &#8220;Ismeti was killed in 2001. This was a heavy blow not only to his family but to all of Kosovo. He worked all his life for the common good and the establishment of justice remains a necessity. He was killed, but not his ideal for Kosovo, a free and democratic state. The &#8220;Hero of Kosovo&#8221; order is not only deserved via an institutional assessment but also by the citizens of Kosovo for this tireless activist. Eternal memory !&#8221; stated the President.<\/p>\n","protected":false},"author":11,"featured_media":89319,"comment_status":"open","ping_status":"closed","sticky":false,"template":"","format":"standard","meta":{"_eb_attr":"","footnotes":""},"categories":[111],"tags":[],"class_list":["post-89649","post","type-post","status-publish","format-standard","has-post-thumbnail","hentry","category-news"],"yoast_head":"<!-- This site is optimized with the Yoast SEO plugin v23.5 - https:\/\/yoast.com\/wordpress\/plugins\/seo\/ -->\n<title>President Osmani awarded the &quot;Hero of Kosovo&quot; order post-mortem to Ismet Rraci - President of the Republic of Kosovo - DR. VJOSA OSMANI - SADRIU<\/title>\n<meta name=\"description\" content=\"President Osmani awarded the &quot;Hero of Kosovo&quot; order post-mortem to Ismet Rraci - President of the Republic of Kosovo - DR. VJOSA OSMANI - SADRIU -\" \/>\n<meta name=\"robots\" content=\"index, follow, max-snippet:-1, max-image-preview:large, max-video-preview:-1\" \/>\n<link rel=\"canonical\" href=\"https:\/\/president-ksgov.net\/en\/president-osmani-awarded-the-hero-of-kosovo-order-post-mortem-to-ismet-rraci\/\" \/>\n<meta property=\"og:locale\" content=\"en_US\" \/>\n<meta property=\"og:type\" content=\"article\" \/>\n<meta property=\"og:title\" content=\"President Osmani awarded the &quot;Hero of Kosovo&quot; order post-mortem to Ismet Rraci - President of the Republic of Kosovo - DR. VJOSA OSMANI - SADRIU\" \/>\n<meta property=\"og:description\" content=\"President Osmani awarded the &quot;Hero of Kosovo&quot; order post-mortem to Ismet Rraci - President of the Republic of Kosovo - DR. VJOSA OSMANI - SADRIU -\" \/>\n<meta property=\"og:url\" content=\"https:\/\/president-ksgov.net\/en\/president-osmani-awarded-the-hero-of-kosovo-order-post-mortem-to-ismet-rraci\/\" \/>\n<meta property=\"og:site_name\" content=\"President of the Republic of Kosovo - DR. VJOSA OSMANI - SADRIU\" \/>\n<meta property=\"article:published_time\" content=\"2023-04-25T15:06:00+00:00\" \/>\n<meta property=\"article:modified_time\" content=\"2023-04-28T12:18:57+00:00\" \/>\n<meta property=\"og:image\" content=\"https:\/\/president-ksgov.net\/wp-content\/uploads\/1-hero-i-kosoves.jpeg\" \/>\n\t<meta property=\"og:image:width\" content=\"1600\" \/>\n\t<meta property=\"og:image:height\" content=\"1066\" \/>\n\t<meta property=\"og:image:type\" content=\"image\/jpeg\" \/>\n<meta name=\"author\" content=\"presidentlogin\" \/>\n<meta name=\"twitter:card\" content=\"summary_large_image\" \/>\n<meta name=\"twitter:label1\" content=\"Written by\" \/>\n\t<meta name=\"twitter:data1\" content=\"presidentlogin\" \/>\n\t<meta name=\"twitter:label2\" content=\"Est. reading time\" \/>\n\t<meta name=\"twitter:data2\" content=\"1 minute\" \/>\n<script type=\"application\/ld+json\" class=\"yoast-schema-graph\">{\"@context\":\"https:\/\/schema.org\",\"@graph\":[{\"@type\":\"WebPage\",\"@id\":\"https:\/\/president-ksgov.net\/en\/president-osmani-awarded-the-hero-of-kosovo-order-post-mortem-to-ismet-rraci\/\",\"url\":\"https:\/\/president-ksgov.net\/en\/president-osmani-awarded-the-hero-of-kosovo-order-post-mortem-to-ismet-rraci\/\",\"name\":\"President Osmani awarded the \\\"Hero of Kosovo\\\" order post-mortem to Ismet Rraci - President of the Republic of Kosovo - DR. VJOSA OSMANI - SADRIU\",\"isPartOf\":{\"@id\":\"https:\/\/president-ksgov.net\/#website\"},\"primaryImageOfPage\":{\"@id\":\"https:\/\/president-ksgov.net\/en\/president-osmani-awarded-the-hero-of-kosovo-order-post-mortem-to-ismet-rraci\/#primaryimage\"},\"image\":{\"@id\":\"https:\/\/president-ksgov.net\/en\/president-osmani-awarded-the-hero-of-kosovo-order-post-mortem-to-ismet-rraci\/#primaryimage\"},\"thumbnailUrl\":\"https:\/\/president-ksgov.net\/wp-content\/uploads\/1-hero-i-kosoves.jpeg\",\"datePublished\":\"2023-04-25T15:06:00+00:00\",\"dateModified\":\"2023-04-28T12:18:57+00:00\",\"author\":{\"@id\":\"https:\/\/president-ksgov.net\/#\/schema\/person\/1a2c014cffc81ec60d5a452a36d08d92\"},\"description\":\"President Osmani awarded the \\\"Hero of Kosovo\\\" order post-mortem to Ismet Rraci - President of the Republic of Kosovo - DR. VJOSA OSMANI - SADRIU -\",\"breadcrumb\":{\"@id\":\"https:\/\/president-ksgov.net\/en\/president-osmani-awarded-the-hero-of-kosovo-order-post-mortem-to-ismet-rraci\/#breadcrumb\"},\"inLanguage\":\"en-US\",\"potentialAction\":[{\"@type\":\"ReadAction\",\"target\":[\"https:\/\/president-ksgov.net\/en\/president-osmani-awarded-the-hero-of-kosovo-order-post-mortem-to-ismet-rraci\/\"]}]},{\"@type\":\"ImageObject\",\"inLanguage\":\"en-US\",\"@id\":\"https:\/\/president-ksgov.net\/en\/president-osmani-awarded-the-hero-of-kosovo-order-post-mortem-to-ismet-rraci\/#primaryimage\",\"url\":\"https:\/\/president-ksgov.net\/wp-content\/uploads\/1-hero-i-kosoves.jpeg\",\"contentUrl\":\"https:\/\/president-ksgov.net\/wp-content\/uploads\/1-hero-i-kosoves.jpeg\",\"width\":1600,\"height\":1066},{\"@type\":\"BreadcrumbList\",\"@id\":\"https:\/\/president-ksgov.net\/en\/president-osmani-awarded-the-hero-of-kosovo-order-post-mortem-to-ismet-rraci\/#breadcrumb\",\"itemListElement\":[{\"@type\":\"ListItem\",\"position\":1,\"name\":\"Home\",\"item\":\"https:\/\/president-ksgov.net\/en\/\"},{\"@type\":\"ListItem\",\"position\":2,\"name\":\"President Osmani awarded the &#8220;Hero of Kosovo&#8221; order post-mortem to Ismet Rraci\"}]},{\"@type\":\"WebSite\",\"@id\":\"https:\/\/president-ksgov.net\/#website\",\"url\":\"https:\/\/president-ksgov.net\/\",\"name\":\"Presidente e Republik\u00ebs s\u00eb Kosov\u00ebs\",\"description\":\"Presidente e Republik\u00ebs s\u00eb Kosov\u00ebs\",\"alternateName\":\"DR. VJOSA OSMANI - SADRIU\",\"potentialAction\":[{\"@type\":\"SearchAction\",\"target\":{\"@type\":\"EntryPoint\",\"urlTemplate\":\"https:\/\/president-ksgov.net\/?s={search_term_string}\"},\"query-input\":{\"@type\":\"PropertyValueSpecification\",\"valueRequired\":true,\"valueName\":\"search_term_string\"}}],\"inLanguage\":\"en-US\"},{\"@type\":\"Person\",\"@id\":\"https:\/\/president-ksgov.net\/#\/schema\/person\/1a2c014cffc81ec60d5a452a36d08d92\",\"name\":\"presidentlogin\",\"image\":{\"@type\":\"ImageObject\",\"inLanguage\":\"en-US\",\"@id\":\"https:\/\/president-ksgov.net\/#\/schema\/person\/image\/\",\"url\":\"https:\/\/secure.gravatar.com\/avatar\/339f00ab0a8a0d5ce1ecff10aa2b4a1f51f58bbd5a57793f8cd6ad624080d807?s=96&d=mm&r=g\",\"contentUrl\":\"https:\/\/secure.gravatar.com\/avatar\/339f00ab0a8a0d5ce1ecff10aa2b4a1f51f58bbd5a57793f8cd6ad624080d807?s=96&d=mm&r=g\",\"caption\":\"presidentlogin\"}}]}<\/script>\n<!-- \/ Yoast SEO plugin. -->","yoast_head_json":{"title":"President Osmani awarded the \"Hero of Kosovo\" order post-mortem to Ismet Rraci - President of the Republic of Kosovo - DR. VJOSA OSMANI - SADRIU","description":"President Osmani awarded the \"Hero of Kosovo\" order post-mortem to Ismet Rraci - President of the Republic of Kosovo - DR. VJOSA OSMANI - SADRIU -","robots":{"index":"index","follow":"follow","max-snippet":"max-snippet:-1","max-image-preview":"max-image-preview:large","max-video-preview":"max-video-preview:-1"},"canonical":"https:\/\/president-ksgov.net\/en\/president-osmani-awarded-the-hero-of-kosovo-order-post-mortem-to-ismet-rraci\/","og_locale":"en_US","og_type":"article","og_title":"President Osmani awarded the \"Hero of Kosovo\" order post-mortem to Ismet Rraci - President of the Republic of Kosovo - DR. VJOSA OSMANI - SADRIU","og_description":"President Osmani awarded the \"Hero of Kosovo\" order post-mortem to Ismet Rraci - President of the Republic of Kosovo - DR. VJOSA OSMANI - SADRIU -","og_url":"https:\/\/president-ksgov.net\/en\/president-osmani-awarded-the-hero-of-kosovo-order-post-mortem-to-ismet-rraci\/","og_site_name":"President of the Republic of Kosovo - DR. VJOSA OSMANI - SADRIU","article_published_time":"2023-04-25T15:06:00+00:00","article_modified_time":"2023-04-28T12:18:57+00:00","og_image":[{"width":1600,"height":1066,"url":"https:\/\/president-ksgov.net\/wp-content\/uploads\/1-hero-i-kosoves.jpeg","type":"image\/jpeg"}],"author":"presidentlogin","twitter_card":"summary_large_image","twitter_misc":{"Written by":"presidentlogin","Est. reading time":"1 minute"},"schema":{"@context":"https:\/\/schema.org","@graph":[{"@type":"WebPage","@id":"https:\/\/president-ksgov.net\/en\/president-osmani-awarded-the-hero-of-kosovo-order-post-mortem-to-ismet-rraci\/","url":"https:\/\/president-ksgov.net\/en\/president-osmani-awarded-the-hero-of-kosovo-order-post-mortem-to-ismet-rraci\/","name":"President Osmani awarded the \"Hero of Kosovo\" order post-mortem to Ismet Rraci - President of the Republic of Kosovo - DR. VJOSA OSMANI - SADRIU","isPartOf":{"@id":"https:\/\/president-ksgov.net\/#website"},"primaryImageOfPage":{"@id":"https:\/\/president-ksgov.net\/en\/president-osmani-awarded-the-hero-of-kosovo-order-post-mortem-to-ismet-rraci\/#primaryimage"},"image":{"@id":"https:\/\/president-ksgov.net\/en\/president-osmani-awarded-the-hero-of-kosovo-order-post-mortem-to-ismet-rraci\/#primaryimage"},"thumbnailUrl":"https:\/\/president-ksgov.net\/wp-content\/uploads\/1-hero-i-kosoves.jpeg","datePublished":"2023-04-25T15:06:00+00:00","dateModified":"2023-04-28T12:18:57+00:00","author":{"@id":"https:\/\/president-ksgov.net\/#\/schema\/person\/1a2c014cffc81ec60d5a452a36d08d92"},"description":"President Osmani awarded the \"Hero of Kosovo\" order post-mortem to Ismet Rraci - President of the Republic of Kosovo - DR. VJOSA OSMANI - SADRIU -","breadcrumb":{"@id":"https:\/\/president-ksgov.net\/en\/president-osmani-awarded-the-hero-of-kosovo-order-post-mortem-to-ismet-rraci\/#breadcrumb"},"inLanguage":"en-US","potentialAction":[{"@type":"ReadAction","target":["https:\/\/president-ksgov.net\/en\/president-osmani-awarded-the-hero-of-kosovo-order-post-mortem-to-ismet-rraci\/"]}]},{"@type":"ImageObject","inLanguage":"en-US","@id":"https:\/\/president-ksgov.net\/en\/president-osmani-awarded-the-hero-of-kosovo-order-post-mortem-to-ismet-rraci\/#primaryimage","url":"https:\/\/president-ksgov.net\/wp-content\/uploads\/1-hero-i-kosoves.jpeg","contentUrl":"https:\/\/president-ksgov.net\/wp-content\/uploads\/1-hero-i-kosoves.jpeg","width":1600,"height":1066},{"@type":"BreadcrumbList","@id":"https:\/\/president-ksgov.net\/en\/president-osmani-awarded-the-hero-of-kosovo-order-post-mortem-to-ismet-rraci\/#breadcrumb","itemListElement":[{"@type":"ListItem","position":1,"name":"Home","item":"https:\/\/president-ksgov.net\/en\/"},{"@type":"ListItem","position":2,"name":"President Osmani awarded the &#8220;Hero of Kosovo&#8221; order post-mortem to Ismet Rraci"}]},{"@type":"WebSite","@id":"https:\/\/president-ksgov.net\/#website","url":"https:\/\/president-ksgov.net\/","name":"Presidente e Republik\u00ebs s\u00eb Kosov\u00ebs","description":"Presidente e Republik\u00ebs s\u00eb Kosov\u00ebs","alternateName":"DR. VJOSA OSMANI - SADRIU","potentialAction":[{"@type":"SearchAction","target":{"@type":"EntryPoint","urlTemplate":"https:\/\/president-ksgov.net\/?s={search_term_string}"},"query-input":{"@type":"PropertyValueSpecification","valueRequired":true,"valueName":"search_term_string"}}],"inLanguage":"en-US"},{"@type":"Person","@id":"https:\/\/president-ksgov.net\/#\/schema\/person\/1a2c014cffc81ec60d5a452a36d08d92","name":"presidentlogin","image":{"@type":"ImageObject","inLanguage":"en-US","@id":"https:\/\/president-ksgov.net\/#\/schema\/person\/image\/","url":"https:\/\/secure.gravatar.com\/avatar\/339f00ab0a8a0d5ce1ecff10aa2b4a1f51f58bbd5a57793f8cd6ad624080d807?s=96&d=mm&r=g","contentUrl":"https:\/\/secure.gravatar.com\/avatar\/339f00ab0a8a0d5ce1ecff10aa2b4a1f51f58bbd5a57793f8cd6ad624080d807?s=96&d=mm&r=g","caption":"presidentlogin"}}]}},"_links":{"self":[{"href":"https:\/\/president-ksgov.net\/en\/wp-json\/wp\/v2\/posts\/89649","targetHints":{"allow":["GET"]}}],"collection":[{"href":"https:\/\/president-ksgov.net\/en\/wp-json\/wp\/v2\/posts"}],"about":[{"href":"https:\/\/president-ksgov.net\/en\/wp-json\/wp\/v2\/types\/post"}],"author":[{"embeddable":true,"href":"https:\/\/president-ksgov.net\/en\/wp-json\/wp\/v2\/users\/11"}],"replies":[{"embeddable":true,"href":"https:\/\/president-ksgov.net\/en\/wp-json\/wp\/v2\/comments?post=89649"}],"version-history":[{"count":1,"href":"https:\/\/president-ksgov.net\/en\/wp-json\/wp\/v2\/posts\/89649\/revisions"}],"predecessor-version":[{"id":89650,"href":"https:\/\/president-ksgov.net\/en\/wp-json\/wp\/v2\/posts\/89649\/revisions\/89650"}],"wp:featuredmedia":[{"embeddable":true,"href":"https:\/\/president-ksgov.net\/en\/wp-json\/wp\/v2\/media\/89319"}],"wp:attachment":[{"href":"https:\/\/president-ksgov.net\/en\/wp-json\/wp\/v2\/media?parent=89649"}],"wp:term":[{"taxonomy":"category","embeddable":true,"href":"https:\/\/president-ksgov.net\/en\/wp-json\/wp\/v2\/categories?post=89649"},{"taxonomy":"post_tag","embeddable":true,"href":"https:\/\/president-ksgov.net\/en\/wp-json\/wp\/v2\/tags?post=89649"}],"curies":[{"name":"wp","href":"https:\/\/api.w.org\/{rel}","templated":true}]}}