{"id":89615,"date":"2023-04-21T08:00:59","date_gmt":"2023-04-21T06:00:59","guid":{"rendered":"https:\/\/dev.president-ksgov.net\/?p=89615"},"modified":"2023-04-28T11:50:03","modified_gmt":"2023-04-28T09:50:03","slug":"president-osmanis-congratulations-on-eid-al-fitr","status":"publish","type":"post","link":"https:\/\/president-ksgov.net\/en\/president-osmanis-congratulations-on-eid-al-fitr\/","title":{"rendered":"President Osmani&#8217;s congratulations on Eid al Fitr"},"content":{"rendered":"<p><span class=\"text-short\">I wish that Eid al-Fitr is celebrated in an atmosphere of love, hope, solidarity and humanity.<\/span><\/p>\n<div id=\"news-gallery\" class=\"ug-gallery-wrapper ug-under-780 ug-theme-grid\">\n<div class=\"ug-strip-panel\">This holiday, which marks the end of the holy month of Ramadan, is characterized by human solidarity, a legacy of ours passed down through the generations.<\/p>\n<p>Let this day of celebration serve to get closer to each other, as well as to support other people in need.<\/p>\n<p>May your prayers and sacrifices undertaken throughout the month of Ramadan be accepted and may health, prosperity and prosperity always reign you in your families!<\/p>\n<p>Happy Eid al-Fitr!<\/p><\/div>\n<\/div>\n","protected":false},"excerpt":{"rendered":"<p>I wish that Eid al-Fitr is celebrated in an atmosphere of love, hope, solidarity and humanity. This holiday, which marks the end of the holy month of Ramadan, is characterized by human solidarity, a legacy of ours passed down through the generations. Let this day of celebration serve to get closer to each other, as well as to support other people in need. May your prayers and sacrifices undertaken throughout the month of Ramadan be accepted and may health, prosperity and prosperity always reign you in your families! Happy Eid al-Fitr!<\/p>\n","protected":false},"author":11,"featured_media":89303,"comment_status":"closed","ping_status":"closed","sticky":false,"template":"","format":"standard","meta":{"_eb_attr":"","footnotes":""},"categories":[111],"tags":[],"class_list":["post-89615","post","type-post","status-publish","format-standard","has-post-thumbnail","hentry","category-news"],"yoast_head":"<!-- This site is optimized with the Yoast SEO plugin v23.5 - https:\/\/yoast.com\/wordpress\/plugins\/seo\/ -->\n<title>President Osmani&#039;s congratulations on Eid al Fitr - President of the Republic of Kosovo - DR. VJOSA OSMANI - SADRIU<\/title>\n<meta name=\"description\" content=\"President Osmani&#039;s congratulations on Eid al Fitr - President of the Republic of Kosovo - DR. VJOSA OSMANI - SADRIU -\" \/>\n<meta name=\"robots\" content=\"index, follow, max-snippet:-1, max-image-preview:large, max-video-preview:-1\" \/>\n<link rel=\"canonical\" href=\"https:\/\/president-ksgov.net\/en\/president-osmanis-congratulations-on-eid-al-fitr\/\" \/>\n<meta property=\"og:locale\" content=\"en_US\" \/>\n<meta property=\"og:type\" content=\"article\" \/>\n<meta property=\"og:title\" content=\"President Osmani&#039;s congratulations on Eid al Fitr - President of the Republic of Kosovo - DR. VJOSA OSMANI - SADRIU\" \/>\n<meta property=\"og:description\" content=\"President Osmani&#039;s congratulations on Eid al Fitr - President of the Republic of Kosovo - DR. VJOSA OSMANI - SADRIU -\" \/>\n<meta property=\"og:url\" content=\"https:\/\/president-ksgov.net\/en\/president-osmanis-congratulations-on-eid-al-fitr\/\" \/>\n<meta property=\"og:site_name\" content=\"President of the Republic of Kosovo - DR. VJOSA OSMANI - SADRIU\" \/>\n<meta property=\"article:published_time\" content=\"2023-04-21T06:00:59+00:00\" \/>\n<meta property=\"article:modified_time\" content=\"2023-04-28T09:50:03+00:00\" \/>\n<meta property=\"og:image\" content=\"https:\/\/president-ksgov.net\/wp-content\/uploads\/Bajram-al-1.png\" \/>\n\t<meta property=\"og:image:width\" content=\"2000\" \/>\n\t<meta property=\"og:image:height\" content=\"2000\" \/>\n\t<meta property=\"og:image:type\" content=\"image\/png\" \/>\n<meta name=\"author\" content=\"presidentlogin\" \/>\n<meta name=\"twitter:card\" content=\"summary_large_image\" \/>\n<meta name=\"twitter:label1\" content=\"Written by\" \/>\n\t<meta name=\"twitter:data1\" content=\"presidentlogin\" \/>\n<script type=\"application\/ld+json\" class=\"yoast-schema-graph\">{\"@context\":\"https:\/\/schema.org\",\"@graph\":[{\"@type\":\"WebPage\",\"@id\":\"https:\/\/president-ksgov.net\/en\/president-osmanis-congratulations-on-eid-al-fitr\/\",\"url\":\"https:\/\/president-ksgov.net\/en\/president-osmanis-congratulations-on-eid-al-fitr\/\",\"name\":\"President Osmani's congratulations on Eid al Fitr - President of the Republic of Kosovo - DR. VJOSA OSMANI - SADRIU\",\"isPartOf\":{\"@id\":\"https:\/\/president-ksgov.net\/#website\"},\"primaryImageOfPage\":{\"@id\":\"https:\/\/president-ksgov.net\/en\/president-osmanis-congratulations-on-eid-al-fitr\/#primaryimage\"},\"image\":{\"@id\":\"https:\/\/president-ksgov.net\/en\/president-osmanis-congratulations-on-eid-al-fitr\/#primaryimage\"},\"thumbnailUrl\":\"https:\/\/president-ksgov.net\/wp-content\/uploads\/Bajram-al-1.png\",\"datePublished\":\"2023-04-21T06:00:59+00:00\",\"dateModified\":\"2023-04-28T09:50:03+00:00\",\"author\":{\"@id\":\"https:\/\/president-ksgov.net\/#\/schema\/person\/1a2c014cffc81ec60d5a452a36d08d92\"},\"description\":\"President Osmani's congratulations on Eid al Fitr - President of the Republic of Kosovo - DR. VJOSA OSMANI - SADRIU -\",\"breadcrumb\":{\"@id\":\"https:\/\/president-ksgov.net\/en\/president-osmanis-congratulations-on-eid-al-fitr\/#breadcrumb\"},\"inLanguage\":\"en-US\",\"potentialAction\":[{\"@type\":\"ReadAction\",\"target\":[\"https:\/\/president-ksgov.net\/en\/president-osmanis-congratulations-on-eid-al-fitr\/\"]}]},{\"@type\":\"ImageObject\",\"inLanguage\":\"en-US\",\"@id\":\"https:\/\/president-ksgov.net\/en\/president-osmanis-congratulations-on-eid-al-fitr\/#primaryimage\",\"url\":\"https:\/\/president-ksgov.net\/wp-content\/uploads\/Bajram-al-1.png\",\"contentUrl\":\"https:\/\/president-ksgov.net\/wp-content\/uploads\/Bajram-al-1.png\",\"width\":2000,\"height\":2000},{\"@type\":\"BreadcrumbList\",\"@id\":\"https:\/\/president-ksgov.net\/en\/president-osmanis-congratulations-on-eid-al-fitr\/#breadcrumb\",\"itemListElement\":[{\"@type\":\"ListItem\",\"position\":1,\"name\":\"Home\",\"item\":\"https:\/\/president-ksgov.net\/en\/\"},{\"@type\":\"ListItem\",\"position\":2,\"name\":\"President Osmani&#8217;s congratulations on Eid al Fitr\"}]},{\"@type\":\"WebSite\",\"@id\":\"https:\/\/president-ksgov.net\/#website\",\"url\":\"https:\/\/president-ksgov.net\/\",\"name\":\"Presidente e Republik\u00ebs s\u00eb Kosov\u00ebs\",\"description\":\"Presidente e Republik\u00ebs s\u00eb Kosov\u00ebs\",\"alternateName\":\"DR. VJOSA OSMANI - SADRIU\",\"potentialAction\":[{\"@type\":\"SearchAction\",\"target\":{\"@type\":\"EntryPoint\",\"urlTemplate\":\"https:\/\/president-ksgov.net\/?s={search_term_string}\"},\"query-input\":{\"@type\":\"PropertyValueSpecification\",\"valueRequired\":true,\"valueName\":\"search_term_string\"}}],\"inLanguage\":\"en-US\"},{\"@type\":\"Person\",\"@id\":\"https:\/\/president-ksgov.net\/#\/schema\/person\/1a2c014cffc81ec60d5a452a36d08d92\",\"name\":\"presidentlogin\",\"image\":{\"@type\":\"ImageObject\",\"inLanguage\":\"en-US\",\"@id\":\"https:\/\/president-ksgov.net\/#\/schema\/person\/image\/\",\"url\":\"https:\/\/secure.gravatar.com\/avatar\/339f00ab0a8a0d5ce1ecff10aa2b4a1f51f58bbd5a57793f8cd6ad624080d807?s=96&d=mm&r=g\",\"contentUrl\":\"https:\/\/secure.gravatar.com\/avatar\/339f00ab0a8a0d5ce1ecff10aa2b4a1f51f58bbd5a57793f8cd6ad624080d807?s=96&d=mm&r=g\",\"caption\":\"presidentlogin\"}}]}<\/script>\n<!-- \/ Yoast SEO plugin. -->","yoast_head_json":{"title":"President Osmani's congratulations on Eid al Fitr - President of the Republic of Kosovo - DR. VJOSA OSMANI - SADRIU","description":"President Osmani's congratulations on Eid al Fitr - President of the Republic of Kosovo - DR. VJOSA OSMANI - SADRIU -","robots":{"index":"index","follow":"follow","max-snippet":"max-snippet:-1","max-image-preview":"max-image-preview:large","max-video-preview":"max-video-preview:-1"},"canonical":"https:\/\/president-ksgov.net\/en\/president-osmanis-congratulations-on-eid-al-fitr\/","og_locale":"en_US","og_type":"article","og_title":"President Osmani's congratulations on Eid al Fitr - President of the Republic of Kosovo - DR. VJOSA OSMANI - SADRIU","og_description":"President Osmani's congratulations on Eid al Fitr - President of the Republic of Kosovo - DR. VJOSA OSMANI - SADRIU -","og_url":"https:\/\/president-ksgov.net\/en\/president-osmanis-congratulations-on-eid-al-fitr\/","og_site_name":"President of the Republic of Kosovo - DR. VJOSA OSMANI - SADRIU","article_published_time":"2023-04-21T06:00:59+00:00","article_modified_time":"2023-04-28T09:50:03+00:00","og_image":[{"width":2000,"height":2000,"url":"https:\/\/president-ksgov.net\/wp-content\/uploads\/Bajram-al-1.png","type":"image\/png"}],"author":"presidentlogin","twitter_card":"summary_large_image","twitter_misc":{"Written by":"presidentlogin"},"schema":{"@context":"https:\/\/schema.org","@graph":[{"@type":"WebPage","@id":"https:\/\/president-ksgov.net\/en\/president-osmanis-congratulations-on-eid-al-fitr\/","url":"https:\/\/president-ksgov.net\/en\/president-osmanis-congratulations-on-eid-al-fitr\/","name":"President Osmani's congratulations on Eid al Fitr - President of the Republic of Kosovo - DR. VJOSA OSMANI - SADRIU","isPartOf":{"@id":"https:\/\/president-ksgov.net\/#website"},"primaryImageOfPage":{"@id":"https:\/\/president-ksgov.net\/en\/president-osmanis-congratulations-on-eid-al-fitr\/#primaryimage"},"image":{"@id":"https:\/\/president-ksgov.net\/en\/president-osmanis-congratulations-on-eid-al-fitr\/#primaryimage"},"thumbnailUrl":"https:\/\/president-ksgov.net\/wp-content\/uploads\/Bajram-al-1.png","datePublished":"2023-04-21T06:00:59+00:00","dateModified":"2023-04-28T09:50:03+00:00","author":{"@id":"https:\/\/president-ksgov.net\/#\/schema\/person\/1a2c014cffc81ec60d5a452a36d08d92"},"description":"President Osmani's congratulations on Eid al Fitr - President of the Republic of Kosovo - DR. VJOSA OSMANI - SADRIU -","breadcrumb":{"@id":"https:\/\/president-ksgov.net\/en\/president-osmanis-congratulations-on-eid-al-fitr\/#breadcrumb"},"inLanguage":"en-US","potentialAction":[{"@type":"ReadAction","target":["https:\/\/president-ksgov.net\/en\/president-osmanis-congratulations-on-eid-al-fitr\/"]}]},{"@type":"ImageObject","inLanguage":"en-US","@id":"https:\/\/president-ksgov.net\/en\/president-osmanis-congratulations-on-eid-al-fitr\/#primaryimage","url":"https:\/\/president-ksgov.net\/wp-content\/uploads\/Bajram-al-1.png","contentUrl":"https:\/\/president-ksgov.net\/wp-content\/uploads\/Bajram-al-1.png","width":2000,"height":2000},{"@type":"BreadcrumbList","@id":"https:\/\/president-ksgov.net\/en\/president-osmanis-congratulations-on-eid-al-fitr\/#breadcrumb","itemListElement":[{"@type":"ListItem","position":1,"name":"Home","item":"https:\/\/president-ksgov.net\/en\/"},{"@type":"ListItem","position":2,"name":"President Osmani&#8217;s congratulations on Eid al Fitr"}]},{"@type":"WebSite","@id":"https:\/\/president-ksgov.net\/#website","url":"https:\/\/president-ksgov.net\/","name":"Presidente e Republik\u00ebs s\u00eb Kosov\u00ebs","description":"Presidente e Republik\u00ebs s\u00eb Kosov\u00ebs","alternateName":"DR. VJOSA OSMANI - SADRIU","potentialAction":[{"@type":"SearchAction","target":{"@type":"EntryPoint","urlTemplate":"https:\/\/president-ksgov.net\/?s={search_term_string}"},"query-input":{"@type":"PropertyValueSpecification","valueRequired":true,"valueName":"search_term_string"}}],"inLanguage":"en-US"},{"@type":"Person","@id":"https:\/\/president-ksgov.net\/#\/schema\/person\/1a2c014cffc81ec60d5a452a36d08d92","name":"presidentlogin","image":{"@type":"ImageObject","inLanguage":"en-US","@id":"https:\/\/president-ksgov.net\/#\/schema\/person\/image\/","url":"https:\/\/secure.gravatar.com\/avatar\/339f00ab0a8a0d5ce1ecff10aa2b4a1f51f58bbd5a57793f8cd6ad624080d807?s=96&d=mm&r=g","contentUrl":"https:\/\/secure.gravatar.com\/avatar\/339f00ab0a8a0d5ce1ecff10aa2b4a1f51f58bbd5a57793f8cd6ad624080d807?s=96&d=mm&r=g","caption":"presidentlogin"}}]}},"_links":{"self":[{"href":"https:\/\/president-ksgov.net\/en\/wp-json\/wp\/v2\/posts\/89615","targetHints":{"allow":["GET"]}}],"collection":[{"href":"https:\/\/president-ksgov.net\/en\/wp-json\/wp\/v2\/posts"}],"about":[{"href":"https:\/\/president-ksgov.net\/en\/wp-json\/wp\/v2\/types\/post"}],"author":[{"embeddable":true,"href":"https:\/\/president-ksgov.net\/en\/wp-json\/wp\/v2\/users\/11"}],"replies":[{"embeddable":true,"href":"https:\/\/president-ksgov.net\/en\/wp-json\/wp\/v2\/comments?post=89615"}],"version-history":[{"count":1,"href":"https:\/\/president-ksgov.net\/en\/wp-json\/wp\/v2\/posts\/89615\/revisions"}],"predecessor-version":[{"id":89616,"href":"https:\/\/president-ksgov.net\/en\/wp-json\/wp\/v2\/posts\/89615\/revisions\/89616"}],"wp:featuredmedia":[{"embeddable":true,"href":"https:\/\/president-ksgov.net\/en\/wp-json\/wp\/v2\/media\/89303"}],"wp:attachment":[{"href":"https:\/\/president-ksgov.net\/en\/wp-json\/wp\/v2\/media?parent=89615"}],"wp:term":[{"taxonomy":"category","embeddable":true,"href":"https:\/\/president-ksgov.net\/en\/wp-json\/wp\/v2\/categories?post=89615"},{"taxonomy":"post_tag","embeddable":true,"href":"https:\/\/president-ksgov.net\/en\/wp-json\/wp\/v2\/tags?post=89615"}],"curies":[{"name":"wp","href":"https:\/\/api.w.org\/{rel}","templated":true}]}}