{"id":89560,"date":"2023-04-12T19:44:35","date_gmt":"2023-04-12T17:44:35","guid":{"rendered":"https:\/\/dev.president-ksgov.net\/?p=89560"},"modified":"2023-04-28T10:38:30","modified_gmt":"2023-04-28T08:38:30","slug":"president-osmani-met-with-the-president-of-the-province-of-cosenza-and-the-mayors-of-arberesh-municipalities","status":"publish","type":"post","link":"https:\/\/president-ksgov.net\/en\/president-osmani-met-with-the-president-of-the-province-of-cosenza-and-the-mayors-of-arberesh-municipalities\/","title":{"rendered":"President Osmani met with the president of the Province of Cosenza and the mayors of Arb\u00ebresh municipalities"},"content":{"rendered":"<p><span class=\"text-short\">The President of the Republic of Kosovo Vjosa Osmani, met today with the President of the Province of Cosenza Mrs. Rosaria Succurro, with whom she discussed the economic, political and cultural relations between the various municipalities of Kosovo and Cosenza. Madam President emphasized that it is very important to create new opportunities for cooperation between our businesses, cultural institutions and tour operators. In Cosenza there are 21 Arb\u00ebresh municipalities where tradition, culture and national tradition continue to be preserved for almost six centuries.<\/span><\/p>\n<div id=\"news-gallery\" class=\"ug-gallery-wrapper ug-under-780 ug-theme-grid\">\n<div class=\"ug-strip-panel\">There are very important treasures in Cosenza, such as the manuscripts of the Renaissance author Jeronim De Rada, located in the Cosenza City Library and elsewhere in Calabria.<\/p>\n<p>&#8220;The digitization of Albanian literary manuscripts of the 19th century is an asset that should be offered to researchers and new generations,&#8221; said President Osmani.<\/p>\n<p>The President of Kosovo, Vjosa Osmani, also held a meeting with the mayors of Arb\u00ebresh municipalities in the Province of Cosenza. Madam President thanked them for their unparalleled commitment to the cultivation of the Arb\u00ebresh language, culture and traditions, as an important part of Albanian culture and identity.<\/p>\n<p>&#8220;We want to work together with you to identify opportunities for the realization of joint projects for the preservation, nurturing and further advancement of your cultural and linguistic traditions,&#8221; said the President.<br \/>\nMadam President recalled the extraordinary role that the Arb\u00ebresh have played throughout history in preserving and promoting the cultural and political identity of Albanians.<\/p>\n<p>Furthermore, Madam President appreciated the way the people of Arb\u00ebresh have created a good model for all ex-pats and by integrating themselves into the life of the host country, they have nurtured and preserved their traditions, becoming successful citizens of the country, but also a contributor to the culture of the ancestors.<\/p>\n<p>&#8220;You have given to the culture and to the ethnic body, but also to the host country, Italy, the colours of a special culture, which is the wealth of the country and the culture where you come from, but also of the country that welcomed you,&#8221; said President Osmani.<\/p>\n<p>The President raised the possibility of designing and implementing projects for the preservation of linguistic heritage and cultural traditions, through the recording and publication of oral memory.<\/p>\n<p>&#8220;The slow decline of the use of the Albanian language among the younger generations and the reduction of the population, due to migration, is a challenge faced by many countries, including the regions where Arb\u00ebresh live. Therefore, clear promotional policies are needed,&#8221; said the President.<\/p>\n<p>She underlined the necessity of expanding cooperation, and designing tourist itineraries and cultural exchanges, in order to preserve the connection with the land of the ancestors. She appreciated the cooperation of Arb\u00ebresh municipalities, which have already been twinned with several Kosovo municipalities.<\/p><\/div>\n<\/div>\n","protected":false},"excerpt":{"rendered":"<p>The President of the Republic of Kosovo Vjosa Osmani, met today with the President of the Province of Cosenza Mrs. Rosaria Succurro, with whom she discussed the economic, political and cultural relations between the various municipalities of Kosovo and Cosenza. Madam President emphasized that it is very important to create new opportunities for cooperation between our businesses, cultural institutions and tour operators. In Cosenza there are 21 Arb\u00ebresh municipalities where tradition, culture and national tradition continue to be preserved for almost six centuries. There are very important treasures in Cosenza, such as the manuscripts of the Renaissance author Jeronim De Rada, located in the Cosenza City Library and elsewhere in Calabria. &#8220;The digitization of Albanian literary manuscripts of the 19th century is an asset that should be offered to researchers and new generations,&#8221; said President Osmani. The President of Kosovo, Vjosa Osmani, also held a meeting with the mayors of Arb\u00ebresh municipalities in the Province of Cosenza. Madam President thanked them for their unparalleled commitment to the cultivation of the Arb\u00ebresh language, culture and traditions, as an important part of Albanian culture and identity. &#8220;We want to work together with you to identify opportunities for the realization of joint projects for the preservation, nurturing and further advancement of your cultural and linguistic traditions,&#8221; said the President. Madam President recalled the extraordinary role that the Arb\u00ebresh have played throughout history in preserving and promoting the cultural and political identity of Albanians. Furthermore, Madam President appreciated the way the people of Arb\u00ebresh have created a good model for all ex-pats and by integrating themselves into the life of the host country, they have nurtured and preserved their traditions, becoming successful citizens of the country, but also a contributor to the culture of the ancestors. &#8220;You have given to the culture and to the ethnic body, but also to the host country, Italy, the colours of a special culture, which is the wealth of the country and the culture where you come from, but also of the country that welcomed you,&#8221; said President Osmani. The President raised the possibility of designing and implementing projects for the preservation of linguistic heritage and cultural traditions, through the recording and publication of oral memory. &#8220;The slow decline of the use of the Albanian language among the younger generations and the reduction of the population, due to migration, is a challenge faced by many countries, including the regions where Arb\u00ebresh live. Therefore, clear promotional policies are needed,&#8221; said the President. She underlined the necessity of expanding cooperation, and designing tourist itineraries and cultural exchanges, in order to preserve the connection with the land of the ancestors. She appreciated the cooperation of Arb\u00ebresh municipalities, which have already been twinned with several Kosovo municipalities.<\/p>\n","protected":false},"author":11,"featured_media":88967,"comment_status":"open","ping_status":"closed","sticky":false,"template":"","format":"standard","meta":{"_eb_attr":"","footnotes":""},"categories":[111],"tags":[],"class_list":["post-89560","post","type-post","status-publish","format-standard","has-post-thumbnail","hentry","category-news"],"yoast_head":"<!-- This site is optimized with the Yoast SEO plugin v23.5 - https:\/\/yoast.com\/wordpress\/plugins\/seo\/ -->\n<title>President Osmani met with the president of the Province of Cosenza and the mayors of Arb\u00ebresh municipalities - President of the Republic of Kosovo - DR. VJOSA OSMANI - SADRIU<\/title>\n<meta name=\"description\" content=\"President Osmani met with the president of the Province of Cosenza and the mayors of Arb\u00ebresh municipalities - President of the Republic of Kosovo - DR. VJOSA OSMANI - SADRIU -\" \/>\n<meta name=\"robots\" content=\"index, follow, max-snippet:-1, max-image-preview:large, max-video-preview:-1\" \/>\n<link rel=\"canonical\" href=\"https:\/\/president-ksgov.net\/en\/president-osmani-met-with-the-president-of-the-province-of-cosenza-and-the-mayors-of-arberesh-municipalities\/\" \/>\n<meta property=\"og:locale\" content=\"en_US\" \/>\n<meta property=\"og:type\" content=\"article\" \/>\n<meta property=\"og:title\" content=\"President Osmani met with the president of the Province of Cosenza and the mayors of Arb\u00ebresh municipalities - President of the Republic of Kosovo - DR. VJOSA OSMANI - SADRIU\" \/>\n<meta property=\"og:description\" content=\"President Osmani met with the president of the Province of Cosenza and the mayors of Arb\u00ebresh municipalities - President of the Republic of Kosovo - DR. VJOSA OSMANI - SADRIU -\" \/>\n<meta property=\"og:url\" content=\"https:\/\/president-ksgov.net\/en\/president-osmani-met-with-the-president-of-the-province-of-cosenza-and-the-mayors-of-arberesh-municipalities\/\" \/>\n<meta property=\"og:site_name\" content=\"President of the Republic of Kosovo - DR. VJOSA OSMANI - SADRIU\" \/>\n<meta property=\"article:published_time\" content=\"2023-04-12T17:44:35+00:00\" \/>\n<meta property=\"article:modified_time\" content=\"2023-04-28T08:38:30+00:00\" \/>\n<meta property=\"og:image\" content=\"https:\/\/president-ksgov.net\/wp-content\/uploads\/presidentja-osmani-takoi-kryetaren-e-provinces-se-kozences-1-1024x682.jpg\" \/>\n\t<meta property=\"og:image:width\" content=\"1024\" \/>\n\t<meta property=\"og:image:height\" content=\"682\" \/>\n\t<meta property=\"og:image:type\" content=\"image\/jpeg\" \/>\n<meta name=\"author\" content=\"presidentlogin\" \/>\n<meta name=\"twitter:card\" content=\"summary_large_image\" \/>\n<meta name=\"twitter:label1\" content=\"Written by\" \/>\n\t<meta name=\"twitter:data1\" content=\"presidentlogin\" \/>\n\t<meta name=\"twitter:label2\" content=\"Est. reading time\" \/>\n\t<meta name=\"twitter:data2\" content=\"2 minutes\" \/>\n<script type=\"application\/ld+json\" class=\"yoast-schema-graph\">{\"@context\":\"https:\/\/schema.org\",\"@graph\":[{\"@type\":\"WebPage\",\"@id\":\"https:\/\/president-ksgov.net\/en\/president-osmani-met-with-the-president-of-the-province-of-cosenza-and-the-mayors-of-arberesh-municipalities\/\",\"url\":\"https:\/\/president-ksgov.net\/en\/president-osmani-met-with-the-president-of-the-province-of-cosenza-and-the-mayors-of-arberesh-municipalities\/\",\"name\":\"President Osmani met with the president of the Province of Cosenza and the mayors of Arb\u00ebresh municipalities - President of the Republic of Kosovo - DR. VJOSA OSMANI - SADRIU\",\"isPartOf\":{\"@id\":\"https:\/\/president-ksgov.net\/#website\"},\"primaryImageOfPage\":{\"@id\":\"https:\/\/president-ksgov.net\/en\/president-osmani-met-with-the-president-of-the-province-of-cosenza-and-the-mayors-of-arberesh-municipalities\/#primaryimage\"},\"image\":{\"@id\":\"https:\/\/president-ksgov.net\/en\/president-osmani-met-with-the-president-of-the-province-of-cosenza-and-the-mayors-of-arberesh-municipalities\/#primaryimage\"},\"thumbnailUrl\":\"https:\/\/president-ksgov.net\/wp-content\/uploads\/presidentja-osmani-takoi-kryetaren-e-provinces-se-kozences-1.jpg\",\"datePublished\":\"2023-04-12T17:44:35+00:00\",\"dateModified\":\"2023-04-28T08:38:30+00:00\",\"author\":{\"@id\":\"https:\/\/president-ksgov.net\/#\/schema\/person\/1a2c014cffc81ec60d5a452a36d08d92\"},\"description\":\"President Osmani met with the president of the Province of Cosenza and the mayors of Arb\u00ebresh municipalities - President of the Republic of Kosovo - DR. VJOSA OSMANI - SADRIU -\",\"breadcrumb\":{\"@id\":\"https:\/\/president-ksgov.net\/en\/president-osmani-met-with-the-president-of-the-province-of-cosenza-and-the-mayors-of-arberesh-municipalities\/#breadcrumb\"},\"inLanguage\":\"en-US\",\"potentialAction\":[{\"@type\":\"ReadAction\",\"target\":[\"https:\/\/president-ksgov.net\/en\/president-osmani-met-with-the-president-of-the-province-of-cosenza-and-the-mayors-of-arberesh-municipalities\/\"]}]},{\"@type\":\"ImageObject\",\"inLanguage\":\"en-US\",\"@id\":\"https:\/\/president-ksgov.net\/en\/president-osmani-met-with-the-president-of-the-province-of-cosenza-and-the-mayors-of-arberesh-municipalities\/#primaryimage\",\"url\":\"https:\/\/president-ksgov.net\/wp-content\/uploads\/presidentja-osmani-takoi-kryetaren-e-provinces-se-kozences-1.jpg\",\"contentUrl\":\"https:\/\/president-ksgov.net\/wp-content\/uploads\/presidentja-osmani-takoi-kryetaren-e-provinces-se-kozences-1.jpg\",\"width\":2048,\"height\":1363},{\"@type\":\"BreadcrumbList\",\"@id\":\"https:\/\/president-ksgov.net\/en\/president-osmani-met-with-the-president-of-the-province-of-cosenza-and-the-mayors-of-arberesh-municipalities\/#breadcrumb\",\"itemListElement\":[{\"@type\":\"ListItem\",\"position\":1,\"name\":\"Home\",\"item\":\"https:\/\/president-ksgov.net\/en\/\"},{\"@type\":\"ListItem\",\"position\":2,\"name\":\"President Osmani met with the president of the Province of Cosenza and the mayors of Arb\u00ebresh municipalities\"}]},{\"@type\":\"WebSite\",\"@id\":\"https:\/\/president-ksgov.net\/#website\",\"url\":\"https:\/\/president-ksgov.net\/\",\"name\":\"Presidente e Republik\u00ebs s\u00eb Kosov\u00ebs\",\"description\":\"Presidente e Republik\u00ebs s\u00eb Kosov\u00ebs\",\"alternateName\":\"DR. VJOSA OSMANI - SADRIU\",\"potentialAction\":[{\"@type\":\"SearchAction\",\"target\":{\"@type\":\"EntryPoint\",\"urlTemplate\":\"https:\/\/president-ksgov.net\/?s={search_term_string}\"},\"query-input\":{\"@type\":\"PropertyValueSpecification\",\"valueRequired\":true,\"valueName\":\"search_term_string\"}}],\"inLanguage\":\"en-US\"},{\"@type\":\"Person\",\"@id\":\"https:\/\/president-ksgov.net\/#\/schema\/person\/1a2c014cffc81ec60d5a452a36d08d92\",\"name\":\"presidentlogin\",\"image\":{\"@type\":\"ImageObject\",\"inLanguage\":\"en-US\",\"@id\":\"https:\/\/president-ksgov.net\/#\/schema\/person\/image\/\",\"url\":\"https:\/\/secure.gravatar.com\/avatar\/339f00ab0a8a0d5ce1ecff10aa2b4a1f51f58bbd5a57793f8cd6ad624080d807?s=96&d=mm&r=g\",\"contentUrl\":\"https:\/\/secure.gravatar.com\/avatar\/339f00ab0a8a0d5ce1ecff10aa2b4a1f51f58bbd5a57793f8cd6ad624080d807?s=96&d=mm&r=g\",\"caption\":\"presidentlogin\"}}]}<\/script>\n<!-- \/ Yoast SEO plugin. -->","yoast_head_json":{"title":"President Osmani met with the president of the Province of Cosenza and the mayors of Arb\u00ebresh municipalities - President of the Republic of Kosovo - DR. VJOSA OSMANI - SADRIU","description":"President Osmani met with the president of the Province of Cosenza and the mayors of Arb\u00ebresh municipalities - President of the Republic of Kosovo - DR. VJOSA OSMANI - SADRIU -","robots":{"index":"index","follow":"follow","max-snippet":"max-snippet:-1","max-image-preview":"max-image-preview:large","max-video-preview":"max-video-preview:-1"},"canonical":"https:\/\/president-ksgov.net\/en\/president-osmani-met-with-the-president-of-the-province-of-cosenza-and-the-mayors-of-arberesh-municipalities\/","og_locale":"en_US","og_type":"article","og_title":"President Osmani met with the president of the Province of Cosenza and the mayors of Arb\u00ebresh municipalities - President of the Republic of Kosovo - DR. VJOSA OSMANI - SADRIU","og_description":"President Osmani met with the president of the Province of Cosenza and the mayors of Arb\u00ebresh municipalities - President of the Republic of Kosovo - DR. VJOSA OSMANI - SADRIU -","og_url":"https:\/\/president-ksgov.net\/en\/president-osmani-met-with-the-president-of-the-province-of-cosenza-and-the-mayors-of-arberesh-municipalities\/","og_site_name":"President of the Republic of Kosovo - DR. VJOSA OSMANI - SADRIU","article_published_time":"2023-04-12T17:44:35+00:00","article_modified_time":"2023-04-28T08:38:30+00:00","og_image":[{"width":1024,"height":682,"url":"https:\/\/president-ksgov.net\/wp-content\/uploads\/presidentja-osmani-takoi-kryetaren-e-provinces-se-kozences-1-1024x682.jpg","type":"image\/jpeg"}],"author":"presidentlogin","twitter_card":"summary_large_image","twitter_misc":{"Written by":"presidentlogin","Est. reading time":"2 minutes"},"schema":{"@context":"https:\/\/schema.org","@graph":[{"@type":"WebPage","@id":"https:\/\/president-ksgov.net\/en\/president-osmani-met-with-the-president-of-the-province-of-cosenza-and-the-mayors-of-arberesh-municipalities\/","url":"https:\/\/president-ksgov.net\/en\/president-osmani-met-with-the-president-of-the-province-of-cosenza-and-the-mayors-of-arberesh-municipalities\/","name":"President Osmani met with the president of the Province of Cosenza and the mayors of Arb\u00ebresh municipalities - President of the Republic of Kosovo - DR. VJOSA OSMANI - SADRIU","isPartOf":{"@id":"https:\/\/president-ksgov.net\/#website"},"primaryImageOfPage":{"@id":"https:\/\/president-ksgov.net\/en\/president-osmani-met-with-the-president-of-the-province-of-cosenza-and-the-mayors-of-arberesh-municipalities\/#primaryimage"},"image":{"@id":"https:\/\/president-ksgov.net\/en\/president-osmani-met-with-the-president-of-the-province-of-cosenza-and-the-mayors-of-arberesh-municipalities\/#primaryimage"},"thumbnailUrl":"https:\/\/president-ksgov.net\/wp-content\/uploads\/presidentja-osmani-takoi-kryetaren-e-provinces-se-kozences-1.jpg","datePublished":"2023-04-12T17:44:35+00:00","dateModified":"2023-04-28T08:38:30+00:00","author":{"@id":"https:\/\/president-ksgov.net\/#\/schema\/person\/1a2c014cffc81ec60d5a452a36d08d92"},"description":"President Osmani met with the president of the Province of Cosenza and the mayors of Arb\u00ebresh municipalities - President of the Republic of Kosovo - DR. VJOSA OSMANI - SADRIU -","breadcrumb":{"@id":"https:\/\/president-ksgov.net\/en\/president-osmani-met-with-the-president-of-the-province-of-cosenza-and-the-mayors-of-arberesh-municipalities\/#breadcrumb"},"inLanguage":"en-US","potentialAction":[{"@type":"ReadAction","target":["https:\/\/president-ksgov.net\/en\/president-osmani-met-with-the-president-of-the-province-of-cosenza-and-the-mayors-of-arberesh-municipalities\/"]}]},{"@type":"ImageObject","inLanguage":"en-US","@id":"https:\/\/president-ksgov.net\/en\/president-osmani-met-with-the-president-of-the-province-of-cosenza-and-the-mayors-of-arberesh-municipalities\/#primaryimage","url":"https:\/\/president-ksgov.net\/wp-content\/uploads\/presidentja-osmani-takoi-kryetaren-e-provinces-se-kozences-1.jpg","contentUrl":"https:\/\/president-ksgov.net\/wp-content\/uploads\/presidentja-osmani-takoi-kryetaren-e-provinces-se-kozences-1.jpg","width":2048,"height":1363},{"@type":"BreadcrumbList","@id":"https:\/\/president-ksgov.net\/en\/president-osmani-met-with-the-president-of-the-province-of-cosenza-and-the-mayors-of-arberesh-municipalities\/#breadcrumb","itemListElement":[{"@type":"ListItem","position":1,"name":"Home","item":"https:\/\/president-ksgov.net\/en\/"},{"@type":"ListItem","position":2,"name":"President Osmani met with the president of the Province of Cosenza and the mayors of Arb\u00ebresh municipalities"}]},{"@type":"WebSite","@id":"https:\/\/president-ksgov.net\/#website","url":"https:\/\/president-ksgov.net\/","name":"Presidente e Republik\u00ebs s\u00eb Kosov\u00ebs","description":"Presidente e Republik\u00ebs s\u00eb Kosov\u00ebs","alternateName":"DR. VJOSA OSMANI - SADRIU","potentialAction":[{"@type":"SearchAction","target":{"@type":"EntryPoint","urlTemplate":"https:\/\/president-ksgov.net\/?s={search_term_string}"},"query-input":{"@type":"PropertyValueSpecification","valueRequired":true,"valueName":"search_term_string"}}],"inLanguage":"en-US"},{"@type":"Person","@id":"https:\/\/president-ksgov.net\/#\/schema\/person\/1a2c014cffc81ec60d5a452a36d08d92","name":"presidentlogin","image":{"@type":"ImageObject","inLanguage":"en-US","@id":"https:\/\/president-ksgov.net\/#\/schema\/person\/image\/","url":"https:\/\/secure.gravatar.com\/avatar\/339f00ab0a8a0d5ce1ecff10aa2b4a1f51f58bbd5a57793f8cd6ad624080d807?s=96&d=mm&r=g","contentUrl":"https:\/\/secure.gravatar.com\/avatar\/339f00ab0a8a0d5ce1ecff10aa2b4a1f51f58bbd5a57793f8cd6ad624080d807?s=96&d=mm&r=g","caption":"presidentlogin"}}]}},"_links":{"self":[{"href":"https:\/\/president-ksgov.net\/en\/wp-json\/wp\/v2\/posts\/89560","targetHints":{"allow":["GET"]}}],"collection":[{"href":"https:\/\/president-ksgov.net\/en\/wp-json\/wp\/v2\/posts"}],"about":[{"href":"https:\/\/president-ksgov.net\/en\/wp-json\/wp\/v2\/types\/post"}],"author":[{"embeddable":true,"href":"https:\/\/president-ksgov.net\/en\/wp-json\/wp\/v2\/users\/11"}],"replies":[{"embeddable":true,"href":"https:\/\/president-ksgov.net\/en\/wp-json\/wp\/v2\/comments?post=89560"}],"version-history":[{"count":1,"href":"https:\/\/president-ksgov.net\/en\/wp-json\/wp\/v2\/posts\/89560\/revisions"}],"predecessor-version":[{"id":89561,"href":"https:\/\/president-ksgov.net\/en\/wp-json\/wp\/v2\/posts\/89560\/revisions\/89561"}],"wp:featuredmedia":[{"embeddable":true,"href":"https:\/\/president-ksgov.net\/en\/wp-json\/wp\/v2\/media\/88967"}],"wp:attachment":[{"href":"https:\/\/president-ksgov.net\/en\/wp-json\/wp\/v2\/media?parent=89560"}],"wp:term":[{"taxonomy":"category","embeddable":true,"href":"https:\/\/president-ksgov.net\/en\/wp-json\/wp\/v2\/categories?post=89560"},{"taxonomy":"post_tag","embeddable":true,"href":"https:\/\/president-ksgov.net\/en\/wp-json\/wp\/v2\/tags?post=89560"}],"curies":[{"name":"wp","href":"https:\/\/api.w.org\/{rel}","templated":true}]}}