{"id":89538,"date":"2023-04-10T19:36:27","date_gmt":"2023-04-10T17:36:27","guid":{"rendered":"https:\/\/dev.president-ksgov.net\/?p=89538"},"modified":"2023-04-27T14:45:18","modified_gmt":"2023-04-27T12:45:18","slug":"president-osmani-visits-calabria-at-the-invitation-of-the-arberesh-community","status":"publish","type":"post","link":"https:\/\/president-ksgov.net\/en\/president-osmani-visits-calabria-at-the-invitation-of-the-arberesh-community\/","title":{"rendered":"President Osmani visits Calabria, at the invitation of the Arb\u00ebresh community"},"content":{"rendered":"<p><span class=\"text-short\">The President of the Republic of Kosovo, Vjosa Osmani, has travelled to Calabria, Italy, at the invitation of the Arb\u00ebresh community of this region.<\/span><\/p>\n<p>In a special ceremony, which will be organized in the municipality of Frascineto, the President will be awarded the &#8220;Gjergj Kastrioti&#8221; award.<\/p>\n<p>During her stay in Calabria, President Osmani will have separate meetings with the president of the Calabria Region, in Catanzaro, with the president of the Province of Cozenza, as well as with the mayors of Arb\u00ebresh municipalities of this region, with whom she will discuss the possibilities of further expanding the cooperation of our country with the Arb\u00ebresh municipalities of this region.<\/p>\n<p>President Osmani will also have a conversation with the students and teachers of the University of Calabria.<\/p>\n<p>In all these meetings, the President will raise the possibility of Kosovo&#8217;s cooperation with the municipalities of Calabria, in which Arb\u00ebresh people live, as well as the possibilities for Kosovo&#8217;s institutions to help them preserve their linguistic and cultural identity. The collection of the Arb\u00ebresh oral tradition, as well as the registration of linguistic assets, as part of preserving their identity, will be the focus of President Osmani&#8217;s visit.<\/p>\n<p>The president will take part in numerous activities that focus on Arb\u00ebresh tradition, rites and culture.<\/p>\n","protected":false},"excerpt":{"rendered":"<p>The President of the Republic of Kosovo, Vjosa Osmani, has travelled to Calabria, Italy, at the invitation of the Arb\u00ebresh community of this region. In a special ceremony, which will be organized in the municipality of Frascineto, the President will be awarded the &#8220;Gjergj Kastrioti&#8221; award. During her stay in Calabria, President Osmani will have separate meetings with the president of the Calabria Region, in Catanzaro, with the president of the Province of Cozenza, as well as with the mayors of Arb\u00ebresh municipalities of this region, with whom she will discuss the possibilities of further expanding the cooperation of our country with the Arb\u00ebresh municipalities of this region. President Osmani will also have a conversation with the students and teachers of the University of Calabria. In all these meetings, the President will raise the possibility of Kosovo&#8217;s cooperation with the municipalities of Calabria, in which Arb\u00ebresh people live, as well as the possibilities for Kosovo&#8217;s institutions to help them preserve their linguistic and cultural identity. The collection of the Arb\u00ebresh oral tradition, as well as the registration of linguistic assets, as part of preserving their identity, will be the focus of President Osmani&#8217;s visit. The president will take part in numerous activities that focus on Arb\u00ebresh tradition, rites and culture.<\/p>\n","protected":false},"author":11,"featured_media":86338,"comment_status":"closed","ping_status":"closed","sticky":false,"template":"","format":"standard","meta":{"_eb_attr":"","footnotes":""},"categories":[111],"tags":[],"class_list":["post-89538","post","type-post","status-publish","format-standard","has-post-thumbnail","hentry","category-news"],"yoast_head":"<!-- This site is optimized with the Yoast SEO plugin v23.5 - https:\/\/yoast.com\/wordpress\/plugins\/seo\/ -->\n<title>President Osmani visits Calabria, at the invitation of the Arb\u00ebresh community - President of the Republic of Kosovo - DR. VJOSA OSMANI - SADRIU<\/title>\n<meta name=\"description\" content=\"President Osmani visits Calabria, at the invitation of the Arb\u00ebresh community - President of the Republic of Kosovo - DR. VJOSA OSMANI - SADRIU -\" \/>\n<meta name=\"robots\" content=\"index, follow, max-snippet:-1, max-image-preview:large, max-video-preview:-1\" \/>\n<link rel=\"canonical\" href=\"https:\/\/president-ksgov.net\/en\/president-osmani-visits-calabria-at-the-invitation-of-the-arberesh-community\/\" \/>\n<meta property=\"og:locale\" content=\"en_US\" \/>\n<meta property=\"og:type\" content=\"article\" \/>\n<meta property=\"og:title\" content=\"President Osmani visits Calabria, at the invitation of the Arb\u00ebresh community - President of the Republic of Kosovo - DR. VJOSA OSMANI - SADRIU\" \/>\n<meta property=\"og:description\" content=\"President Osmani visits Calabria, at the invitation of the Arb\u00ebresh community - President of the Republic of Kosovo - DR. VJOSA OSMANI - SADRIU -\" \/>\n<meta property=\"og:url\" content=\"https:\/\/president-ksgov.net\/en\/president-osmani-visits-calabria-at-the-invitation-of-the-arberesh-community\/\" \/>\n<meta property=\"og:site_name\" content=\"President of the Republic of Kosovo - DR. VJOSA OSMANI - SADRIU\" \/>\n<meta property=\"article:published_time\" content=\"2023-04-10T17:36:27+00:00\" \/>\n<meta property=\"article:modified_time\" content=\"2023-04-27T12:45:18+00:00\" \/>\n<meta property=\"og:image\" content=\"https:\/\/president-ksgov.net\/wp-content\/uploads\/Zyra-e-Presidentes-Featured-Image1-e1678970937938.png\" \/>\n\t<meta property=\"og:image:width\" content=\"1024\" \/>\n\t<meta property=\"og:image:height\" content=\"716\" \/>\n\t<meta property=\"og:image:type\" content=\"image\/png\" \/>\n<meta name=\"author\" content=\"presidentlogin\" \/>\n<meta name=\"twitter:card\" content=\"summary_large_image\" \/>\n<meta name=\"twitter:label1\" content=\"Written by\" \/>\n\t<meta name=\"twitter:data1\" content=\"presidentlogin\" \/>\n\t<meta name=\"twitter:label2\" content=\"Est. reading time\" \/>\n\t<meta name=\"twitter:data2\" content=\"1 minute\" \/>\n<script type=\"application\/ld+json\" class=\"yoast-schema-graph\">{\"@context\":\"https:\/\/schema.org\",\"@graph\":[{\"@type\":\"WebPage\",\"@id\":\"https:\/\/president-ksgov.net\/en\/president-osmani-visits-calabria-at-the-invitation-of-the-arberesh-community\/\",\"url\":\"https:\/\/president-ksgov.net\/en\/president-osmani-visits-calabria-at-the-invitation-of-the-arberesh-community\/\",\"name\":\"President Osmani visits Calabria, at the invitation of the Arb\u00ebresh community - President of the Republic of Kosovo - DR. VJOSA OSMANI - SADRIU\",\"isPartOf\":{\"@id\":\"https:\/\/president-ksgov.net\/#website\"},\"primaryImageOfPage\":{\"@id\":\"https:\/\/president-ksgov.net\/en\/president-osmani-visits-calabria-at-the-invitation-of-the-arberesh-community\/#primaryimage\"},\"image\":{\"@id\":\"https:\/\/president-ksgov.net\/en\/president-osmani-visits-calabria-at-the-invitation-of-the-arberesh-community\/#primaryimage\"},\"thumbnailUrl\":\"https:\/\/president-ksgov.net\/wp-content\/uploads\/Zyra-e-Presidentes-Featured-Image1-e1678970937938.png\",\"datePublished\":\"2023-04-10T17:36:27+00:00\",\"dateModified\":\"2023-04-27T12:45:18+00:00\",\"author\":{\"@id\":\"https:\/\/president-ksgov.net\/#\/schema\/person\/1a2c014cffc81ec60d5a452a36d08d92\"},\"description\":\"President Osmani visits Calabria, at the invitation of the Arb\u00ebresh community - President of the Republic of Kosovo - DR. VJOSA OSMANI - SADRIU -\",\"breadcrumb\":{\"@id\":\"https:\/\/president-ksgov.net\/en\/president-osmani-visits-calabria-at-the-invitation-of-the-arberesh-community\/#breadcrumb\"},\"inLanguage\":\"en-US\",\"potentialAction\":[{\"@type\":\"ReadAction\",\"target\":[\"https:\/\/president-ksgov.net\/en\/president-osmani-visits-calabria-at-the-invitation-of-the-arberesh-community\/\"]}]},{\"@type\":\"ImageObject\",\"inLanguage\":\"en-US\",\"@id\":\"https:\/\/president-ksgov.net\/en\/president-osmani-visits-calabria-at-the-invitation-of-the-arberesh-community\/#primaryimage\",\"url\":\"https:\/\/president-ksgov.net\/wp-content\/uploads\/Zyra-e-Presidentes-Featured-Image1-e1678970937938.png\",\"contentUrl\":\"https:\/\/president-ksgov.net\/wp-content\/uploads\/Zyra-e-Presidentes-Featured-Image1-e1678970937938.png\",\"width\":1024,\"height\":716},{\"@type\":\"BreadcrumbList\",\"@id\":\"https:\/\/president-ksgov.net\/en\/president-osmani-visits-calabria-at-the-invitation-of-the-arberesh-community\/#breadcrumb\",\"itemListElement\":[{\"@type\":\"ListItem\",\"position\":1,\"name\":\"Home\",\"item\":\"https:\/\/president-ksgov.net\/en\/\"},{\"@type\":\"ListItem\",\"position\":2,\"name\":\"President Osmani visits Calabria, at the invitation of the Arb\u00ebresh community\"}]},{\"@type\":\"WebSite\",\"@id\":\"https:\/\/president-ksgov.net\/#website\",\"url\":\"https:\/\/president-ksgov.net\/\",\"name\":\"Presidente e Republik\u00ebs s\u00eb Kosov\u00ebs\",\"description\":\"Presidente e Republik\u00ebs s\u00eb Kosov\u00ebs\",\"alternateName\":\"DR. VJOSA OSMANI - SADRIU\",\"potentialAction\":[{\"@type\":\"SearchAction\",\"target\":{\"@type\":\"EntryPoint\",\"urlTemplate\":\"https:\/\/president-ksgov.net\/?s={search_term_string}\"},\"query-input\":{\"@type\":\"PropertyValueSpecification\",\"valueRequired\":true,\"valueName\":\"search_term_string\"}}],\"inLanguage\":\"en-US\"},{\"@type\":\"Person\",\"@id\":\"https:\/\/president-ksgov.net\/#\/schema\/person\/1a2c014cffc81ec60d5a452a36d08d92\",\"name\":\"presidentlogin\",\"image\":{\"@type\":\"ImageObject\",\"inLanguage\":\"en-US\",\"@id\":\"https:\/\/president-ksgov.net\/#\/schema\/person\/image\/\",\"url\":\"https:\/\/secure.gravatar.com\/avatar\/339f00ab0a8a0d5ce1ecff10aa2b4a1f51f58bbd5a57793f8cd6ad624080d807?s=96&d=mm&r=g\",\"contentUrl\":\"https:\/\/secure.gravatar.com\/avatar\/339f00ab0a8a0d5ce1ecff10aa2b4a1f51f58bbd5a57793f8cd6ad624080d807?s=96&d=mm&r=g\",\"caption\":\"presidentlogin\"}}]}<\/script>\n<!-- \/ Yoast SEO plugin. -->","yoast_head_json":{"title":"President Osmani visits Calabria, at the invitation of the Arb\u00ebresh community - President of the Republic of Kosovo - DR. VJOSA OSMANI - SADRIU","description":"President Osmani visits Calabria, at the invitation of the Arb\u00ebresh community - President of the Republic of Kosovo - DR. VJOSA OSMANI - SADRIU -","robots":{"index":"index","follow":"follow","max-snippet":"max-snippet:-1","max-image-preview":"max-image-preview:large","max-video-preview":"max-video-preview:-1"},"canonical":"https:\/\/president-ksgov.net\/en\/president-osmani-visits-calabria-at-the-invitation-of-the-arberesh-community\/","og_locale":"en_US","og_type":"article","og_title":"President Osmani visits Calabria, at the invitation of the Arb\u00ebresh community - President of the Republic of Kosovo - DR. VJOSA OSMANI - SADRIU","og_description":"President Osmani visits Calabria, at the invitation of the Arb\u00ebresh community - President of the Republic of Kosovo - DR. VJOSA OSMANI - SADRIU -","og_url":"https:\/\/president-ksgov.net\/en\/president-osmani-visits-calabria-at-the-invitation-of-the-arberesh-community\/","og_site_name":"President of the Republic of Kosovo - DR. VJOSA OSMANI - SADRIU","article_published_time":"2023-04-10T17:36:27+00:00","article_modified_time":"2023-04-27T12:45:18+00:00","og_image":[{"width":1024,"height":716,"url":"https:\/\/president-ksgov.net\/wp-content\/uploads\/Zyra-e-Presidentes-Featured-Image1-e1678970937938.png","type":"image\/png"}],"author":"presidentlogin","twitter_card":"summary_large_image","twitter_misc":{"Written by":"presidentlogin","Est. reading time":"1 minute"},"schema":{"@context":"https:\/\/schema.org","@graph":[{"@type":"WebPage","@id":"https:\/\/president-ksgov.net\/en\/president-osmani-visits-calabria-at-the-invitation-of-the-arberesh-community\/","url":"https:\/\/president-ksgov.net\/en\/president-osmani-visits-calabria-at-the-invitation-of-the-arberesh-community\/","name":"President Osmani visits Calabria, at the invitation of the Arb\u00ebresh community - President of the Republic of Kosovo - DR. VJOSA OSMANI - SADRIU","isPartOf":{"@id":"https:\/\/president-ksgov.net\/#website"},"primaryImageOfPage":{"@id":"https:\/\/president-ksgov.net\/en\/president-osmani-visits-calabria-at-the-invitation-of-the-arberesh-community\/#primaryimage"},"image":{"@id":"https:\/\/president-ksgov.net\/en\/president-osmani-visits-calabria-at-the-invitation-of-the-arberesh-community\/#primaryimage"},"thumbnailUrl":"https:\/\/president-ksgov.net\/wp-content\/uploads\/Zyra-e-Presidentes-Featured-Image1-e1678970937938.png","datePublished":"2023-04-10T17:36:27+00:00","dateModified":"2023-04-27T12:45:18+00:00","author":{"@id":"https:\/\/president-ksgov.net\/#\/schema\/person\/1a2c014cffc81ec60d5a452a36d08d92"},"description":"President Osmani visits Calabria, at the invitation of the Arb\u00ebresh community - President of the Republic of Kosovo - DR. VJOSA OSMANI - SADRIU -","breadcrumb":{"@id":"https:\/\/president-ksgov.net\/en\/president-osmani-visits-calabria-at-the-invitation-of-the-arberesh-community\/#breadcrumb"},"inLanguage":"en-US","potentialAction":[{"@type":"ReadAction","target":["https:\/\/president-ksgov.net\/en\/president-osmani-visits-calabria-at-the-invitation-of-the-arberesh-community\/"]}]},{"@type":"ImageObject","inLanguage":"en-US","@id":"https:\/\/president-ksgov.net\/en\/president-osmani-visits-calabria-at-the-invitation-of-the-arberesh-community\/#primaryimage","url":"https:\/\/president-ksgov.net\/wp-content\/uploads\/Zyra-e-Presidentes-Featured-Image1-e1678970937938.png","contentUrl":"https:\/\/president-ksgov.net\/wp-content\/uploads\/Zyra-e-Presidentes-Featured-Image1-e1678970937938.png","width":1024,"height":716},{"@type":"BreadcrumbList","@id":"https:\/\/president-ksgov.net\/en\/president-osmani-visits-calabria-at-the-invitation-of-the-arberesh-community\/#breadcrumb","itemListElement":[{"@type":"ListItem","position":1,"name":"Home","item":"https:\/\/president-ksgov.net\/en\/"},{"@type":"ListItem","position":2,"name":"President Osmani visits Calabria, at the invitation of the Arb\u00ebresh community"}]},{"@type":"WebSite","@id":"https:\/\/president-ksgov.net\/#website","url":"https:\/\/president-ksgov.net\/","name":"Presidente e Republik\u00ebs s\u00eb Kosov\u00ebs","description":"Presidente e Republik\u00ebs s\u00eb Kosov\u00ebs","alternateName":"DR. VJOSA OSMANI - SADRIU","potentialAction":[{"@type":"SearchAction","target":{"@type":"EntryPoint","urlTemplate":"https:\/\/president-ksgov.net\/?s={search_term_string}"},"query-input":{"@type":"PropertyValueSpecification","valueRequired":true,"valueName":"search_term_string"}}],"inLanguage":"en-US"},{"@type":"Person","@id":"https:\/\/president-ksgov.net\/#\/schema\/person\/1a2c014cffc81ec60d5a452a36d08d92","name":"presidentlogin","image":{"@type":"ImageObject","inLanguage":"en-US","@id":"https:\/\/president-ksgov.net\/#\/schema\/person\/image\/","url":"https:\/\/secure.gravatar.com\/avatar\/339f00ab0a8a0d5ce1ecff10aa2b4a1f51f58bbd5a57793f8cd6ad624080d807?s=96&d=mm&r=g","contentUrl":"https:\/\/secure.gravatar.com\/avatar\/339f00ab0a8a0d5ce1ecff10aa2b4a1f51f58bbd5a57793f8cd6ad624080d807?s=96&d=mm&r=g","caption":"presidentlogin"}}]}},"_links":{"self":[{"href":"https:\/\/president-ksgov.net\/en\/wp-json\/wp\/v2\/posts\/89538","targetHints":{"allow":["GET"]}}],"collection":[{"href":"https:\/\/president-ksgov.net\/en\/wp-json\/wp\/v2\/posts"}],"about":[{"href":"https:\/\/president-ksgov.net\/en\/wp-json\/wp\/v2\/types\/post"}],"author":[{"embeddable":true,"href":"https:\/\/president-ksgov.net\/en\/wp-json\/wp\/v2\/users\/11"}],"replies":[{"embeddable":true,"href":"https:\/\/president-ksgov.net\/en\/wp-json\/wp\/v2\/comments?post=89538"}],"version-history":[{"count":1,"href":"https:\/\/president-ksgov.net\/en\/wp-json\/wp\/v2\/posts\/89538\/revisions"}],"predecessor-version":[{"id":89539,"href":"https:\/\/president-ksgov.net\/en\/wp-json\/wp\/v2\/posts\/89538\/revisions\/89539"}],"wp:featuredmedia":[{"embeddable":true,"href":"https:\/\/president-ksgov.net\/en\/wp-json\/wp\/v2\/media\/86338"}],"wp:attachment":[{"href":"https:\/\/president-ksgov.net\/en\/wp-json\/wp\/v2\/media?parent=89538"}],"wp:term":[{"taxonomy":"category","embeddable":true,"href":"https:\/\/president-ksgov.net\/en\/wp-json\/wp\/v2\/categories?post=89538"},{"taxonomy":"post_tag","embeddable":true,"href":"https:\/\/president-ksgov.net\/en\/wp-json\/wp\/v2\/tags?post=89538"}],"curies":[{"name":"wp","href":"https:\/\/api.w.org\/{rel}","templated":true}]}}