{"id":89515,"date":"2023-04-08T13:30:17","date_gmt":"2023-04-08T11:30:17","guid":{"rendered":"https:\/\/dev.president-ksgov.net\/?p=89515"},"modified":"2023-04-27T14:11:02","modified_gmt":"2023-04-27T12:11:02","slug":"in-honor-of-international-roma-day-president-osmani-hosted-a-delegation-of-representatives-of-the-roma-community","status":"publish","type":"post","link":"https:\/\/president-ksgov.net\/en\/in-honor-of-international-roma-day-president-osmani-hosted-a-delegation-of-representatives-of-the-roma-community\/","title":{"rendered":"In honor of International Roma Day, President Osmani hosted a delegation of representatives of the Roma community"},"content":{"rendered":"<p><span class=\"text-short\">The President of the Republic of Kosovo, Vjosa Osmani, in honor of the International Roma Day, has received in her office a delegation consisting of representatives of the Roma community in the Parliament, the Government and civil society, headed by MP Ergjan Galushi.<\/span><\/p>\n<div id=\"news-gallery\" class=\"ug-gallery-wrapper ug-under-780 ug-theme-grid\">\n<div class=\"ug-strip-panel\">President Osmani expressed heartfelt congratulations on the International Roma Day, thanking the members of the Roma community in Kosovo for their contribution, commitment and their role in the nation-building process in our country. The President reiterated her commitment to increasing cooperation and advancing the protection of the rights of the Roma community, including the protection and cultivation of the Roma language and culture.<\/p>\n<p>Bahtalo 8 Aprili &#8211; Lumiako Dive e Romengo<br \/>\nCongratulations on April 8 &#8211; International Roma Day<\/p><\/div>\n<\/div>\n","protected":false},"excerpt":{"rendered":"<p>The President of the Republic of Kosovo, Vjosa Osmani, in honor of the International Roma Day, has received in her office a delegation consisting of representatives of the Roma community in the Parliament, the Government and civil society, headed by MP Ergjan Galushi. President Osmani expressed heartfelt congratulations on the International Roma Day, thanking the members of the Roma community in Kosovo for their contribution, commitment and their role in the nation-building process in our country. The President reiterated her commitment to increasing cooperation and advancing the protection of the rights of the Roma community, including the protection and cultivation of the Roma language and culture. Bahtalo 8 Aprili &#8211; Lumiako Dive e Romengo Congratulations on April 8 &#8211; International Roma Day<\/p>\n","protected":false},"author":11,"featured_media":88696,"comment_status":"open","ping_status":"closed","sticky":false,"template":"","format":"standard","meta":{"_eb_attr":"","footnotes":""},"categories":[111],"tags":[],"class_list":["post-89515","post","type-post","status-publish","format-standard","has-post-thumbnail","hentry","category-news"],"yoast_head":"<!-- This site is optimized with the Yoast SEO plugin v23.5 - https:\/\/yoast.com\/wordpress\/plugins\/seo\/ -->\n<title>In honor of International Roma Day, President Osmani hosted a delegation of representatives of the Roma community - President of the Republic of Kosovo - DR. VJOSA OSMANI - SADRIU<\/title>\n<meta name=\"description\" content=\"In honor of International Roma Day, President Osmani hosted a delegation of representatives of the Roma community - President of the Republic of Kosovo - DR. VJOSA OSMANI - SADRIU -\" \/>\n<meta name=\"robots\" content=\"index, follow, max-snippet:-1, max-image-preview:large, max-video-preview:-1\" \/>\n<link rel=\"canonical\" href=\"https:\/\/president-ksgov.net\/en\/in-honor-of-international-roma-day-president-osmani-hosted-a-delegation-of-representatives-of-the-roma-community\/\" \/>\n<meta property=\"og:locale\" content=\"en_US\" \/>\n<meta property=\"og:type\" content=\"article\" \/>\n<meta property=\"og:title\" content=\"In honor of International Roma Day, President Osmani hosted a delegation of representatives of the Roma community - President of the Republic of Kosovo - DR. VJOSA OSMANI - SADRIU\" \/>\n<meta property=\"og:description\" content=\"In honor of International Roma Day, President Osmani hosted a delegation of representatives of the Roma community - President of the Republic of Kosovo - DR. VJOSA OSMANI - SADRIU -\" \/>\n<meta property=\"og:url\" content=\"https:\/\/president-ksgov.net\/en\/in-honor-of-international-roma-day-president-osmani-hosted-a-delegation-of-representatives-of-the-roma-community\/\" \/>\n<meta property=\"og:site_name\" content=\"President of the Republic of Kosovo - DR. VJOSA OSMANI - SADRIU\" \/>\n<meta property=\"article:published_time\" content=\"2023-04-08T11:30:17+00:00\" \/>\n<meta property=\"article:modified_time\" content=\"2023-04-27T12:11:02+00:00\" \/>\n<meta property=\"og:image\" content=\"https:\/\/president-ksgov.net\/wp-content\/uploads\/presidentja-osmani-dita-nderkombetare-1-1024x683.jpg\" \/>\n\t<meta property=\"og:image:width\" content=\"1024\" \/>\n\t<meta property=\"og:image:height\" content=\"683\" \/>\n\t<meta property=\"og:image:type\" content=\"image\/jpeg\" \/>\n<meta name=\"author\" content=\"presidentlogin\" \/>\n<meta name=\"twitter:card\" content=\"summary_large_image\" \/>\n<meta name=\"twitter:label1\" content=\"Written by\" \/>\n\t<meta name=\"twitter:data1\" content=\"presidentlogin\" \/>\n\t<meta name=\"twitter:label2\" content=\"Est. reading time\" \/>\n\t<meta name=\"twitter:data2\" content=\"1 minute\" \/>\n<script type=\"application\/ld+json\" class=\"yoast-schema-graph\">{\"@context\":\"https:\/\/schema.org\",\"@graph\":[{\"@type\":\"WebPage\",\"@id\":\"https:\/\/president-ksgov.net\/en\/in-honor-of-international-roma-day-president-osmani-hosted-a-delegation-of-representatives-of-the-roma-community\/\",\"url\":\"https:\/\/president-ksgov.net\/en\/in-honor-of-international-roma-day-president-osmani-hosted-a-delegation-of-representatives-of-the-roma-community\/\",\"name\":\"In honor of International Roma Day, President Osmani hosted a delegation of representatives of the Roma community - President of the Republic of Kosovo - DR. VJOSA OSMANI - SADRIU\",\"isPartOf\":{\"@id\":\"https:\/\/president-ksgov.net\/#website\"},\"primaryImageOfPage\":{\"@id\":\"https:\/\/president-ksgov.net\/en\/in-honor-of-international-roma-day-president-osmani-hosted-a-delegation-of-representatives-of-the-roma-community\/#primaryimage\"},\"image\":{\"@id\":\"https:\/\/president-ksgov.net\/en\/in-honor-of-international-roma-day-president-osmani-hosted-a-delegation-of-representatives-of-the-roma-community\/#primaryimage\"},\"thumbnailUrl\":\"https:\/\/president-ksgov.net\/wp-content\/uploads\/presidentja-osmani-dita-nderkombetare-1.jpg\",\"datePublished\":\"2023-04-08T11:30:17+00:00\",\"dateModified\":\"2023-04-27T12:11:02+00:00\",\"author\":{\"@id\":\"https:\/\/president-ksgov.net\/#\/schema\/person\/1a2c014cffc81ec60d5a452a36d08d92\"},\"description\":\"In honor of International Roma Day, President Osmani hosted a delegation of representatives of the Roma community - President of the Republic of Kosovo - DR. VJOSA OSMANI - SADRIU -\",\"breadcrumb\":{\"@id\":\"https:\/\/president-ksgov.net\/en\/in-honor-of-international-roma-day-president-osmani-hosted-a-delegation-of-representatives-of-the-roma-community\/#breadcrumb\"},\"inLanguage\":\"en-US\",\"potentialAction\":[{\"@type\":\"ReadAction\",\"target\":[\"https:\/\/president-ksgov.net\/en\/in-honor-of-international-roma-day-president-osmani-hosted-a-delegation-of-representatives-of-the-roma-community\/\"]}]},{\"@type\":\"ImageObject\",\"inLanguage\":\"en-US\",\"@id\":\"https:\/\/president-ksgov.net\/en\/in-honor-of-international-roma-day-president-osmani-hosted-a-delegation-of-representatives-of-the-roma-community\/#primaryimage\",\"url\":\"https:\/\/president-ksgov.net\/wp-content\/uploads\/presidentja-osmani-dita-nderkombetare-1.jpg\",\"contentUrl\":\"https:\/\/president-ksgov.net\/wp-content\/uploads\/presidentja-osmani-dita-nderkombetare-1.jpg\",\"width\":2500,\"height\":1667},{\"@type\":\"BreadcrumbList\",\"@id\":\"https:\/\/president-ksgov.net\/en\/in-honor-of-international-roma-day-president-osmani-hosted-a-delegation-of-representatives-of-the-roma-community\/#breadcrumb\",\"itemListElement\":[{\"@type\":\"ListItem\",\"position\":1,\"name\":\"Home\",\"item\":\"https:\/\/president-ksgov.net\/en\/\"},{\"@type\":\"ListItem\",\"position\":2,\"name\":\"In honor of International Roma Day, President Osmani hosted a delegation of representatives of the Roma community\"}]},{\"@type\":\"WebSite\",\"@id\":\"https:\/\/president-ksgov.net\/#website\",\"url\":\"https:\/\/president-ksgov.net\/\",\"name\":\"Presidente e Republik\u00ebs s\u00eb Kosov\u00ebs\",\"description\":\"Presidente e Republik\u00ebs s\u00eb Kosov\u00ebs\",\"alternateName\":\"DR. VJOSA OSMANI - SADRIU\",\"potentialAction\":[{\"@type\":\"SearchAction\",\"target\":{\"@type\":\"EntryPoint\",\"urlTemplate\":\"https:\/\/president-ksgov.net\/?s={search_term_string}\"},\"query-input\":{\"@type\":\"PropertyValueSpecification\",\"valueRequired\":true,\"valueName\":\"search_term_string\"}}],\"inLanguage\":\"en-US\"},{\"@type\":\"Person\",\"@id\":\"https:\/\/president-ksgov.net\/#\/schema\/person\/1a2c014cffc81ec60d5a452a36d08d92\",\"name\":\"presidentlogin\",\"image\":{\"@type\":\"ImageObject\",\"inLanguage\":\"en-US\",\"@id\":\"https:\/\/president-ksgov.net\/#\/schema\/person\/image\/\",\"url\":\"https:\/\/secure.gravatar.com\/avatar\/339f00ab0a8a0d5ce1ecff10aa2b4a1f51f58bbd5a57793f8cd6ad624080d807?s=96&d=mm&r=g\",\"contentUrl\":\"https:\/\/secure.gravatar.com\/avatar\/339f00ab0a8a0d5ce1ecff10aa2b4a1f51f58bbd5a57793f8cd6ad624080d807?s=96&d=mm&r=g\",\"caption\":\"presidentlogin\"}}]}<\/script>\n<!-- \/ Yoast SEO plugin. -->","yoast_head_json":{"title":"In honor of International Roma Day, President Osmani hosted a delegation of representatives of the Roma community - President of the Republic of Kosovo - DR. VJOSA OSMANI - SADRIU","description":"In honor of International Roma Day, President Osmani hosted a delegation of representatives of the Roma community - President of the Republic of Kosovo - DR. VJOSA OSMANI - SADRIU -","robots":{"index":"index","follow":"follow","max-snippet":"max-snippet:-1","max-image-preview":"max-image-preview:large","max-video-preview":"max-video-preview:-1"},"canonical":"https:\/\/president-ksgov.net\/en\/in-honor-of-international-roma-day-president-osmani-hosted-a-delegation-of-representatives-of-the-roma-community\/","og_locale":"en_US","og_type":"article","og_title":"In honor of International Roma Day, President Osmani hosted a delegation of representatives of the Roma community - President of the Republic of Kosovo - DR. VJOSA OSMANI - SADRIU","og_description":"In honor of International Roma Day, President Osmani hosted a delegation of representatives of the Roma community - President of the Republic of Kosovo - DR. VJOSA OSMANI - SADRIU -","og_url":"https:\/\/president-ksgov.net\/en\/in-honor-of-international-roma-day-president-osmani-hosted-a-delegation-of-representatives-of-the-roma-community\/","og_site_name":"President of the Republic of Kosovo - DR. VJOSA OSMANI - SADRIU","article_published_time":"2023-04-08T11:30:17+00:00","article_modified_time":"2023-04-27T12:11:02+00:00","og_image":[{"width":1024,"height":683,"url":"https:\/\/president-ksgov.net\/wp-content\/uploads\/presidentja-osmani-dita-nderkombetare-1-1024x683.jpg","type":"image\/jpeg"}],"author":"presidentlogin","twitter_card":"summary_large_image","twitter_misc":{"Written by":"presidentlogin","Est. reading time":"1 minute"},"schema":{"@context":"https:\/\/schema.org","@graph":[{"@type":"WebPage","@id":"https:\/\/president-ksgov.net\/en\/in-honor-of-international-roma-day-president-osmani-hosted-a-delegation-of-representatives-of-the-roma-community\/","url":"https:\/\/president-ksgov.net\/en\/in-honor-of-international-roma-day-president-osmani-hosted-a-delegation-of-representatives-of-the-roma-community\/","name":"In honor of International Roma Day, President Osmani hosted a delegation of representatives of the Roma community - President of the Republic of Kosovo - DR. VJOSA OSMANI - SADRIU","isPartOf":{"@id":"https:\/\/president-ksgov.net\/#website"},"primaryImageOfPage":{"@id":"https:\/\/president-ksgov.net\/en\/in-honor-of-international-roma-day-president-osmani-hosted-a-delegation-of-representatives-of-the-roma-community\/#primaryimage"},"image":{"@id":"https:\/\/president-ksgov.net\/en\/in-honor-of-international-roma-day-president-osmani-hosted-a-delegation-of-representatives-of-the-roma-community\/#primaryimage"},"thumbnailUrl":"https:\/\/president-ksgov.net\/wp-content\/uploads\/presidentja-osmani-dita-nderkombetare-1.jpg","datePublished":"2023-04-08T11:30:17+00:00","dateModified":"2023-04-27T12:11:02+00:00","author":{"@id":"https:\/\/president-ksgov.net\/#\/schema\/person\/1a2c014cffc81ec60d5a452a36d08d92"},"description":"In honor of International Roma Day, President Osmani hosted a delegation of representatives of the Roma community - President of the Republic of Kosovo - DR. VJOSA OSMANI - SADRIU -","breadcrumb":{"@id":"https:\/\/president-ksgov.net\/en\/in-honor-of-international-roma-day-president-osmani-hosted-a-delegation-of-representatives-of-the-roma-community\/#breadcrumb"},"inLanguage":"en-US","potentialAction":[{"@type":"ReadAction","target":["https:\/\/president-ksgov.net\/en\/in-honor-of-international-roma-day-president-osmani-hosted-a-delegation-of-representatives-of-the-roma-community\/"]}]},{"@type":"ImageObject","inLanguage":"en-US","@id":"https:\/\/president-ksgov.net\/en\/in-honor-of-international-roma-day-president-osmani-hosted-a-delegation-of-representatives-of-the-roma-community\/#primaryimage","url":"https:\/\/president-ksgov.net\/wp-content\/uploads\/presidentja-osmani-dita-nderkombetare-1.jpg","contentUrl":"https:\/\/president-ksgov.net\/wp-content\/uploads\/presidentja-osmani-dita-nderkombetare-1.jpg","width":2500,"height":1667},{"@type":"BreadcrumbList","@id":"https:\/\/president-ksgov.net\/en\/in-honor-of-international-roma-day-president-osmani-hosted-a-delegation-of-representatives-of-the-roma-community\/#breadcrumb","itemListElement":[{"@type":"ListItem","position":1,"name":"Home","item":"https:\/\/president-ksgov.net\/en\/"},{"@type":"ListItem","position":2,"name":"In honor of International Roma Day, President Osmani hosted a delegation of representatives of the Roma community"}]},{"@type":"WebSite","@id":"https:\/\/president-ksgov.net\/#website","url":"https:\/\/president-ksgov.net\/","name":"Presidente e Republik\u00ebs s\u00eb Kosov\u00ebs","description":"Presidente e Republik\u00ebs s\u00eb Kosov\u00ebs","alternateName":"DR. VJOSA OSMANI - SADRIU","potentialAction":[{"@type":"SearchAction","target":{"@type":"EntryPoint","urlTemplate":"https:\/\/president-ksgov.net\/?s={search_term_string}"},"query-input":{"@type":"PropertyValueSpecification","valueRequired":true,"valueName":"search_term_string"}}],"inLanguage":"en-US"},{"@type":"Person","@id":"https:\/\/president-ksgov.net\/#\/schema\/person\/1a2c014cffc81ec60d5a452a36d08d92","name":"presidentlogin","image":{"@type":"ImageObject","inLanguage":"en-US","@id":"https:\/\/president-ksgov.net\/#\/schema\/person\/image\/","url":"https:\/\/secure.gravatar.com\/avatar\/339f00ab0a8a0d5ce1ecff10aa2b4a1f51f58bbd5a57793f8cd6ad624080d807?s=96&d=mm&r=g","contentUrl":"https:\/\/secure.gravatar.com\/avatar\/339f00ab0a8a0d5ce1ecff10aa2b4a1f51f58bbd5a57793f8cd6ad624080d807?s=96&d=mm&r=g","caption":"presidentlogin"}}]}},"_links":{"self":[{"href":"https:\/\/president-ksgov.net\/en\/wp-json\/wp\/v2\/posts\/89515","targetHints":{"allow":["GET"]}}],"collection":[{"href":"https:\/\/president-ksgov.net\/en\/wp-json\/wp\/v2\/posts"}],"about":[{"href":"https:\/\/president-ksgov.net\/en\/wp-json\/wp\/v2\/types\/post"}],"author":[{"embeddable":true,"href":"https:\/\/president-ksgov.net\/en\/wp-json\/wp\/v2\/users\/11"}],"replies":[{"embeddable":true,"href":"https:\/\/president-ksgov.net\/en\/wp-json\/wp\/v2\/comments?post=89515"}],"version-history":[{"count":1,"href":"https:\/\/president-ksgov.net\/en\/wp-json\/wp\/v2\/posts\/89515\/revisions"}],"predecessor-version":[{"id":89516,"href":"https:\/\/president-ksgov.net\/en\/wp-json\/wp\/v2\/posts\/89515\/revisions\/89516"}],"wp:featuredmedia":[{"embeddable":true,"href":"https:\/\/president-ksgov.net\/en\/wp-json\/wp\/v2\/media\/88696"}],"wp:attachment":[{"href":"https:\/\/president-ksgov.net\/en\/wp-json\/wp\/v2\/media?parent=89515"}],"wp:term":[{"taxonomy":"category","embeddable":true,"href":"https:\/\/president-ksgov.net\/en\/wp-json\/wp\/v2\/categories?post=89515"},{"taxonomy":"post_tag","embeddable":true,"href":"https:\/\/president-ksgov.net\/en\/wp-json\/wp\/v2\/tags?post=89515"}],"curies":[{"name":"wp","href":"https:\/\/api.w.org\/{rel}","templated":true}]}}