{"id":87233,"date":"2023-03-22T16:12:45","date_gmt":"2023-03-22T15:12:45","guid":{"rendered":"https:\/\/dev.president-ksgov.net\/?p=87233"},"modified":"2023-03-23T09:04:46","modified_gmt":"2023-03-23T08:04:46","slug":"brigadier-general-sefer-isufi-is-appointed-as-a-military-adviser-to-the-president","status":"publish","type":"post","link":"https:\/\/president-ksgov.net\/en\/brigadier-general-sefer-isufi-is-appointed-as-a-military-adviser-to-the-president\/","title":{"rendered":"Brigadier General Sefer Isufi is appointed as a military adviser to the President"},"content":{"rendered":"<div>At the request of the President of the Republic of Kosovo and at the same time the Supreme Commander of the Kosovo Security Force Vjosa Osmani, theKSF has assigned Brigadier General Sefer Isufi, a member of the military personnel, to serve as a military advisor to the President.<\/p>\n<p>Brigadier General Sefer Isufi has a long military experience and is a graduate in the field of security at the Army War College and the Defense University of T\u00fcrkiye, respectively the Institute for Command and Strategic Direction of the Armed Forces in Istanbul.<\/p>\n<p>Throughout his career at the Ministry of Defense and at the General Headquarters of the Kosovo Security Force, General Isufi has carried out tasks with utmost responsibility in the design of defense policies and plans as well as their implementation at the strategic and operational levels.<\/p>\n<p>President Osmani, welcoming General Isufi, emphasized that his professional experience will contribute even more to the development and implementation of state policies in the fields of defense and security.<\/p><\/div>\n","protected":false},"excerpt":{"rendered":"<p>At the request of the President of the Republic of Kosovo and at the same time the Supreme Commander of the Kosovo Security Force Vjosa Osmani, theKSF has assigned Brigadier General Sefer Isufi, a member of the military personnel, to serve as a military advisor to the President. Brigadier General Sefer Isufi has a long military experience and is a graduate in the field of security at the Army War College and the Defense University of T\u00fcrkiye, respectively the Institute for Command and Strategic Direction of the Armed Forces in Istanbul. Throughout his career at the Ministry of Defense and at the General Headquarters of the Kosovo Security Force, General Isufi has carried out tasks with utmost responsibility in the design of defense policies and plans as well as their implementation at the strategic and operational levels. President Osmani, welcoming General Isufi, emphasized that his professional experience will contribute even more to the development and implementation of state policies in the fields of defense and security.<\/p>\n","protected":false},"author":11,"featured_media":87229,"comment_status":"open","ping_status":"closed","sticky":false,"template":"","format":"standard","meta":{"_eb_attr":"","footnotes":""},"categories":[111],"tags":[],"class_list":["post-87233","post","type-post","status-publish","format-standard","has-post-thumbnail","hentry","category-news"],"yoast_head":"<!-- This site is optimized with the Yoast SEO plugin v23.5 - https:\/\/yoast.com\/wordpress\/plugins\/seo\/ -->\n<title>Brigadier General Sefer Isufi is appointed as a military adviser to the President - President of the Republic of Kosovo - DR. VJOSA OSMANI - SADRIU<\/title>\n<meta name=\"description\" content=\"Brigadier General Sefer Isufi is appointed as a military adviser to the President - President of the Republic of Kosovo - DR. VJOSA OSMANI - SADRIU -\" \/>\n<meta name=\"robots\" content=\"index, follow, max-snippet:-1, max-image-preview:large, max-video-preview:-1\" \/>\n<link rel=\"canonical\" href=\"https:\/\/president-ksgov.net\/en\/brigadier-general-sefer-isufi-is-appointed-as-a-military-adviser-to-the-president\/\" \/>\n<meta property=\"og:locale\" content=\"en_US\" \/>\n<meta property=\"og:type\" content=\"article\" \/>\n<meta property=\"og:title\" content=\"Brigadier General Sefer Isufi is appointed as a military adviser to the President - President of the Republic of Kosovo - DR. VJOSA OSMANI - SADRIU\" \/>\n<meta property=\"og:description\" content=\"Brigadier General Sefer Isufi is appointed as a military adviser to the President - President of the Republic of Kosovo - DR. VJOSA OSMANI - SADRIU -\" \/>\n<meta property=\"og:url\" content=\"https:\/\/president-ksgov.net\/en\/brigadier-general-sefer-isufi-is-appointed-as-a-military-adviser-to-the-president\/\" \/>\n<meta property=\"og:site_name\" content=\"President of the Republic of Kosovo - DR. VJOSA OSMANI - SADRIU\" \/>\n<meta property=\"article:published_time\" content=\"2023-03-22T15:12:45+00:00\" \/>\n<meta property=\"article:modified_time\" content=\"2023-03-23T08:04:46+00:00\" \/>\n<meta property=\"og:image\" content=\"https:\/\/president-ksgov.net\/wp-content\/uploads\/DSC_0554-scaled.jpg\" \/>\n\t<meta property=\"og:image:width\" content=\"2560\" \/>\n\t<meta property=\"og:image:height\" content=\"1707\" \/>\n\t<meta property=\"og:image:type\" content=\"image\/jpeg\" \/>\n<meta name=\"author\" content=\"presidentlogin\" \/>\n<meta name=\"twitter:card\" content=\"summary_large_image\" \/>\n<meta name=\"twitter:label1\" content=\"Written by\" \/>\n\t<meta name=\"twitter:data1\" content=\"presidentlogin\" \/>\n\t<meta name=\"twitter:label2\" content=\"Est. reading time\" \/>\n\t<meta name=\"twitter:data2\" content=\"1 minute\" \/>\n<script type=\"application\/ld+json\" class=\"yoast-schema-graph\">{\"@context\":\"https:\/\/schema.org\",\"@graph\":[{\"@type\":\"WebPage\",\"@id\":\"https:\/\/president-ksgov.net\/en\/brigadier-general-sefer-isufi-is-appointed-as-a-military-adviser-to-the-president\/\",\"url\":\"https:\/\/president-ksgov.net\/en\/brigadier-general-sefer-isufi-is-appointed-as-a-military-adviser-to-the-president\/\",\"name\":\"Brigadier General Sefer Isufi is appointed as a military adviser to the President - President of the Republic of Kosovo - DR. VJOSA OSMANI - SADRIU\",\"isPartOf\":{\"@id\":\"https:\/\/president-ksgov.net\/#website\"},\"primaryImageOfPage\":{\"@id\":\"https:\/\/president-ksgov.net\/en\/brigadier-general-sefer-isufi-is-appointed-as-a-military-adviser-to-the-president\/#primaryimage\"},\"image\":{\"@id\":\"https:\/\/president-ksgov.net\/en\/brigadier-general-sefer-isufi-is-appointed-as-a-military-adviser-to-the-president\/#primaryimage\"},\"thumbnailUrl\":\"https:\/\/president-ksgov.net\/wp-content\/uploads\/DSC_0554-scaled.jpg\",\"datePublished\":\"2023-03-22T15:12:45+00:00\",\"dateModified\":\"2023-03-23T08:04:46+00:00\",\"author\":{\"@id\":\"https:\/\/president-ksgov.net\/#\/schema\/person\/1a2c014cffc81ec60d5a452a36d08d92\"},\"description\":\"Brigadier General Sefer Isufi is appointed as a military adviser to the President - President of the Republic of Kosovo - DR. VJOSA OSMANI - SADRIU -\",\"breadcrumb\":{\"@id\":\"https:\/\/president-ksgov.net\/en\/brigadier-general-sefer-isufi-is-appointed-as-a-military-adviser-to-the-president\/#breadcrumb\"},\"inLanguage\":\"en-US\",\"potentialAction\":[{\"@type\":\"ReadAction\",\"target\":[\"https:\/\/president-ksgov.net\/en\/brigadier-general-sefer-isufi-is-appointed-as-a-military-adviser-to-the-president\/\"]}]},{\"@type\":\"ImageObject\",\"inLanguage\":\"en-US\",\"@id\":\"https:\/\/president-ksgov.net\/en\/brigadier-general-sefer-isufi-is-appointed-as-a-military-adviser-to-the-president\/#primaryimage\",\"url\":\"https:\/\/president-ksgov.net\/wp-content\/uploads\/DSC_0554-scaled.jpg\",\"contentUrl\":\"https:\/\/president-ksgov.net\/wp-content\/uploads\/DSC_0554-scaled.jpg\",\"width\":2560,\"height\":1707},{\"@type\":\"BreadcrumbList\",\"@id\":\"https:\/\/president-ksgov.net\/en\/brigadier-general-sefer-isufi-is-appointed-as-a-military-adviser-to-the-president\/#breadcrumb\",\"itemListElement\":[{\"@type\":\"ListItem\",\"position\":1,\"name\":\"Home\",\"item\":\"https:\/\/president-ksgov.net\/en\/\"},{\"@type\":\"ListItem\",\"position\":2,\"name\":\"Brigadier General Sefer Isufi is appointed as a military adviser to the President\"}]},{\"@type\":\"WebSite\",\"@id\":\"https:\/\/president-ksgov.net\/#website\",\"url\":\"https:\/\/president-ksgov.net\/\",\"name\":\"Presidente e Republik\u00ebs s\u00eb Kosov\u00ebs\",\"description\":\"Presidente e Republik\u00ebs s\u00eb Kosov\u00ebs\",\"alternateName\":\"DR. VJOSA OSMANI - SADRIU\",\"potentialAction\":[{\"@type\":\"SearchAction\",\"target\":{\"@type\":\"EntryPoint\",\"urlTemplate\":\"https:\/\/president-ksgov.net\/?s={search_term_string}\"},\"query-input\":{\"@type\":\"PropertyValueSpecification\",\"valueRequired\":true,\"valueName\":\"search_term_string\"}}],\"inLanguage\":\"en-US\"},{\"@type\":\"Person\",\"@id\":\"https:\/\/president-ksgov.net\/#\/schema\/person\/1a2c014cffc81ec60d5a452a36d08d92\",\"name\":\"presidentlogin\",\"image\":{\"@type\":\"ImageObject\",\"inLanguage\":\"en-US\",\"@id\":\"https:\/\/president-ksgov.net\/#\/schema\/person\/image\/\",\"url\":\"https:\/\/secure.gravatar.com\/avatar\/339f00ab0a8a0d5ce1ecff10aa2b4a1f51f58bbd5a57793f8cd6ad624080d807?s=96&d=mm&r=g\",\"contentUrl\":\"https:\/\/secure.gravatar.com\/avatar\/339f00ab0a8a0d5ce1ecff10aa2b4a1f51f58bbd5a57793f8cd6ad624080d807?s=96&d=mm&r=g\",\"caption\":\"presidentlogin\"}}]}<\/script>\n<!-- \/ Yoast SEO plugin. -->","yoast_head_json":{"title":"Brigadier General Sefer Isufi is appointed as a military adviser to the President - President of the Republic of Kosovo - DR. VJOSA OSMANI - SADRIU","description":"Brigadier General Sefer Isufi is appointed as a military adviser to the President - President of the Republic of Kosovo - DR. VJOSA OSMANI - SADRIU -","robots":{"index":"index","follow":"follow","max-snippet":"max-snippet:-1","max-image-preview":"max-image-preview:large","max-video-preview":"max-video-preview:-1"},"canonical":"https:\/\/president-ksgov.net\/en\/brigadier-general-sefer-isufi-is-appointed-as-a-military-adviser-to-the-president\/","og_locale":"en_US","og_type":"article","og_title":"Brigadier General Sefer Isufi is appointed as a military adviser to the President - President of the Republic of Kosovo - DR. VJOSA OSMANI - SADRIU","og_description":"Brigadier General Sefer Isufi is appointed as a military adviser to the President - President of the Republic of Kosovo - DR. VJOSA OSMANI - SADRIU -","og_url":"https:\/\/president-ksgov.net\/en\/brigadier-general-sefer-isufi-is-appointed-as-a-military-adviser-to-the-president\/","og_site_name":"President of the Republic of Kosovo - DR. VJOSA OSMANI - SADRIU","article_published_time":"2023-03-22T15:12:45+00:00","article_modified_time":"2023-03-23T08:04:46+00:00","og_image":[{"width":2560,"height":1707,"url":"https:\/\/president-ksgov.net\/wp-content\/uploads\/DSC_0554-scaled.jpg","type":"image\/jpeg"}],"author":"presidentlogin","twitter_card":"summary_large_image","twitter_misc":{"Written by":"presidentlogin","Est. reading time":"1 minute"},"schema":{"@context":"https:\/\/schema.org","@graph":[{"@type":"WebPage","@id":"https:\/\/president-ksgov.net\/en\/brigadier-general-sefer-isufi-is-appointed-as-a-military-adviser-to-the-president\/","url":"https:\/\/president-ksgov.net\/en\/brigadier-general-sefer-isufi-is-appointed-as-a-military-adviser-to-the-president\/","name":"Brigadier General Sefer Isufi is appointed as a military adviser to the President - President of the Republic of Kosovo - DR. VJOSA OSMANI - SADRIU","isPartOf":{"@id":"https:\/\/president-ksgov.net\/#website"},"primaryImageOfPage":{"@id":"https:\/\/president-ksgov.net\/en\/brigadier-general-sefer-isufi-is-appointed-as-a-military-adviser-to-the-president\/#primaryimage"},"image":{"@id":"https:\/\/president-ksgov.net\/en\/brigadier-general-sefer-isufi-is-appointed-as-a-military-adviser-to-the-president\/#primaryimage"},"thumbnailUrl":"https:\/\/president-ksgov.net\/wp-content\/uploads\/DSC_0554-scaled.jpg","datePublished":"2023-03-22T15:12:45+00:00","dateModified":"2023-03-23T08:04:46+00:00","author":{"@id":"https:\/\/president-ksgov.net\/#\/schema\/person\/1a2c014cffc81ec60d5a452a36d08d92"},"description":"Brigadier General Sefer Isufi is appointed as a military adviser to the President - President of the Republic of Kosovo - DR. VJOSA OSMANI - SADRIU -","breadcrumb":{"@id":"https:\/\/president-ksgov.net\/en\/brigadier-general-sefer-isufi-is-appointed-as-a-military-adviser-to-the-president\/#breadcrumb"},"inLanguage":"en-US","potentialAction":[{"@type":"ReadAction","target":["https:\/\/president-ksgov.net\/en\/brigadier-general-sefer-isufi-is-appointed-as-a-military-adviser-to-the-president\/"]}]},{"@type":"ImageObject","inLanguage":"en-US","@id":"https:\/\/president-ksgov.net\/en\/brigadier-general-sefer-isufi-is-appointed-as-a-military-adviser-to-the-president\/#primaryimage","url":"https:\/\/president-ksgov.net\/wp-content\/uploads\/DSC_0554-scaled.jpg","contentUrl":"https:\/\/president-ksgov.net\/wp-content\/uploads\/DSC_0554-scaled.jpg","width":2560,"height":1707},{"@type":"BreadcrumbList","@id":"https:\/\/president-ksgov.net\/en\/brigadier-general-sefer-isufi-is-appointed-as-a-military-adviser-to-the-president\/#breadcrumb","itemListElement":[{"@type":"ListItem","position":1,"name":"Home","item":"https:\/\/president-ksgov.net\/en\/"},{"@type":"ListItem","position":2,"name":"Brigadier General Sefer Isufi is appointed as a military adviser to the President"}]},{"@type":"WebSite","@id":"https:\/\/president-ksgov.net\/#website","url":"https:\/\/president-ksgov.net\/","name":"Presidente e Republik\u00ebs s\u00eb Kosov\u00ebs","description":"Presidente e Republik\u00ebs s\u00eb Kosov\u00ebs","alternateName":"DR. VJOSA OSMANI - SADRIU","potentialAction":[{"@type":"SearchAction","target":{"@type":"EntryPoint","urlTemplate":"https:\/\/president-ksgov.net\/?s={search_term_string}"},"query-input":{"@type":"PropertyValueSpecification","valueRequired":true,"valueName":"search_term_string"}}],"inLanguage":"en-US"},{"@type":"Person","@id":"https:\/\/president-ksgov.net\/#\/schema\/person\/1a2c014cffc81ec60d5a452a36d08d92","name":"presidentlogin","image":{"@type":"ImageObject","inLanguage":"en-US","@id":"https:\/\/president-ksgov.net\/#\/schema\/person\/image\/","url":"https:\/\/secure.gravatar.com\/avatar\/339f00ab0a8a0d5ce1ecff10aa2b4a1f51f58bbd5a57793f8cd6ad624080d807?s=96&d=mm&r=g","contentUrl":"https:\/\/secure.gravatar.com\/avatar\/339f00ab0a8a0d5ce1ecff10aa2b4a1f51f58bbd5a57793f8cd6ad624080d807?s=96&d=mm&r=g","caption":"presidentlogin"}}]}},"_links":{"self":[{"href":"https:\/\/president-ksgov.net\/en\/wp-json\/wp\/v2\/posts\/87233","targetHints":{"allow":["GET"]}}],"collection":[{"href":"https:\/\/president-ksgov.net\/en\/wp-json\/wp\/v2\/posts"}],"about":[{"href":"https:\/\/president-ksgov.net\/en\/wp-json\/wp\/v2\/types\/post"}],"author":[{"embeddable":true,"href":"https:\/\/president-ksgov.net\/en\/wp-json\/wp\/v2\/users\/11"}],"replies":[{"embeddable":true,"href":"https:\/\/president-ksgov.net\/en\/wp-json\/wp\/v2\/comments?post=87233"}],"version-history":[{"count":2,"href":"https:\/\/president-ksgov.net\/en\/wp-json\/wp\/v2\/posts\/87233\/revisions"}],"predecessor-version":[{"id":87235,"href":"https:\/\/president-ksgov.net\/en\/wp-json\/wp\/v2\/posts\/87233\/revisions\/87235"}],"wp:featuredmedia":[{"embeddable":true,"href":"https:\/\/president-ksgov.net\/en\/wp-json\/wp\/v2\/media\/87229"}],"wp:attachment":[{"href":"https:\/\/president-ksgov.net\/en\/wp-json\/wp\/v2\/media?parent=87233"}],"wp:term":[{"taxonomy":"category","embeddable":true,"href":"https:\/\/president-ksgov.net\/en\/wp-json\/wp\/v2\/categories?post=87233"},{"taxonomy":"post_tag","embeddable":true,"href":"https:\/\/president-ksgov.net\/en\/wp-json\/wp\/v2\/tags?post=87233"}],"curies":[{"name":"wp","href":"https:\/\/api.w.org\/{rel}","templated":true}]}}