{"id":86777,"date":"2023-03-17T15:11:43","date_gmt":"2023-03-17T14:11:43","guid":{"rendered":"https:\/\/dev.president-ksgov.net\/?p=86777"},"modified":"2023-03-17T15:47:03","modified_gmt":"2023-03-17T14:47:03","slug":"joint-media-statement-by-president-vjosa-osmani-and-the-us-deputy-assistant-secretary-of-state-gabriel-escobar","status":"publish","type":"post","link":"https:\/\/president-ksgov.net\/en\/joint-media-statement-by-president-vjosa-osmani-and-the-us-deputy-assistant-secretary-of-state-gabriel-escobar\/","title":{"rendered":"Joint media statement by President Vjosa Osmani and the US Deputy Assistant Secretary of State Gabriel Escobar"},"content":{"rendered":"<p><iframe style=\"border: none; overflow: hidden;\" src=\"https:\/\/www.facebook.com\/plugins\/video.php?href=https%3A%2F%2Fwww.facebook.com%2FVjosaOsmaniMP%2Fvideos%2F896333028294169%2F&amp;show_text=0&amp;width=560\" width=\"560\" height=\"560\" frameborder=\"0\" scrolling=\"no\" allowfullscreen=\"allowfullscreen\"><span data-mce-type=\"bookmark\" style=\"display: inline-block; width: 0px; overflow: hidden; line-height: 0;\" class=\"mce_SELRES_start\">\ufeff<\/span><\/iframe><\/p>\n","protected":false},"excerpt":{"rendered":"<p>\ufeff<\/p>\n","protected":false},"author":11,"featured_media":86772,"comment_status":"open","ping_status":"closed","sticky":false,"template":"","format":"standard","meta":{"_eb_attr":"","footnotes":""},"categories":[111,105],"tags":[],"class_list":["post-86777","post","type-post","status-publish","format-standard","has-post-thumbnail","hentry","category-news","category-speeches"],"yoast_head":"<!-- This site is optimized with the Yoast SEO plugin v23.5 - https:\/\/yoast.com\/wordpress\/plugins\/seo\/ -->\n<title>Joint media statement by President Vjosa Osmani and the US Deputy Assistant Secretary of State Gabriel Escobar - President of the Republic of Kosovo - DR. VJOSA OSMANI - SADRIU<\/title>\n<meta name=\"description\" content=\"Joint media statement by President Vjosa Osmani and the US Deputy Assistant Secretary of State Gabriel Escobar - President of the Republic of Kosovo - DR. VJOSA OSMANI - SADRIU -\" \/>\n<meta name=\"robots\" content=\"index, follow, max-snippet:-1, max-image-preview:large, max-video-preview:-1\" \/>\n<link rel=\"canonical\" href=\"https:\/\/president-ksgov.net\/en\/joint-media-statement-by-president-vjosa-osmani-and-the-us-deputy-assistant-secretary-of-state-gabriel-escobar\/\" \/>\n<meta property=\"og:locale\" content=\"en_US\" \/>\n<meta property=\"og:type\" content=\"article\" \/>\n<meta property=\"og:title\" content=\"Joint media statement by President Vjosa Osmani and the US Deputy Assistant Secretary of State Gabriel Escobar - President of the Republic of Kosovo - DR. VJOSA OSMANI - SADRIU\" \/>\n<meta property=\"og:description\" content=\"Joint media statement by President Vjosa Osmani and the US Deputy Assistant Secretary of State Gabriel Escobar - President of the Republic of Kosovo - DR. VJOSA OSMANI - SADRIU -\" \/>\n<meta property=\"og:url\" content=\"https:\/\/president-ksgov.net\/en\/joint-media-statement-by-president-vjosa-osmani-and-the-us-deputy-assistant-secretary-of-state-gabriel-escobar\/\" \/>\n<meta property=\"og:site_name\" content=\"President of the Republic of Kosovo - DR. VJOSA OSMANI - SADRIU\" \/>\n<meta property=\"article:published_time\" content=\"2023-03-17T14:11:43+00:00\" \/>\n<meta property=\"article:modified_time\" content=\"2023-03-17T14:47:03+00:00\" \/>\n<meta property=\"og:image\" content=\"https:\/\/president-ksgov.net\/wp-content\/uploads\/Image-17-march-2023.jpg\" \/>\n\t<meta property=\"og:image:width\" content=\"2000\" \/>\n\t<meta property=\"og:image:height\" content=\"1333\" \/>\n\t<meta property=\"og:image:type\" content=\"image\/jpeg\" \/>\n<meta name=\"author\" content=\"presidentlogin\" \/>\n<meta name=\"twitter:card\" content=\"summary_large_image\" \/>\n<meta name=\"twitter:label1\" content=\"Written by\" \/>\n\t<meta name=\"twitter:data1\" content=\"presidentlogin\" \/>\n<script type=\"application\/ld+json\" class=\"yoast-schema-graph\">{\"@context\":\"https:\/\/schema.org\",\"@graph\":[{\"@type\":\"WebPage\",\"@id\":\"https:\/\/president-ksgov.net\/en\/joint-media-statement-by-president-vjosa-osmani-and-the-us-deputy-assistant-secretary-of-state-gabriel-escobar\/\",\"url\":\"https:\/\/president-ksgov.net\/en\/joint-media-statement-by-president-vjosa-osmani-and-the-us-deputy-assistant-secretary-of-state-gabriel-escobar\/\",\"name\":\"Joint media statement by President Vjosa Osmani and the US Deputy Assistant Secretary of State Gabriel Escobar - President of the Republic of Kosovo - DR. VJOSA OSMANI - SADRIU\",\"isPartOf\":{\"@id\":\"https:\/\/president-ksgov.net\/#website\"},\"primaryImageOfPage\":{\"@id\":\"https:\/\/president-ksgov.net\/en\/joint-media-statement-by-president-vjosa-osmani-and-the-us-deputy-assistant-secretary-of-state-gabriel-escobar\/#primaryimage\"},\"image\":{\"@id\":\"https:\/\/president-ksgov.net\/en\/joint-media-statement-by-president-vjosa-osmani-and-the-us-deputy-assistant-secretary-of-state-gabriel-escobar\/#primaryimage\"},\"thumbnailUrl\":\"https:\/\/president-ksgov.net\/wp-content\/uploads\/Image-17-march-2023.jpg\",\"datePublished\":\"2023-03-17T14:11:43+00:00\",\"dateModified\":\"2023-03-17T14:47:03+00:00\",\"author\":{\"@id\":\"https:\/\/president-ksgov.net\/#\/schema\/person\/1a2c014cffc81ec60d5a452a36d08d92\"},\"description\":\"Joint media statement by President Vjosa Osmani and the US Deputy Assistant Secretary of State Gabriel Escobar - President of the Republic of Kosovo - DR. VJOSA OSMANI - SADRIU -\",\"breadcrumb\":{\"@id\":\"https:\/\/president-ksgov.net\/en\/joint-media-statement-by-president-vjosa-osmani-and-the-us-deputy-assistant-secretary-of-state-gabriel-escobar\/#breadcrumb\"},\"inLanguage\":\"en-US\",\"potentialAction\":[{\"@type\":\"ReadAction\",\"target\":[\"https:\/\/president-ksgov.net\/en\/joint-media-statement-by-president-vjosa-osmani-and-the-us-deputy-assistant-secretary-of-state-gabriel-escobar\/\"]}]},{\"@type\":\"ImageObject\",\"inLanguage\":\"en-US\",\"@id\":\"https:\/\/president-ksgov.net\/en\/joint-media-statement-by-president-vjosa-osmani-and-the-us-deputy-assistant-secretary-of-state-gabriel-escobar\/#primaryimage\",\"url\":\"https:\/\/president-ksgov.net\/wp-content\/uploads\/Image-17-march-2023.jpg\",\"contentUrl\":\"https:\/\/president-ksgov.net\/wp-content\/uploads\/Image-17-march-2023.jpg\",\"width\":2000,\"height\":1333},{\"@type\":\"BreadcrumbList\",\"@id\":\"https:\/\/president-ksgov.net\/en\/joint-media-statement-by-president-vjosa-osmani-and-the-us-deputy-assistant-secretary-of-state-gabriel-escobar\/#breadcrumb\",\"itemListElement\":[{\"@type\":\"ListItem\",\"position\":1,\"name\":\"Home\",\"item\":\"https:\/\/president-ksgov.net\/en\/\"},{\"@type\":\"ListItem\",\"position\":2,\"name\":\"Joint media statement by President Vjosa Osmani and the US Deputy Assistant Secretary of State Gabriel Escobar\"}]},{\"@type\":\"WebSite\",\"@id\":\"https:\/\/president-ksgov.net\/#website\",\"url\":\"https:\/\/president-ksgov.net\/\",\"name\":\"Presidente e Republik\u00ebs s\u00eb Kosov\u00ebs\",\"description\":\"Presidente e Republik\u00ebs s\u00eb Kosov\u00ebs\",\"alternateName\":\"DR. VJOSA OSMANI - SADRIU\",\"potentialAction\":[{\"@type\":\"SearchAction\",\"target\":{\"@type\":\"EntryPoint\",\"urlTemplate\":\"https:\/\/president-ksgov.net\/?s={search_term_string}\"},\"query-input\":{\"@type\":\"PropertyValueSpecification\",\"valueRequired\":true,\"valueName\":\"search_term_string\"}}],\"inLanguage\":\"en-US\"},{\"@type\":\"Person\",\"@id\":\"https:\/\/president-ksgov.net\/#\/schema\/person\/1a2c014cffc81ec60d5a452a36d08d92\",\"name\":\"presidentlogin\",\"image\":{\"@type\":\"ImageObject\",\"inLanguage\":\"en-US\",\"@id\":\"https:\/\/president-ksgov.net\/#\/schema\/person\/image\/\",\"url\":\"https:\/\/secure.gravatar.com\/avatar\/339f00ab0a8a0d5ce1ecff10aa2b4a1f51f58bbd5a57793f8cd6ad624080d807?s=96&d=mm&r=g\",\"contentUrl\":\"https:\/\/secure.gravatar.com\/avatar\/339f00ab0a8a0d5ce1ecff10aa2b4a1f51f58bbd5a57793f8cd6ad624080d807?s=96&d=mm&r=g\",\"caption\":\"presidentlogin\"}}]}<\/script>\n<!-- \/ Yoast SEO plugin. -->","yoast_head_json":{"title":"Joint media statement by President Vjosa Osmani and the US Deputy Assistant Secretary of State Gabriel Escobar - President of the Republic of Kosovo - DR. VJOSA OSMANI - SADRIU","description":"Joint media statement by President Vjosa Osmani and the US Deputy Assistant Secretary of State Gabriel Escobar - President of the Republic of Kosovo - DR. VJOSA OSMANI - SADRIU -","robots":{"index":"index","follow":"follow","max-snippet":"max-snippet:-1","max-image-preview":"max-image-preview:large","max-video-preview":"max-video-preview:-1"},"canonical":"https:\/\/president-ksgov.net\/en\/joint-media-statement-by-president-vjosa-osmani-and-the-us-deputy-assistant-secretary-of-state-gabriel-escobar\/","og_locale":"en_US","og_type":"article","og_title":"Joint media statement by President Vjosa Osmani and the US Deputy Assistant Secretary of State Gabriel Escobar - President of the Republic of Kosovo - DR. VJOSA OSMANI - SADRIU","og_description":"Joint media statement by President Vjosa Osmani and the US Deputy Assistant Secretary of State Gabriel Escobar - President of the Republic of Kosovo - DR. VJOSA OSMANI - SADRIU -","og_url":"https:\/\/president-ksgov.net\/en\/joint-media-statement-by-president-vjosa-osmani-and-the-us-deputy-assistant-secretary-of-state-gabriel-escobar\/","og_site_name":"President of the Republic of Kosovo - DR. VJOSA OSMANI - SADRIU","article_published_time":"2023-03-17T14:11:43+00:00","article_modified_time":"2023-03-17T14:47:03+00:00","og_image":[{"width":2000,"height":1333,"url":"https:\/\/president-ksgov.net\/wp-content\/uploads\/Image-17-march-2023.jpg","type":"image\/jpeg"}],"author":"presidentlogin","twitter_card":"summary_large_image","twitter_misc":{"Written by":"presidentlogin"},"schema":{"@context":"https:\/\/schema.org","@graph":[{"@type":"WebPage","@id":"https:\/\/president-ksgov.net\/en\/joint-media-statement-by-president-vjosa-osmani-and-the-us-deputy-assistant-secretary-of-state-gabriel-escobar\/","url":"https:\/\/president-ksgov.net\/en\/joint-media-statement-by-president-vjosa-osmani-and-the-us-deputy-assistant-secretary-of-state-gabriel-escobar\/","name":"Joint media statement by President Vjosa Osmani and the US Deputy Assistant Secretary of State Gabriel Escobar - President of the Republic of Kosovo - DR. VJOSA OSMANI - SADRIU","isPartOf":{"@id":"https:\/\/president-ksgov.net\/#website"},"primaryImageOfPage":{"@id":"https:\/\/president-ksgov.net\/en\/joint-media-statement-by-president-vjosa-osmani-and-the-us-deputy-assistant-secretary-of-state-gabriel-escobar\/#primaryimage"},"image":{"@id":"https:\/\/president-ksgov.net\/en\/joint-media-statement-by-president-vjosa-osmani-and-the-us-deputy-assistant-secretary-of-state-gabriel-escobar\/#primaryimage"},"thumbnailUrl":"https:\/\/president-ksgov.net\/wp-content\/uploads\/Image-17-march-2023.jpg","datePublished":"2023-03-17T14:11:43+00:00","dateModified":"2023-03-17T14:47:03+00:00","author":{"@id":"https:\/\/president-ksgov.net\/#\/schema\/person\/1a2c014cffc81ec60d5a452a36d08d92"},"description":"Joint media statement by President Vjosa Osmani and the US Deputy Assistant Secretary of State Gabriel Escobar - President of the Republic of Kosovo - DR. VJOSA OSMANI - SADRIU -","breadcrumb":{"@id":"https:\/\/president-ksgov.net\/en\/joint-media-statement-by-president-vjosa-osmani-and-the-us-deputy-assistant-secretary-of-state-gabriel-escobar\/#breadcrumb"},"inLanguage":"en-US","potentialAction":[{"@type":"ReadAction","target":["https:\/\/president-ksgov.net\/en\/joint-media-statement-by-president-vjosa-osmani-and-the-us-deputy-assistant-secretary-of-state-gabriel-escobar\/"]}]},{"@type":"ImageObject","inLanguage":"en-US","@id":"https:\/\/president-ksgov.net\/en\/joint-media-statement-by-president-vjosa-osmani-and-the-us-deputy-assistant-secretary-of-state-gabriel-escobar\/#primaryimage","url":"https:\/\/president-ksgov.net\/wp-content\/uploads\/Image-17-march-2023.jpg","contentUrl":"https:\/\/president-ksgov.net\/wp-content\/uploads\/Image-17-march-2023.jpg","width":2000,"height":1333},{"@type":"BreadcrumbList","@id":"https:\/\/president-ksgov.net\/en\/joint-media-statement-by-president-vjosa-osmani-and-the-us-deputy-assistant-secretary-of-state-gabriel-escobar\/#breadcrumb","itemListElement":[{"@type":"ListItem","position":1,"name":"Home","item":"https:\/\/president-ksgov.net\/en\/"},{"@type":"ListItem","position":2,"name":"Joint media statement by President Vjosa Osmani and the US Deputy Assistant Secretary of State Gabriel Escobar"}]},{"@type":"WebSite","@id":"https:\/\/president-ksgov.net\/#website","url":"https:\/\/president-ksgov.net\/","name":"Presidente e Republik\u00ebs s\u00eb Kosov\u00ebs","description":"Presidente e Republik\u00ebs s\u00eb Kosov\u00ebs","alternateName":"DR. VJOSA OSMANI - SADRIU","potentialAction":[{"@type":"SearchAction","target":{"@type":"EntryPoint","urlTemplate":"https:\/\/president-ksgov.net\/?s={search_term_string}"},"query-input":{"@type":"PropertyValueSpecification","valueRequired":true,"valueName":"search_term_string"}}],"inLanguage":"en-US"},{"@type":"Person","@id":"https:\/\/president-ksgov.net\/#\/schema\/person\/1a2c014cffc81ec60d5a452a36d08d92","name":"presidentlogin","image":{"@type":"ImageObject","inLanguage":"en-US","@id":"https:\/\/president-ksgov.net\/#\/schema\/person\/image\/","url":"https:\/\/secure.gravatar.com\/avatar\/339f00ab0a8a0d5ce1ecff10aa2b4a1f51f58bbd5a57793f8cd6ad624080d807?s=96&d=mm&r=g","contentUrl":"https:\/\/secure.gravatar.com\/avatar\/339f00ab0a8a0d5ce1ecff10aa2b4a1f51f58bbd5a57793f8cd6ad624080d807?s=96&d=mm&r=g","caption":"presidentlogin"}}]}},"_links":{"self":[{"href":"https:\/\/president-ksgov.net\/en\/wp-json\/wp\/v2\/posts\/86777","targetHints":{"allow":["GET"]}}],"collection":[{"href":"https:\/\/president-ksgov.net\/en\/wp-json\/wp\/v2\/posts"}],"about":[{"href":"https:\/\/president-ksgov.net\/en\/wp-json\/wp\/v2\/types\/post"}],"author":[{"embeddable":true,"href":"https:\/\/president-ksgov.net\/en\/wp-json\/wp\/v2\/users\/11"}],"replies":[{"embeddable":true,"href":"https:\/\/president-ksgov.net\/en\/wp-json\/wp\/v2\/comments?post=86777"}],"version-history":[{"count":1,"href":"https:\/\/president-ksgov.net\/en\/wp-json\/wp\/v2\/posts\/86777\/revisions"}],"predecessor-version":[{"id":86778,"href":"https:\/\/president-ksgov.net\/en\/wp-json\/wp\/v2\/posts\/86777\/revisions\/86778"}],"wp:featuredmedia":[{"embeddable":true,"href":"https:\/\/president-ksgov.net\/en\/wp-json\/wp\/v2\/media\/86772"}],"wp:attachment":[{"href":"https:\/\/president-ksgov.net\/en\/wp-json\/wp\/v2\/media?parent=86777"}],"wp:term":[{"taxonomy":"category","embeddable":true,"href":"https:\/\/president-ksgov.net\/en\/wp-json\/wp\/v2\/categories?post=86777"},{"taxonomy":"post_tag","embeddable":true,"href":"https:\/\/president-ksgov.net\/en\/wp-json\/wp\/v2\/tags?post=86777"}],"curies":[{"name":"wp","href":"https:\/\/api.w.org\/{rel}","templated":true}]}}