{"id":82284,"date":"2023-03-09T16:24:34","date_gmt":"2023-03-09T15:24:34","guid":{"rendered":"https:\/\/dev.president-ksgov.net\/?p=82284"},"modified":"2023-03-09T16:25:15","modified_gmt":"2023-03-09T15:25:15","slug":"president-osmani-received-the-eu-special-representative-miroslav-lajcak","status":"publish","type":"post","link":"https:\/\/president-ksgov.net\/en\/president-osmani-received-the-eu-special-representative-miroslav-lajcak\/","title":{"rendered":"President Osmani received the EU Special Representative Miroslav Laj\u010d\u00e1k"},"content":{"rendered":"<p style=\"font-weight: 400;\">The President of the Republic of Kosovo Vjosa Osmani received today the Special Representative of the European Union Miroslav Laj\u010d\u00e1k.<\/p>\n<p style=\"font-weight: 400;\">The latest developments in the dialogue process with Serbia, with President Osmani reiterating that Republic of Kosovo remains committed to a process that contributes to long-term peace, security and sustainable prosperity in the region were discussed at the meeting.<\/p>\n<p style=\"font-weight: 400;\">President Osmani emphasized that the annex on implementation of the basic agreement agreed in Brussels should be in the spirit of the principles approved at the Assembly of the Republic of Kosovo, namely, the inviolability of the sovereignty, territorial integrity, constitutionality and functionality of the state of Kosovo.<\/p>\n<p style=\"font-weight: 400;\">President Osmani also stated that Kosovo remains a constructive part of the dialogue process and in coordination with its partners while reiterating that the final say on an agreement should rest with the Assembly of Kosovo, in accordance with constitutional procedures.<\/p>\n<p style=\"font-weight: 400;\">President Osmani also welcomed today&#8217;s decision of the Council of the European Union, which unanimously approved the right of Kosovo citizens to travel to Schengen zone countries without a visa requirement.<\/p>\n","protected":false},"excerpt":{"rendered":"<p>The President of the Republic of Kosovo Vjosa Osmani received today the Special Representative of the European Union Miroslav Laj\u010d\u00e1k. The latest developments in the dialogue process with Serbia, with President Osmani reiterating that Republic of Kosovo remains committed to a process that contributes to long-term peace, security and sustainable prosperity in the region were discussed at the meeting. President Osmani emphasized that the annex on implementation of the basic agreement agreed in Brussels should be in the spirit of the principles approved at the Assembly of the Republic of Kosovo, namely, the inviolability of the sovereignty, territorial integrity, constitutionality and functionality of the state of Kosovo. President Osmani also stated that Kosovo remains a constructive part of the dialogue process and in coordination with its partners while reiterating that the final say on an agreement should rest with the Assembly of Kosovo, in accordance with constitutional procedures. President Osmani also welcomed today&#8217;s decision of the Council of the European Union, which unanimously approved the right of Kosovo citizens to travel to Schengen zone countries without a visa requirement.<\/p>\n","protected":false},"author":11,"featured_media":82272,"comment_status":"open","ping_status":"closed","sticky":false,"template":"","format":"standard","meta":{"_eb_attr":"","footnotes":""},"categories":[111],"tags":[],"class_list":["post-82284","post","type-post","status-publish","format-standard","has-post-thumbnail","hentry","category-news"],"yoast_head":"<!-- This site is optimized with the Yoast SEO plugin v23.5 - https:\/\/yoast.com\/wordpress\/plugins\/seo\/ -->\n<title>President Osmani received the EU Special Representative Miroslav Laj\u010d\u00e1k - President of the Republic of Kosovo - DR. VJOSA OSMANI - SADRIU<\/title>\n<meta name=\"description\" content=\"President Osmani received the EU Special Representative Miroslav Laj\u010d\u00e1k - President of the Republic of Kosovo - DR. VJOSA OSMANI - SADRIU -\" \/>\n<meta name=\"robots\" content=\"index, follow, max-snippet:-1, max-image-preview:large, max-video-preview:-1\" \/>\n<link rel=\"canonical\" href=\"https:\/\/president-ksgov.net\/en\/president-osmani-received-the-eu-special-representative-miroslav-lajcak\/\" \/>\n<meta property=\"og:locale\" content=\"en_US\" \/>\n<meta property=\"og:type\" content=\"article\" \/>\n<meta property=\"og:title\" content=\"President Osmani received the EU Special Representative Miroslav Laj\u010d\u00e1k - President of the Republic of Kosovo - DR. VJOSA OSMANI - SADRIU\" \/>\n<meta property=\"og:description\" content=\"President Osmani received the EU Special Representative Miroslav Laj\u010d\u00e1k - President of the Republic of Kosovo - DR. VJOSA OSMANI - SADRIU -\" \/>\n<meta property=\"og:url\" content=\"https:\/\/president-ksgov.net\/en\/president-osmani-received-the-eu-special-representative-miroslav-lajcak\/\" \/>\n<meta property=\"og:site_name\" content=\"President of the Republic of Kosovo - DR. VJOSA OSMANI - SADRIU\" \/>\n<meta property=\"article:published_time\" content=\"2023-03-09T15:24:34+00:00\" \/>\n<meta property=\"article:modified_time\" content=\"2023-03-09T15:25:15+00:00\" \/>\n<meta property=\"og:image\" content=\"https:\/\/president-ksgov.net\/wp-content\/uploads\/Presidentja_Osmani_priti_Miroslav_lajcak_1.jpg\" \/>\n\t<meta property=\"og:image:width\" content=\"2000\" \/>\n\t<meta property=\"og:image:height\" content=\"1333\" \/>\n\t<meta property=\"og:image:type\" content=\"image\/jpeg\" \/>\n<meta name=\"author\" content=\"presidentlogin\" \/>\n<meta name=\"twitter:card\" content=\"summary_large_image\" \/>\n<meta name=\"twitter:label1\" content=\"Written by\" \/>\n\t<meta name=\"twitter:data1\" content=\"presidentlogin\" \/>\n\t<meta name=\"twitter:label2\" content=\"Est. reading time\" \/>\n\t<meta name=\"twitter:data2\" content=\"1 minute\" \/>\n<script type=\"application\/ld+json\" class=\"yoast-schema-graph\">{\"@context\":\"https:\/\/schema.org\",\"@graph\":[{\"@type\":\"WebPage\",\"@id\":\"https:\/\/president-ksgov.net\/en\/president-osmani-received-the-eu-special-representative-miroslav-lajcak\/\",\"url\":\"https:\/\/president-ksgov.net\/en\/president-osmani-received-the-eu-special-representative-miroslav-lajcak\/\",\"name\":\"President Osmani received the EU Special Representative Miroslav Laj\u010d\u00e1k - President of the Republic of Kosovo - DR. VJOSA OSMANI - SADRIU\",\"isPartOf\":{\"@id\":\"https:\/\/president-ksgov.net\/#website\"},\"primaryImageOfPage\":{\"@id\":\"https:\/\/president-ksgov.net\/en\/president-osmani-received-the-eu-special-representative-miroslav-lajcak\/#primaryimage\"},\"image\":{\"@id\":\"https:\/\/president-ksgov.net\/en\/president-osmani-received-the-eu-special-representative-miroslav-lajcak\/#primaryimage\"},\"thumbnailUrl\":\"https:\/\/president-ksgov.net\/wp-content\/uploads\/Presidentja_Osmani_priti_Miroslav_lajcak_1.jpg\",\"datePublished\":\"2023-03-09T15:24:34+00:00\",\"dateModified\":\"2023-03-09T15:25:15+00:00\",\"author\":{\"@id\":\"https:\/\/president-ksgov.net\/#\/schema\/person\/1a2c014cffc81ec60d5a452a36d08d92\"},\"description\":\"President Osmani received the EU Special Representative Miroslav Laj\u010d\u00e1k - President of the Republic of Kosovo - DR. VJOSA OSMANI - SADRIU -\",\"breadcrumb\":{\"@id\":\"https:\/\/president-ksgov.net\/en\/president-osmani-received-the-eu-special-representative-miroslav-lajcak\/#breadcrumb\"},\"inLanguage\":\"en-US\",\"potentialAction\":[{\"@type\":\"ReadAction\",\"target\":[\"https:\/\/president-ksgov.net\/en\/president-osmani-received-the-eu-special-representative-miroslav-lajcak\/\"]}]},{\"@type\":\"ImageObject\",\"inLanguage\":\"en-US\",\"@id\":\"https:\/\/president-ksgov.net\/en\/president-osmani-received-the-eu-special-representative-miroslav-lajcak\/#primaryimage\",\"url\":\"https:\/\/president-ksgov.net\/wp-content\/uploads\/Presidentja_Osmani_priti_Miroslav_lajcak_1.jpg\",\"contentUrl\":\"https:\/\/president-ksgov.net\/wp-content\/uploads\/Presidentja_Osmani_priti_Miroslav_lajcak_1.jpg\",\"width\":2000,\"height\":1333},{\"@type\":\"BreadcrumbList\",\"@id\":\"https:\/\/president-ksgov.net\/en\/president-osmani-received-the-eu-special-representative-miroslav-lajcak\/#breadcrumb\",\"itemListElement\":[{\"@type\":\"ListItem\",\"position\":1,\"name\":\"Home\",\"item\":\"https:\/\/president-ksgov.net\/en\/\"},{\"@type\":\"ListItem\",\"position\":2,\"name\":\"President Osmani received the EU Special Representative Miroslav Laj\u010d\u00e1k\"}]},{\"@type\":\"WebSite\",\"@id\":\"https:\/\/president-ksgov.net\/#website\",\"url\":\"https:\/\/president-ksgov.net\/\",\"name\":\"Presidente e Republik\u00ebs s\u00eb Kosov\u00ebs\",\"description\":\"Presidente e Republik\u00ebs s\u00eb Kosov\u00ebs\",\"alternateName\":\"DR. VJOSA OSMANI - SADRIU\",\"potentialAction\":[{\"@type\":\"SearchAction\",\"target\":{\"@type\":\"EntryPoint\",\"urlTemplate\":\"https:\/\/president-ksgov.net\/?s={search_term_string}\"},\"query-input\":{\"@type\":\"PropertyValueSpecification\",\"valueRequired\":true,\"valueName\":\"search_term_string\"}}],\"inLanguage\":\"en-US\"},{\"@type\":\"Person\",\"@id\":\"https:\/\/president-ksgov.net\/#\/schema\/person\/1a2c014cffc81ec60d5a452a36d08d92\",\"name\":\"presidentlogin\",\"image\":{\"@type\":\"ImageObject\",\"inLanguage\":\"en-US\",\"@id\":\"https:\/\/president-ksgov.net\/#\/schema\/person\/image\/\",\"url\":\"https:\/\/secure.gravatar.com\/avatar\/339f00ab0a8a0d5ce1ecff10aa2b4a1f51f58bbd5a57793f8cd6ad624080d807?s=96&d=mm&r=g\",\"contentUrl\":\"https:\/\/secure.gravatar.com\/avatar\/339f00ab0a8a0d5ce1ecff10aa2b4a1f51f58bbd5a57793f8cd6ad624080d807?s=96&d=mm&r=g\",\"caption\":\"presidentlogin\"}}]}<\/script>\n<!-- \/ Yoast SEO plugin. -->","yoast_head_json":{"title":"President Osmani received the EU Special Representative Miroslav Laj\u010d\u00e1k - President of the Republic of Kosovo - DR. VJOSA OSMANI - SADRIU","description":"President Osmani received the EU Special Representative Miroslav Laj\u010d\u00e1k - President of the Republic of Kosovo - DR. VJOSA OSMANI - SADRIU -","robots":{"index":"index","follow":"follow","max-snippet":"max-snippet:-1","max-image-preview":"max-image-preview:large","max-video-preview":"max-video-preview:-1"},"canonical":"https:\/\/president-ksgov.net\/en\/president-osmani-received-the-eu-special-representative-miroslav-lajcak\/","og_locale":"en_US","og_type":"article","og_title":"President Osmani received the EU Special Representative Miroslav Laj\u010d\u00e1k - President of the Republic of Kosovo - DR. VJOSA OSMANI - SADRIU","og_description":"President Osmani received the EU Special Representative Miroslav Laj\u010d\u00e1k - President of the Republic of Kosovo - DR. VJOSA OSMANI - SADRIU -","og_url":"https:\/\/president-ksgov.net\/en\/president-osmani-received-the-eu-special-representative-miroslav-lajcak\/","og_site_name":"President of the Republic of Kosovo - DR. VJOSA OSMANI - SADRIU","article_published_time":"2023-03-09T15:24:34+00:00","article_modified_time":"2023-03-09T15:25:15+00:00","og_image":[{"width":2000,"height":1333,"url":"https:\/\/president-ksgov.net\/wp-content\/uploads\/Presidentja_Osmani_priti_Miroslav_lajcak_1.jpg","type":"image\/jpeg"}],"author":"presidentlogin","twitter_card":"summary_large_image","twitter_misc":{"Written by":"presidentlogin","Est. reading time":"1 minute"},"schema":{"@context":"https:\/\/schema.org","@graph":[{"@type":"WebPage","@id":"https:\/\/president-ksgov.net\/en\/president-osmani-received-the-eu-special-representative-miroslav-lajcak\/","url":"https:\/\/president-ksgov.net\/en\/president-osmani-received-the-eu-special-representative-miroslav-lajcak\/","name":"President Osmani received the EU Special Representative Miroslav Laj\u010d\u00e1k - President of the Republic of Kosovo - DR. VJOSA OSMANI - SADRIU","isPartOf":{"@id":"https:\/\/president-ksgov.net\/#website"},"primaryImageOfPage":{"@id":"https:\/\/president-ksgov.net\/en\/president-osmani-received-the-eu-special-representative-miroslav-lajcak\/#primaryimage"},"image":{"@id":"https:\/\/president-ksgov.net\/en\/president-osmani-received-the-eu-special-representative-miroslav-lajcak\/#primaryimage"},"thumbnailUrl":"https:\/\/president-ksgov.net\/wp-content\/uploads\/Presidentja_Osmani_priti_Miroslav_lajcak_1.jpg","datePublished":"2023-03-09T15:24:34+00:00","dateModified":"2023-03-09T15:25:15+00:00","author":{"@id":"https:\/\/president-ksgov.net\/#\/schema\/person\/1a2c014cffc81ec60d5a452a36d08d92"},"description":"President Osmani received the EU Special Representative Miroslav Laj\u010d\u00e1k - President of the Republic of Kosovo - DR. VJOSA OSMANI - SADRIU -","breadcrumb":{"@id":"https:\/\/president-ksgov.net\/en\/president-osmani-received-the-eu-special-representative-miroslav-lajcak\/#breadcrumb"},"inLanguage":"en-US","potentialAction":[{"@type":"ReadAction","target":["https:\/\/president-ksgov.net\/en\/president-osmani-received-the-eu-special-representative-miroslav-lajcak\/"]}]},{"@type":"ImageObject","inLanguage":"en-US","@id":"https:\/\/president-ksgov.net\/en\/president-osmani-received-the-eu-special-representative-miroslav-lajcak\/#primaryimage","url":"https:\/\/president-ksgov.net\/wp-content\/uploads\/Presidentja_Osmani_priti_Miroslav_lajcak_1.jpg","contentUrl":"https:\/\/president-ksgov.net\/wp-content\/uploads\/Presidentja_Osmani_priti_Miroslav_lajcak_1.jpg","width":2000,"height":1333},{"@type":"BreadcrumbList","@id":"https:\/\/president-ksgov.net\/en\/president-osmani-received-the-eu-special-representative-miroslav-lajcak\/#breadcrumb","itemListElement":[{"@type":"ListItem","position":1,"name":"Home","item":"https:\/\/president-ksgov.net\/en\/"},{"@type":"ListItem","position":2,"name":"President Osmani received the EU Special Representative Miroslav Laj\u010d\u00e1k"}]},{"@type":"WebSite","@id":"https:\/\/president-ksgov.net\/#website","url":"https:\/\/president-ksgov.net\/","name":"Presidente e Republik\u00ebs s\u00eb Kosov\u00ebs","description":"Presidente e Republik\u00ebs s\u00eb Kosov\u00ebs","alternateName":"DR. VJOSA OSMANI - SADRIU","potentialAction":[{"@type":"SearchAction","target":{"@type":"EntryPoint","urlTemplate":"https:\/\/president-ksgov.net\/?s={search_term_string}"},"query-input":{"@type":"PropertyValueSpecification","valueRequired":true,"valueName":"search_term_string"}}],"inLanguage":"en-US"},{"@type":"Person","@id":"https:\/\/president-ksgov.net\/#\/schema\/person\/1a2c014cffc81ec60d5a452a36d08d92","name":"presidentlogin","image":{"@type":"ImageObject","inLanguage":"en-US","@id":"https:\/\/president-ksgov.net\/#\/schema\/person\/image\/","url":"https:\/\/secure.gravatar.com\/avatar\/339f00ab0a8a0d5ce1ecff10aa2b4a1f51f58bbd5a57793f8cd6ad624080d807?s=96&d=mm&r=g","contentUrl":"https:\/\/secure.gravatar.com\/avatar\/339f00ab0a8a0d5ce1ecff10aa2b4a1f51f58bbd5a57793f8cd6ad624080d807?s=96&d=mm&r=g","caption":"presidentlogin"}}]}},"_links":{"self":[{"href":"https:\/\/president-ksgov.net\/en\/wp-json\/wp\/v2\/posts\/82284","targetHints":{"allow":["GET"]}}],"collection":[{"href":"https:\/\/president-ksgov.net\/en\/wp-json\/wp\/v2\/posts"}],"about":[{"href":"https:\/\/president-ksgov.net\/en\/wp-json\/wp\/v2\/types\/post"}],"author":[{"embeddable":true,"href":"https:\/\/president-ksgov.net\/en\/wp-json\/wp\/v2\/users\/11"}],"replies":[{"embeddable":true,"href":"https:\/\/president-ksgov.net\/en\/wp-json\/wp\/v2\/comments?post=82284"}],"version-history":[{"count":1,"href":"https:\/\/president-ksgov.net\/en\/wp-json\/wp\/v2\/posts\/82284\/revisions"}],"predecessor-version":[{"id":82285,"href":"https:\/\/president-ksgov.net\/en\/wp-json\/wp\/v2\/posts\/82284\/revisions\/82285"}],"wp:featuredmedia":[{"embeddable":true,"href":"https:\/\/president-ksgov.net\/en\/wp-json\/wp\/v2\/media\/82272"}],"wp:attachment":[{"href":"https:\/\/president-ksgov.net\/en\/wp-json\/wp\/v2\/media?parent=82284"}],"wp:term":[{"taxonomy":"category","embeddable":true,"href":"https:\/\/president-ksgov.net\/en\/wp-json\/wp\/v2\/categories?post=82284"},{"taxonomy":"post_tag","embeddable":true,"href":"https:\/\/president-ksgov.net\/en\/wp-json\/wp\/v2\/tags?post=82284"}],"curies":[{"name":"wp","href":"https:\/\/api.w.org\/{rel}","templated":true}]}}