{"id":73479,"date":"2010-04-06T13:02:49","date_gmt":"2010-04-06T13:02:49","guid":{"rendered":"https:\/\/dev.president-ksgov.net\/president-sejdiu-conveyed-his-condolences-to-president-obama\/"},"modified":"2023-03-07T11:41:42","modified_gmt":"2023-03-07T11:41:42","slug":"president-sejdiu-conveyed-his-condolences-to-president-obama","status":"publish","type":"post","link":"https:\/\/president-ksgov.net\/en\/president-sejdiu-conveyed-his-condolences-to-president-obama\/","title":{"rendered":"President Sejdiu conveyed his condolences to President Obama"},"content":{"rendered":"<p>The President of Republic of Kosovo Dr. Fatmir Sejdiu has sent a letter to the President of the United States of America Barack Obama, conveying his condolences to him on yesterday&#8217;s grave accident following the huge blast in Raleigh County mine in West Virginia that took the lives of 25 American miners and left several others injured. Below you may read the full contents of the letter:<\/p>\n<p>His Excellency, Barack Obama,<br \/>\nPresident of the United States of America<\/p>\n<p>On behalf of the people and institutions of Kosovo, I hereby convey my heartfelt condolences on the loss of lives of Your citizens following the tragic explosion at the Raleigh County mine in West Virginia.<\/p>\n<p>The people of Kosovo stand by You in these difficult moments and pray for the victims and families that have lost their most loves ones. We also wish that the injured will recover as soon as possible.<\/p>\n<p>We stand by you with all our heart and pray for You in these moments of grief!<br \/>\nGod Bless the victims of this tragedy!<\/p>\n<p>\u00a0<\/p>\n<p>Yours respectfully,<\/p>\n<p>Dr. Fatmir Sejdiu<br \/>\nPresident of Republic of Kosovo<\/p>\n","protected":false},"excerpt":{"rendered":"<p>The President of Republic of Kosovo Dr. Fatmir Sejdiu has sent a letter to the President of the United States of America Barack Obama, conveying his condolences to him on yesterday&#8217;s grave accident following the huge blast in Raleigh County mine in West Virginia that took the lives of 25 American miners and left several others injured. Below you may read the full contents of the letter:<\/p>\n","protected":false},"author":1,"featured_media":86338,"comment_status":"open","ping_status":"closed","sticky":false,"template":"","format":"standard","meta":{"_eb_attr":"","footnotes":""},"categories":[111],"tags":[],"class_list":["post-73479","post","type-post","status-publish","format-standard","has-post-thumbnail","hentry","category-news"],"yoast_head":"<!-- This site is optimized with the Yoast SEO plugin v23.5 - https:\/\/yoast.com\/wordpress\/plugins\/seo\/ -->\n<title>President Sejdiu conveyed his condolences to President Obama - President of the Republic of Kosovo - DR. VJOSA OSMANI - SADRIU<\/title>\n<meta name=\"description\" content=\"President Sejdiu conveyed his condolences to President Obama - President of the Republic of Kosovo - DR. VJOSA OSMANI - SADRIU -\" \/>\n<meta name=\"robots\" content=\"index, follow, max-snippet:-1, max-image-preview:large, max-video-preview:-1\" \/>\n<link rel=\"canonical\" href=\"https:\/\/president-ksgov.net\/presidenti-sejdiu-ngushaaeaaaaea\u00a2a\u00acaaaaalloi-presidentin-obama\/\" \/>\n<meta property=\"og:locale\" content=\"en_US\" \/>\n<meta property=\"og:type\" content=\"article\" \/>\n<meta property=\"og:title\" content=\"President Sejdiu conveyed his condolences to President Obama - President of the Republic of Kosovo - DR. VJOSA OSMANI - SADRIU\" \/>\n<meta property=\"og:description\" content=\"President Sejdiu conveyed his condolences to President Obama - President of the Republic of Kosovo - DR. VJOSA OSMANI - SADRIU -\" \/>\n<meta property=\"og:url\" content=\"https:\/\/president-ksgov.net\/presidenti-sejdiu-ngushaaeaaaaea\u00a2a\u00acaaaaalloi-presidentin-obama\/\" \/>\n<meta property=\"og:site_name\" content=\"President of the Republic of Kosovo - DR. VJOSA OSMANI - SADRIU\" \/>\n<meta property=\"article:published_time\" content=\"2010-04-06T13:02:49+00:00\" \/>\n<meta property=\"article:modified_time\" content=\"2023-03-07T11:41:42+00:00\" \/>\n<meta property=\"og:image\" content=\"https:\/\/president-ksgov.net\/wp-content\/uploads\/Zyra-e-Presidentes-Featured-Image1-e1678970937938.png\" \/>\n\t<meta property=\"og:image:width\" content=\"1024\" \/>\n\t<meta property=\"og:image:height\" content=\"716\" \/>\n\t<meta property=\"og:image:type\" content=\"image\/png\" \/>\n<meta name=\"author\" content=\"admin\" \/>\n<meta name=\"twitter:card\" content=\"summary_large_image\" \/>\n<meta name=\"twitter:label1\" content=\"Written by\" \/>\n\t<meta name=\"twitter:data1\" content=\"admin\" \/>\n\t<meta name=\"twitter:label2\" content=\"Est. reading time\" \/>\n\t<meta name=\"twitter:data2\" content=\"1 minute\" \/>\n<script type=\"application\/ld+json\" class=\"yoast-schema-graph\">{\"@context\":\"https:\/\/schema.org\",\"@graph\":[{\"@type\":\"WebPage\",\"@id\":\"https:\/\/president-ksgov.net\/presidenti-sejdiu-ngushaaeaaaaea%c2%a2a%c2%acaaaaalloi-presidentin-obama\/\",\"url\":\"https:\/\/president-ksgov.net\/presidenti-sejdiu-ngushaaeaaaaea%c2%a2a%c2%acaaaaalloi-presidentin-obama\/\",\"name\":\"President Sejdiu conveyed his condolences to President Obama - President of the Republic of Kosovo - DR. VJOSA OSMANI - SADRIU\",\"isPartOf\":{\"@id\":\"https:\/\/president-ksgov.net\/#website\"},\"primaryImageOfPage\":{\"@id\":\"https:\/\/president-ksgov.net\/presidenti-sejdiu-ngushaaeaaaaea%c2%a2a%c2%acaaaaalloi-presidentin-obama\/#primaryimage\"},\"image\":{\"@id\":\"https:\/\/president-ksgov.net\/presidenti-sejdiu-ngushaaeaaaaea%c2%a2a%c2%acaaaaalloi-presidentin-obama\/#primaryimage\"},\"thumbnailUrl\":\"https:\/\/president-ksgov.net\/wp-content\/uploads\/Zyra-e-Presidentes-Featured-Image1-e1678970937938.png\",\"datePublished\":\"2010-04-06T13:02:49+00:00\",\"dateModified\":\"2023-03-07T11:41:42+00:00\",\"author\":{\"@id\":\"https:\/\/president-ksgov.net\/#\/schema\/person\/bb4337a5fb147cb2046d80548172cbee\"},\"description\":\"President Sejdiu conveyed his condolences to President Obama - President of the Republic of Kosovo - DR. VJOSA OSMANI - SADRIU -\",\"breadcrumb\":{\"@id\":\"https:\/\/president-ksgov.net\/presidenti-sejdiu-ngushaaeaaaaea%c2%a2a%c2%acaaaaalloi-presidentin-obama\/#breadcrumb\"},\"inLanguage\":\"en-US\",\"potentialAction\":[{\"@type\":\"ReadAction\",\"target\":[\"https:\/\/president-ksgov.net\/presidenti-sejdiu-ngushaaeaaaaea%c2%a2a%c2%acaaaaalloi-presidentin-obama\/\"]}]},{\"@type\":\"ImageObject\",\"inLanguage\":\"en-US\",\"@id\":\"https:\/\/president-ksgov.net\/presidenti-sejdiu-ngushaaeaaaaea%c2%a2a%c2%acaaaaalloi-presidentin-obama\/#primaryimage\",\"url\":\"https:\/\/president-ksgov.net\/wp-content\/uploads\/Zyra-e-Presidentes-Featured-Image1-e1678970937938.png\",\"contentUrl\":\"https:\/\/president-ksgov.net\/wp-content\/uploads\/Zyra-e-Presidentes-Featured-Image1-e1678970937938.png\",\"width\":1024,\"height\":716},{\"@type\":\"BreadcrumbList\",\"@id\":\"https:\/\/president-ksgov.net\/presidenti-sejdiu-ngushaaeaaaaea%c2%a2a%c2%acaaaaalloi-presidentin-obama\/#breadcrumb\",\"itemListElement\":[{\"@type\":\"ListItem\",\"position\":1,\"name\":\"Home\",\"item\":\"https:\/\/president-ksgov.net\/en\/\"},{\"@type\":\"ListItem\",\"position\":2,\"name\":\"President Sejdiu conveyed his condolences to President Obama\"}]},{\"@type\":\"WebSite\",\"@id\":\"https:\/\/president-ksgov.net\/#website\",\"url\":\"https:\/\/president-ksgov.net\/\",\"name\":\"Presidente e Republik\u00ebs s\u00eb Kosov\u00ebs\",\"description\":\"Presidente e Republik\u00ebs s\u00eb Kosov\u00ebs\",\"alternateName\":\"DR. VJOSA OSMANI - SADRIU\",\"potentialAction\":[{\"@type\":\"SearchAction\",\"target\":{\"@type\":\"EntryPoint\",\"urlTemplate\":\"https:\/\/president-ksgov.net\/?s={search_term_string}\"},\"query-input\":{\"@type\":\"PropertyValueSpecification\",\"valueRequired\":true,\"valueName\":\"search_term_string\"}}],\"inLanguage\":\"en-US\"},{\"@type\":\"Person\",\"@id\":\"https:\/\/president-ksgov.net\/#\/schema\/person\/bb4337a5fb147cb2046d80548172cbee\",\"name\":\"admin\",\"image\":{\"@type\":\"ImageObject\",\"inLanguage\":\"en-US\",\"@id\":\"https:\/\/president-ksgov.net\/#\/schema\/person\/image\/\",\"url\":\"https:\/\/secure.gravatar.com\/avatar\/36156ca0fa3b8d9d25174f146e16beea0cf28f37adf1b9e19b6c9c279a7c9dd3?s=96&d=mm&r=g\",\"contentUrl\":\"https:\/\/secure.gravatar.com\/avatar\/36156ca0fa3b8d9d25174f146e16beea0cf28f37adf1b9e19b6c9c279a7c9dd3?s=96&d=mm&r=g\",\"caption\":\"admin\"},\"sameAs\":[\"https:\/\/president-ksgov.net\"]}]}<\/script>\n<!-- \/ Yoast SEO plugin. -->","yoast_head_json":{"title":"President Sejdiu conveyed his condolences to President Obama - President of the Republic of Kosovo - DR. VJOSA OSMANI - SADRIU","description":"President Sejdiu conveyed his condolences to President Obama - President of the Republic of Kosovo - DR. VJOSA OSMANI - SADRIU -","robots":{"index":"index","follow":"follow","max-snippet":"max-snippet:-1","max-image-preview":"max-image-preview:large","max-video-preview":"max-video-preview:-1"},"canonical":"https:\/\/president-ksgov.net\/presidenti-sejdiu-ngushaaeaaaaea\u00a2a\u00acaaaaalloi-presidentin-obama\/","og_locale":"en_US","og_type":"article","og_title":"President Sejdiu conveyed his condolences to President Obama - President of the Republic of Kosovo - DR. VJOSA OSMANI - SADRIU","og_description":"President Sejdiu conveyed his condolences to President Obama - President of the Republic of Kosovo - DR. VJOSA OSMANI - SADRIU -","og_url":"https:\/\/president-ksgov.net\/presidenti-sejdiu-ngushaaeaaaaea\u00a2a\u00acaaaaalloi-presidentin-obama\/","og_site_name":"President of the Republic of Kosovo - DR. VJOSA OSMANI - SADRIU","article_published_time":"2010-04-06T13:02:49+00:00","article_modified_time":"2023-03-07T11:41:42+00:00","og_image":[{"width":1024,"height":716,"url":"https:\/\/president-ksgov.net\/wp-content\/uploads\/Zyra-e-Presidentes-Featured-Image1-e1678970937938.png","type":"image\/png"}],"author":"admin","twitter_card":"summary_large_image","twitter_misc":{"Written by":"admin","Est. reading time":"1 minute"},"schema":{"@context":"https:\/\/schema.org","@graph":[{"@type":"WebPage","@id":"https:\/\/president-ksgov.net\/presidenti-sejdiu-ngushaaeaaaaea%c2%a2a%c2%acaaaaalloi-presidentin-obama\/","url":"https:\/\/president-ksgov.net\/presidenti-sejdiu-ngushaaeaaaaea%c2%a2a%c2%acaaaaalloi-presidentin-obama\/","name":"President Sejdiu conveyed his condolences to President Obama - President of the Republic of Kosovo - DR. VJOSA OSMANI - SADRIU","isPartOf":{"@id":"https:\/\/president-ksgov.net\/#website"},"primaryImageOfPage":{"@id":"https:\/\/president-ksgov.net\/presidenti-sejdiu-ngushaaeaaaaea%c2%a2a%c2%acaaaaalloi-presidentin-obama\/#primaryimage"},"image":{"@id":"https:\/\/president-ksgov.net\/presidenti-sejdiu-ngushaaeaaaaea%c2%a2a%c2%acaaaaalloi-presidentin-obama\/#primaryimage"},"thumbnailUrl":"https:\/\/president-ksgov.net\/wp-content\/uploads\/Zyra-e-Presidentes-Featured-Image1-e1678970937938.png","datePublished":"2010-04-06T13:02:49+00:00","dateModified":"2023-03-07T11:41:42+00:00","author":{"@id":"https:\/\/president-ksgov.net\/#\/schema\/person\/bb4337a5fb147cb2046d80548172cbee"},"description":"President Sejdiu conveyed his condolences to President Obama - President of the Republic of Kosovo - DR. VJOSA OSMANI - SADRIU -","breadcrumb":{"@id":"https:\/\/president-ksgov.net\/presidenti-sejdiu-ngushaaeaaaaea%c2%a2a%c2%acaaaaalloi-presidentin-obama\/#breadcrumb"},"inLanguage":"en-US","potentialAction":[{"@type":"ReadAction","target":["https:\/\/president-ksgov.net\/presidenti-sejdiu-ngushaaeaaaaea%c2%a2a%c2%acaaaaalloi-presidentin-obama\/"]}]},{"@type":"ImageObject","inLanguage":"en-US","@id":"https:\/\/president-ksgov.net\/presidenti-sejdiu-ngushaaeaaaaea%c2%a2a%c2%acaaaaalloi-presidentin-obama\/#primaryimage","url":"https:\/\/president-ksgov.net\/wp-content\/uploads\/Zyra-e-Presidentes-Featured-Image1-e1678970937938.png","contentUrl":"https:\/\/president-ksgov.net\/wp-content\/uploads\/Zyra-e-Presidentes-Featured-Image1-e1678970937938.png","width":1024,"height":716},{"@type":"BreadcrumbList","@id":"https:\/\/president-ksgov.net\/presidenti-sejdiu-ngushaaeaaaaea%c2%a2a%c2%acaaaaalloi-presidentin-obama\/#breadcrumb","itemListElement":[{"@type":"ListItem","position":1,"name":"Home","item":"https:\/\/president-ksgov.net\/en\/"},{"@type":"ListItem","position":2,"name":"President Sejdiu conveyed his condolences to President Obama"}]},{"@type":"WebSite","@id":"https:\/\/president-ksgov.net\/#website","url":"https:\/\/president-ksgov.net\/","name":"Presidente e Republik\u00ebs s\u00eb Kosov\u00ebs","description":"Presidente e Republik\u00ebs s\u00eb Kosov\u00ebs","alternateName":"DR. VJOSA OSMANI - SADRIU","potentialAction":[{"@type":"SearchAction","target":{"@type":"EntryPoint","urlTemplate":"https:\/\/president-ksgov.net\/?s={search_term_string}"},"query-input":{"@type":"PropertyValueSpecification","valueRequired":true,"valueName":"search_term_string"}}],"inLanguage":"en-US"},{"@type":"Person","@id":"https:\/\/president-ksgov.net\/#\/schema\/person\/bb4337a5fb147cb2046d80548172cbee","name":"admin","image":{"@type":"ImageObject","inLanguage":"en-US","@id":"https:\/\/president-ksgov.net\/#\/schema\/person\/image\/","url":"https:\/\/secure.gravatar.com\/avatar\/36156ca0fa3b8d9d25174f146e16beea0cf28f37adf1b9e19b6c9c279a7c9dd3?s=96&d=mm&r=g","contentUrl":"https:\/\/secure.gravatar.com\/avatar\/36156ca0fa3b8d9d25174f146e16beea0cf28f37adf1b9e19b6c9c279a7c9dd3?s=96&d=mm&r=g","caption":"admin"},"sameAs":["https:\/\/president-ksgov.net"]}]}},"_links":{"self":[{"href":"https:\/\/president-ksgov.net\/en\/wp-json\/wp\/v2\/posts\/73479","targetHints":{"allow":["GET"]}}],"collection":[{"href":"https:\/\/president-ksgov.net\/en\/wp-json\/wp\/v2\/posts"}],"about":[{"href":"https:\/\/president-ksgov.net\/en\/wp-json\/wp\/v2\/types\/post"}],"author":[{"embeddable":true,"href":"https:\/\/president-ksgov.net\/en\/wp-json\/wp\/v2\/users\/1"}],"replies":[{"embeddable":true,"href":"https:\/\/president-ksgov.net\/en\/wp-json\/wp\/v2\/comments?post=73479"}],"version-history":[{"count":0,"href":"https:\/\/president-ksgov.net\/en\/wp-json\/wp\/v2\/posts\/73479\/revisions"}],"wp:featuredmedia":[{"embeddable":true,"href":"https:\/\/president-ksgov.net\/en\/wp-json\/wp\/v2\/media\/86338"}],"wp:attachment":[{"href":"https:\/\/president-ksgov.net\/en\/wp-json\/wp\/v2\/media?parent=73479"}],"wp:term":[{"taxonomy":"category","embeddable":true,"href":"https:\/\/president-ksgov.net\/en\/wp-json\/wp\/v2\/categories?post=73479"},{"taxonomy":"post_tag","embeddable":true,"href":"https:\/\/president-ksgov.net\/en\/wp-json\/wp\/v2\/tags?post=73479"}],"curies":[{"name":"wp","href":"https:\/\/api.w.org\/{rel}","templated":true}]}}