{"id":73374,"date":"2010-02-19T15:59:39","date_gmt":"2010-02-19T15:59:39","guid":{"rendered":"https:\/\/dev.president-ksgov.net\/sejdiu-croatia-has-always-voiced-her-strong-support-for-our-objectives-of-freedom-and-independence\/"},"modified":"2023-03-07T11:40:52","modified_gmt":"2023-03-07T11:40:52","slug":"sejdiu-croatia-has-always-voiced-her-strong-support-for-our-objectives-of-freedom-and-independence","status":"publish","type":"post","link":"https:\/\/president-ksgov.net\/en\/sejdiu-croatia-has-always-voiced-her-strong-support-for-our-objectives-of-freedom-and-independence\/","title":{"rendered":"Sejdiu: Croatia has always voiced her strong support for our objectives of freedom and independence"},"content":{"rendered":"<p>The President of Republic of Kosovo, Dr. Fatmir Sejdiu, participated in the feast organized by Croatia Albanians on the second anniversary of declaration of Kosovo&#8217;s independence. On this occasion, which was opened by Valdet Sadiku, Kosovo Ambassador to Croatia based in Zagreb, President Sejdiu said that Republic of Croatia was one among the first countries to recognize Kosovo&#8217;s independence and to establish diplomatic relations at the level of an embassy.<\/p>\n<p>&#8220;Croatia has always voiced her strong support for our objectives of<br \/>\nfreedom and independence, whereas the Albanian community that lives in<br \/>\nthis country has been and remains an important bridge of friendship and<br \/>\ncooperation between our countries&#8221;, President Sejdiu said. <\/p>\n<p>President Sejdiu&#8217;s speech on the feast organized by Croatia Albanians on<br \/>\nthe second anniversary of declaration of Kosovo&#8217;s independence:<\/p>\n<p>Honorable Ambassador Sadiku,<br \/>\nHonorable representatives of highest institutions of Croatia,<br \/>\nAmbassadors, members of Diplomatic Choir,<br \/>\nDear citizens of Kosovo and Croatia,<br \/>\nDear friends, ladies and gentlemen,<\/p>\n<p>It is a special pleasure for me to be participating today in the<br \/>\ninauguration of the Embassy of Republic of Kosovo in the Republic of<br \/>\nCroatia. This is the youngest embassy, of the youngest state, with a<br \/>\nvery young ambassador.<\/p>\n<p>Kosovo has joined the family of independent states owing to a great<br \/>\nresistance that it has staged and to an unreserved support provided by<br \/>\nits allies. Above all, this support was a support for human freedom,<br \/>\ndemocracy, peace and stability.<\/p>\n<p>Republic of Croatia was among the first countries to engage in<br \/>\nsupporting the freedom of Kosovo and its independence and to pave the<br \/>\nway for opening the Embassy of Republic of Kosovo, after having<br \/>\nrecognized its independence.<\/p>\n<p>Today&#8217;s event is connected with two other important events that have<br \/>\ntaken place over the past three days: the day before yesterday, we<br \/>\ncelebrated Kosovo&#8217;s Day of Independence; yesterday we had the<br \/>\ninauguration of President Josipovi\u0107, and today we are opening Kosovo&#8217;s<br \/>\nembassy.<\/p>\n<p>I had the pleasure to convey messages and appreciations of the people<br \/>\nand institutions of Kosovo to the highest institutions and leaders of<br \/>\nCroatian state.<\/p>\n<p>Like the representatives of other friend countries, they assured me of<br \/>\ntheir strong support for an accelerated economic growth of Kosovo and<br \/>\nfor meeting the requirements for integration into the Euro-Atlantic<br \/>\ncommunity. President Mesi\u0107 in Prishtina and President Josipovi\u0107 here and<br \/>\nall others have expressed to me their appreciation for the contribution<br \/>\nthat Croatia Albanians have provided during the Croatian national war<br \/>\nfor liberation. They say that you, people of Kosovo, and Croatian<br \/>\ncitizens, have provided a significant contribution to the development of<br \/>\nthis country and this is what you should keep on doing. <\/p>\n<p>We are all interested to set our pace in the journey on which we have<br \/>\nembarked together, so that tomorrow, very soon, Kosovo and Croatia can<br \/>\nbecome members of the European Union. In the meanwhile, I believe that<br \/>\nwe can draw on good experience that Croatia has gained in providing for<br \/>\nits economic growth and in the process of its accession to NATO.<br \/>\nMoreover, Croatia is still maintaining the presence in Kosovo of an<br \/>\nexcellent contingent within KFOR.<\/p>\n<p>All of you present here, you are friends to Kosovo; you are people of<br \/>\nKosovo and you have attentively followed the developments that we have<br \/>\nhad and many of you have played a role in major processes that Kosovo<br \/>\nhas gone through.<\/p>\n<p>The declaration of independence was a miracle that happened in Kosovo,<br \/>\nand ominous forecasts of those who opposed Kosovo&#8217;s independence did not<br \/>\nbecome a reality. Kosovo has maintained its sustainability as a stable<br \/>\nstate that belongs to all its citizens, regardless of their ethnic<br \/>\nbackground.<\/p>\n<p>Kosovo has pledged to implement the Ahtisaari Proposal in its entirety,<br \/>\nfor it was a project that was a result of a laborious and long-lasting<br \/>\nengagement. Kosovo maintains excellent relations with its neighbors and<br \/>\nother countries of the region, with the exception of Serbia, with which<br \/>\nwe are still facing problems, but we want to have good relations with<br \/>\nall the countries, absolutely, including Serbia, because our future<br \/>\ndepends on our cooperation and accession to the European Union and NATO.<\/p>\n<p>To date, Kosovo has been internationally recognized by 65 countries, has<br \/>\nopened 21 embassies and 9 consular missions, has become a member of the<br \/>\nInternational Monetary Fund and the World Bank, and is developing<br \/>\nrapidly, in face of obstacles and challenges that lie ahead of us. I<br \/>\ntrust that Zagreb municipality, Mr. Bandi\u0107 and his people, will support<br \/>\nus in improving the situation in Kosovo and, finally, I would like to<br \/>\nexpress my profound appreciation for all those who are away from their<br \/>\nhomes and who have been staying here for decades. Croatia is home to you<br \/>\ntoo and its people have said and proved this to be true. Many of you<br \/>\nhave sacrificed a lot during the war, but when a war is waged for<br \/>\nfreedom, it always has God&#8217;s blessing.<\/p>\n<p>God Bless Republic of Croatia!<br \/>\nGod Bless Kosovo&#8217;s friends!<br \/>\nGod Bless Kosovo!<\/p>\n","protected":false},"excerpt":{"rendered":"<p>The President of Republic of Kosovo, Dr. Fatmir Sejdiu, participated in the feast organized by Croatia Albanians on the second anniversary of declaration of Kosovo&#8217;s independence. On this occasion, which was opened by Valdet Sadiku, Kosovo Ambassador to Croatia based in Zagreb, President Sejdiu said that Republic of Croatia was one among the first countries to recognize Kosovo&#8217;s independence and to establish diplomatic relations at the level of an embassy.<\/p>\n","protected":false},"author":1,"featured_media":86338,"comment_status":"open","ping_status":"closed","sticky":false,"template":"","format":"standard","meta":{"_eb_attr":"","footnotes":""},"categories":[111],"tags":[],"class_list":["post-73374","post","type-post","status-publish","format-standard","has-post-thumbnail","hentry","category-news"],"yoast_head":"<!-- This site is optimized with the Yoast SEO plugin v23.5 - https:\/\/yoast.com\/wordpress\/plugins\/seo\/ -->\n<title>Sejdiu: Croatia has always voiced her strong support for our objectives of freedom and independence - President of the Republic of Kosovo - DR. VJOSA OSMANI - SADRIU<\/title>\n<meta name=\"description\" content=\"Sejdiu: Croatia has always voiced her strong support for our objectives of freedom and independence - President of the Republic of Kosovo - DR. VJOSA OSMANI - SADRIU -\" \/>\n<meta name=\"robots\" content=\"index, follow, max-snippet:-1, max-image-preview:large, max-video-preview:-1\" \/>\n<link rel=\"canonical\" href=\"https:\/\/president-ksgov.net\/sejdiu-kroacia-ka-qene-perhere-ze-i-fuqishem-i-perkrahjes-se-synimeve-tona-per-liri-dhe-pavaresi\/\" \/>\n<meta property=\"og:locale\" content=\"en_US\" \/>\n<meta property=\"og:type\" content=\"article\" \/>\n<meta property=\"og:title\" content=\"Sejdiu: Croatia has always voiced her strong support for our objectives of freedom and independence - President of the Republic of Kosovo - DR. VJOSA OSMANI - SADRIU\" \/>\n<meta property=\"og:description\" content=\"Sejdiu: Croatia has always voiced her strong support for our objectives of freedom and independence - President of the Republic of Kosovo - DR. VJOSA OSMANI - SADRIU -\" \/>\n<meta property=\"og:url\" content=\"https:\/\/president-ksgov.net\/sejdiu-kroacia-ka-qene-perhere-ze-i-fuqishem-i-perkrahjes-se-synimeve-tona-per-liri-dhe-pavaresi\/\" \/>\n<meta property=\"og:site_name\" content=\"President of the Republic of Kosovo - DR. VJOSA OSMANI - SADRIU\" \/>\n<meta property=\"article:published_time\" content=\"2010-02-19T15:59:39+00:00\" \/>\n<meta property=\"article:modified_time\" content=\"2023-03-07T11:40:52+00:00\" \/>\n<meta property=\"og:image\" content=\"https:\/\/president-ksgov.net\/wp-content\/uploads\/Zyra-e-Presidentes-Featured-Image1-e1678970937938.png\" \/>\n\t<meta property=\"og:image:width\" content=\"1024\" \/>\n\t<meta property=\"og:image:height\" content=\"716\" \/>\n\t<meta property=\"og:image:type\" content=\"image\/png\" \/>\n<meta name=\"author\" content=\"admin\" \/>\n<meta name=\"twitter:card\" content=\"summary_large_image\" \/>\n<meta name=\"twitter:label1\" content=\"Written by\" \/>\n\t<meta name=\"twitter:data1\" content=\"admin\" \/>\n\t<meta name=\"twitter:label2\" content=\"Est. reading time\" \/>\n\t<meta name=\"twitter:data2\" content=\"4 minutes\" \/>\n<script type=\"application\/ld+json\" class=\"yoast-schema-graph\">{\"@context\":\"https:\/\/schema.org\",\"@graph\":[{\"@type\":\"WebPage\",\"@id\":\"https:\/\/president-ksgov.net\/sejdiu-kroacia-ka-qene-perhere-ze-i-fuqishem-i-perkrahjes-se-synimeve-tona-per-liri-dhe-pavaresi\/\",\"url\":\"https:\/\/president-ksgov.net\/sejdiu-kroacia-ka-qene-perhere-ze-i-fuqishem-i-perkrahjes-se-synimeve-tona-per-liri-dhe-pavaresi\/\",\"name\":\"Sejdiu: Croatia has always voiced her strong support for our objectives of freedom and independence - President of the Republic of Kosovo - DR. VJOSA OSMANI - SADRIU\",\"isPartOf\":{\"@id\":\"https:\/\/president-ksgov.net\/#website\"},\"primaryImageOfPage\":{\"@id\":\"https:\/\/president-ksgov.net\/sejdiu-kroacia-ka-qene-perhere-ze-i-fuqishem-i-perkrahjes-se-synimeve-tona-per-liri-dhe-pavaresi\/#primaryimage\"},\"image\":{\"@id\":\"https:\/\/president-ksgov.net\/sejdiu-kroacia-ka-qene-perhere-ze-i-fuqishem-i-perkrahjes-se-synimeve-tona-per-liri-dhe-pavaresi\/#primaryimage\"},\"thumbnailUrl\":\"https:\/\/president-ksgov.net\/wp-content\/uploads\/Zyra-e-Presidentes-Featured-Image1-e1678970937938.png\",\"datePublished\":\"2010-02-19T15:59:39+00:00\",\"dateModified\":\"2023-03-07T11:40:52+00:00\",\"author\":{\"@id\":\"https:\/\/president-ksgov.net\/#\/schema\/person\/bb4337a5fb147cb2046d80548172cbee\"},\"description\":\"Sejdiu: Croatia has always voiced her strong support for our objectives of freedom and independence - President of the Republic of Kosovo - DR. VJOSA OSMANI - SADRIU -\",\"breadcrumb\":{\"@id\":\"https:\/\/president-ksgov.net\/sejdiu-kroacia-ka-qene-perhere-ze-i-fuqishem-i-perkrahjes-se-synimeve-tona-per-liri-dhe-pavaresi\/#breadcrumb\"},\"inLanguage\":\"en-US\",\"potentialAction\":[{\"@type\":\"ReadAction\",\"target\":[\"https:\/\/president-ksgov.net\/sejdiu-kroacia-ka-qene-perhere-ze-i-fuqishem-i-perkrahjes-se-synimeve-tona-per-liri-dhe-pavaresi\/\"]}]},{\"@type\":\"ImageObject\",\"inLanguage\":\"en-US\",\"@id\":\"https:\/\/president-ksgov.net\/sejdiu-kroacia-ka-qene-perhere-ze-i-fuqishem-i-perkrahjes-se-synimeve-tona-per-liri-dhe-pavaresi\/#primaryimage\",\"url\":\"https:\/\/president-ksgov.net\/wp-content\/uploads\/Zyra-e-Presidentes-Featured-Image1-e1678970937938.png\",\"contentUrl\":\"https:\/\/president-ksgov.net\/wp-content\/uploads\/Zyra-e-Presidentes-Featured-Image1-e1678970937938.png\",\"width\":1024,\"height\":716},{\"@type\":\"BreadcrumbList\",\"@id\":\"https:\/\/president-ksgov.net\/sejdiu-kroacia-ka-qene-perhere-ze-i-fuqishem-i-perkrahjes-se-synimeve-tona-per-liri-dhe-pavaresi\/#breadcrumb\",\"itemListElement\":[{\"@type\":\"ListItem\",\"position\":1,\"name\":\"Home\",\"item\":\"https:\/\/president-ksgov.net\/en\/\"},{\"@type\":\"ListItem\",\"position\":2,\"name\":\"Sejdiu: Croatia has always voiced her strong support for our objectives of freedom and independence\"}]},{\"@type\":\"WebSite\",\"@id\":\"https:\/\/president-ksgov.net\/#website\",\"url\":\"https:\/\/president-ksgov.net\/\",\"name\":\"Presidente e Republik\u00ebs s\u00eb Kosov\u00ebs\",\"description\":\"Presidente e Republik\u00ebs s\u00eb Kosov\u00ebs\",\"alternateName\":\"DR. VJOSA OSMANI - SADRIU\",\"potentialAction\":[{\"@type\":\"SearchAction\",\"target\":{\"@type\":\"EntryPoint\",\"urlTemplate\":\"https:\/\/president-ksgov.net\/?s={search_term_string}\"},\"query-input\":{\"@type\":\"PropertyValueSpecification\",\"valueRequired\":true,\"valueName\":\"search_term_string\"}}],\"inLanguage\":\"en-US\"},{\"@type\":\"Person\",\"@id\":\"https:\/\/president-ksgov.net\/#\/schema\/person\/bb4337a5fb147cb2046d80548172cbee\",\"name\":\"admin\",\"image\":{\"@type\":\"ImageObject\",\"inLanguage\":\"en-US\",\"@id\":\"https:\/\/president-ksgov.net\/#\/schema\/person\/image\/\",\"url\":\"https:\/\/secure.gravatar.com\/avatar\/36156ca0fa3b8d9d25174f146e16beea0cf28f37adf1b9e19b6c9c279a7c9dd3?s=96&d=mm&r=g\",\"contentUrl\":\"https:\/\/secure.gravatar.com\/avatar\/36156ca0fa3b8d9d25174f146e16beea0cf28f37adf1b9e19b6c9c279a7c9dd3?s=96&d=mm&r=g\",\"caption\":\"admin\"},\"sameAs\":[\"https:\/\/president-ksgov.net\"]}]}<\/script>\n<!-- \/ Yoast SEO plugin. -->","yoast_head_json":{"title":"Sejdiu: Croatia has always voiced her strong support for our objectives of freedom and independence - President of the Republic of Kosovo - DR. VJOSA OSMANI - SADRIU","description":"Sejdiu: Croatia has always voiced her strong support for our objectives of freedom and independence - President of the Republic of Kosovo - DR. VJOSA OSMANI - SADRIU -","robots":{"index":"index","follow":"follow","max-snippet":"max-snippet:-1","max-image-preview":"max-image-preview:large","max-video-preview":"max-video-preview:-1"},"canonical":"https:\/\/president-ksgov.net\/sejdiu-kroacia-ka-qene-perhere-ze-i-fuqishem-i-perkrahjes-se-synimeve-tona-per-liri-dhe-pavaresi\/","og_locale":"en_US","og_type":"article","og_title":"Sejdiu: Croatia has always voiced her strong support for our objectives of freedom and independence - President of the Republic of Kosovo - DR. VJOSA OSMANI - SADRIU","og_description":"Sejdiu: Croatia has always voiced her strong support for our objectives of freedom and independence - President of the Republic of Kosovo - DR. VJOSA OSMANI - SADRIU -","og_url":"https:\/\/president-ksgov.net\/sejdiu-kroacia-ka-qene-perhere-ze-i-fuqishem-i-perkrahjes-se-synimeve-tona-per-liri-dhe-pavaresi\/","og_site_name":"President of the Republic of Kosovo - DR. VJOSA OSMANI - SADRIU","article_published_time":"2010-02-19T15:59:39+00:00","article_modified_time":"2023-03-07T11:40:52+00:00","og_image":[{"width":1024,"height":716,"url":"https:\/\/president-ksgov.net\/wp-content\/uploads\/Zyra-e-Presidentes-Featured-Image1-e1678970937938.png","type":"image\/png"}],"author":"admin","twitter_card":"summary_large_image","twitter_misc":{"Written by":"admin","Est. reading time":"4 minutes"},"schema":{"@context":"https:\/\/schema.org","@graph":[{"@type":"WebPage","@id":"https:\/\/president-ksgov.net\/sejdiu-kroacia-ka-qene-perhere-ze-i-fuqishem-i-perkrahjes-se-synimeve-tona-per-liri-dhe-pavaresi\/","url":"https:\/\/president-ksgov.net\/sejdiu-kroacia-ka-qene-perhere-ze-i-fuqishem-i-perkrahjes-se-synimeve-tona-per-liri-dhe-pavaresi\/","name":"Sejdiu: Croatia has always voiced her strong support for our objectives of freedom and independence - President of the Republic of Kosovo - DR. VJOSA OSMANI - SADRIU","isPartOf":{"@id":"https:\/\/president-ksgov.net\/#website"},"primaryImageOfPage":{"@id":"https:\/\/president-ksgov.net\/sejdiu-kroacia-ka-qene-perhere-ze-i-fuqishem-i-perkrahjes-se-synimeve-tona-per-liri-dhe-pavaresi\/#primaryimage"},"image":{"@id":"https:\/\/president-ksgov.net\/sejdiu-kroacia-ka-qene-perhere-ze-i-fuqishem-i-perkrahjes-se-synimeve-tona-per-liri-dhe-pavaresi\/#primaryimage"},"thumbnailUrl":"https:\/\/president-ksgov.net\/wp-content\/uploads\/Zyra-e-Presidentes-Featured-Image1-e1678970937938.png","datePublished":"2010-02-19T15:59:39+00:00","dateModified":"2023-03-07T11:40:52+00:00","author":{"@id":"https:\/\/president-ksgov.net\/#\/schema\/person\/bb4337a5fb147cb2046d80548172cbee"},"description":"Sejdiu: Croatia has always voiced her strong support for our objectives of freedom and independence - President of the Republic of Kosovo - DR. VJOSA OSMANI - SADRIU -","breadcrumb":{"@id":"https:\/\/president-ksgov.net\/sejdiu-kroacia-ka-qene-perhere-ze-i-fuqishem-i-perkrahjes-se-synimeve-tona-per-liri-dhe-pavaresi\/#breadcrumb"},"inLanguage":"en-US","potentialAction":[{"@type":"ReadAction","target":["https:\/\/president-ksgov.net\/sejdiu-kroacia-ka-qene-perhere-ze-i-fuqishem-i-perkrahjes-se-synimeve-tona-per-liri-dhe-pavaresi\/"]}]},{"@type":"ImageObject","inLanguage":"en-US","@id":"https:\/\/president-ksgov.net\/sejdiu-kroacia-ka-qene-perhere-ze-i-fuqishem-i-perkrahjes-se-synimeve-tona-per-liri-dhe-pavaresi\/#primaryimage","url":"https:\/\/president-ksgov.net\/wp-content\/uploads\/Zyra-e-Presidentes-Featured-Image1-e1678970937938.png","contentUrl":"https:\/\/president-ksgov.net\/wp-content\/uploads\/Zyra-e-Presidentes-Featured-Image1-e1678970937938.png","width":1024,"height":716},{"@type":"BreadcrumbList","@id":"https:\/\/president-ksgov.net\/sejdiu-kroacia-ka-qene-perhere-ze-i-fuqishem-i-perkrahjes-se-synimeve-tona-per-liri-dhe-pavaresi\/#breadcrumb","itemListElement":[{"@type":"ListItem","position":1,"name":"Home","item":"https:\/\/president-ksgov.net\/en\/"},{"@type":"ListItem","position":2,"name":"Sejdiu: Croatia has always voiced her strong support for our objectives of freedom and independence"}]},{"@type":"WebSite","@id":"https:\/\/president-ksgov.net\/#website","url":"https:\/\/president-ksgov.net\/","name":"Presidente e Republik\u00ebs s\u00eb Kosov\u00ebs","description":"Presidente e Republik\u00ebs s\u00eb Kosov\u00ebs","alternateName":"DR. VJOSA OSMANI - SADRIU","potentialAction":[{"@type":"SearchAction","target":{"@type":"EntryPoint","urlTemplate":"https:\/\/president-ksgov.net\/?s={search_term_string}"},"query-input":{"@type":"PropertyValueSpecification","valueRequired":true,"valueName":"search_term_string"}}],"inLanguage":"en-US"},{"@type":"Person","@id":"https:\/\/president-ksgov.net\/#\/schema\/person\/bb4337a5fb147cb2046d80548172cbee","name":"admin","image":{"@type":"ImageObject","inLanguage":"en-US","@id":"https:\/\/president-ksgov.net\/#\/schema\/person\/image\/","url":"https:\/\/secure.gravatar.com\/avatar\/36156ca0fa3b8d9d25174f146e16beea0cf28f37adf1b9e19b6c9c279a7c9dd3?s=96&d=mm&r=g","contentUrl":"https:\/\/secure.gravatar.com\/avatar\/36156ca0fa3b8d9d25174f146e16beea0cf28f37adf1b9e19b6c9c279a7c9dd3?s=96&d=mm&r=g","caption":"admin"},"sameAs":["https:\/\/president-ksgov.net"]}]}},"_links":{"self":[{"href":"https:\/\/president-ksgov.net\/en\/wp-json\/wp\/v2\/posts\/73374","targetHints":{"allow":["GET"]}}],"collection":[{"href":"https:\/\/president-ksgov.net\/en\/wp-json\/wp\/v2\/posts"}],"about":[{"href":"https:\/\/president-ksgov.net\/en\/wp-json\/wp\/v2\/types\/post"}],"author":[{"embeddable":true,"href":"https:\/\/president-ksgov.net\/en\/wp-json\/wp\/v2\/users\/1"}],"replies":[{"embeddable":true,"href":"https:\/\/president-ksgov.net\/en\/wp-json\/wp\/v2\/comments?post=73374"}],"version-history":[{"count":0,"href":"https:\/\/president-ksgov.net\/en\/wp-json\/wp\/v2\/posts\/73374\/revisions"}],"wp:featuredmedia":[{"embeddable":true,"href":"https:\/\/president-ksgov.net\/en\/wp-json\/wp\/v2\/media\/86338"}],"wp:attachment":[{"href":"https:\/\/president-ksgov.net\/en\/wp-json\/wp\/v2\/media?parent=73374"}],"wp:term":[{"taxonomy":"category","embeddable":true,"href":"https:\/\/president-ksgov.net\/en\/wp-json\/wp\/v2\/categories?post=73374"},{"taxonomy":"post_tag","embeddable":true,"href":"https:\/\/president-ksgov.net\/en\/wp-json\/wp\/v2\/tags?post=73374"}],"curies":[{"name":"wp","href":"https:\/\/api.w.org\/{rel}","templated":true}]}}