{"id":73201,"date":"2009-12-03T14:05:15","date_gmt":"2009-12-03T14:05:15","guid":{"rendered":"https:\/\/dev.president-ksgov.net\/joint-statement-by-president-sejdiu-and-prime-minister-thaci-on-recent-developments-in-kosovo\/"},"modified":"2023-03-07T11:36:59","modified_gmt":"2023-03-07T11:36:59","slug":"joint-statement-by-president-sejdiu-and-prime-minister-thaci-on-recent-developments-in-kosovo","status":"publish","type":"post","link":"https:\/\/president-ksgov.net\/en\/joint-statement-by-president-sejdiu-and-prime-minister-thaci-on-recent-developments-in-kosovo\/","title":{"rendered":"Joint statement by President Sejdiu and Prime Minister Tha\u00e7i on recent developments in Kosovo"},"content":{"rendered":"<p>Having attentively followed the recent developments related to politics, security and rule of law in Kosovo, the President and the Prime Minister of Republic of Kosovo state as follows:<\/p>\n<p>Hereby we reaffirm our commitment to and engagement in providing for an effective rule of law in our country. Our success in ensuring the growth and integration of our country depends largely on our ability to preserve the rule of law and to offer a better future to each and every citizen of the Republic of Kosovo.<\/p>\n<p>Our and EULEX justice institutions will take all the necessary measures within their remit to make sure that all the criminal offences that were committed after the war are thoroughly investigated and remain free of political influence. <\/p>\n<p>We call for a complete detachment between politics and justice and a transparency required by law. Any non-institutional action shall be unacceptable to the institutions of Republic of Kosovo. <\/p>\n<p>Once again, we invite the people of our country to retain the calmness and to contribute to stability in our country by confiding in justice institutions and by supporting them in carrying out their duties.<br \/>\n\u00a0<\/p>\n","protected":false},"excerpt":{"rendered":"<p>Having attentively followed the recent developments related to politics, security and rule of law in Kosovo, the President and the Prime Minister of Republic of Kosovo state as follows:<\/p>\n","protected":false},"author":1,"featured_media":86338,"comment_status":"open","ping_status":"closed","sticky":false,"template":"","format":"standard","meta":{"_eb_attr":"","footnotes":""},"categories":[111],"tags":[],"class_list":["post-73201","post","type-post","status-publish","format-standard","has-post-thumbnail","hentry","category-news"],"yoast_head":"<!-- This site is optimized with the Yoast SEO plugin v23.5 - https:\/\/yoast.com\/wordpress\/plugins\/seo\/ -->\n<title>Joint statement by President Sejdiu and Prime Minister Tha\u00e7i on recent developments in Kosovo - President of the Republic of Kosovo - DR. VJOSA OSMANI - SADRIU<\/title>\n<meta name=\"description\" content=\"Joint statement by President Sejdiu and Prime Minister Tha\u00e7i on recent developments in Kosovo - President of the Republic of Kosovo - DR. VJOSA OSMANI - SADRIU -\" \/>\n<meta name=\"robots\" content=\"index, follow, max-snippet:-1, max-image-preview:large, max-video-preview:-1\" \/>\n<link rel=\"canonical\" href=\"https:\/\/president-ksgov.net\/deklarate-e-presidentit-sejdiu-dhe-e-kryeministrit-thaci-lidhur-me-zhvillimet-e-fundit-ne-kosove\/\" \/>\n<meta property=\"og:locale\" content=\"en_US\" \/>\n<meta property=\"og:type\" content=\"article\" \/>\n<meta property=\"og:title\" content=\"Joint statement by President Sejdiu and Prime Minister Tha\u00e7i on recent developments in Kosovo - President of the Republic of Kosovo - DR. VJOSA OSMANI - SADRIU\" \/>\n<meta property=\"og:description\" content=\"Joint statement by President Sejdiu and Prime Minister Tha\u00e7i on recent developments in Kosovo - President of the Republic of Kosovo - DR. VJOSA OSMANI - SADRIU -\" \/>\n<meta property=\"og:url\" content=\"https:\/\/president-ksgov.net\/deklarate-e-presidentit-sejdiu-dhe-e-kryeministrit-thaci-lidhur-me-zhvillimet-e-fundit-ne-kosove\/\" \/>\n<meta property=\"og:site_name\" content=\"President of the Republic of Kosovo - DR. VJOSA OSMANI - SADRIU\" \/>\n<meta property=\"article:published_time\" content=\"2009-12-03T14:05:15+00:00\" \/>\n<meta property=\"article:modified_time\" content=\"2023-03-07T11:36:59+00:00\" \/>\n<meta property=\"og:image\" content=\"https:\/\/president-ksgov.net\/wp-content\/uploads\/Zyra-e-Presidentes-Featured-Image1-e1678970937938.png\" \/>\n\t<meta property=\"og:image:width\" content=\"1024\" \/>\n\t<meta property=\"og:image:height\" content=\"716\" \/>\n\t<meta property=\"og:image:type\" content=\"image\/png\" \/>\n<meta name=\"author\" content=\"admin\" \/>\n<meta name=\"twitter:card\" content=\"summary_large_image\" \/>\n<meta name=\"twitter:label1\" content=\"Written by\" \/>\n\t<meta name=\"twitter:data1\" content=\"admin\" \/>\n\t<meta name=\"twitter:label2\" content=\"Est. reading time\" \/>\n\t<meta name=\"twitter:data2\" content=\"1 minute\" \/>\n<script type=\"application\/ld+json\" class=\"yoast-schema-graph\">{\"@context\":\"https:\/\/schema.org\",\"@graph\":[{\"@type\":\"WebPage\",\"@id\":\"https:\/\/president-ksgov.net\/deklarate-e-presidentit-sejdiu-dhe-e-kryeministrit-thaci-lidhur-me-zhvillimet-e-fundit-ne-kosove\/\",\"url\":\"https:\/\/president-ksgov.net\/deklarate-e-presidentit-sejdiu-dhe-e-kryeministrit-thaci-lidhur-me-zhvillimet-e-fundit-ne-kosove\/\",\"name\":\"Joint statement by President Sejdiu and Prime Minister Tha\u00e7i on recent developments in Kosovo - President of the Republic of Kosovo - DR. VJOSA OSMANI - SADRIU\",\"isPartOf\":{\"@id\":\"https:\/\/president-ksgov.net\/#website\"},\"primaryImageOfPage\":{\"@id\":\"https:\/\/president-ksgov.net\/deklarate-e-presidentit-sejdiu-dhe-e-kryeministrit-thaci-lidhur-me-zhvillimet-e-fundit-ne-kosove\/#primaryimage\"},\"image\":{\"@id\":\"https:\/\/president-ksgov.net\/deklarate-e-presidentit-sejdiu-dhe-e-kryeministrit-thaci-lidhur-me-zhvillimet-e-fundit-ne-kosove\/#primaryimage\"},\"thumbnailUrl\":\"https:\/\/president-ksgov.net\/wp-content\/uploads\/Zyra-e-Presidentes-Featured-Image1-e1678970937938.png\",\"datePublished\":\"2009-12-03T14:05:15+00:00\",\"dateModified\":\"2023-03-07T11:36:59+00:00\",\"author\":{\"@id\":\"https:\/\/president-ksgov.net\/#\/schema\/person\/bb4337a5fb147cb2046d80548172cbee\"},\"description\":\"Joint statement by President Sejdiu and Prime Minister Tha\u00e7i on recent developments in Kosovo - President of the Republic of Kosovo - DR. VJOSA OSMANI - SADRIU -\",\"breadcrumb\":{\"@id\":\"https:\/\/president-ksgov.net\/deklarate-e-presidentit-sejdiu-dhe-e-kryeministrit-thaci-lidhur-me-zhvillimet-e-fundit-ne-kosove\/#breadcrumb\"},\"inLanguage\":\"en-US\",\"potentialAction\":[{\"@type\":\"ReadAction\",\"target\":[\"https:\/\/president-ksgov.net\/deklarate-e-presidentit-sejdiu-dhe-e-kryeministrit-thaci-lidhur-me-zhvillimet-e-fundit-ne-kosove\/\"]}]},{\"@type\":\"ImageObject\",\"inLanguage\":\"en-US\",\"@id\":\"https:\/\/president-ksgov.net\/deklarate-e-presidentit-sejdiu-dhe-e-kryeministrit-thaci-lidhur-me-zhvillimet-e-fundit-ne-kosove\/#primaryimage\",\"url\":\"https:\/\/president-ksgov.net\/wp-content\/uploads\/Zyra-e-Presidentes-Featured-Image1-e1678970937938.png\",\"contentUrl\":\"https:\/\/president-ksgov.net\/wp-content\/uploads\/Zyra-e-Presidentes-Featured-Image1-e1678970937938.png\",\"width\":1024,\"height\":716},{\"@type\":\"BreadcrumbList\",\"@id\":\"https:\/\/president-ksgov.net\/deklarate-e-presidentit-sejdiu-dhe-e-kryeministrit-thaci-lidhur-me-zhvillimet-e-fundit-ne-kosove\/#breadcrumb\",\"itemListElement\":[{\"@type\":\"ListItem\",\"position\":1,\"name\":\"Home\",\"item\":\"https:\/\/president-ksgov.net\/en\/\"},{\"@type\":\"ListItem\",\"position\":2,\"name\":\"Joint statement by President Sejdiu and Prime Minister Tha\u00e7i on recent developments in Kosovo\"}]},{\"@type\":\"WebSite\",\"@id\":\"https:\/\/president-ksgov.net\/#website\",\"url\":\"https:\/\/president-ksgov.net\/\",\"name\":\"Presidente e Republik\u00ebs s\u00eb Kosov\u00ebs\",\"description\":\"Presidente e Republik\u00ebs s\u00eb Kosov\u00ebs\",\"alternateName\":\"DR. VJOSA OSMANI - SADRIU\",\"potentialAction\":[{\"@type\":\"SearchAction\",\"target\":{\"@type\":\"EntryPoint\",\"urlTemplate\":\"https:\/\/president-ksgov.net\/?s={search_term_string}\"},\"query-input\":{\"@type\":\"PropertyValueSpecification\",\"valueRequired\":true,\"valueName\":\"search_term_string\"}}],\"inLanguage\":\"en-US\"},{\"@type\":\"Person\",\"@id\":\"https:\/\/president-ksgov.net\/#\/schema\/person\/bb4337a5fb147cb2046d80548172cbee\",\"name\":\"admin\",\"image\":{\"@type\":\"ImageObject\",\"inLanguage\":\"en-US\",\"@id\":\"https:\/\/president-ksgov.net\/#\/schema\/person\/image\/\",\"url\":\"https:\/\/secure.gravatar.com\/avatar\/36156ca0fa3b8d9d25174f146e16beea0cf28f37adf1b9e19b6c9c279a7c9dd3?s=96&d=mm&r=g\",\"contentUrl\":\"https:\/\/secure.gravatar.com\/avatar\/36156ca0fa3b8d9d25174f146e16beea0cf28f37adf1b9e19b6c9c279a7c9dd3?s=96&d=mm&r=g\",\"caption\":\"admin\"},\"sameAs\":[\"https:\/\/president-ksgov.net\"]}]}<\/script>\n<!-- \/ Yoast SEO plugin. -->","yoast_head_json":{"title":"Joint statement by President Sejdiu and Prime Minister Tha\u00e7i on recent developments in Kosovo - President of the Republic of Kosovo - DR. VJOSA OSMANI - SADRIU","description":"Joint statement by President Sejdiu and Prime Minister Tha\u00e7i on recent developments in Kosovo - President of the Republic of Kosovo - DR. VJOSA OSMANI - SADRIU -","robots":{"index":"index","follow":"follow","max-snippet":"max-snippet:-1","max-image-preview":"max-image-preview:large","max-video-preview":"max-video-preview:-1"},"canonical":"https:\/\/president-ksgov.net\/deklarate-e-presidentit-sejdiu-dhe-e-kryeministrit-thaci-lidhur-me-zhvillimet-e-fundit-ne-kosove\/","og_locale":"en_US","og_type":"article","og_title":"Joint statement by President Sejdiu and Prime Minister Tha\u00e7i on recent developments in Kosovo - President of the Republic of Kosovo - DR. VJOSA OSMANI - SADRIU","og_description":"Joint statement by President Sejdiu and Prime Minister Tha\u00e7i on recent developments in Kosovo - President of the Republic of Kosovo - DR. VJOSA OSMANI - SADRIU -","og_url":"https:\/\/president-ksgov.net\/deklarate-e-presidentit-sejdiu-dhe-e-kryeministrit-thaci-lidhur-me-zhvillimet-e-fundit-ne-kosove\/","og_site_name":"President of the Republic of Kosovo - DR. VJOSA OSMANI - SADRIU","article_published_time":"2009-12-03T14:05:15+00:00","article_modified_time":"2023-03-07T11:36:59+00:00","og_image":[{"width":1024,"height":716,"url":"https:\/\/president-ksgov.net\/wp-content\/uploads\/Zyra-e-Presidentes-Featured-Image1-e1678970937938.png","type":"image\/png"}],"author":"admin","twitter_card":"summary_large_image","twitter_misc":{"Written by":"admin","Est. reading time":"1 minute"},"schema":{"@context":"https:\/\/schema.org","@graph":[{"@type":"WebPage","@id":"https:\/\/president-ksgov.net\/deklarate-e-presidentit-sejdiu-dhe-e-kryeministrit-thaci-lidhur-me-zhvillimet-e-fundit-ne-kosove\/","url":"https:\/\/president-ksgov.net\/deklarate-e-presidentit-sejdiu-dhe-e-kryeministrit-thaci-lidhur-me-zhvillimet-e-fundit-ne-kosove\/","name":"Joint statement by President Sejdiu and Prime Minister Tha\u00e7i on recent developments in Kosovo - President of the Republic of Kosovo - DR. VJOSA OSMANI - SADRIU","isPartOf":{"@id":"https:\/\/president-ksgov.net\/#website"},"primaryImageOfPage":{"@id":"https:\/\/president-ksgov.net\/deklarate-e-presidentit-sejdiu-dhe-e-kryeministrit-thaci-lidhur-me-zhvillimet-e-fundit-ne-kosove\/#primaryimage"},"image":{"@id":"https:\/\/president-ksgov.net\/deklarate-e-presidentit-sejdiu-dhe-e-kryeministrit-thaci-lidhur-me-zhvillimet-e-fundit-ne-kosove\/#primaryimage"},"thumbnailUrl":"https:\/\/president-ksgov.net\/wp-content\/uploads\/Zyra-e-Presidentes-Featured-Image1-e1678970937938.png","datePublished":"2009-12-03T14:05:15+00:00","dateModified":"2023-03-07T11:36:59+00:00","author":{"@id":"https:\/\/president-ksgov.net\/#\/schema\/person\/bb4337a5fb147cb2046d80548172cbee"},"description":"Joint statement by President Sejdiu and Prime Minister Tha\u00e7i on recent developments in Kosovo - President of the Republic of Kosovo - DR. VJOSA OSMANI - SADRIU -","breadcrumb":{"@id":"https:\/\/president-ksgov.net\/deklarate-e-presidentit-sejdiu-dhe-e-kryeministrit-thaci-lidhur-me-zhvillimet-e-fundit-ne-kosove\/#breadcrumb"},"inLanguage":"en-US","potentialAction":[{"@type":"ReadAction","target":["https:\/\/president-ksgov.net\/deklarate-e-presidentit-sejdiu-dhe-e-kryeministrit-thaci-lidhur-me-zhvillimet-e-fundit-ne-kosove\/"]}]},{"@type":"ImageObject","inLanguage":"en-US","@id":"https:\/\/president-ksgov.net\/deklarate-e-presidentit-sejdiu-dhe-e-kryeministrit-thaci-lidhur-me-zhvillimet-e-fundit-ne-kosove\/#primaryimage","url":"https:\/\/president-ksgov.net\/wp-content\/uploads\/Zyra-e-Presidentes-Featured-Image1-e1678970937938.png","contentUrl":"https:\/\/president-ksgov.net\/wp-content\/uploads\/Zyra-e-Presidentes-Featured-Image1-e1678970937938.png","width":1024,"height":716},{"@type":"BreadcrumbList","@id":"https:\/\/president-ksgov.net\/deklarate-e-presidentit-sejdiu-dhe-e-kryeministrit-thaci-lidhur-me-zhvillimet-e-fundit-ne-kosove\/#breadcrumb","itemListElement":[{"@type":"ListItem","position":1,"name":"Home","item":"https:\/\/president-ksgov.net\/en\/"},{"@type":"ListItem","position":2,"name":"Joint statement by President Sejdiu and Prime Minister Tha\u00e7i on recent developments in Kosovo"}]},{"@type":"WebSite","@id":"https:\/\/president-ksgov.net\/#website","url":"https:\/\/president-ksgov.net\/","name":"Presidente e Republik\u00ebs s\u00eb Kosov\u00ebs","description":"Presidente e Republik\u00ebs s\u00eb Kosov\u00ebs","alternateName":"DR. VJOSA OSMANI - SADRIU","potentialAction":[{"@type":"SearchAction","target":{"@type":"EntryPoint","urlTemplate":"https:\/\/president-ksgov.net\/?s={search_term_string}"},"query-input":{"@type":"PropertyValueSpecification","valueRequired":true,"valueName":"search_term_string"}}],"inLanguage":"en-US"},{"@type":"Person","@id":"https:\/\/president-ksgov.net\/#\/schema\/person\/bb4337a5fb147cb2046d80548172cbee","name":"admin","image":{"@type":"ImageObject","inLanguage":"en-US","@id":"https:\/\/president-ksgov.net\/#\/schema\/person\/image\/","url":"https:\/\/secure.gravatar.com\/avatar\/36156ca0fa3b8d9d25174f146e16beea0cf28f37adf1b9e19b6c9c279a7c9dd3?s=96&d=mm&r=g","contentUrl":"https:\/\/secure.gravatar.com\/avatar\/36156ca0fa3b8d9d25174f146e16beea0cf28f37adf1b9e19b6c9c279a7c9dd3?s=96&d=mm&r=g","caption":"admin"},"sameAs":["https:\/\/president-ksgov.net"]}]}},"_links":{"self":[{"href":"https:\/\/president-ksgov.net\/en\/wp-json\/wp\/v2\/posts\/73201","targetHints":{"allow":["GET"]}}],"collection":[{"href":"https:\/\/president-ksgov.net\/en\/wp-json\/wp\/v2\/posts"}],"about":[{"href":"https:\/\/president-ksgov.net\/en\/wp-json\/wp\/v2\/types\/post"}],"author":[{"embeddable":true,"href":"https:\/\/president-ksgov.net\/en\/wp-json\/wp\/v2\/users\/1"}],"replies":[{"embeddable":true,"href":"https:\/\/president-ksgov.net\/en\/wp-json\/wp\/v2\/comments?post=73201"}],"version-history":[{"count":0,"href":"https:\/\/president-ksgov.net\/en\/wp-json\/wp\/v2\/posts\/73201\/revisions"}],"wp:featuredmedia":[{"embeddable":true,"href":"https:\/\/president-ksgov.net\/en\/wp-json\/wp\/v2\/media\/86338"}],"wp:attachment":[{"href":"https:\/\/president-ksgov.net\/en\/wp-json\/wp\/v2\/media?parent=73201"}],"wp:term":[{"taxonomy":"category","embeddable":true,"href":"https:\/\/president-ksgov.net\/en\/wp-json\/wp\/v2\/categories?post=73201"},{"taxonomy":"post_tag","embeddable":true,"href":"https:\/\/president-ksgov.net\/en\/wp-json\/wp\/v2\/tags?post=73201"}],"curies":[{"name":"wp","href":"https:\/\/api.w.org\/{rel}","templated":true}]}}