{"id":73196,"date":"2009-12-09T14:05:15","date_gmt":"2009-12-09T14:05:15","guid":{"rendered":"https:\/\/dev.president-ksgov.net\/faller-hungary-wants-a-kosovo-in-europe-as-soon-as-possible\/"},"modified":"2023-03-07T11:36:59","modified_gmt":"2023-03-07T11:36:59","slug":"faller-hungary-wants-a-kosovo-in-europe-as-soon-as-possible","status":"publish","type":"post","link":"https:\/\/president-ksgov.net\/en\/faller-hungary-wants-a-kosovo-in-europe-as-soon-as-possible\/","title":{"rendered":"Faller: Hungary wants a Kosovo in Europe as soon as possible"},"content":{"rendered":"<p>President Sejdiu met the Hungarian Secretary of State and Deputy Minister of Foreign Affairs, Mr. Jen\u0151 Faller.<\/p>\n<p>&#8220;Republic of Kosovo has only one vision and this is its integration into the European Union and NATO&#8221; &#8211; the President of Republic of Kosovo, Dr. Fatmir Sejdiu, said during a meeting he had today with the Hungarian Secretary of State and Deputy Minister of Foreign Affairs, Mr. Jen\u0151 Faller. <\/p>\n<p>Expressing our country&#8217;s institutions and people&#8217;s belief that the Hungarian support to achieving this fundamental objective of Kosovo will never be missing, President Sejdiu pointed out that Hungary was one of the first countries to recognize the independence of Kosovo.<\/p>\n<p>&#8220;Hungary has and is playing an important part in the international support to our country, therefore we are determined to maintain and strengthen this spirit of good cooperation&#8221; &#8211; President Sejdiu added. <\/p>\n<p>On the other hand, Mr. Jen\u0151 Faller assured President Sejdiu that Hungary will always maintain its interest in investing in and supporting Kosovo. <\/p>\n<p>&#8220;We have our people in EULEX and KFOR and we will continue to provide a full support for Kosovo&#8217;s aspiration to get integrated into the European Union and NATO&#8221; &#8211; Mr. Jen\u0151 Faller affirmed. He expressed his commitment to strengthen the cooperation between the two countries and, in terms of politics, reaffirmed that Hungary wants a Kosovo integrated into Europe as soon as possible.\u00a0<\/p>\n","protected":false},"excerpt":{"rendered":"<p>President Sejdiu met the Hungarian Secretary of State and Deputy Minister of Foreign Affairs, Mr. Jen\u0151 Faller.<\/p>\n","protected":false},"author":1,"featured_media":86338,"comment_status":"open","ping_status":"closed","sticky":false,"template":"","format":"standard","meta":{"_eb_attr":"","footnotes":""},"categories":[111],"tags":[],"class_list":["post-73196","post","type-post","status-publish","format-standard","has-post-thumbnail","hentry","category-news"],"yoast_head":"<!-- This site is optimized with the Yoast SEO plugin v23.5 - https:\/\/yoast.com\/wordpress\/plugins\/seo\/ -->\n<title>Faller: Hungary wants a Kosovo in Europe as soon as possible - President of the Republic of Kosovo - DR. VJOSA OSMANI - SADRIU<\/title>\n<meta name=\"description\" content=\"Faller: Hungary wants a Kosovo in Europe as soon as possible - President of the Republic of Kosovo - DR. VJOSA OSMANI - SADRIU -\" \/>\n<meta name=\"robots\" content=\"index, follow, max-snippet:-1, max-image-preview:large, max-video-preview:-1\" \/>\n<link rel=\"canonical\" href=\"https:\/\/president-ksgov.net\/faler-hungaria-e-deshiron-sa-me-pare-kosoven-ne-evrope\/\" \/>\n<meta property=\"og:locale\" content=\"en_US\" \/>\n<meta property=\"og:type\" content=\"article\" \/>\n<meta property=\"og:title\" content=\"Faller: Hungary wants a Kosovo in Europe as soon as possible - President of the Republic of Kosovo - DR. VJOSA OSMANI - SADRIU\" \/>\n<meta property=\"og:description\" content=\"Faller: Hungary wants a Kosovo in Europe as soon as possible - President of the Republic of Kosovo - DR. VJOSA OSMANI - SADRIU -\" \/>\n<meta property=\"og:url\" content=\"https:\/\/president-ksgov.net\/faler-hungaria-e-deshiron-sa-me-pare-kosoven-ne-evrope\/\" \/>\n<meta property=\"og:site_name\" content=\"President of the Republic of Kosovo - DR. VJOSA OSMANI - SADRIU\" \/>\n<meta property=\"article:published_time\" content=\"2009-12-09T14:05:15+00:00\" \/>\n<meta property=\"article:modified_time\" content=\"2023-03-07T11:36:59+00:00\" \/>\n<meta property=\"og:image\" content=\"https:\/\/president-ksgov.net\/wp-content\/uploads\/Zyra-e-Presidentes-Featured-Image1-e1678970937938.png\" \/>\n\t<meta property=\"og:image:width\" content=\"1024\" \/>\n\t<meta property=\"og:image:height\" content=\"716\" \/>\n\t<meta property=\"og:image:type\" content=\"image\/png\" \/>\n<meta name=\"author\" content=\"admin\" \/>\n<meta name=\"twitter:card\" content=\"summary_large_image\" \/>\n<meta name=\"twitter:label1\" content=\"Written by\" \/>\n\t<meta name=\"twitter:data1\" content=\"admin\" \/>\n\t<meta name=\"twitter:label2\" content=\"Est. reading time\" \/>\n\t<meta name=\"twitter:data2\" content=\"1 minute\" \/>\n<script type=\"application\/ld+json\" class=\"yoast-schema-graph\">{\"@context\":\"https:\/\/schema.org\",\"@graph\":[{\"@type\":\"WebPage\",\"@id\":\"https:\/\/president-ksgov.net\/faler-hungaria-e-deshiron-sa-me-pare-kosoven-ne-evrope\/\",\"url\":\"https:\/\/president-ksgov.net\/faler-hungaria-e-deshiron-sa-me-pare-kosoven-ne-evrope\/\",\"name\":\"Faller: Hungary wants a Kosovo in Europe as soon as possible - President of the Republic of Kosovo - DR. VJOSA OSMANI - SADRIU\",\"isPartOf\":{\"@id\":\"https:\/\/president-ksgov.net\/#website\"},\"primaryImageOfPage\":{\"@id\":\"https:\/\/president-ksgov.net\/faler-hungaria-e-deshiron-sa-me-pare-kosoven-ne-evrope\/#primaryimage\"},\"image\":{\"@id\":\"https:\/\/president-ksgov.net\/faler-hungaria-e-deshiron-sa-me-pare-kosoven-ne-evrope\/#primaryimage\"},\"thumbnailUrl\":\"https:\/\/president-ksgov.net\/wp-content\/uploads\/Zyra-e-Presidentes-Featured-Image1-e1678970937938.png\",\"datePublished\":\"2009-12-09T14:05:15+00:00\",\"dateModified\":\"2023-03-07T11:36:59+00:00\",\"author\":{\"@id\":\"https:\/\/president-ksgov.net\/#\/schema\/person\/bb4337a5fb147cb2046d80548172cbee\"},\"description\":\"Faller: Hungary wants a Kosovo in Europe as soon as possible - President of the Republic of Kosovo - DR. VJOSA OSMANI - SADRIU -\",\"breadcrumb\":{\"@id\":\"https:\/\/president-ksgov.net\/faler-hungaria-e-deshiron-sa-me-pare-kosoven-ne-evrope\/#breadcrumb\"},\"inLanguage\":\"en-US\",\"potentialAction\":[{\"@type\":\"ReadAction\",\"target\":[\"https:\/\/president-ksgov.net\/faler-hungaria-e-deshiron-sa-me-pare-kosoven-ne-evrope\/\"]}]},{\"@type\":\"ImageObject\",\"inLanguage\":\"en-US\",\"@id\":\"https:\/\/president-ksgov.net\/faler-hungaria-e-deshiron-sa-me-pare-kosoven-ne-evrope\/#primaryimage\",\"url\":\"https:\/\/president-ksgov.net\/wp-content\/uploads\/Zyra-e-Presidentes-Featured-Image1-e1678970937938.png\",\"contentUrl\":\"https:\/\/president-ksgov.net\/wp-content\/uploads\/Zyra-e-Presidentes-Featured-Image1-e1678970937938.png\",\"width\":1024,\"height\":716},{\"@type\":\"BreadcrumbList\",\"@id\":\"https:\/\/president-ksgov.net\/faler-hungaria-e-deshiron-sa-me-pare-kosoven-ne-evrope\/#breadcrumb\",\"itemListElement\":[{\"@type\":\"ListItem\",\"position\":1,\"name\":\"Home\",\"item\":\"https:\/\/president-ksgov.net\/en\/\"},{\"@type\":\"ListItem\",\"position\":2,\"name\":\"Faller: Hungary wants a Kosovo in Europe as soon as possible\"}]},{\"@type\":\"WebSite\",\"@id\":\"https:\/\/president-ksgov.net\/#website\",\"url\":\"https:\/\/president-ksgov.net\/\",\"name\":\"Presidente e Republik\u00ebs s\u00eb Kosov\u00ebs\",\"description\":\"Presidente e Republik\u00ebs s\u00eb Kosov\u00ebs\",\"alternateName\":\"DR. VJOSA OSMANI - SADRIU\",\"potentialAction\":[{\"@type\":\"SearchAction\",\"target\":{\"@type\":\"EntryPoint\",\"urlTemplate\":\"https:\/\/president-ksgov.net\/?s={search_term_string}\"},\"query-input\":{\"@type\":\"PropertyValueSpecification\",\"valueRequired\":true,\"valueName\":\"search_term_string\"}}],\"inLanguage\":\"en-US\"},{\"@type\":\"Person\",\"@id\":\"https:\/\/president-ksgov.net\/#\/schema\/person\/bb4337a5fb147cb2046d80548172cbee\",\"name\":\"admin\",\"image\":{\"@type\":\"ImageObject\",\"inLanguage\":\"en-US\",\"@id\":\"https:\/\/president-ksgov.net\/#\/schema\/person\/image\/\",\"url\":\"https:\/\/secure.gravatar.com\/avatar\/36156ca0fa3b8d9d25174f146e16beea0cf28f37adf1b9e19b6c9c279a7c9dd3?s=96&d=mm&r=g\",\"contentUrl\":\"https:\/\/secure.gravatar.com\/avatar\/36156ca0fa3b8d9d25174f146e16beea0cf28f37adf1b9e19b6c9c279a7c9dd3?s=96&d=mm&r=g\",\"caption\":\"admin\"},\"sameAs\":[\"https:\/\/president-ksgov.net\"]}]}<\/script>\n<!-- \/ Yoast SEO plugin. -->","yoast_head_json":{"title":"Faller: Hungary wants a Kosovo in Europe as soon as possible - President of the Republic of Kosovo - DR. VJOSA OSMANI - SADRIU","description":"Faller: Hungary wants a Kosovo in Europe as soon as possible - President of the Republic of Kosovo - DR. VJOSA OSMANI - SADRIU -","robots":{"index":"index","follow":"follow","max-snippet":"max-snippet:-1","max-image-preview":"max-image-preview:large","max-video-preview":"max-video-preview:-1"},"canonical":"https:\/\/president-ksgov.net\/faler-hungaria-e-deshiron-sa-me-pare-kosoven-ne-evrope\/","og_locale":"en_US","og_type":"article","og_title":"Faller: Hungary wants a Kosovo in Europe as soon as possible - President of the Republic of Kosovo - DR. VJOSA OSMANI - SADRIU","og_description":"Faller: Hungary wants a Kosovo in Europe as soon as possible - President of the Republic of Kosovo - DR. VJOSA OSMANI - SADRIU -","og_url":"https:\/\/president-ksgov.net\/faler-hungaria-e-deshiron-sa-me-pare-kosoven-ne-evrope\/","og_site_name":"President of the Republic of Kosovo - DR. VJOSA OSMANI - SADRIU","article_published_time":"2009-12-09T14:05:15+00:00","article_modified_time":"2023-03-07T11:36:59+00:00","og_image":[{"width":1024,"height":716,"url":"https:\/\/president-ksgov.net\/wp-content\/uploads\/Zyra-e-Presidentes-Featured-Image1-e1678970937938.png","type":"image\/png"}],"author":"admin","twitter_card":"summary_large_image","twitter_misc":{"Written by":"admin","Est. reading time":"1 minute"},"schema":{"@context":"https:\/\/schema.org","@graph":[{"@type":"WebPage","@id":"https:\/\/president-ksgov.net\/faler-hungaria-e-deshiron-sa-me-pare-kosoven-ne-evrope\/","url":"https:\/\/president-ksgov.net\/faler-hungaria-e-deshiron-sa-me-pare-kosoven-ne-evrope\/","name":"Faller: Hungary wants a Kosovo in Europe as soon as possible - President of the Republic of Kosovo - DR. VJOSA OSMANI - SADRIU","isPartOf":{"@id":"https:\/\/president-ksgov.net\/#website"},"primaryImageOfPage":{"@id":"https:\/\/president-ksgov.net\/faler-hungaria-e-deshiron-sa-me-pare-kosoven-ne-evrope\/#primaryimage"},"image":{"@id":"https:\/\/president-ksgov.net\/faler-hungaria-e-deshiron-sa-me-pare-kosoven-ne-evrope\/#primaryimage"},"thumbnailUrl":"https:\/\/president-ksgov.net\/wp-content\/uploads\/Zyra-e-Presidentes-Featured-Image1-e1678970937938.png","datePublished":"2009-12-09T14:05:15+00:00","dateModified":"2023-03-07T11:36:59+00:00","author":{"@id":"https:\/\/president-ksgov.net\/#\/schema\/person\/bb4337a5fb147cb2046d80548172cbee"},"description":"Faller: Hungary wants a Kosovo in Europe as soon as possible - President of the Republic of Kosovo - DR. VJOSA OSMANI - SADRIU -","breadcrumb":{"@id":"https:\/\/president-ksgov.net\/faler-hungaria-e-deshiron-sa-me-pare-kosoven-ne-evrope\/#breadcrumb"},"inLanguage":"en-US","potentialAction":[{"@type":"ReadAction","target":["https:\/\/president-ksgov.net\/faler-hungaria-e-deshiron-sa-me-pare-kosoven-ne-evrope\/"]}]},{"@type":"ImageObject","inLanguage":"en-US","@id":"https:\/\/president-ksgov.net\/faler-hungaria-e-deshiron-sa-me-pare-kosoven-ne-evrope\/#primaryimage","url":"https:\/\/president-ksgov.net\/wp-content\/uploads\/Zyra-e-Presidentes-Featured-Image1-e1678970937938.png","contentUrl":"https:\/\/president-ksgov.net\/wp-content\/uploads\/Zyra-e-Presidentes-Featured-Image1-e1678970937938.png","width":1024,"height":716},{"@type":"BreadcrumbList","@id":"https:\/\/president-ksgov.net\/faler-hungaria-e-deshiron-sa-me-pare-kosoven-ne-evrope\/#breadcrumb","itemListElement":[{"@type":"ListItem","position":1,"name":"Home","item":"https:\/\/president-ksgov.net\/en\/"},{"@type":"ListItem","position":2,"name":"Faller: Hungary wants a Kosovo in Europe as soon as possible"}]},{"@type":"WebSite","@id":"https:\/\/president-ksgov.net\/#website","url":"https:\/\/president-ksgov.net\/","name":"Presidente e Republik\u00ebs s\u00eb Kosov\u00ebs","description":"Presidente e Republik\u00ebs s\u00eb Kosov\u00ebs","alternateName":"DR. VJOSA OSMANI - SADRIU","potentialAction":[{"@type":"SearchAction","target":{"@type":"EntryPoint","urlTemplate":"https:\/\/president-ksgov.net\/?s={search_term_string}"},"query-input":{"@type":"PropertyValueSpecification","valueRequired":true,"valueName":"search_term_string"}}],"inLanguage":"en-US"},{"@type":"Person","@id":"https:\/\/president-ksgov.net\/#\/schema\/person\/bb4337a5fb147cb2046d80548172cbee","name":"admin","image":{"@type":"ImageObject","inLanguage":"en-US","@id":"https:\/\/president-ksgov.net\/#\/schema\/person\/image\/","url":"https:\/\/secure.gravatar.com\/avatar\/36156ca0fa3b8d9d25174f146e16beea0cf28f37adf1b9e19b6c9c279a7c9dd3?s=96&d=mm&r=g","contentUrl":"https:\/\/secure.gravatar.com\/avatar\/36156ca0fa3b8d9d25174f146e16beea0cf28f37adf1b9e19b6c9c279a7c9dd3?s=96&d=mm&r=g","caption":"admin"},"sameAs":["https:\/\/president-ksgov.net"]}]}},"_links":{"self":[{"href":"https:\/\/president-ksgov.net\/en\/wp-json\/wp\/v2\/posts\/73196","targetHints":{"allow":["GET"]}}],"collection":[{"href":"https:\/\/president-ksgov.net\/en\/wp-json\/wp\/v2\/posts"}],"about":[{"href":"https:\/\/president-ksgov.net\/en\/wp-json\/wp\/v2\/types\/post"}],"author":[{"embeddable":true,"href":"https:\/\/president-ksgov.net\/en\/wp-json\/wp\/v2\/users\/1"}],"replies":[{"embeddable":true,"href":"https:\/\/president-ksgov.net\/en\/wp-json\/wp\/v2\/comments?post=73196"}],"version-history":[{"count":0,"href":"https:\/\/president-ksgov.net\/en\/wp-json\/wp\/v2\/posts\/73196\/revisions"}],"wp:featuredmedia":[{"embeddable":true,"href":"https:\/\/president-ksgov.net\/en\/wp-json\/wp\/v2\/media\/86338"}],"wp:attachment":[{"href":"https:\/\/president-ksgov.net\/en\/wp-json\/wp\/v2\/media?parent=73196"}],"wp:term":[{"taxonomy":"category","embeddable":true,"href":"https:\/\/president-ksgov.net\/en\/wp-json\/wp\/v2\/categories?post=73196"},{"taxonomy":"post_tag","embeddable":true,"href":"https:\/\/president-ksgov.net\/en\/wp-json\/wp\/v2\/tags?post=73196"}],"curies":[{"name":"wp","href":"https:\/\/api.w.org\/{rel}","templated":true}]}}