{"id":73187,"date":"2009-12-14T14:05:15","date_gmt":"2009-12-14T14:05:15","guid":{"rendered":"https:\/\/dev.president-ksgov.net\/president-sejdiu-received-the-french-ambassador-to-kosovo-mr-francois-xavier-deniau-in-a-farewell-meeting\/"},"modified":"2023-03-07T11:36:51","modified_gmt":"2023-03-07T11:36:51","slug":"president-sejdiu-received-the-french-ambassador-to-kosovo-mr-francois-xavier-deniau-in-a-farewell-meeting","status":"publish","type":"post","link":"https:\/\/president-ksgov.net\/en\/president-sejdiu-received-the-french-ambassador-to-kosovo-mr-francois-xavier-deniau-in-a-farewell-meeting\/","title":{"rendered":"President Sejdiu received the French Ambassador to Kosovo Mr. Fran\u00e7ois-Xavier Deniau in a farewell meeting"},"content":{"rendered":"<p>On the other hand, Ambassador Deniau reaffirmed the commitment of its country to continue to support Kosovo in all areas. &#8220;France will be standing by you until you finally accomplish your objective of being a part of the European Union and NATO&#8221; &#8211; Ambassador Fran\u00e7ois-Xavier Deniau affirmed. He also asserted that his country will engage in strengthening the existing cooperation with Kosovo&#8217;s institutions, particularly in the areas of common interest.<\/p>\n<p>&#8220;France has constantly been a strong supporter of Kosovo and aspirations of its people for freedom and independence&#8221; &#8211; the President of Republic of Kosovo, Dr. Fatmir Sejdiu emphasized in a farewell meeting today with French Ambassador to Kosovo, Mr. Fran\u00e7ois-Xavier Deniau.<br \/>\n\u00a0<br \/>\n&#8220;This support &#8211; President Sejdiu added &#8211; gained in weight recently at the International Court of Justice where France excelled in supporting the legality of Republic of Kosovo&#8217;s independence and the right of our people to live in freedom and independence. Moreover, President Sejdiu expressed his appreciation for the constant support that France has provided to Kosovo in the fields of education, culture and economy, distinguishing, in particular, its role within KFOR, where the French contingent has provided a significant contribution to peace, stability and security in Kosovo.<\/p>\n<p>On the other hand, Ambassador Deniau reaffirmed the commitment of its country to continue to support Kosovo in all areas. &#8220;France will be standing by you until you finally accomplish your objective of being a part of the European Union and NATO&#8221; &#8211; Ambassador Fran\u00e7ois-Xavier Deniau affirmed. He also asserted that his country will engage in strengthening the existing cooperation with Kosovo&#8217;s institutions, particularly in the areas of common interest.<\/p>\n<p>\u00a0<\/p>\n","protected":false},"excerpt":{"rendered":"<p>On the other hand, Ambassador Deniau reaffirmed the commitment of its country to continue to support Kosovo in all areas. &#8220;France will be standing by you until you finally accomplish your objective of being a part of the European Union and NATO&#8221; &#8211; Ambassador Fran\u00e7ois-Xavier Deniau affirmed. He also asserted that his country will engage in strengthening the existing cooperation with Kosovo&#8217;s institutions, particularly in the areas of common interest.<\/p>\n","protected":false},"author":1,"featured_media":86338,"comment_status":"open","ping_status":"closed","sticky":false,"template":"","format":"standard","meta":{"_eb_attr":"","footnotes":""},"categories":[111],"tags":[],"class_list":["post-73187","post","type-post","status-publish","format-standard","has-post-thumbnail","hentry","category-news"],"yoast_head":"<!-- This site is optimized with the Yoast SEO plugin v23.5 - https:\/\/yoast.com\/wordpress\/plugins\/seo\/ -->\n<title>President Sejdiu received the French Ambassador to Kosovo Mr. Fran\u00e7ois-Xavier Deniau in a farewell meeting - President of the Republic of Kosovo - DR. VJOSA OSMANI - SADRIU<\/title>\n<meta name=\"description\" content=\"President Sejdiu received the French Ambassador to Kosovo Mr. Fran\u00e7ois-Xavier Deniau in a farewell meeting - President of the Republic of Kosovo - DR. VJOSA OSMANI - SADRIU -\" \/>\n<meta name=\"robots\" content=\"index, follow, max-snippet:-1, max-image-preview:large, max-video-preview:-1\" \/>\n<link rel=\"canonical\" href=\"https:\/\/president-ksgov.net\/presidenti-sejdiu-priti-ne-takim-lamtumires-ambasadorin-francez-francois-xavier-deniau-2\/\" \/>\n<meta property=\"og:locale\" content=\"en_US\" \/>\n<meta property=\"og:type\" content=\"article\" \/>\n<meta property=\"og:title\" content=\"President Sejdiu received the French Ambassador to Kosovo Mr. Fran\u00e7ois-Xavier Deniau in a farewell meeting - President of the Republic of Kosovo - DR. VJOSA OSMANI - SADRIU\" \/>\n<meta property=\"og:description\" content=\"President Sejdiu received the French Ambassador to Kosovo Mr. Fran\u00e7ois-Xavier Deniau in a farewell meeting - President of the Republic of Kosovo - DR. VJOSA OSMANI - SADRIU -\" \/>\n<meta property=\"og:url\" content=\"https:\/\/president-ksgov.net\/presidenti-sejdiu-priti-ne-takim-lamtumires-ambasadorin-francez-francois-xavier-deniau-2\/\" \/>\n<meta property=\"og:site_name\" content=\"President of the Republic of Kosovo - DR. VJOSA OSMANI - SADRIU\" \/>\n<meta property=\"article:published_time\" content=\"2009-12-14T14:05:15+00:00\" \/>\n<meta property=\"article:modified_time\" content=\"2023-03-07T11:36:51+00:00\" \/>\n<meta property=\"og:image\" content=\"https:\/\/president-ksgov.net\/wp-content\/uploads\/Zyra-e-Presidentes-Featured-Image1-e1678970937938.png\" \/>\n\t<meta property=\"og:image:width\" content=\"1024\" \/>\n\t<meta property=\"og:image:height\" content=\"716\" \/>\n\t<meta property=\"og:image:type\" content=\"image\/png\" \/>\n<meta name=\"author\" content=\"admin\" \/>\n<meta name=\"twitter:card\" content=\"summary_large_image\" \/>\n<meta name=\"twitter:label1\" content=\"Written by\" \/>\n\t<meta name=\"twitter:data1\" content=\"admin\" \/>\n\t<meta name=\"twitter:label2\" content=\"Est. reading time\" \/>\n\t<meta name=\"twitter:data2\" content=\"1 minute\" \/>\n<script type=\"application\/ld+json\" class=\"yoast-schema-graph\">{\"@context\":\"https:\/\/schema.org\",\"@graph\":[{\"@type\":\"WebPage\",\"@id\":\"https:\/\/president-ksgov.net\/presidenti-sejdiu-priti-ne-takim-lamtumires-ambasadorin-francez-francois-xavier-deniau-2\/\",\"url\":\"https:\/\/president-ksgov.net\/presidenti-sejdiu-priti-ne-takim-lamtumires-ambasadorin-francez-francois-xavier-deniau-2\/\",\"name\":\"President Sejdiu received the French Ambassador to Kosovo Mr. Fran\u00e7ois-Xavier Deniau in a farewell meeting - President of the Republic of Kosovo - DR. VJOSA OSMANI - SADRIU\",\"isPartOf\":{\"@id\":\"https:\/\/president-ksgov.net\/#website\"},\"primaryImageOfPage\":{\"@id\":\"https:\/\/president-ksgov.net\/presidenti-sejdiu-priti-ne-takim-lamtumires-ambasadorin-francez-francois-xavier-deniau-2\/#primaryimage\"},\"image\":{\"@id\":\"https:\/\/president-ksgov.net\/presidenti-sejdiu-priti-ne-takim-lamtumires-ambasadorin-francez-francois-xavier-deniau-2\/#primaryimage\"},\"thumbnailUrl\":\"https:\/\/president-ksgov.net\/wp-content\/uploads\/Zyra-e-Presidentes-Featured-Image1-e1678970937938.png\",\"datePublished\":\"2009-12-14T14:05:15+00:00\",\"dateModified\":\"2023-03-07T11:36:51+00:00\",\"author\":{\"@id\":\"https:\/\/president-ksgov.net\/#\/schema\/person\/bb4337a5fb147cb2046d80548172cbee\"},\"description\":\"President Sejdiu received the French Ambassador to Kosovo Mr. Fran\u00e7ois-Xavier Deniau in a farewell meeting - President of the Republic of Kosovo - DR. VJOSA OSMANI - SADRIU -\",\"breadcrumb\":{\"@id\":\"https:\/\/president-ksgov.net\/presidenti-sejdiu-priti-ne-takim-lamtumires-ambasadorin-francez-francois-xavier-deniau-2\/#breadcrumb\"},\"inLanguage\":\"en-US\",\"potentialAction\":[{\"@type\":\"ReadAction\",\"target\":[\"https:\/\/president-ksgov.net\/presidenti-sejdiu-priti-ne-takim-lamtumires-ambasadorin-francez-francois-xavier-deniau-2\/\"]}]},{\"@type\":\"ImageObject\",\"inLanguage\":\"en-US\",\"@id\":\"https:\/\/president-ksgov.net\/presidenti-sejdiu-priti-ne-takim-lamtumires-ambasadorin-francez-francois-xavier-deniau-2\/#primaryimage\",\"url\":\"https:\/\/president-ksgov.net\/wp-content\/uploads\/Zyra-e-Presidentes-Featured-Image1-e1678970937938.png\",\"contentUrl\":\"https:\/\/president-ksgov.net\/wp-content\/uploads\/Zyra-e-Presidentes-Featured-Image1-e1678970937938.png\",\"width\":1024,\"height\":716},{\"@type\":\"BreadcrumbList\",\"@id\":\"https:\/\/president-ksgov.net\/presidenti-sejdiu-priti-ne-takim-lamtumires-ambasadorin-francez-francois-xavier-deniau-2\/#breadcrumb\",\"itemListElement\":[{\"@type\":\"ListItem\",\"position\":1,\"name\":\"Home\",\"item\":\"https:\/\/president-ksgov.net\/en\/\"},{\"@type\":\"ListItem\",\"position\":2,\"name\":\"President Sejdiu received the French Ambassador to Kosovo Mr. Fran\u00e7ois-Xavier Deniau in a farewell meeting\"}]},{\"@type\":\"WebSite\",\"@id\":\"https:\/\/president-ksgov.net\/#website\",\"url\":\"https:\/\/president-ksgov.net\/\",\"name\":\"Presidente e Republik\u00ebs s\u00eb Kosov\u00ebs\",\"description\":\"Presidente e Republik\u00ebs s\u00eb Kosov\u00ebs\",\"alternateName\":\"DR. VJOSA OSMANI - SADRIU\",\"potentialAction\":[{\"@type\":\"SearchAction\",\"target\":{\"@type\":\"EntryPoint\",\"urlTemplate\":\"https:\/\/president-ksgov.net\/?s={search_term_string}\"},\"query-input\":{\"@type\":\"PropertyValueSpecification\",\"valueRequired\":true,\"valueName\":\"search_term_string\"}}],\"inLanguage\":\"en-US\"},{\"@type\":\"Person\",\"@id\":\"https:\/\/president-ksgov.net\/#\/schema\/person\/bb4337a5fb147cb2046d80548172cbee\",\"name\":\"admin\",\"image\":{\"@type\":\"ImageObject\",\"inLanguage\":\"en-US\",\"@id\":\"https:\/\/president-ksgov.net\/#\/schema\/person\/image\/\",\"url\":\"https:\/\/secure.gravatar.com\/avatar\/36156ca0fa3b8d9d25174f146e16beea0cf28f37adf1b9e19b6c9c279a7c9dd3?s=96&d=mm&r=g\",\"contentUrl\":\"https:\/\/secure.gravatar.com\/avatar\/36156ca0fa3b8d9d25174f146e16beea0cf28f37adf1b9e19b6c9c279a7c9dd3?s=96&d=mm&r=g\",\"caption\":\"admin\"},\"sameAs\":[\"https:\/\/president-ksgov.net\"]}]}<\/script>\n<!-- \/ Yoast SEO plugin. -->","yoast_head_json":{"title":"President Sejdiu received the French Ambassador to Kosovo Mr. Fran\u00e7ois-Xavier Deniau in a farewell meeting - President of the Republic of Kosovo - DR. VJOSA OSMANI - SADRIU","description":"President Sejdiu received the French Ambassador to Kosovo Mr. Fran\u00e7ois-Xavier Deniau in a farewell meeting - President of the Republic of Kosovo - DR. VJOSA OSMANI - SADRIU -","robots":{"index":"index","follow":"follow","max-snippet":"max-snippet:-1","max-image-preview":"max-image-preview:large","max-video-preview":"max-video-preview:-1"},"canonical":"https:\/\/president-ksgov.net\/presidenti-sejdiu-priti-ne-takim-lamtumires-ambasadorin-francez-francois-xavier-deniau-2\/","og_locale":"en_US","og_type":"article","og_title":"President Sejdiu received the French Ambassador to Kosovo Mr. Fran\u00e7ois-Xavier Deniau in a farewell meeting - President of the Republic of Kosovo - DR. VJOSA OSMANI - SADRIU","og_description":"President Sejdiu received the French Ambassador to Kosovo Mr. Fran\u00e7ois-Xavier Deniau in a farewell meeting - President of the Republic of Kosovo - DR. VJOSA OSMANI - SADRIU -","og_url":"https:\/\/president-ksgov.net\/presidenti-sejdiu-priti-ne-takim-lamtumires-ambasadorin-francez-francois-xavier-deniau-2\/","og_site_name":"President of the Republic of Kosovo - DR. VJOSA OSMANI - SADRIU","article_published_time":"2009-12-14T14:05:15+00:00","article_modified_time":"2023-03-07T11:36:51+00:00","og_image":[{"width":1024,"height":716,"url":"https:\/\/president-ksgov.net\/wp-content\/uploads\/Zyra-e-Presidentes-Featured-Image1-e1678970937938.png","type":"image\/png"}],"author":"admin","twitter_card":"summary_large_image","twitter_misc":{"Written by":"admin","Est. reading time":"1 minute"},"schema":{"@context":"https:\/\/schema.org","@graph":[{"@type":"WebPage","@id":"https:\/\/president-ksgov.net\/presidenti-sejdiu-priti-ne-takim-lamtumires-ambasadorin-francez-francois-xavier-deniau-2\/","url":"https:\/\/president-ksgov.net\/presidenti-sejdiu-priti-ne-takim-lamtumires-ambasadorin-francez-francois-xavier-deniau-2\/","name":"President Sejdiu received the French Ambassador to Kosovo Mr. Fran\u00e7ois-Xavier Deniau in a farewell meeting - President of the Republic of Kosovo - DR. VJOSA OSMANI - SADRIU","isPartOf":{"@id":"https:\/\/president-ksgov.net\/#website"},"primaryImageOfPage":{"@id":"https:\/\/president-ksgov.net\/presidenti-sejdiu-priti-ne-takim-lamtumires-ambasadorin-francez-francois-xavier-deniau-2\/#primaryimage"},"image":{"@id":"https:\/\/president-ksgov.net\/presidenti-sejdiu-priti-ne-takim-lamtumires-ambasadorin-francez-francois-xavier-deniau-2\/#primaryimage"},"thumbnailUrl":"https:\/\/president-ksgov.net\/wp-content\/uploads\/Zyra-e-Presidentes-Featured-Image1-e1678970937938.png","datePublished":"2009-12-14T14:05:15+00:00","dateModified":"2023-03-07T11:36:51+00:00","author":{"@id":"https:\/\/president-ksgov.net\/#\/schema\/person\/bb4337a5fb147cb2046d80548172cbee"},"description":"President Sejdiu received the French Ambassador to Kosovo Mr. Fran\u00e7ois-Xavier Deniau in a farewell meeting - President of the Republic of Kosovo - DR. VJOSA OSMANI - SADRIU -","breadcrumb":{"@id":"https:\/\/president-ksgov.net\/presidenti-sejdiu-priti-ne-takim-lamtumires-ambasadorin-francez-francois-xavier-deniau-2\/#breadcrumb"},"inLanguage":"en-US","potentialAction":[{"@type":"ReadAction","target":["https:\/\/president-ksgov.net\/presidenti-sejdiu-priti-ne-takim-lamtumires-ambasadorin-francez-francois-xavier-deniau-2\/"]}]},{"@type":"ImageObject","inLanguage":"en-US","@id":"https:\/\/president-ksgov.net\/presidenti-sejdiu-priti-ne-takim-lamtumires-ambasadorin-francez-francois-xavier-deniau-2\/#primaryimage","url":"https:\/\/president-ksgov.net\/wp-content\/uploads\/Zyra-e-Presidentes-Featured-Image1-e1678970937938.png","contentUrl":"https:\/\/president-ksgov.net\/wp-content\/uploads\/Zyra-e-Presidentes-Featured-Image1-e1678970937938.png","width":1024,"height":716},{"@type":"BreadcrumbList","@id":"https:\/\/president-ksgov.net\/presidenti-sejdiu-priti-ne-takim-lamtumires-ambasadorin-francez-francois-xavier-deniau-2\/#breadcrumb","itemListElement":[{"@type":"ListItem","position":1,"name":"Home","item":"https:\/\/president-ksgov.net\/en\/"},{"@type":"ListItem","position":2,"name":"President Sejdiu received the French Ambassador to Kosovo Mr. Fran\u00e7ois-Xavier Deniau in a farewell meeting"}]},{"@type":"WebSite","@id":"https:\/\/president-ksgov.net\/#website","url":"https:\/\/president-ksgov.net\/","name":"Presidente e Republik\u00ebs s\u00eb Kosov\u00ebs","description":"Presidente e Republik\u00ebs s\u00eb Kosov\u00ebs","alternateName":"DR. VJOSA OSMANI - SADRIU","potentialAction":[{"@type":"SearchAction","target":{"@type":"EntryPoint","urlTemplate":"https:\/\/president-ksgov.net\/?s={search_term_string}"},"query-input":{"@type":"PropertyValueSpecification","valueRequired":true,"valueName":"search_term_string"}}],"inLanguage":"en-US"},{"@type":"Person","@id":"https:\/\/president-ksgov.net\/#\/schema\/person\/bb4337a5fb147cb2046d80548172cbee","name":"admin","image":{"@type":"ImageObject","inLanguage":"en-US","@id":"https:\/\/president-ksgov.net\/#\/schema\/person\/image\/","url":"https:\/\/secure.gravatar.com\/avatar\/36156ca0fa3b8d9d25174f146e16beea0cf28f37adf1b9e19b6c9c279a7c9dd3?s=96&d=mm&r=g","contentUrl":"https:\/\/secure.gravatar.com\/avatar\/36156ca0fa3b8d9d25174f146e16beea0cf28f37adf1b9e19b6c9c279a7c9dd3?s=96&d=mm&r=g","caption":"admin"},"sameAs":["https:\/\/president-ksgov.net"]}]}},"_links":{"self":[{"href":"https:\/\/president-ksgov.net\/en\/wp-json\/wp\/v2\/posts\/73187","targetHints":{"allow":["GET"]}}],"collection":[{"href":"https:\/\/president-ksgov.net\/en\/wp-json\/wp\/v2\/posts"}],"about":[{"href":"https:\/\/president-ksgov.net\/en\/wp-json\/wp\/v2\/types\/post"}],"author":[{"embeddable":true,"href":"https:\/\/president-ksgov.net\/en\/wp-json\/wp\/v2\/users\/1"}],"replies":[{"embeddable":true,"href":"https:\/\/president-ksgov.net\/en\/wp-json\/wp\/v2\/comments?post=73187"}],"version-history":[{"count":0,"href":"https:\/\/president-ksgov.net\/en\/wp-json\/wp\/v2\/posts\/73187\/revisions"}],"wp:featuredmedia":[{"embeddable":true,"href":"https:\/\/president-ksgov.net\/en\/wp-json\/wp\/v2\/media\/86338"}],"wp:attachment":[{"href":"https:\/\/president-ksgov.net\/en\/wp-json\/wp\/v2\/media?parent=73187"}],"wp:term":[{"taxonomy":"category","embeddable":true,"href":"https:\/\/president-ksgov.net\/en\/wp-json\/wp\/v2\/categories?post=73187"},{"taxonomy":"post_tag","embeddable":true,"href":"https:\/\/president-ksgov.net\/en\/wp-json\/wp\/v2\/tags?post=73187"}],"curies":[{"name":"wp","href":"https:\/\/api.w.org\/{rel}","templated":true}]}}