{"id":73112,"date":"2009-10-27T16:31:20","date_gmt":"2009-10-27T16:31:20","guid":{"rendered":"https:\/\/dev.president-ksgov.net\/sejdiu-uke-did-his-utmost-for-the-best-of-his-country\/"},"modified":"2023-03-07T11:36:16","modified_gmt":"2023-03-07T11:36:16","slug":"sejdiu-uke-did-his-utmost-for-the-best-of-his-country","status":"publish","type":"post","link":"https:\/\/president-ksgov.net\/en\/sejdiu-uke-did-his-utmost-for-the-best-of-his-country\/","title":{"rendered":"Sejdiu: Uk\u00eb did his utmost for the best of his country"},"content":{"rendered":"<p>The President of the Republic of Kosovo, Dr. Fatmir Sejdiu, participated in the ceremony commemorating Uk\u00eb Bytyqi and in the ceremony of unveiling Uk\u00eb Bytyqi&#8217;s monument in the village of Semetisht. He placed a wreath of fresh followers on his statue and on Theranda martyrs&#8217; monument. President Sejdiu handed the Golden Medal of Independence, with which President Rugova had decorated Uk\u00eb Bytyqi, to Bytyqi family.<\/p>\n<p>President Fatmir Sejdiu participated today in the ceremony commemorating the seventh anniversary of Uk\u00eb Bytyqi&#8217;s murder, which was held in Theranda and organized by Theranda&#8217;s Municipal Assembly.<\/p>\n<p>In his address to the audience, President Sejdiu said that they had gathered in the Theranda of sacrifice for freedom and independence of Kosovo to commemorate its devoted citizen and the first Mayor of Theranda, Mr. Uk\u00eb Bytyqi.<\/p>\n<p>Uk\u00eb Bytyqi showed an outstanding commitment in his struggle for the freedom and independence of Kosovo. Seven years ago, a heinous act committed by a black hand brought the life of Uk\u00eb Bytyqi to an end, the life of a man who, at both war and peace time, did his utmost for the best of his country&#8221; &#8211; President Sejdiu said, addressing the audience in Theranda.<\/p>\n<p>Speaking of Uk\u00eb Bytyqi&#8217;s life, President Sejdiu said that he was one of the founders and a Leader of LDK branch in Theranda for many years. He said that he was also a member of LDK General Council and Assembly and a member of the Assembly of Republic of for two mandates, in 1992 and 1998 respectively; in 1993 he was sentenced to prison by the occupier of Kosovo for having been a member of Republic&#8217;s Ministry of Defense; during the war he was a freedom fighter and a leader of local forces in the region of Theranda, who aimed at defending the state of Kosova. Once the war ended, Uk\u00eb Bytyqi returned to his political activities and normal life and embarked on rebuilding Theranda. During his work as an elected Mayor, he strengthened Theranda&#8217;s political, administrative and political system by demonstrating a matchless commitment and engagement&#8221; &#8211; President Sejdiu said during his speech. As a token of appreciation for his great contribution to the freedom and independence of Kosovo, President Rugova had decorated Uk\u00eb Bytyqi with the Golden Medal of Independence, which President Sejdiu handed over to Bytyqi family at the commemoration ceremony.<\/p>\n<p>President Sejdiu also unveiled Uk\u00eb Bytyqi&#8217;s monument in Semetisht, Bytyqi&#8217;s place of birth. At this occasion, President Sejdiu said that this is the least that can be done to honor the great deeds of Uk\u00eb Bytyqi, who he said remains an exemplary figure of the overall resistance that was staged by the people of Kosovo in its struggle for freedom and independence. <\/p>\n<p>&#8220;Uk\u00eb Bytyqi was a living volcano, a man who never suppressed his opinion or position in and a man who had great ideas for conveying strong messages and waging war for the freedom of Kosovo&#8221; &#8211; President Sejdiu said.<\/p>\n<p>&#8220;Of course, his and his fellows&#8217; great deeds shall be kept alive in a free and independent Kosovo, in which the lives of our people are being built like Uk\u00eb Bytyqi once modeled and pictured in his ideas that were guided by a philosophy that was fostered by and embodied in our great leader and historic president, Dr. Ibrahim Rugova. I believe that not only the people of this region, but all the people who had the honor to work with him will keep his great deeds in their memories and that his memory will be kept forever fresh and alive&#8221; &#8211; President Sejdiu said in conclusion to his address.<\/p>\n<p>Besides this, President Sejdiu also visited and placed wreaths of fresh flowers on Bafti Bajrami and Bajram Bytyqi&#8217;s graves, two companions to Uk\u00eb Bytyqi&#8217;s who were also murdered, together with him, seven years ago. <\/p>\n<p>\u00a0<\/p>\n","protected":false},"excerpt":{"rendered":"<p>The President of the Republic of Kosovo, Dr. Fatmir Sejdiu, participated in the ceremony commemorating Uk\u00eb Bytyqi and in the ceremony of unveiling Uk\u00eb Bytyqi&#8217;s monument in the village of Semetisht. He placed a wreath of fresh followers on his statue and on Theranda martyrs&#8217; monument. President Sejdiu handed the Golden Medal of Independence, with which President Rugova had decorated Uk\u00eb Bytyqi, to Bytyqi family.<\/p>\n","protected":false},"author":1,"featured_media":86338,"comment_status":"open","ping_status":"closed","sticky":false,"template":"","format":"standard","meta":{"_eb_attr":"","footnotes":""},"categories":[111],"tags":[],"class_list":["post-73112","post","type-post","status-publish","format-standard","has-post-thumbnail","hentry","category-news"],"yoast_head":"<!-- This site is optimized with the Yoast SEO plugin v23.5 - https:\/\/yoast.com\/wordpress\/plugins\/seo\/ -->\n<title>Sejdiu: Uk\u00eb did his utmost for the best of his country - President of the Republic of Kosovo - DR. VJOSA OSMANI - SADRIU<\/title>\n<meta name=\"description\" content=\"Sejdiu: Uk\u00eb did his utmost for the best of his country - President of the Republic of Kosovo - DR. VJOSA OSMANI - SADRIU -\" \/>\n<meta name=\"robots\" content=\"index, follow, max-snippet:-1, max-image-preview:large, max-video-preview:-1\" \/>\n<link rel=\"canonical\" href=\"https:\/\/president-ksgov.net\/sejdiu-uka-nuk-kurseu-asgje-per-te-miren-e-atdheut-as-ne-kohe-lufte-as-ne-kohe-paqeje\/\" \/>\n<meta property=\"og:locale\" content=\"en_US\" \/>\n<meta property=\"og:type\" content=\"article\" \/>\n<meta property=\"og:title\" content=\"Sejdiu: Uk\u00eb did his utmost for the best of his country - President of the Republic of Kosovo - DR. VJOSA OSMANI - SADRIU\" \/>\n<meta property=\"og:description\" content=\"Sejdiu: Uk\u00eb did his utmost for the best of his country - President of the Republic of Kosovo - DR. VJOSA OSMANI - SADRIU -\" \/>\n<meta property=\"og:url\" content=\"https:\/\/president-ksgov.net\/sejdiu-uka-nuk-kurseu-asgje-per-te-miren-e-atdheut-as-ne-kohe-lufte-as-ne-kohe-paqeje\/\" \/>\n<meta property=\"og:site_name\" content=\"President of the Republic of Kosovo - DR. VJOSA OSMANI - SADRIU\" \/>\n<meta property=\"article:published_time\" content=\"2009-10-27T16:31:20+00:00\" \/>\n<meta property=\"article:modified_time\" content=\"2023-03-07T11:36:16+00:00\" \/>\n<meta property=\"og:image\" content=\"https:\/\/president-ksgov.net\/wp-content\/uploads\/Zyra-e-Presidentes-Featured-Image1-e1678970937938.png\" \/>\n\t<meta property=\"og:image:width\" content=\"1024\" \/>\n\t<meta property=\"og:image:height\" content=\"716\" \/>\n\t<meta property=\"og:image:type\" content=\"image\/png\" \/>\n<meta name=\"author\" content=\"admin\" \/>\n<meta name=\"twitter:card\" content=\"summary_large_image\" \/>\n<meta name=\"twitter:label1\" content=\"Written by\" \/>\n\t<meta name=\"twitter:data1\" content=\"admin\" \/>\n\t<meta name=\"twitter:label2\" content=\"Est. reading time\" \/>\n\t<meta name=\"twitter:data2\" content=\"3 minutes\" \/>\n<script type=\"application\/ld+json\" class=\"yoast-schema-graph\">{\"@context\":\"https:\/\/schema.org\",\"@graph\":[{\"@type\":\"WebPage\",\"@id\":\"https:\/\/president-ksgov.net\/sejdiu-uka-nuk-kurseu-asgje-per-te-miren-e-atdheut-as-ne-kohe-lufte-as-ne-kohe-paqeje\/\",\"url\":\"https:\/\/president-ksgov.net\/sejdiu-uka-nuk-kurseu-asgje-per-te-miren-e-atdheut-as-ne-kohe-lufte-as-ne-kohe-paqeje\/\",\"name\":\"Sejdiu: Uk\u00eb did his utmost for the best of his country - President of the Republic of Kosovo - DR. VJOSA OSMANI - SADRIU\",\"isPartOf\":{\"@id\":\"https:\/\/president-ksgov.net\/#website\"},\"primaryImageOfPage\":{\"@id\":\"https:\/\/president-ksgov.net\/sejdiu-uka-nuk-kurseu-asgje-per-te-miren-e-atdheut-as-ne-kohe-lufte-as-ne-kohe-paqeje\/#primaryimage\"},\"image\":{\"@id\":\"https:\/\/president-ksgov.net\/sejdiu-uka-nuk-kurseu-asgje-per-te-miren-e-atdheut-as-ne-kohe-lufte-as-ne-kohe-paqeje\/#primaryimage\"},\"thumbnailUrl\":\"https:\/\/president-ksgov.net\/wp-content\/uploads\/Zyra-e-Presidentes-Featured-Image1-e1678970937938.png\",\"datePublished\":\"2009-10-27T16:31:20+00:00\",\"dateModified\":\"2023-03-07T11:36:16+00:00\",\"author\":{\"@id\":\"https:\/\/president-ksgov.net\/#\/schema\/person\/bb4337a5fb147cb2046d80548172cbee\"},\"description\":\"Sejdiu: Uk\u00eb did his utmost for the best of his country - President of the Republic of Kosovo - DR. VJOSA OSMANI - SADRIU -\",\"breadcrumb\":{\"@id\":\"https:\/\/president-ksgov.net\/sejdiu-uka-nuk-kurseu-asgje-per-te-miren-e-atdheut-as-ne-kohe-lufte-as-ne-kohe-paqeje\/#breadcrumb\"},\"inLanguage\":\"en-US\",\"potentialAction\":[{\"@type\":\"ReadAction\",\"target\":[\"https:\/\/president-ksgov.net\/sejdiu-uka-nuk-kurseu-asgje-per-te-miren-e-atdheut-as-ne-kohe-lufte-as-ne-kohe-paqeje\/\"]}]},{\"@type\":\"ImageObject\",\"inLanguage\":\"en-US\",\"@id\":\"https:\/\/president-ksgov.net\/sejdiu-uka-nuk-kurseu-asgje-per-te-miren-e-atdheut-as-ne-kohe-lufte-as-ne-kohe-paqeje\/#primaryimage\",\"url\":\"https:\/\/president-ksgov.net\/wp-content\/uploads\/Zyra-e-Presidentes-Featured-Image1-e1678970937938.png\",\"contentUrl\":\"https:\/\/president-ksgov.net\/wp-content\/uploads\/Zyra-e-Presidentes-Featured-Image1-e1678970937938.png\",\"width\":1024,\"height\":716},{\"@type\":\"BreadcrumbList\",\"@id\":\"https:\/\/president-ksgov.net\/sejdiu-uka-nuk-kurseu-asgje-per-te-miren-e-atdheut-as-ne-kohe-lufte-as-ne-kohe-paqeje\/#breadcrumb\",\"itemListElement\":[{\"@type\":\"ListItem\",\"position\":1,\"name\":\"Home\",\"item\":\"https:\/\/president-ksgov.net\/en\/\"},{\"@type\":\"ListItem\",\"position\":2,\"name\":\"Sejdiu: Uk\u00eb did his utmost for the best of his country\"}]},{\"@type\":\"WebSite\",\"@id\":\"https:\/\/president-ksgov.net\/#website\",\"url\":\"https:\/\/president-ksgov.net\/\",\"name\":\"Presidente e Republik\u00ebs s\u00eb Kosov\u00ebs\",\"description\":\"Presidente e Republik\u00ebs s\u00eb Kosov\u00ebs\",\"alternateName\":\"DR. VJOSA OSMANI - SADRIU\",\"potentialAction\":[{\"@type\":\"SearchAction\",\"target\":{\"@type\":\"EntryPoint\",\"urlTemplate\":\"https:\/\/president-ksgov.net\/?s={search_term_string}\"},\"query-input\":{\"@type\":\"PropertyValueSpecification\",\"valueRequired\":true,\"valueName\":\"search_term_string\"}}],\"inLanguage\":\"en-US\"},{\"@type\":\"Person\",\"@id\":\"https:\/\/president-ksgov.net\/#\/schema\/person\/bb4337a5fb147cb2046d80548172cbee\",\"name\":\"admin\",\"image\":{\"@type\":\"ImageObject\",\"inLanguage\":\"en-US\",\"@id\":\"https:\/\/president-ksgov.net\/#\/schema\/person\/image\/\",\"url\":\"https:\/\/secure.gravatar.com\/avatar\/36156ca0fa3b8d9d25174f146e16beea0cf28f37adf1b9e19b6c9c279a7c9dd3?s=96&d=mm&r=g\",\"contentUrl\":\"https:\/\/secure.gravatar.com\/avatar\/36156ca0fa3b8d9d25174f146e16beea0cf28f37adf1b9e19b6c9c279a7c9dd3?s=96&d=mm&r=g\",\"caption\":\"admin\"},\"sameAs\":[\"https:\/\/president-ksgov.net\"]}]}<\/script>\n<!-- \/ Yoast SEO plugin. -->","yoast_head_json":{"title":"Sejdiu: Uk\u00eb did his utmost for the best of his country - President of the Republic of Kosovo - DR. VJOSA OSMANI - SADRIU","description":"Sejdiu: Uk\u00eb did his utmost for the best of his country - President of the Republic of Kosovo - DR. VJOSA OSMANI - SADRIU -","robots":{"index":"index","follow":"follow","max-snippet":"max-snippet:-1","max-image-preview":"max-image-preview:large","max-video-preview":"max-video-preview:-1"},"canonical":"https:\/\/president-ksgov.net\/sejdiu-uka-nuk-kurseu-asgje-per-te-miren-e-atdheut-as-ne-kohe-lufte-as-ne-kohe-paqeje\/","og_locale":"en_US","og_type":"article","og_title":"Sejdiu: Uk\u00eb did his utmost for the best of his country - President of the Republic of Kosovo - DR. VJOSA OSMANI - SADRIU","og_description":"Sejdiu: Uk\u00eb did his utmost for the best of his country - President of the Republic of Kosovo - DR. VJOSA OSMANI - SADRIU -","og_url":"https:\/\/president-ksgov.net\/sejdiu-uka-nuk-kurseu-asgje-per-te-miren-e-atdheut-as-ne-kohe-lufte-as-ne-kohe-paqeje\/","og_site_name":"President of the Republic of Kosovo - DR. VJOSA OSMANI - SADRIU","article_published_time":"2009-10-27T16:31:20+00:00","article_modified_time":"2023-03-07T11:36:16+00:00","og_image":[{"width":1024,"height":716,"url":"https:\/\/president-ksgov.net\/wp-content\/uploads\/Zyra-e-Presidentes-Featured-Image1-e1678970937938.png","type":"image\/png"}],"author":"admin","twitter_card":"summary_large_image","twitter_misc":{"Written by":"admin","Est. reading time":"3 minutes"},"schema":{"@context":"https:\/\/schema.org","@graph":[{"@type":"WebPage","@id":"https:\/\/president-ksgov.net\/sejdiu-uka-nuk-kurseu-asgje-per-te-miren-e-atdheut-as-ne-kohe-lufte-as-ne-kohe-paqeje\/","url":"https:\/\/president-ksgov.net\/sejdiu-uka-nuk-kurseu-asgje-per-te-miren-e-atdheut-as-ne-kohe-lufte-as-ne-kohe-paqeje\/","name":"Sejdiu: Uk\u00eb did his utmost for the best of his country - President of the Republic of Kosovo - DR. VJOSA OSMANI - SADRIU","isPartOf":{"@id":"https:\/\/president-ksgov.net\/#website"},"primaryImageOfPage":{"@id":"https:\/\/president-ksgov.net\/sejdiu-uka-nuk-kurseu-asgje-per-te-miren-e-atdheut-as-ne-kohe-lufte-as-ne-kohe-paqeje\/#primaryimage"},"image":{"@id":"https:\/\/president-ksgov.net\/sejdiu-uka-nuk-kurseu-asgje-per-te-miren-e-atdheut-as-ne-kohe-lufte-as-ne-kohe-paqeje\/#primaryimage"},"thumbnailUrl":"https:\/\/president-ksgov.net\/wp-content\/uploads\/Zyra-e-Presidentes-Featured-Image1-e1678970937938.png","datePublished":"2009-10-27T16:31:20+00:00","dateModified":"2023-03-07T11:36:16+00:00","author":{"@id":"https:\/\/president-ksgov.net\/#\/schema\/person\/bb4337a5fb147cb2046d80548172cbee"},"description":"Sejdiu: Uk\u00eb did his utmost for the best of his country - President of the Republic of Kosovo - DR. VJOSA OSMANI - SADRIU -","breadcrumb":{"@id":"https:\/\/president-ksgov.net\/sejdiu-uka-nuk-kurseu-asgje-per-te-miren-e-atdheut-as-ne-kohe-lufte-as-ne-kohe-paqeje\/#breadcrumb"},"inLanguage":"en-US","potentialAction":[{"@type":"ReadAction","target":["https:\/\/president-ksgov.net\/sejdiu-uka-nuk-kurseu-asgje-per-te-miren-e-atdheut-as-ne-kohe-lufte-as-ne-kohe-paqeje\/"]}]},{"@type":"ImageObject","inLanguage":"en-US","@id":"https:\/\/president-ksgov.net\/sejdiu-uka-nuk-kurseu-asgje-per-te-miren-e-atdheut-as-ne-kohe-lufte-as-ne-kohe-paqeje\/#primaryimage","url":"https:\/\/president-ksgov.net\/wp-content\/uploads\/Zyra-e-Presidentes-Featured-Image1-e1678970937938.png","contentUrl":"https:\/\/president-ksgov.net\/wp-content\/uploads\/Zyra-e-Presidentes-Featured-Image1-e1678970937938.png","width":1024,"height":716},{"@type":"BreadcrumbList","@id":"https:\/\/president-ksgov.net\/sejdiu-uka-nuk-kurseu-asgje-per-te-miren-e-atdheut-as-ne-kohe-lufte-as-ne-kohe-paqeje\/#breadcrumb","itemListElement":[{"@type":"ListItem","position":1,"name":"Home","item":"https:\/\/president-ksgov.net\/en\/"},{"@type":"ListItem","position":2,"name":"Sejdiu: Uk\u00eb did his utmost for the best of his country"}]},{"@type":"WebSite","@id":"https:\/\/president-ksgov.net\/#website","url":"https:\/\/president-ksgov.net\/","name":"Presidente e Republik\u00ebs s\u00eb Kosov\u00ebs","description":"Presidente e Republik\u00ebs s\u00eb Kosov\u00ebs","alternateName":"DR. VJOSA OSMANI - SADRIU","potentialAction":[{"@type":"SearchAction","target":{"@type":"EntryPoint","urlTemplate":"https:\/\/president-ksgov.net\/?s={search_term_string}"},"query-input":{"@type":"PropertyValueSpecification","valueRequired":true,"valueName":"search_term_string"}}],"inLanguage":"en-US"},{"@type":"Person","@id":"https:\/\/president-ksgov.net\/#\/schema\/person\/bb4337a5fb147cb2046d80548172cbee","name":"admin","image":{"@type":"ImageObject","inLanguage":"en-US","@id":"https:\/\/president-ksgov.net\/#\/schema\/person\/image\/","url":"https:\/\/secure.gravatar.com\/avatar\/36156ca0fa3b8d9d25174f146e16beea0cf28f37adf1b9e19b6c9c279a7c9dd3?s=96&d=mm&r=g","contentUrl":"https:\/\/secure.gravatar.com\/avatar\/36156ca0fa3b8d9d25174f146e16beea0cf28f37adf1b9e19b6c9c279a7c9dd3?s=96&d=mm&r=g","caption":"admin"},"sameAs":["https:\/\/president-ksgov.net"]}]}},"_links":{"self":[{"href":"https:\/\/president-ksgov.net\/en\/wp-json\/wp\/v2\/posts\/73112","targetHints":{"allow":["GET"]}}],"collection":[{"href":"https:\/\/president-ksgov.net\/en\/wp-json\/wp\/v2\/posts"}],"about":[{"href":"https:\/\/president-ksgov.net\/en\/wp-json\/wp\/v2\/types\/post"}],"author":[{"embeddable":true,"href":"https:\/\/president-ksgov.net\/en\/wp-json\/wp\/v2\/users\/1"}],"replies":[{"embeddable":true,"href":"https:\/\/president-ksgov.net\/en\/wp-json\/wp\/v2\/comments?post=73112"}],"version-history":[{"count":0,"href":"https:\/\/president-ksgov.net\/en\/wp-json\/wp\/v2\/posts\/73112\/revisions"}],"wp:featuredmedia":[{"embeddable":true,"href":"https:\/\/president-ksgov.net\/en\/wp-json\/wp\/v2\/media\/86338"}],"wp:attachment":[{"href":"https:\/\/president-ksgov.net\/en\/wp-json\/wp\/v2\/media?parent=73112"}],"wp:term":[{"taxonomy":"category","embeddable":true,"href":"https:\/\/president-ksgov.net\/en\/wp-json\/wp\/v2\/categories?post=73112"},{"taxonomy":"post_tag","embeddable":true,"href":"https:\/\/president-ksgov.net\/en\/wp-json\/wp\/v2\/tags?post=73112"}],"curies":[{"name":"wp","href":"https:\/\/api.w.org\/{rel}","templated":true}]}}