{"id":73111,"date":"2009-10-28T16:31:20","date_gmt":"2009-10-28T16:31:20","guid":{"rendered":"https:\/\/dev.president-ksgov.net\/sejdiu-the-whole-world-will-turn-its-attention-to-kosovo-on-november-15\/"},"modified":"2023-03-07T11:36:16","modified_gmt":"2023-03-07T11:36:16","slug":"sejdiu-the-whole-world-will-turn-its-attention-to-kosovo-on-november-15","status":"publish","type":"post","link":"https:\/\/president-ksgov.net\/en\/sejdiu-the-whole-world-will-turn-its-attention-to-kosovo-on-november-15\/","title":{"rendered":"Sejdiu: The whole world will turn its attention to Kosovo on November 15"},"content":{"rendered":"<p>&#8220;On November 15, the day of first elections to be held in an independent Kosovo, the whole world will turn its attention to Kosovo. This is the best chance for Kosovo to prove that it is able to conduct its first elections as a sovereign and democratic country in the best way possible&#8221; &#8211; President Sejdiu said at a meeting today with representatives of the International Monitoring Mission for the 2009 Local Elections in Kosovo, led by Mr. Darko Aleksov, Head of Mission.<\/p>\n<p>In addition to this, President Sejdiu emphasized the need for a good coordination between observers on the day of elections so as to ensure that the process goes smoothly. <\/p>\n<p>During this meeting, Mr. Aleksov updated the President on ongoing preparations the mission is making in Kosovo municipalities to ensure a successful completion of fair elections.<\/p>\n<p>He underscored mission&#8217;s firm determination to monitor elections in conformity with all international standards, which he maintained was the major objective to international observers.<\/p>\n","protected":false},"excerpt":{"rendered":"<p>&#8220;On November 15, the day of first elections to be held in an independent Kosovo, the whole world will turn its attention to Kosovo. This is the best chance for Kosovo to prove that it is able to conduct its first elections as a sovereign and democratic country in the best way possible&#8221; &#8211; President Sejdiu said at a meeting today with representatives of the International Monitoring Mission for the 2009 Local Elections in Kosovo, led by Mr. Darko Aleksov, Head of Mission.<\/p>\n","protected":false},"author":1,"featured_media":86338,"comment_status":"open","ping_status":"closed","sticky":false,"template":"","format":"standard","meta":{"_eb_attr":"","footnotes":""},"categories":[111],"tags":[],"class_list":["post-73111","post","type-post","status-publish","format-standard","has-post-thumbnail","hentry","category-news"],"yoast_head":"<!-- This site is optimized with the Yoast SEO plugin v23.5 - https:\/\/yoast.com\/wordpress\/plugins\/seo\/ -->\n<title>Sejdiu: The whole world will turn its attention to Kosovo on November 15 - President of the Republic of Kosovo - DR. VJOSA OSMANI - SADRIU<\/title>\n<meta name=\"description\" content=\"Sejdiu: The whole world will turn its attention to Kosovo on November 15 - President of the Republic of Kosovo - DR. VJOSA OSMANI - SADRIU -\" \/>\n<meta name=\"robots\" content=\"index, follow, max-snippet:-1, max-image-preview:large, max-video-preview:-1\" \/>\n<link rel=\"canonical\" href=\"https:\/\/president-ksgov.net\/sejdiu-me-15-nentor-e-gjithe-bota-do-te-drejtoje-vemendjen-tek-kosova\/\" \/>\n<meta property=\"og:locale\" content=\"en_US\" \/>\n<meta property=\"og:type\" content=\"article\" \/>\n<meta property=\"og:title\" content=\"Sejdiu: The whole world will turn its attention to Kosovo on November 15 - President of the Republic of Kosovo - DR. VJOSA OSMANI - SADRIU\" \/>\n<meta property=\"og:description\" content=\"Sejdiu: The whole world will turn its attention to Kosovo on November 15 - President of the Republic of Kosovo - DR. VJOSA OSMANI - SADRIU -\" \/>\n<meta property=\"og:url\" content=\"https:\/\/president-ksgov.net\/sejdiu-me-15-nentor-e-gjithe-bota-do-te-drejtoje-vemendjen-tek-kosova\/\" \/>\n<meta property=\"og:site_name\" content=\"President of the Republic of Kosovo - DR. VJOSA OSMANI - SADRIU\" \/>\n<meta property=\"article:published_time\" content=\"2009-10-28T16:31:20+00:00\" \/>\n<meta property=\"article:modified_time\" content=\"2023-03-07T11:36:16+00:00\" \/>\n<meta property=\"og:image\" content=\"https:\/\/president-ksgov.net\/wp-content\/uploads\/Zyra-e-Presidentes-Featured-Image1-e1678970937938.png\" \/>\n\t<meta property=\"og:image:width\" content=\"1024\" \/>\n\t<meta property=\"og:image:height\" content=\"716\" \/>\n\t<meta property=\"og:image:type\" content=\"image\/png\" \/>\n<meta name=\"author\" content=\"admin\" \/>\n<meta name=\"twitter:card\" content=\"summary_large_image\" \/>\n<meta name=\"twitter:label1\" content=\"Written by\" \/>\n\t<meta name=\"twitter:data1\" content=\"admin\" \/>\n\t<meta name=\"twitter:label2\" content=\"Est. reading time\" \/>\n\t<meta name=\"twitter:data2\" content=\"1 minute\" \/>\n<script type=\"application\/ld+json\" class=\"yoast-schema-graph\">{\"@context\":\"https:\/\/schema.org\",\"@graph\":[{\"@type\":\"WebPage\",\"@id\":\"https:\/\/president-ksgov.net\/sejdiu-me-15-nentor-e-gjithe-bota-do-te-drejtoje-vemendjen-tek-kosova\/\",\"url\":\"https:\/\/president-ksgov.net\/sejdiu-me-15-nentor-e-gjithe-bota-do-te-drejtoje-vemendjen-tek-kosova\/\",\"name\":\"Sejdiu: The whole world will turn its attention to Kosovo on November 15 - President of the Republic of Kosovo - DR. VJOSA OSMANI - SADRIU\",\"isPartOf\":{\"@id\":\"https:\/\/president-ksgov.net\/#website\"},\"primaryImageOfPage\":{\"@id\":\"https:\/\/president-ksgov.net\/sejdiu-me-15-nentor-e-gjithe-bota-do-te-drejtoje-vemendjen-tek-kosova\/#primaryimage\"},\"image\":{\"@id\":\"https:\/\/president-ksgov.net\/sejdiu-me-15-nentor-e-gjithe-bota-do-te-drejtoje-vemendjen-tek-kosova\/#primaryimage\"},\"thumbnailUrl\":\"https:\/\/president-ksgov.net\/wp-content\/uploads\/Zyra-e-Presidentes-Featured-Image1-e1678970937938.png\",\"datePublished\":\"2009-10-28T16:31:20+00:00\",\"dateModified\":\"2023-03-07T11:36:16+00:00\",\"author\":{\"@id\":\"https:\/\/president-ksgov.net\/#\/schema\/person\/bb4337a5fb147cb2046d80548172cbee\"},\"description\":\"Sejdiu: The whole world will turn its attention to Kosovo on November 15 - President of the Republic of Kosovo - DR. VJOSA OSMANI - SADRIU -\",\"breadcrumb\":{\"@id\":\"https:\/\/president-ksgov.net\/sejdiu-me-15-nentor-e-gjithe-bota-do-te-drejtoje-vemendjen-tek-kosova\/#breadcrumb\"},\"inLanguage\":\"en-US\",\"potentialAction\":[{\"@type\":\"ReadAction\",\"target\":[\"https:\/\/president-ksgov.net\/sejdiu-me-15-nentor-e-gjithe-bota-do-te-drejtoje-vemendjen-tek-kosova\/\"]}]},{\"@type\":\"ImageObject\",\"inLanguage\":\"en-US\",\"@id\":\"https:\/\/president-ksgov.net\/sejdiu-me-15-nentor-e-gjithe-bota-do-te-drejtoje-vemendjen-tek-kosova\/#primaryimage\",\"url\":\"https:\/\/president-ksgov.net\/wp-content\/uploads\/Zyra-e-Presidentes-Featured-Image1-e1678970937938.png\",\"contentUrl\":\"https:\/\/president-ksgov.net\/wp-content\/uploads\/Zyra-e-Presidentes-Featured-Image1-e1678970937938.png\",\"width\":1024,\"height\":716},{\"@type\":\"BreadcrumbList\",\"@id\":\"https:\/\/president-ksgov.net\/sejdiu-me-15-nentor-e-gjithe-bota-do-te-drejtoje-vemendjen-tek-kosova\/#breadcrumb\",\"itemListElement\":[{\"@type\":\"ListItem\",\"position\":1,\"name\":\"Home\",\"item\":\"https:\/\/president-ksgov.net\/en\/\"},{\"@type\":\"ListItem\",\"position\":2,\"name\":\"Sejdiu: The whole world will turn its attention to Kosovo on November 15\"}]},{\"@type\":\"WebSite\",\"@id\":\"https:\/\/president-ksgov.net\/#website\",\"url\":\"https:\/\/president-ksgov.net\/\",\"name\":\"Presidente e Republik\u00ebs s\u00eb Kosov\u00ebs\",\"description\":\"Presidente e Republik\u00ebs s\u00eb Kosov\u00ebs\",\"alternateName\":\"DR. VJOSA OSMANI - SADRIU\",\"potentialAction\":[{\"@type\":\"SearchAction\",\"target\":{\"@type\":\"EntryPoint\",\"urlTemplate\":\"https:\/\/president-ksgov.net\/?s={search_term_string}\"},\"query-input\":{\"@type\":\"PropertyValueSpecification\",\"valueRequired\":true,\"valueName\":\"search_term_string\"}}],\"inLanguage\":\"en-US\"},{\"@type\":\"Person\",\"@id\":\"https:\/\/president-ksgov.net\/#\/schema\/person\/bb4337a5fb147cb2046d80548172cbee\",\"name\":\"admin\",\"image\":{\"@type\":\"ImageObject\",\"inLanguage\":\"en-US\",\"@id\":\"https:\/\/president-ksgov.net\/#\/schema\/person\/image\/\",\"url\":\"https:\/\/secure.gravatar.com\/avatar\/36156ca0fa3b8d9d25174f146e16beea0cf28f37adf1b9e19b6c9c279a7c9dd3?s=96&d=mm&r=g\",\"contentUrl\":\"https:\/\/secure.gravatar.com\/avatar\/36156ca0fa3b8d9d25174f146e16beea0cf28f37adf1b9e19b6c9c279a7c9dd3?s=96&d=mm&r=g\",\"caption\":\"admin\"},\"sameAs\":[\"https:\/\/president-ksgov.net\"]}]}<\/script>\n<!-- \/ Yoast SEO plugin. -->","yoast_head_json":{"title":"Sejdiu: The whole world will turn its attention to Kosovo on November 15 - President of the Republic of Kosovo - DR. VJOSA OSMANI - SADRIU","description":"Sejdiu: The whole world will turn its attention to Kosovo on November 15 - President of the Republic of Kosovo - DR. VJOSA OSMANI - SADRIU -","robots":{"index":"index","follow":"follow","max-snippet":"max-snippet:-1","max-image-preview":"max-image-preview:large","max-video-preview":"max-video-preview:-1"},"canonical":"https:\/\/president-ksgov.net\/sejdiu-me-15-nentor-e-gjithe-bota-do-te-drejtoje-vemendjen-tek-kosova\/","og_locale":"en_US","og_type":"article","og_title":"Sejdiu: The whole world will turn its attention to Kosovo on November 15 - President of the Republic of Kosovo - DR. VJOSA OSMANI - SADRIU","og_description":"Sejdiu: The whole world will turn its attention to Kosovo on November 15 - President of the Republic of Kosovo - DR. VJOSA OSMANI - SADRIU -","og_url":"https:\/\/president-ksgov.net\/sejdiu-me-15-nentor-e-gjithe-bota-do-te-drejtoje-vemendjen-tek-kosova\/","og_site_name":"President of the Republic of Kosovo - DR. VJOSA OSMANI - SADRIU","article_published_time":"2009-10-28T16:31:20+00:00","article_modified_time":"2023-03-07T11:36:16+00:00","og_image":[{"width":1024,"height":716,"url":"https:\/\/president-ksgov.net\/wp-content\/uploads\/Zyra-e-Presidentes-Featured-Image1-e1678970937938.png","type":"image\/png"}],"author":"admin","twitter_card":"summary_large_image","twitter_misc":{"Written by":"admin","Est. reading time":"1 minute"},"schema":{"@context":"https:\/\/schema.org","@graph":[{"@type":"WebPage","@id":"https:\/\/president-ksgov.net\/sejdiu-me-15-nentor-e-gjithe-bota-do-te-drejtoje-vemendjen-tek-kosova\/","url":"https:\/\/president-ksgov.net\/sejdiu-me-15-nentor-e-gjithe-bota-do-te-drejtoje-vemendjen-tek-kosova\/","name":"Sejdiu: The whole world will turn its attention to Kosovo on November 15 - President of the Republic of Kosovo - DR. VJOSA OSMANI - SADRIU","isPartOf":{"@id":"https:\/\/president-ksgov.net\/#website"},"primaryImageOfPage":{"@id":"https:\/\/president-ksgov.net\/sejdiu-me-15-nentor-e-gjithe-bota-do-te-drejtoje-vemendjen-tek-kosova\/#primaryimage"},"image":{"@id":"https:\/\/president-ksgov.net\/sejdiu-me-15-nentor-e-gjithe-bota-do-te-drejtoje-vemendjen-tek-kosova\/#primaryimage"},"thumbnailUrl":"https:\/\/president-ksgov.net\/wp-content\/uploads\/Zyra-e-Presidentes-Featured-Image1-e1678970937938.png","datePublished":"2009-10-28T16:31:20+00:00","dateModified":"2023-03-07T11:36:16+00:00","author":{"@id":"https:\/\/president-ksgov.net\/#\/schema\/person\/bb4337a5fb147cb2046d80548172cbee"},"description":"Sejdiu: The whole world will turn its attention to Kosovo on November 15 - President of the Republic of Kosovo - DR. VJOSA OSMANI - SADRIU -","breadcrumb":{"@id":"https:\/\/president-ksgov.net\/sejdiu-me-15-nentor-e-gjithe-bota-do-te-drejtoje-vemendjen-tek-kosova\/#breadcrumb"},"inLanguage":"en-US","potentialAction":[{"@type":"ReadAction","target":["https:\/\/president-ksgov.net\/sejdiu-me-15-nentor-e-gjithe-bota-do-te-drejtoje-vemendjen-tek-kosova\/"]}]},{"@type":"ImageObject","inLanguage":"en-US","@id":"https:\/\/president-ksgov.net\/sejdiu-me-15-nentor-e-gjithe-bota-do-te-drejtoje-vemendjen-tek-kosova\/#primaryimage","url":"https:\/\/president-ksgov.net\/wp-content\/uploads\/Zyra-e-Presidentes-Featured-Image1-e1678970937938.png","contentUrl":"https:\/\/president-ksgov.net\/wp-content\/uploads\/Zyra-e-Presidentes-Featured-Image1-e1678970937938.png","width":1024,"height":716},{"@type":"BreadcrumbList","@id":"https:\/\/president-ksgov.net\/sejdiu-me-15-nentor-e-gjithe-bota-do-te-drejtoje-vemendjen-tek-kosova\/#breadcrumb","itemListElement":[{"@type":"ListItem","position":1,"name":"Home","item":"https:\/\/president-ksgov.net\/en\/"},{"@type":"ListItem","position":2,"name":"Sejdiu: The whole world will turn its attention to Kosovo on November 15"}]},{"@type":"WebSite","@id":"https:\/\/president-ksgov.net\/#website","url":"https:\/\/president-ksgov.net\/","name":"Presidente e Republik\u00ebs s\u00eb Kosov\u00ebs","description":"Presidente e Republik\u00ebs s\u00eb Kosov\u00ebs","alternateName":"DR. VJOSA OSMANI - SADRIU","potentialAction":[{"@type":"SearchAction","target":{"@type":"EntryPoint","urlTemplate":"https:\/\/president-ksgov.net\/?s={search_term_string}"},"query-input":{"@type":"PropertyValueSpecification","valueRequired":true,"valueName":"search_term_string"}}],"inLanguage":"en-US"},{"@type":"Person","@id":"https:\/\/president-ksgov.net\/#\/schema\/person\/bb4337a5fb147cb2046d80548172cbee","name":"admin","image":{"@type":"ImageObject","inLanguage":"en-US","@id":"https:\/\/president-ksgov.net\/#\/schema\/person\/image\/","url":"https:\/\/secure.gravatar.com\/avatar\/36156ca0fa3b8d9d25174f146e16beea0cf28f37adf1b9e19b6c9c279a7c9dd3?s=96&d=mm&r=g","contentUrl":"https:\/\/secure.gravatar.com\/avatar\/36156ca0fa3b8d9d25174f146e16beea0cf28f37adf1b9e19b6c9c279a7c9dd3?s=96&d=mm&r=g","caption":"admin"},"sameAs":["https:\/\/president-ksgov.net"]}]}},"_links":{"self":[{"href":"https:\/\/president-ksgov.net\/en\/wp-json\/wp\/v2\/posts\/73111","targetHints":{"allow":["GET"]}}],"collection":[{"href":"https:\/\/president-ksgov.net\/en\/wp-json\/wp\/v2\/posts"}],"about":[{"href":"https:\/\/president-ksgov.net\/en\/wp-json\/wp\/v2\/types\/post"}],"author":[{"embeddable":true,"href":"https:\/\/president-ksgov.net\/en\/wp-json\/wp\/v2\/users\/1"}],"replies":[{"embeddable":true,"href":"https:\/\/president-ksgov.net\/en\/wp-json\/wp\/v2\/comments?post=73111"}],"version-history":[{"count":0,"href":"https:\/\/president-ksgov.net\/en\/wp-json\/wp\/v2\/posts\/73111\/revisions"}],"wp:featuredmedia":[{"embeddable":true,"href":"https:\/\/president-ksgov.net\/en\/wp-json\/wp\/v2\/media\/86338"}],"wp:attachment":[{"href":"https:\/\/president-ksgov.net\/en\/wp-json\/wp\/v2\/media?parent=73111"}],"wp:term":[{"taxonomy":"category","embeddable":true,"href":"https:\/\/president-ksgov.net\/en\/wp-json\/wp\/v2\/categories?post=73111"},{"taxonomy":"post_tag","embeddable":true,"href":"https:\/\/president-ksgov.net\/en\/wp-json\/wp\/v2\/tags?post=73111"}],"curies":[{"name":"wp","href":"https:\/\/api.w.org\/{rel}","templated":true}]}}