{"id":73100,"date":"2009-09-24T16:52:30","date_gmt":"2009-09-24T16:52:30","guid":{"rendered":"https:\/\/dev.president-ksgov.net\/president-sejdiu-held-a-keynote-speech-during-the-annual-reception-of-balkan-leaders\/"},"modified":"2023-03-07T11:36:16","modified_gmt":"2023-03-07T11:36:16","slug":"president-sejdiu-held-a-keynote-speech-during-the-annual-reception-of-balkan-leaders","status":"publish","type":"post","link":"https:\/\/president-ksgov.net\/en\/president-sejdiu-held-a-keynote-speech-during-the-annual-reception-of-balkan-leaders\/","title":{"rendered":"President Sejdiu held a keynote speech during the Annual Reception of Balkan Leaders"},"content":{"rendered":"<p>In the framework of his engagements during the visit to the United States of America, the President of the Republic of Kosovo, Dr. Fatmir Sejdiu, held a keynote speech during the Annual Reception of Balkan Leaders.<\/p>\n<p>Present at the meeting were also Ekmeleddin Ihsanoglu, Organisation of Islamic Conference Secretary General, Ilir Meta, Minister of Foreign Affairs of Albania, Stjepan Mesiq, President of Croatia, Haris Silajxhiq, member of Bosnia and Herzegovina&#8217;s Presidency, Ahmet Davuto\u011flu, Minister of Foreign Affairs of Turkey and other leaders.<\/p>\n<p>The meeting was also attended by the Minister of Foreign Affairs of Republic of Kosovo, Skender Hyseni, as well as other members of Kosovo&#8217;s delegation.<\/p>\n<p>President Sejdiu spoke in front of Rutgers Institute Balkan leaders about developments and significant achievements made following the independence of the Republic of Kosovo. He laid an emphasis on important efforts made by Republic of Kosovo&#8217;s leaders and institutions to ensure more recognitions for the new state, its accession to many important institutions and its objective of becoming a member of as many important international institutions as possible.<\/p>\n<p>President Sejdiu also highlighted the importance of a peaceful and integrative approach by all the Balkan states. In this context, he mentioned the great importance of regional cooperation, as an essential precondition to stability in the region and to the mutual journey towards integration into the Euro-Atlantic institutions.<\/p>\n<p>Besides this, taking the Republic of Kosovo as an example, President Sejdiu said that the respect of minority community rights in each Balkan country is a very important factor of stability and prosperity in the region.<\/p>\n<p>\u00a0<\/p>\n","protected":false},"excerpt":{"rendered":"<p>In the framework of his engagements during the visit to the United States of America, the President of the Republic of Kosovo, Dr. Fatmir Sejdiu, held a keynote speech during the Annual Reception of Balkan Leaders.<\/p>\n","protected":false},"author":1,"featured_media":86338,"comment_status":"open","ping_status":"closed","sticky":false,"template":"","format":"standard","meta":{"_eb_attr":"","footnotes":""},"categories":[111],"tags":[],"class_list":["post-73100","post","type-post","status-publish","format-standard","has-post-thumbnail","hentry","category-news"],"yoast_head":"<!-- This site is optimized with the Yoast SEO plugin v23.5 - https:\/\/yoast.com\/wordpress\/plugins\/seo\/ -->\n<title>President Sejdiu held a keynote speech during the Annual Reception of Balkan Leaders - President of the Republic of Kosovo - DR. VJOSA OSMANI - SADRIU<\/title>\n<meta name=\"description\" content=\"President Sejdiu held a keynote speech during the Annual Reception of Balkan Leaders - President of the Republic of Kosovo - DR. VJOSA OSMANI - SADRIU -\" \/>\n<meta name=\"robots\" content=\"index, follow, max-snippet:-1, max-image-preview:large, max-video-preview:-1\" \/>\n<link rel=\"canonical\" href=\"https:\/\/president-ksgov.net\/presidenti-sejdiu-mbajti-fjale-rasti-ne-pritjen-vjetore-te-lidereve-ballkanike\/\" \/>\n<meta property=\"og:locale\" content=\"en_US\" \/>\n<meta property=\"og:type\" content=\"article\" \/>\n<meta property=\"og:title\" content=\"President Sejdiu held a keynote speech during the Annual Reception of Balkan Leaders - President of the Republic of Kosovo - DR. VJOSA OSMANI - SADRIU\" \/>\n<meta property=\"og:description\" content=\"President Sejdiu held a keynote speech during the Annual Reception of Balkan Leaders - President of the Republic of Kosovo - DR. VJOSA OSMANI - SADRIU -\" \/>\n<meta property=\"og:url\" content=\"https:\/\/president-ksgov.net\/presidenti-sejdiu-mbajti-fjale-rasti-ne-pritjen-vjetore-te-lidereve-ballkanike\/\" \/>\n<meta property=\"og:site_name\" content=\"President of the Republic of Kosovo - DR. VJOSA OSMANI - SADRIU\" \/>\n<meta property=\"article:published_time\" content=\"2009-09-24T16:52:30+00:00\" \/>\n<meta property=\"article:modified_time\" content=\"2023-03-07T11:36:16+00:00\" \/>\n<meta property=\"og:image\" content=\"https:\/\/president-ksgov.net\/wp-content\/uploads\/Zyra-e-Presidentes-Featured-Image1-e1678970937938.png\" \/>\n\t<meta property=\"og:image:width\" content=\"1024\" \/>\n\t<meta property=\"og:image:height\" content=\"716\" \/>\n\t<meta property=\"og:image:type\" content=\"image\/png\" \/>\n<meta name=\"author\" content=\"admin\" \/>\n<meta name=\"twitter:card\" content=\"summary_large_image\" \/>\n<meta name=\"twitter:label1\" content=\"Written by\" \/>\n\t<meta name=\"twitter:data1\" content=\"admin\" \/>\n\t<meta name=\"twitter:label2\" content=\"Est. reading time\" \/>\n\t<meta name=\"twitter:data2\" content=\"1 minute\" \/>\n<script type=\"application\/ld+json\" class=\"yoast-schema-graph\">{\"@context\":\"https:\/\/schema.org\",\"@graph\":[{\"@type\":\"WebPage\",\"@id\":\"https:\/\/president-ksgov.net\/presidenti-sejdiu-mbajti-fjale-rasti-ne-pritjen-vjetore-te-lidereve-ballkanike\/\",\"url\":\"https:\/\/president-ksgov.net\/presidenti-sejdiu-mbajti-fjale-rasti-ne-pritjen-vjetore-te-lidereve-ballkanike\/\",\"name\":\"President Sejdiu held a keynote speech during the Annual Reception of Balkan Leaders - President of the Republic of Kosovo - DR. VJOSA OSMANI - SADRIU\",\"isPartOf\":{\"@id\":\"https:\/\/president-ksgov.net\/#website\"},\"primaryImageOfPage\":{\"@id\":\"https:\/\/president-ksgov.net\/presidenti-sejdiu-mbajti-fjale-rasti-ne-pritjen-vjetore-te-lidereve-ballkanike\/#primaryimage\"},\"image\":{\"@id\":\"https:\/\/president-ksgov.net\/presidenti-sejdiu-mbajti-fjale-rasti-ne-pritjen-vjetore-te-lidereve-ballkanike\/#primaryimage\"},\"thumbnailUrl\":\"https:\/\/president-ksgov.net\/wp-content\/uploads\/Zyra-e-Presidentes-Featured-Image1-e1678970937938.png\",\"datePublished\":\"2009-09-24T16:52:30+00:00\",\"dateModified\":\"2023-03-07T11:36:16+00:00\",\"author\":{\"@id\":\"https:\/\/president-ksgov.net\/#\/schema\/person\/bb4337a5fb147cb2046d80548172cbee\"},\"description\":\"President Sejdiu held a keynote speech during the Annual Reception of Balkan Leaders - President of the Republic of Kosovo - DR. VJOSA OSMANI - SADRIU -\",\"breadcrumb\":{\"@id\":\"https:\/\/president-ksgov.net\/presidenti-sejdiu-mbajti-fjale-rasti-ne-pritjen-vjetore-te-lidereve-ballkanike\/#breadcrumb\"},\"inLanguage\":\"en-US\",\"potentialAction\":[{\"@type\":\"ReadAction\",\"target\":[\"https:\/\/president-ksgov.net\/presidenti-sejdiu-mbajti-fjale-rasti-ne-pritjen-vjetore-te-lidereve-ballkanike\/\"]}]},{\"@type\":\"ImageObject\",\"inLanguage\":\"en-US\",\"@id\":\"https:\/\/president-ksgov.net\/presidenti-sejdiu-mbajti-fjale-rasti-ne-pritjen-vjetore-te-lidereve-ballkanike\/#primaryimage\",\"url\":\"https:\/\/president-ksgov.net\/wp-content\/uploads\/Zyra-e-Presidentes-Featured-Image1-e1678970937938.png\",\"contentUrl\":\"https:\/\/president-ksgov.net\/wp-content\/uploads\/Zyra-e-Presidentes-Featured-Image1-e1678970937938.png\",\"width\":1024,\"height\":716},{\"@type\":\"BreadcrumbList\",\"@id\":\"https:\/\/president-ksgov.net\/presidenti-sejdiu-mbajti-fjale-rasti-ne-pritjen-vjetore-te-lidereve-ballkanike\/#breadcrumb\",\"itemListElement\":[{\"@type\":\"ListItem\",\"position\":1,\"name\":\"Home\",\"item\":\"https:\/\/president-ksgov.net\/en\/\"},{\"@type\":\"ListItem\",\"position\":2,\"name\":\"President Sejdiu held a keynote speech during the Annual Reception of Balkan Leaders\"}]},{\"@type\":\"WebSite\",\"@id\":\"https:\/\/president-ksgov.net\/#website\",\"url\":\"https:\/\/president-ksgov.net\/\",\"name\":\"Presidente e Republik\u00ebs s\u00eb Kosov\u00ebs\",\"description\":\"Presidente e Republik\u00ebs s\u00eb Kosov\u00ebs\",\"alternateName\":\"DR. VJOSA OSMANI - SADRIU\",\"potentialAction\":[{\"@type\":\"SearchAction\",\"target\":{\"@type\":\"EntryPoint\",\"urlTemplate\":\"https:\/\/president-ksgov.net\/?s={search_term_string}\"},\"query-input\":{\"@type\":\"PropertyValueSpecification\",\"valueRequired\":true,\"valueName\":\"search_term_string\"}}],\"inLanguage\":\"en-US\"},{\"@type\":\"Person\",\"@id\":\"https:\/\/president-ksgov.net\/#\/schema\/person\/bb4337a5fb147cb2046d80548172cbee\",\"name\":\"admin\",\"image\":{\"@type\":\"ImageObject\",\"inLanguage\":\"en-US\",\"@id\":\"https:\/\/president-ksgov.net\/#\/schema\/person\/image\/\",\"url\":\"https:\/\/secure.gravatar.com\/avatar\/36156ca0fa3b8d9d25174f146e16beea0cf28f37adf1b9e19b6c9c279a7c9dd3?s=96&d=mm&r=g\",\"contentUrl\":\"https:\/\/secure.gravatar.com\/avatar\/36156ca0fa3b8d9d25174f146e16beea0cf28f37adf1b9e19b6c9c279a7c9dd3?s=96&d=mm&r=g\",\"caption\":\"admin\"},\"sameAs\":[\"https:\/\/president-ksgov.net\"]}]}<\/script>\n<!-- \/ Yoast SEO plugin. -->","yoast_head_json":{"title":"President Sejdiu held a keynote speech during the Annual Reception of Balkan Leaders - President of the Republic of Kosovo - DR. VJOSA OSMANI - SADRIU","description":"President Sejdiu held a keynote speech during the Annual Reception of Balkan Leaders - President of the Republic of Kosovo - DR. VJOSA OSMANI - SADRIU -","robots":{"index":"index","follow":"follow","max-snippet":"max-snippet:-1","max-image-preview":"max-image-preview:large","max-video-preview":"max-video-preview:-1"},"canonical":"https:\/\/president-ksgov.net\/presidenti-sejdiu-mbajti-fjale-rasti-ne-pritjen-vjetore-te-lidereve-ballkanike\/","og_locale":"en_US","og_type":"article","og_title":"President Sejdiu held a keynote speech during the Annual Reception of Balkan Leaders - President of the Republic of Kosovo - DR. VJOSA OSMANI - SADRIU","og_description":"President Sejdiu held a keynote speech during the Annual Reception of Balkan Leaders - President of the Republic of Kosovo - DR. VJOSA OSMANI - SADRIU -","og_url":"https:\/\/president-ksgov.net\/presidenti-sejdiu-mbajti-fjale-rasti-ne-pritjen-vjetore-te-lidereve-ballkanike\/","og_site_name":"President of the Republic of Kosovo - DR. VJOSA OSMANI - SADRIU","article_published_time":"2009-09-24T16:52:30+00:00","article_modified_time":"2023-03-07T11:36:16+00:00","og_image":[{"width":1024,"height":716,"url":"https:\/\/president-ksgov.net\/wp-content\/uploads\/Zyra-e-Presidentes-Featured-Image1-e1678970937938.png","type":"image\/png"}],"author":"admin","twitter_card":"summary_large_image","twitter_misc":{"Written by":"admin","Est. reading time":"1 minute"},"schema":{"@context":"https:\/\/schema.org","@graph":[{"@type":"WebPage","@id":"https:\/\/president-ksgov.net\/presidenti-sejdiu-mbajti-fjale-rasti-ne-pritjen-vjetore-te-lidereve-ballkanike\/","url":"https:\/\/president-ksgov.net\/presidenti-sejdiu-mbajti-fjale-rasti-ne-pritjen-vjetore-te-lidereve-ballkanike\/","name":"President Sejdiu held a keynote speech during the Annual Reception of Balkan Leaders - President of the Republic of Kosovo - DR. VJOSA OSMANI - SADRIU","isPartOf":{"@id":"https:\/\/president-ksgov.net\/#website"},"primaryImageOfPage":{"@id":"https:\/\/president-ksgov.net\/presidenti-sejdiu-mbajti-fjale-rasti-ne-pritjen-vjetore-te-lidereve-ballkanike\/#primaryimage"},"image":{"@id":"https:\/\/president-ksgov.net\/presidenti-sejdiu-mbajti-fjale-rasti-ne-pritjen-vjetore-te-lidereve-ballkanike\/#primaryimage"},"thumbnailUrl":"https:\/\/president-ksgov.net\/wp-content\/uploads\/Zyra-e-Presidentes-Featured-Image1-e1678970937938.png","datePublished":"2009-09-24T16:52:30+00:00","dateModified":"2023-03-07T11:36:16+00:00","author":{"@id":"https:\/\/president-ksgov.net\/#\/schema\/person\/bb4337a5fb147cb2046d80548172cbee"},"description":"President Sejdiu held a keynote speech during the Annual Reception of Balkan Leaders - President of the Republic of Kosovo - DR. VJOSA OSMANI - SADRIU -","breadcrumb":{"@id":"https:\/\/president-ksgov.net\/presidenti-sejdiu-mbajti-fjale-rasti-ne-pritjen-vjetore-te-lidereve-ballkanike\/#breadcrumb"},"inLanguage":"en-US","potentialAction":[{"@type":"ReadAction","target":["https:\/\/president-ksgov.net\/presidenti-sejdiu-mbajti-fjale-rasti-ne-pritjen-vjetore-te-lidereve-ballkanike\/"]}]},{"@type":"ImageObject","inLanguage":"en-US","@id":"https:\/\/president-ksgov.net\/presidenti-sejdiu-mbajti-fjale-rasti-ne-pritjen-vjetore-te-lidereve-ballkanike\/#primaryimage","url":"https:\/\/president-ksgov.net\/wp-content\/uploads\/Zyra-e-Presidentes-Featured-Image1-e1678970937938.png","contentUrl":"https:\/\/president-ksgov.net\/wp-content\/uploads\/Zyra-e-Presidentes-Featured-Image1-e1678970937938.png","width":1024,"height":716},{"@type":"BreadcrumbList","@id":"https:\/\/president-ksgov.net\/presidenti-sejdiu-mbajti-fjale-rasti-ne-pritjen-vjetore-te-lidereve-ballkanike\/#breadcrumb","itemListElement":[{"@type":"ListItem","position":1,"name":"Home","item":"https:\/\/president-ksgov.net\/en\/"},{"@type":"ListItem","position":2,"name":"President Sejdiu held a keynote speech during the Annual Reception of Balkan Leaders"}]},{"@type":"WebSite","@id":"https:\/\/president-ksgov.net\/#website","url":"https:\/\/president-ksgov.net\/","name":"Presidente e Republik\u00ebs s\u00eb Kosov\u00ebs","description":"Presidente e Republik\u00ebs s\u00eb Kosov\u00ebs","alternateName":"DR. VJOSA OSMANI - SADRIU","potentialAction":[{"@type":"SearchAction","target":{"@type":"EntryPoint","urlTemplate":"https:\/\/president-ksgov.net\/?s={search_term_string}"},"query-input":{"@type":"PropertyValueSpecification","valueRequired":true,"valueName":"search_term_string"}}],"inLanguage":"en-US"},{"@type":"Person","@id":"https:\/\/president-ksgov.net\/#\/schema\/person\/bb4337a5fb147cb2046d80548172cbee","name":"admin","image":{"@type":"ImageObject","inLanguage":"en-US","@id":"https:\/\/president-ksgov.net\/#\/schema\/person\/image\/","url":"https:\/\/secure.gravatar.com\/avatar\/36156ca0fa3b8d9d25174f146e16beea0cf28f37adf1b9e19b6c9c279a7c9dd3?s=96&d=mm&r=g","contentUrl":"https:\/\/secure.gravatar.com\/avatar\/36156ca0fa3b8d9d25174f146e16beea0cf28f37adf1b9e19b6c9c279a7c9dd3?s=96&d=mm&r=g","caption":"admin"},"sameAs":["https:\/\/president-ksgov.net"]}]}},"_links":{"self":[{"href":"https:\/\/president-ksgov.net\/en\/wp-json\/wp\/v2\/posts\/73100","targetHints":{"allow":["GET"]}}],"collection":[{"href":"https:\/\/president-ksgov.net\/en\/wp-json\/wp\/v2\/posts"}],"about":[{"href":"https:\/\/president-ksgov.net\/en\/wp-json\/wp\/v2\/types\/post"}],"author":[{"embeddable":true,"href":"https:\/\/president-ksgov.net\/en\/wp-json\/wp\/v2\/users\/1"}],"replies":[{"embeddable":true,"href":"https:\/\/president-ksgov.net\/en\/wp-json\/wp\/v2\/comments?post=73100"}],"version-history":[{"count":0,"href":"https:\/\/president-ksgov.net\/en\/wp-json\/wp\/v2\/posts\/73100\/revisions"}],"wp:featuredmedia":[{"embeddable":true,"href":"https:\/\/president-ksgov.net\/en\/wp-json\/wp\/v2\/media\/86338"}],"wp:attachment":[{"href":"https:\/\/president-ksgov.net\/en\/wp-json\/wp\/v2\/media?parent=73100"}],"wp:term":[{"taxonomy":"category","embeddable":true,"href":"https:\/\/president-ksgov.net\/en\/wp-json\/wp\/v2\/categories?post=73100"},{"taxonomy":"post_tag","embeddable":true,"href":"https:\/\/president-ksgov.net\/en\/wp-json\/wp\/v2\/tags?post=73100"}],"curies":[{"name":"wp","href":"https:\/\/api.w.org\/{rel}","templated":true}]}}