{"id":73025,"date":"2009-11-24T11:02:42","date_gmt":"2009-11-24T11:02:42","guid":{"rendered":"https:\/\/dev.president-ksgov.net\/president-sejdiu-conveyed-his-congratulations-to-mr-herman-van-rompuy\/"},"modified":"2023-03-07T11:35:41","modified_gmt":"2023-03-07T11:35:41","slug":"president-sejdiu-conveyed-his-congratulations-to-mr-herman-van-rompuy","status":"publish","type":"post","link":"https:\/\/president-ksgov.net\/en\/president-sejdiu-conveyed-his-congratulations-to-mr-herman-van-rompuy\/","title":{"rendered":"President Sejdiu conveyed his congratulations to Mr. Herman Van Rompuy"},"content":{"rendered":"<p>The President of the Republic of Kosovo, Dr. Fatmir Sejdiu extended a letter of congratulation to Mr. Herman Van Rompuy, on the occasion of his appointment as the first permanent President of the European Council. The letter reads:<\/p>\n<p>His Excellency Herman Van Rompuy<br \/>\nPresident of the European Council<\/p>\n<p>Honorable President Rompuy:<\/p>\n<p>I would like to personally and on behalf of the institutions and the people of the Republic of Kosovo congratulate Your Excellency on the occasion of your appointment as the first permanent President of the European Council.<\/p>\n<p>The people of the youngest country in the world, the Republic of Kosovo, join Your Excellency and all the people of Europe in celebrating this momentous event, which clearly shows the commitment of the European Union to continue promoting its values and principles. <\/p>\n<p>The Republic of Kosovo has directed all of its efforts towards fulfilling the criteria for joining the European Union. We have welcomed the proposal of the European Commission for a feasibility study evaluating means to further Kosovo&#8217;s political and socio-economic development, and examining how best Kosovo can progress as part of the region toward integration in the EU in the context of the Stabilization and Association Process. This approach, once again, proves Republic of Kosovo&#8217;s clear European perspective and we look forward to working with your Excellency towards fulfilling this vision of the people of my country. <\/p>\n<p>Please accept once again, Your Excellency, my heartfelt congratulations for your appointment in this important post and the assurances of my highest esteem and consideration.<br \/>\n\u00a0\u00a0\u00a0 \u00a0\u00a0\u00a0 \u00a0\u00a0\u00a0 \u00a0\u00a0\u00a0 \u00a0\u00a0\u00a0<br \/>\nSincerely,\u00a0\u00a0\u00a0 <\/p>\n<p>Dr. Fatmir Sejdiu,<br \/>\nPresident of the Republic of Kosovo<\/p>\n","protected":false},"excerpt":{"rendered":"<p>The President of the Republic of Kosovo, Dr. Fatmir Sejdiu extended a letter of congratulation to Mr. Herman Van Rompuy, on the occasion of his appointment as the first permanent President of the European Council. The letter reads:<\/p>\n","protected":false},"author":1,"featured_media":86338,"comment_status":"open","ping_status":"closed","sticky":false,"template":"","format":"standard","meta":{"_eb_attr":"","footnotes":""},"categories":[111],"tags":[],"class_list":["post-73025","post","type-post","status-publish","format-standard","has-post-thumbnail","hentry","category-news"],"yoast_head":"<!-- This site is optimized with the Yoast SEO plugin v23.5 - https:\/\/yoast.com\/wordpress\/plugins\/seo\/ -->\n<title>President Sejdiu conveyed his congratulations to Mr. Herman Van Rompuy - President of the Republic of Kosovo - DR. VJOSA OSMANI - SADRIU<\/title>\n<meta name=\"description\" content=\"President Sejdiu conveyed his congratulations to Mr. Herman Van Rompuy - President of the Republic of Kosovo - DR. VJOSA OSMANI - SADRIU -\" \/>\n<meta name=\"robots\" content=\"index, follow, max-snippet:-1, max-image-preview:large, max-video-preview:-1\" \/>\n<link rel=\"canonical\" href=\"https:\/\/president-ksgov.net\/presidenti-sejdiu-uroi-z-herman-van-rompuy\/\" \/>\n<meta property=\"og:locale\" content=\"en_US\" \/>\n<meta property=\"og:type\" content=\"article\" \/>\n<meta property=\"og:title\" content=\"President Sejdiu conveyed his congratulations to Mr. Herman Van Rompuy - President of the Republic of Kosovo - DR. VJOSA OSMANI - SADRIU\" \/>\n<meta property=\"og:description\" content=\"President Sejdiu conveyed his congratulations to Mr. Herman Van Rompuy - President of the Republic of Kosovo - DR. VJOSA OSMANI - SADRIU -\" \/>\n<meta property=\"og:url\" content=\"https:\/\/president-ksgov.net\/presidenti-sejdiu-uroi-z-herman-van-rompuy\/\" \/>\n<meta property=\"og:site_name\" content=\"President of the Republic of Kosovo - DR. VJOSA OSMANI - SADRIU\" \/>\n<meta property=\"article:published_time\" content=\"2009-11-24T11:02:42+00:00\" \/>\n<meta property=\"article:modified_time\" content=\"2023-03-07T11:35:41+00:00\" \/>\n<meta property=\"og:image\" content=\"https:\/\/president-ksgov.net\/wp-content\/uploads\/Zyra-e-Presidentes-Featured-Image1-e1678970937938.png\" \/>\n\t<meta property=\"og:image:width\" content=\"1024\" \/>\n\t<meta property=\"og:image:height\" content=\"716\" \/>\n\t<meta property=\"og:image:type\" content=\"image\/png\" \/>\n<meta name=\"author\" content=\"admin\" \/>\n<meta name=\"twitter:card\" content=\"summary_large_image\" \/>\n<meta name=\"twitter:label1\" content=\"Written by\" \/>\n\t<meta name=\"twitter:data1\" content=\"admin\" \/>\n\t<meta name=\"twitter:label2\" content=\"Est. reading time\" \/>\n\t<meta name=\"twitter:data2\" content=\"1 minute\" \/>\n<script type=\"application\/ld+json\" class=\"yoast-schema-graph\">{\"@context\":\"https:\/\/schema.org\",\"@graph\":[{\"@type\":\"WebPage\",\"@id\":\"https:\/\/president-ksgov.net\/presidenti-sejdiu-uroi-z-herman-van-rompuy\/\",\"url\":\"https:\/\/president-ksgov.net\/presidenti-sejdiu-uroi-z-herman-van-rompuy\/\",\"name\":\"President Sejdiu conveyed his congratulations to Mr. Herman Van Rompuy - President of the Republic of Kosovo - DR. VJOSA OSMANI - SADRIU\",\"isPartOf\":{\"@id\":\"https:\/\/president-ksgov.net\/#website\"},\"primaryImageOfPage\":{\"@id\":\"https:\/\/president-ksgov.net\/presidenti-sejdiu-uroi-z-herman-van-rompuy\/#primaryimage\"},\"image\":{\"@id\":\"https:\/\/president-ksgov.net\/presidenti-sejdiu-uroi-z-herman-van-rompuy\/#primaryimage\"},\"thumbnailUrl\":\"https:\/\/president-ksgov.net\/wp-content\/uploads\/Zyra-e-Presidentes-Featured-Image1-e1678970937938.png\",\"datePublished\":\"2009-11-24T11:02:42+00:00\",\"dateModified\":\"2023-03-07T11:35:41+00:00\",\"author\":{\"@id\":\"https:\/\/president-ksgov.net\/#\/schema\/person\/bb4337a5fb147cb2046d80548172cbee\"},\"description\":\"President Sejdiu conveyed his congratulations to Mr. Herman Van Rompuy - President of the Republic of Kosovo - DR. VJOSA OSMANI - SADRIU -\",\"breadcrumb\":{\"@id\":\"https:\/\/president-ksgov.net\/presidenti-sejdiu-uroi-z-herman-van-rompuy\/#breadcrumb\"},\"inLanguage\":\"en-US\",\"potentialAction\":[{\"@type\":\"ReadAction\",\"target\":[\"https:\/\/president-ksgov.net\/presidenti-sejdiu-uroi-z-herman-van-rompuy\/\"]}]},{\"@type\":\"ImageObject\",\"inLanguage\":\"en-US\",\"@id\":\"https:\/\/president-ksgov.net\/presidenti-sejdiu-uroi-z-herman-van-rompuy\/#primaryimage\",\"url\":\"https:\/\/president-ksgov.net\/wp-content\/uploads\/Zyra-e-Presidentes-Featured-Image1-e1678970937938.png\",\"contentUrl\":\"https:\/\/president-ksgov.net\/wp-content\/uploads\/Zyra-e-Presidentes-Featured-Image1-e1678970937938.png\",\"width\":1024,\"height\":716},{\"@type\":\"BreadcrumbList\",\"@id\":\"https:\/\/president-ksgov.net\/presidenti-sejdiu-uroi-z-herman-van-rompuy\/#breadcrumb\",\"itemListElement\":[{\"@type\":\"ListItem\",\"position\":1,\"name\":\"Home\",\"item\":\"https:\/\/president-ksgov.net\/en\/\"},{\"@type\":\"ListItem\",\"position\":2,\"name\":\"President Sejdiu conveyed his congratulations to Mr. Herman Van Rompuy\"}]},{\"@type\":\"WebSite\",\"@id\":\"https:\/\/president-ksgov.net\/#website\",\"url\":\"https:\/\/president-ksgov.net\/\",\"name\":\"Presidente e Republik\u00ebs s\u00eb Kosov\u00ebs\",\"description\":\"Presidente e Republik\u00ebs s\u00eb Kosov\u00ebs\",\"alternateName\":\"DR. VJOSA OSMANI - SADRIU\",\"potentialAction\":[{\"@type\":\"SearchAction\",\"target\":{\"@type\":\"EntryPoint\",\"urlTemplate\":\"https:\/\/president-ksgov.net\/?s={search_term_string}\"},\"query-input\":{\"@type\":\"PropertyValueSpecification\",\"valueRequired\":true,\"valueName\":\"search_term_string\"}}],\"inLanguage\":\"en-US\"},{\"@type\":\"Person\",\"@id\":\"https:\/\/president-ksgov.net\/#\/schema\/person\/bb4337a5fb147cb2046d80548172cbee\",\"name\":\"admin\",\"image\":{\"@type\":\"ImageObject\",\"inLanguage\":\"en-US\",\"@id\":\"https:\/\/president-ksgov.net\/#\/schema\/person\/image\/\",\"url\":\"https:\/\/secure.gravatar.com\/avatar\/36156ca0fa3b8d9d25174f146e16beea0cf28f37adf1b9e19b6c9c279a7c9dd3?s=96&d=mm&r=g\",\"contentUrl\":\"https:\/\/secure.gravatar.com\/avatar\/36156ca0fa3b8d9d25174f146e16beea0cf28f37adf1b9e19b6c9c279a7c9dd3?s=96&d=mm&r=g\",\"caption\":\"admin\"},\"sameAs\":[\"https:\/\/president-ksgov.net\"]}]}<\/script>\n<!-- \/ Yoast SEO plugin. -->","yoast_head_json":{"title":"President Sejdiu conveyed his congratulations to Mr. Herman Van Rompuy - President of the Republic of Kosovo - DR. VJOSA OSMANI - SADRIU","description":"President Sejdiu conveyed his congratulations to Mr. Herman Van Rompuy - President of the Republic of Kosovo - DR. VJOSA OSMANI - SADRIU -","robots":{"index":"index","follow":"follow","max-snippet":"max-snippet:-1","max-image-preview":"max-image-preview:large","max-video-preview":"max-video-preview:-1"},"canonical":"https:\/\/president-ksgov.net\/presidenti-sejdiu-uroi-z-herman-van-rompuy\/","og_locale":"en_US","og_type":"article","og_title":"President Sejdiu conveyed his congratulations to Mr. Herman Van Rompuy - President of the Republic of Kosovo - DR. VJOSA OSMANI - SADRIU","og_description":"President Sejdiu conveyed his congratulations to Mr. Herman Van Rompuy - President of the Republic of Kosovo - DR. VJOSA OSMANI - SADRIU -","og_url":"https:\/\/president-ksgov.net\/presidenti-sejdiu-uroi-z-herman-van-rompuy\/","og_site_name":"President of the Republic of Kosovo - DR. VJOSA OSMANI - SADRIU","article_published_time":"2009-11-24T11:02:42+00:00","article_modified_time":"2023-03-07T11:35:41+00:00","og_image":[{"width":1024,"height":716,"url":"https:\/\/president-ksgov.net\/wp-content\/uploads\/Zyra-e-Presidentes-Featured-Image1-e1678970937938.png","type":"image\/png"}],"author":"admin","twitter_card":"summary_large_image","twitter_misc":{"Written by":"admin","Est. reading time":"1 minute"},"schema":{"@context":"https:\/\/schema.org","@graph":[{"@type":"WebPage","@id":"https:\/\/president-ksgov.net\/presidenti-sejdiu-uroi-z-herman-van-rompuy\/","url":"https:\/\/president-ksgov.net\/presidenti-sejdiu-uroi-z-herman-van-rompuy\/","name":"President Sejdiu conveyed his congratulations to Mr. Herman Van Rompuy - President of the Republic of Kosovo - DR. VJOSA OSMANI - SADRIU","isPartOf":{"@id":"https:\/\/president-ksgov.net\/#website"},"primaryImageOfPage":{"@id":"https:\/\/president-ksgov.net\/presidenti-sejdiu-uroi-z-herman-van-rompuy\/#primaryimage"},"image":{"@id":"https:\/\/president-ksgov.net\/presidenti-sejdiu-uroi-z-herman-van-rompuy\/#primaryimage"},"thumbnailUrl":"https:\/\/president-ksgov.net\/wp-content\/uploads\/Zyra-e-Presidentes-Featured-Image1-e1678970937938.png","datePublished":"2009-11-24T11:02:42+00:00","dateModified":"2023-03-07T11:35:41+00:00","author":{"@id":"https:\/\/president-ksgov.net\/#\/schema\/person\/bb4337a5fb147cb2046d80548172cbee"},"description":"President Sejdiu conveyed his congratulations to Mr. Herman Van Rompuy - President of the Republic of Kosovo - DR. VJOSA OSMANI - SADRIU -","breadcrumb":{"@id":"https:\/\/president-ksgov.net\/presidenti-sejdiu-uroi-z-herman-van-rompuy\/#breadcrumb"},"inLanguage":"en-US","potentialAction":[{"@type":"ReadAction","target":["https:\/\/president-ksgov.net\/presidenti-sejdiu-uroi-z-herman-van-rompuy\/"]}]},{"@type":"ImageObject","inLanguage":"en-US","@id":"https:\/\/president-ksgov.net\/presidenti-sejdiu-uroi-z-herman-van-rompuy\/#primaryimage","url":"https:\/\/president-ksgov.net\/wp-content\/uploads\/Zyra-e-Presidentes-Featured-Image1-e1678970937938.png","contentUrl":"https:\/\/president-ksgov.net\/wp-content\/uploads\/Zyra-e-Presidentes-Featured-Image1-e1678970937938.png","width":1024,"height":716},{"@type":"BreadcrumbList","@id":"https:\/\/president-ksgov.net\/presidenti-sejdiu-uroi-z-herman-van-rompuy\/#breadcrumb","itemListElement":[{"@type":"ListItem","position":1,"name":"Home","item":"https:\/\/president-ksgov.net\/en\/"},{"@type":"ListItem","position":2,"name":"President Sejdiu conveyed his congratulations to Mr. Herman Van Rompuy"}]},{"@type":"WebSite","@id":"https:\/\/president-ksgov.net\/#website","url":"https:\/\/president-ksgov.net\/","name":"Presidente e Republik\u00ebs s\u00eb Kosov\u00ebs","description":"Presidente e Republik\u00ebs s\u00eb Kosov\u00ebs","alternateName":"DR. VJOSA OSMANI - SADRIU","potentialAction":[{"@type":"SearchAction","target":{"@type":"EntryPoint","urlTemplate":"https:\/\/president-ksgov.net\/?s={search_term_string}"},"query-input":{"@type":"PropertyValueSpecification","valueRequired":true,"valueName":"search_term_string"}}],"inLanguage":"en-US"},{"@type":"Person","@id":"https:\/\/president-ksgov.net\/#\/schema\/person\/bb4337a5fb147cb2046d80548172cbee","name":"admin","image":{"@type":"ImageObject","inLanguage":"en-US","@id":"https:\/\/president-ksgov.net\/#\/schema\/person\/image\/","url":"https:\/\/secure.gravatar.com\/avatar\/36156ca0fa3b8d9d25174f146e16beea0cf28f37adf1b9e19b6c9c279a7c9dd3?s=96&d=mm&r=g","contentUrl":"https:\/\/secure.gravatar.com\/avatar\/36156ca0fa3b8d9d25174f146e16beea0cf28f37adf1b9e19b6c9c279a7c9dd3?s=96&d=mm&r=g","caption":"admin"},"sameAs":["https:\/\/president-ksgov.net"]}]}},"_links":{"self":[{"href":"https:\/\/president-ksgov.net\/en\/wp-json\/wp\/v2\/posts\/73025","targetHints":{"allow":["GET"]}}],"collection":[{"href":"https:\/\/president-ksgov.net\/en\/wp-json\/wp\/v2\/posts"}],"about":[{"href":"https:\/\/president-ksgov.net\/en\/wp-json\/wp\/v2\/types\/post"}],"author":[{"embeddable":true,"href":"https:\/\/president-ksgov.net\/en\/wp-json\/wp\/v2\/users\/1"}],"replies":[{"embeddable":true,"href":"https:\/\/president-ksgov.net\/en\/wp-json\/wp\/v2\/comments?post=73025"}],"version-history":[{"count":0,"href":"https:\/\/president-ksgov.net\/en\/wp-json\/wp\/v2\/posts\/73025\/revisions"}],"wp:featuredmedia":[{"embeddable":true,"href":"https:\/\/president-ksgov.net\/en\/wp-json\/wp\/v2\/media\/86338"}],"wp:attachment":[{"href":"https:\/\/president-ksgov.net\/en\/wp-json\/wp\/v2\/media?parent=73025"}],"wp:term":[{"taxonomy":"category","embeddable":true,"href":"https:\/\/president-ksgov.net\/en\/wp-json\/wp\/v2\/categories?post=73025"},{"taxonomy":"post_tag","embeddable":true,"href":"https:\/\/president-ksgov.net\/en\/wp-json\/wp\/v2\/tags?post=73025"}],"curies":[{"name":"wp","href":"https:\/\/api.w.org\/{rel}","templated":true}]}}