{"id":72851,"date":"2010-02-18T15:05:13","date_gmt":"2010-02-18T15:05:13","guid":{"rendered":"https:\/\/dev.president-ksgov.net\/president-sejdiu-meets-the-swedish-minister-of-foreign-affairs-carl-bildt\/"},"modified":"2023-03-07T11:34:03","modified_gmt":"2023-03-07T11:34:03","slug":"president-sejdiu-meets-the-swedish-minister-of-foreign-affairs-carl-bildt","status":"publish","type":"post","link":"https:\/\/president-ksgov.net\/en\/president-sejdiu-meets-the-swedish-minister-of-foreign-affairs-carl-bildt\/","title":{"rendered":"President Sejdiu meets the Swedish Minister of Foreign Affairs, Carl Bildt"},"content":{"rendered":"<p>The President of Republic of Kosovo, Dr. Fatmir Sejdiu met today in Zagreb the Minister of Foreign Affairs of Sweden Karl Bildt, at a meeting which discussed current developments in Kosovo, which, as it was stated at the meeting, are bearing fruit, especially when it comes to the implementation of President Ahtisaari&#8217;s Plan.<\/p>\n<p>Speaking of latest developments in Kosovo, President Sejdiu mentioned, inter alia, the first municipal elections that were organized by local institutions and, in this regard, the participation of Serbs in these elections and the creation of new municipalities, as an important step that the Serbian community has made in deciding for their own future.<br \/>\n\u00a0<br \/>\nFurther on, President Sejdiu thanked the Foreign Minister Bildt for the support that the Government of Sweden has and is still providing in terms of projects in various fields and in terms of their presence within KFOR and EULEX.<br \/>\n\u00a0<br \/>\nThe meeting also discussed ways to do more to have Kosovo citizens, as well as those of Albania and Bosnia and Herzegovina, benefit from the visa liberalization process.<br \/>\n\u00a0<br \/>\nIn the course of today&#8217;s proceedings in Zagreb, President Sejdiu had an array of meetings with leaders and officials of different countries who attended the swearing-in ceremony staged for the Croatian President-elect Ivo Josipovi\u0107.<\/p>\n","protected":false},"excerpt":{"rendered":"<p>The President of Republic of Kosovo, Dr. Fatmir Sejdiu met today in Zagreb the Minister of Foreign Affairs of Sweden Karl Bildt, at a meeting which discussed current developments in Kosovo, which, as it was stated at the meeting, are bearing fruit, especially when it comes to the implementation of President Ahtisaari&#8217;s Plan.<\/p>\n","protected":false},"author":1,"featured_media":86338,"comment_status":"open","ping_status":"closed","sticky":false,"template":"","format":"standard","meta":{"_eb_attr":"","footnotes":""},"categories":[111],"tags":[],"class_list":["post-72851","post","type-post","status-publish","format-standard","has-post-thumbnail","hentry","category-news"],"yoast_head":"<!-- This site is optimized with the Yoast SEO plugin v23.5 - https:\/\/yoast.com\/wordpress\/plugins\/seo\/ -->\n<title>President Sejdiu meets the Swedish Minister of Foreign Affairs, Carl Bildt - President of the Republic of Kosovo - DR. VJOSA OSMANI - SADRIU<\/title>\n<meta name=\"description\" content=\"President Sejdiu meets the Swedish Minister of Foreign Affairs, Carl Bildt - President of the Republic of Kosovo - DR. VJOSA OSMANI - SADRIU -\" \/>\n<meta name=\"robots\" content=\"index, follow, max-snippet:-1, max-image-preview:large, max-video-preview:-1\" \/>\n<link rel=\"canonical\" href=\"https:\/\/president-ksgov.net\/president-sejdiu-meets-the-swedish-minister-of-foreign-affairs-carl-bildt\/\" \/>\n<meta property=\"og:locale\" content=\"en_US\" \/>\n<meta property=\"og:type\" content=\"article\" \/>\n<meta property=\"og:title\" content=\"President Sejdiu meets the Swedish Minister of Foreign Affairs, Carl Bildt - President of the Republic of Kosovo - DR. VJOSA OSMANI - SADRIU\" \/>\n<meta property=\"og:description\" content=\"President Sejdiu meets the Swedish Minister of Foreign Affairs, Carl Bildt - President of the Republic of Kosovo - DR. VJOSA OSMANI - SADRIU -\" \/>\n<meta property=\"og:url\" content=\"https:\/\/president-ksgov.net\/president-sejdiu-meets-the-swedish-minister-of-foreign-affairs-carl-bildt\/\" \/>\n<meta property=\"og:site_name\" content=\"President of the Republic of Kosovo - DR. VJOSA OSMANI - SADRIU\" \/>\n<meta property=\"article:published_time\" content=\"2010-02-18T15:05:13+00:00\" \/>\n<meta property=\"article:modified_time\" content=\"2023-03-07T11:34:03+00:00\" \/>\n<meta property=\"og:image\" content=\"https:\/\/president-ksgov.net\/wp-content\/uploads\/Zyra-e-Presidentes-Featured-Image1-e1678970937938.png\" \/>\n\t<meta property=\"og:image:width\" content=\"1024\" \/>\n\t<meta property=\"og:image:height\" content=\"716\" \/>\n\t<meta property=\"og:image:type\" content=\"image\/png\" \/>\n<meta name=\"author\" content=\"admin\" \/>\n<meta name=\"twitter:card\" content=\"summary_large_image\" \/>\n<meta name=\"twitter:label1\" content=\"Written by\" \/>\n\t<meta name=\"twitter:data1\" content=\"admin\" \/>\n\t<meta name=\"twitter:label2\" content=\"Est. reading time\" \/>\n\t<meta name=\"twitter:data2\" content=\"1 minute\" \/>\n<script type=\"application\/ld+json\" class=\"yoast-schema-graph\">{\"@context\":\"https:\/\/schema.org\",\"@graph\":[{\"@type\":\"WebPage\",\"@id\":\"https:\/\/president-ksgov.net\/president-sejdiu-meets-the-swedish-minister-of-foreign-affairs-carl-bildt\/\",\"url\":\"https:\/\/president-ksgov.net\/president-sejdiu-meets-the-swedish-minister-of-foreign-affairs-carl-bildt\/\",\"name\":\"President Sejdiu meets the Swedish Minister of Foreign Affairs, Carl Bildt - President of the Republic of Kosovo - DR. VJOSA OSMANI - SADRIU\",\"isPartOf\":{\"@id\":\"https:\/\/president-ksgov.net\/#website\"},\"primaryImageOfPage\":{\"@id\":\"https:\/\/president-ksgov.net\/president-sejdiu-meets-the-swedish-minister-of-foreign-affairs-carl-bildt\/#primaryimage\"},\"image\":{\"@id\":\"https:\/\/president-ksgov.net\/president-sejdiu-meets-the-swedish-minister-of-foreign-affairs-carl-bildt\/#primaryimage\"},\"thumbnailUrl\":\"https:\/\/president-ksgov.net\/wp-content\/uploads\/Zyra-e-Presidentes-Featured-Image1-e1678970937938.png\",\"datePublished\":\"2010-02-18T15:05:13+00:00\",\"dateModified\":\"2023-03-07T11:34:03+00:00\",\"author\":{\"@id\":\"https:\/\/president-ksgov.net\/#\/schema\/person\/bb4337a5fb147cb2046d80548172cbee\"},\"description\":\"President Sejdiu meets the Swedish Minister of Foreign Affairs, Carl Bildt - President of the Republic of Kosovo - DR. VJOSA OSMANI - SADRIU -\",\"breadcrumb\":{\"@id\":\"https:\/\/president-ksgov.net\/president-sejdiu-meets-the-swedish-minister-of-foreign-affairs-carl-bildt\/#breadcrumb\"},\"inLanguage\":\"en-US\",\"potentialAction\":[{\"@type\":\"ReadAction\",\"target\":[\"https:\/\/president-ksgov.net\/president-sejdiu-meets-the-swedish-minister-of-foreign-affairs-carl-bildt\/\"]}]},{\"@type\":\"ImageObject\",\"inLanguage\":\"en-US\",\"@id\":\"https:\/\/president-ksgov.net\/president-sejdiu-meets-the-swedish-minister-of-foreign-affairs-carl-bildt\/#primaryimage\",\"url\":\"https:\/\/president-ksgov.net\/wp-content\/uploads\/Zyra-e-Presidentes-Featured-Image1-e1678970937938.png\",\"contentUrl\":\"https:\/\/president-ksgov.net\/wp-content\/uploads\/Zyra-e-Presidentes-Featured-Image1-e1678970937938.png\",\"width\":1024,\"height\":716},{\"@type\":\"BreadcrumbList\",\"@id\":\"https:\/\/president-ksgov.net\/president-sejdiu-meets-the-swedish-minister-of-foreign-affairs-carl-bildt\/#breadcrumb\",\"itemListElement\":[{\"@type\":\"ListItem\",\"position\":1,\"name\":\"Home\",\"item\":\"https:\/\/president-ksgov.net\/en\/\"},{\"@type\":\"ListItem\",\"position\":2,\"name\":\"President Sejdiu meets the Swedish Minister of Foreign Affairs, Carl Bildt\"}]},{\"@type\":\"WebSite\",\"@id\":\"https:\/\/president-ksgov.net\/#website\",\"url\":\"https:\/\/president-ksgov.net\/\",\"name\":\"Presidente e Republik\u00ebs s\u00eb Kosov\u00ebs\",\"description\":\"Presidente e Republik\u00ebs s\u00eb Kosov\u00ebs\",\"alternateName\":\"DR. VJOSA OSMANI - SADRIU\",\"potentialAction\":[{\"@type\":\"SearchAction\",\"target\":{\"@type\":\"EntryPoint\",\"urlTemplate\":\"https:\/\/president-ksgov.net\/?s={search_term_string}\"},\"query-input\":{\"@type\":\"PropertyValueSpecification\",\"valueRequired\":true,\"valueName\":\"search_term_string\"}}],\"inLanguage\":\"en-US\"},{\"@type\":\"Person\",\"@id\":\"https:\/\/president-ksgov.net\/#\/schema\/person\/bb4337a5fb147cb2046d80548172cbee\",\"name\":\"admin\",\"image\":{\"@type\":\"ImageObject\",\"inLanguage\":\"en-US\",\"@id\":\"https:\/\/president-ksgov.net\/#\/schema\/person\/image\/\",\"url\":\"https:\/\/secure.gravatar.com\/avatar\/36156ca0fa3b8d9d25174f146e16beea0cf28f37adf1b9e19b6c9c279a7c9dd3?s=96&d=mm&r=g\",\"contentUrl\":\"https:\/\/secure.gravatar.com\/avatar\/36156ca0fa3b8d9d25174f146e16beea0cf28f37adf1b9e19b6c9c279a7c9dd3?s=96&d=mm&r=g\",\"caption\":\"admin\"},\"sameAs\":[\"https:\/\/president-ksgov.net\"]}]}<\/script>\n<!-- \/ Yoast SEO plugin. -->","yoast_head_json":{"title":"President Sejdiu meets the Swedish Minister of Foreign Affairs, Carl Bildt - President of the Republic of Kosovo - DR. VJOSA OSMANI - SADRIU","description":"President Sejdiu meets the Swedish Minister of Foreign Affairs, Carl Bildt - President of the Republic of Kosovo - DR. VJOSA OSMANI - SADRIU -","robots":{"index":"index","follow":"follow","max-snippet":"max-snippet:-1","max-image-preview":"max-image-preview:large","max-video-preview":"max-video-preview:-1"},"canonical":"https:\/\/president-ksgov.net\/president-sejdiu-meets-the-swedish-minister-of-foreign-affairs-carl-bildt\/","og_locale":"en_US","og_type":"article","og_title":"President Sejdiu meets the Swedish Minister of Foreign Affairs, Carl Bildt - President of the Republic of Kosovo - DR. VJOSA OSMANI - SADRIU","og_description":"President Sejdiu meets the Swedish Minister of Foreign Affairs, Carl Bildt - President of the Republic of Kosovo - DR. VJOSA OSMANI - SADRIU -","og_url":"https:\/\/president-ksgov.net\/president-sejdiu-meets-the-swedish-minister-of-foreign-affairs-carl-bildt\/","og_site_name":"President of the Republic of Kosovo - DR. VJOSA OSMANI - SADRIU","article_published_time":"2010-02-18T15:05:13+00:00","article_modified_time":"2023-03-07T11:34:03+00:00","og_image":[{"width":1024,"height":716,"url":"https:\/\/president-ksgov.net\/wp-content\/uploads\/Zyra-e-Presidentes-Featured-Image1-e1678970937938.png","type":"image\/png"}],"author":"admin","twitter_card":"summary_large_image","twitter_misc":{"Written by":"admin","Est. reading time":"1 minute"},"schema":{"@context":"https:\/\/schema.org","@graph":[{"@type":"WebPage","@id":"https:\/\/president-ksgov.net\/president-sejdiu-meets-the-swedish-minister-of-foreign-affairs-carl-bildt\/","url":"https:\/\/president-ksgov.net\/president-sejdiu-meets-the-swedish-minister-of-foreign-affairs-carl-bildt\/","name":"President Sejdiu meets the Swedish Minister of Foreign Affairs, Carl Bildt - President of the Republic of Kosovo - DR. VJOSA OSMANI - SADRIU","isPartOf":{"@id":"https:\/\/president-ksgov.net\/#website"},"primaryImageOfPage":{"@id":"https:\/\/president-ksgov.net\/president-sejdiu-meets-the-swedish-minister-of-foreign-affairs-carl-bildt\/#primaryimage"},"image":{"@id":"https:\/\/president-ksgov.net\/president-sejdiu-meets-the-swedish-minister-of-foreign-affairs-carl-bildt\/#primaryimage"},"thumbnailUrl":"https:\/\/president-ksgov.net\/wp-content\/uploads\/Zyra-e-Presidentes-Featured-Image1-e1678970937938.png","datePublished":"2010-02-18T15:05:13+00:00","dateModified":"2023-03-07T11:34:03+00:00","author":{"@id":"https:\/\/president-ksgov.net\/#\/schema\/person\/bb4337a5fb147cb2046d80548172cbee"},"description":"President Sejdiu meets the Swedish Minister of Foreign Affairs, Carl Bildt - President of the Republic of Kosovo - DR. VJOSA OSMANI - SADRIU -","breadcrumb":{"@id":"https:\/\/president-ksgov.net\/president-sejdiu-meets-the-swedish-minister-of-foreign-affairs-carl-bildt\/#breadcrumb"},"inLanguage":"en-US","potentialAction":[{"@type":"ReadAction","target":["https:\/\/president-ksgov.net\/president-sejdiu-meets-the-swedish-minister-of-foreign-affairs-carl-bildt\/"]}]},{"@type":"ImageObject","inLanguage":"en-US","@id":"https:\/\/president-ksgov.net\/president-sejdiu-meets-the-swedish-minister-of-foreign-affairs-carl-bildt\/#primaryimage","url":"https:\/\/president-ksgov.net\/wp-content\/uploads\/Zyra-e-Presidentes-Featured-Image1-e1678970937938.png","contentUrl":"https:\/\/president-ksgov.net\/wp-content\/uploads\/Zyra-e-Presidentes-Featured-Image1-e1678970937938.png","width":1024,"height":716},{"@type":"BreadcrumbList","@id":"https:\/\/president-ksgov.net\/president-sejdiu-meets-the-swedish-minister-of-foreign-affairs-carl-bildt\/#breadcrumb","itemListElement":[{"@type":"ListItem","position":1,"name":"Home","item":"https:\/\/president-ksgov.net\/en\/"},{"@type":"ListItem","position":2,"name":"President Sejdiu meets the Swedish Minister of Foreign Affairs, Carl Bildt"}]},{"@type":"WebSite","@id":"https:\/\/president-ksgov.net\/#website","url":"https:\/\/president-ksgov.net\/","name":"Presidente e Republik\u00ebs s\u00eb Kosov\u00ebs","description":"Presidente e Republik\u00ebs s\u00eb Kosov\u00ebs","alternateName":"DR. VJOSA OSMANI - SADRIU","potentialAction":[{"@type":"SearchAction","target":{"@type":"EntryPoint","urlTemplate":"https:\/\/president-ksgov.net\/?s={search_term_string}"},"query-input":{"@type":"PropertyValueSpecification","valueRequired":true,"valueName":"search_term_string"}}],"inLanguage":"en-US"},{"@type":"Person","@id":"https:\/\/president-ksgov.net\/#\/schema\/person\/bb4337a5fb147cb2046d80548172cbee","name":"admin","image":{"@type":"ImageObject","inLanguage":"en-US","@id":"https:\/\/president-ksgov.net\/#\/schema\/person\/image\/","url":"https:\/\/secure.gravatar.com\/avatar\/36156ca0fa3b8d9d25174f146e16beea0cf28f37adf1b9e19b6c9c279a7c9dd3?s=96&d=mm&r=g","contentUrl":"https:\/\/secure.gravatar.com\/avatar\/36156ca0fa3b8d9d25174f146e16beea0cf28f37adf1b9e19b6c9c279a7c9dd3?s=96&d=mm&r=g","caption":"admin"},"sameAs":["https:\/\/president-ksgov.net"]}]}},"_links":{"self":[{"href":"https:\/\/president-ksgov.net\/en\/wp-json\/wp\/v2\/posts\/72851","targetHints":{"allow":["GET"]}}],"collection":[{"href":"https:\/\/president-ksgov.net\/en\/wp-json\/wp\/v2\/posts"}],"about":[{"href":"https:\/\/president-ksgov.net\/en\/wp-json\/wp\/v2\/types\/post"}],"author":[{"embeddable":true,"href":"https:\/\/president-ksgov.net\/en\/wp-json\/wp\/v2\/users\/1"}],"replies":[{"embeddable":true,"href":"https:\/\/president-ksgov.net\/en\/wp-json\/wp\/v2\/comments?post=72851"}],"version-history":[{"count":0,"href":"https:\/\/president-ksgov.net\/en\/wp-json\/wp\/v2\/posts\/72851\/revisions"}],"wp:featuredmedia":[{"embeddable":true,"href":"https:\/\/president-ksgov.net\/en\/wp-json\/wp\/v2\/media\/86338"}],"wp:attachment":[{"href":"https:\/\/president-ksgov.net\/en\/wp-json\/wp\/v2\/media?parent=72851"}],"wp:term":[{"taxonomy":"category","embeddable":true,"href":"https:\/\/president-ksgov.net\/en\/wp-json\/wp\/v2\/categories?post=72851"},{"taxonomy":"post_tag","embeddable":true,"href":"https:\/\/president-ksgov.net\/en\/wp-json\/wp\/v2\/tags?post=72851"}],"curies":[{"name":"wp","href":"https:\/\/api.w.org\/{rel}","templated":true}]}}