{"id":72848,"date":"2010-02-18T16:16:10","date_gmt":"2010-02-18T16:16:10","guid":{"rendered":"https:\/\/dev.president-ksgov.net\/president-sejdiu-meets-president-of-slovenia-danilo-turk\/"},"modified":"2023-03-07T11:34:03","modified_gmt":"2023-03-07T11:34:03","slug":"president-sejdiu-meets-president-of-slovenia-danilo-turk","status":"publish","type":"post","link":"https:\/\/president-ksgov.net\/en\/president-sejdiu-meets-president-of-slovenia-danilo-turk\/","title":{"rendered":"President Sejdiu meets President of Slovenia, Danilo T\u00fcrk"},"content":{"rendered":"<p>Zagreb, February 18. The President of Republic of Kosovo, Dr. Fatmir Sejdiu met today with the President of Republic of Slovenia, Danilo T\u00fcrk, with whom he discussed ways to strengthen cooperation between the two countries and support that this country can provide to Kosovo in the process of its integration into the Euro-Atlantic institutions.<\/p>\n<p>&#8220;Republic of Kosovo is committed to meeting the necessary requirements for integration into the European Union and NATO, and Slovenia is a good example of how these requirements can be met&#8221;, President Sejdiu emphasized.<\/p>\n<p>\u00a0<br \/>\nIn addition to this, President Sejdiu reaffirmed that Slovenia and Kosovo maintain very good relations, so that all the conditions are ripe to boost and intensify the mutual cooperation in all fields of life.<\/p>\n<p>\u00a0<br \/>\nOn the other hand, the Slovenian President Danilo T\u00fcrk assured President Sejdiu that his country will continue to support Kosovo and its aspirations for integration into the Euro-Atlantic community. He also said that Slovenia will foster economic cooperation between the two countries, by encouraging Slovenian businesses to keep on investing in Kosovo.<\/p>\n<p>\u00a0<br \/>\nPresident T\u00fcrk also said that his country will engage in ensuring that Kosovo is also included in the visa liberalization process.<\/p>\n","protected":false},"excerpt":{"rendered":"<p>Zagreb, February 18. The President of Republic of Kosovo, Dr. Fatmir Sejdiu met today with the President of Republic of Slovenia, Danilo T\u00fcrk, with whom he discussed ways to strengthen cooperation between the two countries and support that this country can provide to Kosovo in the process of its integration into the Euro-Atlantic institutions.<\/p>\n","protected":false},"author":1,"featured_media":86338,"comment_status":"open","ping_status":"closed","sticky":false,"template":"","format":"standard","meta":{"_eb_attr":"","footnotes":""},"categories":[111],"tags":[],"class_list":["post-72848","post","type-post","status-publish","format-standard","has-post-thumbnail","hentry","category-news"],"yoast_head":"<!-- This site is optimized with the Yoast SEO plugin v23.5 - https:\/\/yoast.com\/wordpress\/plugins\/seo\/ -->\n<title>President Sejdiu meets President of Slovenia, Danilo T\u00fcrk - President of the Republic of Kosovo - DR. VJOSA OSMANI - SADRIU<\/title>\n<meta name=\"description\" content=\"President Sejdiu meets President of Slovenia, Danilo T\u00fcrk - President of the Republic of Kosovo - DR. VJOSA OSMANI - SADRIU -\" \/>\n<meta name=\"robots\" content=\"index, follow, max-snippet:-1, max-image-preview:large, max-video-preview:-1\" \/>\n<link rel=\"canonical\" href=\"https:\/\/president-ksgov.net\/president-sejdiu-meets-president-of-slovenia-danilo-turk\/\" \/>\n<meta property=\"og:locale\" content=\"en_US\" \/>\n<meta property=\"og:type\" content=\"article\" \/>\n<meta property=\"og:title\" content=\"President Sejdiu meets President of Slovenia, Danilo T\u00fcrk - President of the Republic of Kosovo - DR. VJOSA OSMANI - SADRIU\" \/>\n<meta property=\"og:description\" content=\"President Sejdiu meets President of Slovenia, Danilo T\u00fcrk - President of the Republic of Kosovo - DR. VJOSA OSMANI - SADRIU -\" \/>\n<meta property=\"og:url\" content=\"https:\/\/president-ksgov.net\/president-sejdiu-meets-president-of-slovenia-danilo-turk\/\" \/>\n<meta property=\"og:site_name\" content=\"President of the Republic of Kosovo - DR. VJOSA OSMANI - SADRIU\" \/>\n<meta property=\"article:published_time\" content=\"2010-02-18T16:16:10+00:00\" \/>\n<meta property=\"article:modified_time\" content=\"2023-03-07T11:34:03+00:00\" \/>\n<meta property=\"og:image\" content=\"https:\/\/president-ksgov.net\/wp-content\/uploads\/Zyra-e-Presidentes-Featured-Image1-e1678970937938.png\" \/>\n\t<meta property=\"og:image:width\" content=\"1024\" \/>\n\t<meta property=\"og:image:height\" content=\"716\" \/>\n\t<meta property=\"og:image:type\" content=\"image\/png\" \/>\n<meta name=\"author\" content=\"admin\" \/>\n<meta name=\"twitter:card\" content=\"summary_large_image\" \/>\n<meta name=\"twitter:label1\" content=\"Written by\" \/>\n\t<meta name=\"twitter:data1\" content=\"admin\" \/>\n\t<meta name=\"twitter:label2\" content=\"Est. reading time\" \/>\n\t<meta name=\"twitter:data2\" content=\"1 minute\" \/>\n<script type=\"application\/ld+json\" class=\"yoast-schema-graph\">{\"@context\":\"https:\/\/schema.org\",\"@graph\":[{\"@type\":\"WebPage\",\"@id\":\"https:\/\/president-ksgov.net\/president-sejdiu-meets-president-of-slovenia-danilo-turk\/\",\"url\":\"https:\/\/president-ksgov.net\/president-sejdiu-meets-president-of-slovenia-danilo-turk\/\",\"name\":\"President Sejdiu meets President of Slovenia, Danilo T\u00fcrk - President of the Republic of Kosovo - DR. VJOSA OSMANI - SADRIU\",\"isPartOf\":{\"@id\":\"https:\/\/president-ksgov.net\/#website\"},\"primaryImageOfPage\":{\"@id\":\"https:\/\/president-ksgov.net\/president-sejdiu-meets-president-of-slovenia-danilo-turk\/#primaryimage\"},\"image\":{\"@id\":\"https:\/\/president-ksgov.net\/president-sejdiu-meets-president-of-slovenia-danilo-turk\/#primaryimage\"},\"thumbnailUrl\":\"https:\/\/president-ksgov.net\/wp-content\/uploads\/Zyra-e-Presidentes-Featured-Image1-e1678970937938.png\",\"datePublished\":\"2010-02-18T16:16:10+00:00\",\"dateModified\":\"2023-03-07T11:34:03+00:00\",\"author\":{\"@id\":\"https:\/\/president-ksgov.net\/#\/schema\/person\/bb4337a5fb147cb2046d80548172cbee\"},\"description\":\"President Sejdiu meets President of Slovenia, Danilo T\u00fcrk - President of the Republic of Kosovo - DR. VJOSA OSMANI - SADRIU -\",\"breadcrumb\":{\"@id\":\"https:\/\/president-ksgov.net\/president-sejdiu-meets-president-of-slovenia-danilo-turk\/#breadcrumb\"},\"inLanguage\":\"en-US\",\"potentialAction\":[{\"@type\":\"ReadAction\",\"target\":[\"https:\/\/president-ksgov.net\/president-sejdiu-meets-president-of-slovenia-danilo-turk\/\"]}]},{\"@type\":\"ImageObject\",\"inLanguage\":\"en-US\",\"@id\":\"https:\/\/president-ksgov.net\/president-sejdiu-meets-president-of-slovenia-danilo-turk\/#primaryimage\",\"url\":\"https:\/\/president-ksgov.net\/wp-content\/uploads\/Zyra-e-Presidentes-Featured-Image1-e1678970937938.png\",\"contentUrl\":\"https:\/\/president-ksgov.net\/wp-content\/uploads\/Zyra-e-Presidentes-Featured-Image1-e1678970937938.png\",\"width\":1024,\"height\":716},{\"@type\":\"BreadcrumbList\",\"@id\":\"https:\/\/president-ksgov.net\/president-sejdiu-meets-president-of-slovenia-danilo-turk\/#breadcrumb\",\"itemListElement\":[{\"@type\":\"ListItem\",\"position\":1,\"name\":\"Home\",\"item\":\"https:\/\/president-ksgov.net\/en\/\"},{\"@type\":\"ListItem\",\"position\":2,\"name\":\"President Sejdiu meets President of Slovenia, Danilo T\u00fcrk\"}]},{\"@type\":\"WebSite\",\"@id\":\"https:\/\/president-ksgov.net\/#website\",\"url\":\"https:\/\/president-ksgov.net\/\",\"name\":\"Presidente e Republik\u00ebs s\u00eb Kosov\u00ebs\",\"description\":\"Presidente e Republik\u00ebs s\u00eb Kosov\u00ebs\",\"alternateName\":\"DR. VJOSA OSMANI - SADRIU\",\"potentialAction\":[{\"@type\":\"SearchAction\",\"target\":{\"@type\":\"EntryPoint\",\"urlTemplate\":\"https:\/\/president-ksgov.net\/?s={search_term_string}\"},\"query-input\":{\"@type\":\"PropertyValueSpecification\",\"valueRequired\":true,\"valueName\":\"search_term_string\"}}],\"inLanguage\":\"en-US\"},{\"@type\":\"Person\",\"@id\":\"https:\/\/president-ksgov.net\/#\/schema\/person\/bb4337a5fb147cb2046d80548172cbee\",\"name\":\"admin\",\"image\":{\"@type\":\"ImageObject\",\"inLanguage\":\"en-US\",\"@id\":\"https:\/\/president-ksgov.net\/#\/schema\/person\/image\/\",\"url\":\"https:\/\/secure.gravatar.com\/avatar\/36156ca0fa3b8d9d25174f146e16beea0cf28f37adf1b9e19b6c9c279a7c9dd3?s=96&d=mm&r=g\",\"contentUrl\":\"https:\/\/secure.gravatar.com\/avatar\/36156ca0fa3b8d9d25174f146e16beea0cf28f37adf1b9e19b6c9c279a7c9dd3?s=96&d=mm&r=g\",\"caption\":\"admin\"},\"sameAs\":[\"https:\/\/president-ksgov.net\"]}]}<\/script>\n<!-- \/ Yoast SEO plugin. -->","yoast_head_json":{"title":"President Sejdiu meets President of Slovenia, Danilo T\u00fcrk - President of the Republic of Kosovo - DR. VJOSA OSMANI - SADRIU","description":"President Sejdiu meets President of Slovenia, Danilo T\u00fcrk - President of the Republic of Kosovo - DR. VJOSA OSMANI - SADRIU -","robots":{"index":"index","follow":"follow","max-snippet":"max-snippet:-1","max-image-preview":"max-image-preview:large","max-video-preview":"max-video-preview:-1"},"canonical":"https:\/\/president-ksgov.net\/president-sejdiu-meets-president-of-slovenia-danilo-turk\/","og_locale":"en_US","og_type":"article","og_title":"President Sejdiu meets President of Slovenia, Danilo T\u00fcrk - President of the Republic of Kosovo - DR. VJOSA OSMANI - SADRIU","og_description":"President Sejdiu meets President of Slovenia, Danilo T\u00fcrk - President of the Republic of Kosovo - DR. VJOSA OSMANI - SADRIU -","og_url":"https:\/\/president-ksgov.net\/president-sejdiu-meets-president-of-slovenia-danilo-turk\/","og_site_name":"President of the Republic of Kosovo - DR. VJOSA OSMANI - SADRIU","article_published_time":"2010-02-18T16:16:10+00:00","article_modified_time":"2023-03-07T11:34:03+00:00","og_image":[{"width":1024,"height":716,"url":"https:\/\/president-ksgov.net\/wp-content\/uploads\/Zyra-e-Presidentes-Featured-Image1-e1678970937938.png","type":"image\/png"}],"author":"admin","twitter_card":"summary_large_image","twitter_misc":{"Written by":"admin","Est. reading time":"1 minute"},"schema":{"@context":"https:\/\/schema.org","@graph":[{"@type":"WebPage","@id":"https:\/\/president-ksgov.net\/president-sejdiu-meets-president-of-slovenia-danilo-turk\/","url":"https:\/\/president-ksgov.net\/president-sejdiu-meets-president-of-slovenia-danilo-turk\/","name":"President Sejdiu meets President of Slovenia, Danilo T\u00fcrk - President of the Republic of Kosovo - DR. VJOSA OSMANI - SADRIU","isPartOf":{"@id":"https:\/\/president-ksgov.net\/#website"},"primaryImageOfPage":{"@id":"https:\/\/president-ksgov.net\/president-sejdiu-meets-president-of-slovenia-danilo-turk\/#primaryimage"},"image":{"@id":"https:\/\/president-ksgov.net\/president-sejdiu-meets-president-of-slovenia-danilo-turk\/#primaryimage"},"thumbnailUrl":"https:\/\/president-ksgov.net\/wp-content\/uploads\/Zyra-e-Presidentes-Featured-Image1-e1678970937938.png","datePublished":"2010-02-18T16:16:10+00:00","dateModified":"2023-03-07T11:34:03+00:00","author":{"@id":"https:\/\/president-ksgov.net\/#\/schema\/person\/bb4337a5fb147cb2046d80548172cbee"},"description":"President Sejdiu meets President of Slovenia, Danilo T\u00fcrk - President of the Republic of Kosovo - DR. VJOSA OSMANI - SADRIU -","breadcrumb":{"@id":"https:\/\/president-ksgov.net\/president-sejdiu-meets-president-of-slovenia-danilo-turk\/#breadcrumb"},"inLanguage":"en-US","potentialAction":[{"@type":"ReadAction","target":["https:\/\/president-ksgov.net\/president-sejdiu-meets-president-of-slovenia-danilo-turk\/"]}]},{"@type":"ImageObject","inLanguage":"en-US","@id":"https:\/\/president-ksgov.net\/president-sejdiu-meets-president-of-slovenia-danilo-turk\/#primaryimage","url":"https:\/\/president-ksgov.net\/wp-content\/uploads\/Zyra-e-Presidentes-Featured-Image1-e1678970937938.png","contentUrl":"https:\/\/president-ksgov.net\/wp-content\/uploads\/Zyra-e-Presidentes-Featured-Image1-e1678970937938.png","width":1024,"height":716},{"@type":"BreadcrumbList","@id":"https:\/\/president-ksgov.net\/president-sejdiu-meets-president-of-slovenia-danilo-turk\/#breadcrumb","itemListElement":[{"@type":"ListItem","position":1,"name":"Home","item":"https:\/\/president-ksgov.net\/en\/"},{"@type":"ListItem","position":2,"name":"President Sejdiu meets President of Slovenia, Danilo T\u00fcrk"}]},{"@type":"WebSite","@id":"https:\/\/president-ksgov.net\/#website","url":"https:\/\/president-ksgov.net\/","name":"Presidente e Republik\u00ebs s\u00eb Kosov\u00ebs","description":"Presidente e Republik\u00ebs s\u00eb Kosov\u00ebs","alternateName":"DR. VJOSA OSMANI - SADRIU","potentialAction":[{"@type":"SearchAction","target":{"@type":"EntryPoint","urlTemplate":"https:\/\/president-ksgov.net\/?s={search_term_string}"},"query-input":{"@type":"PropertyValueSpecification","valueRequired":true,"valueName":"search_term_string"}}],"inLanguage":"en-US"},{"@type":"Person","@id":"https:\/\/president-ksgov.net\/#\/schema\/person\/bb4337a5fb147cb2046d80548172cbee","name":"admin","image":{"@type":"ImageObject","inLanguage":"en-US","@id":"https:\/\/president-ksgov.net\/#\/schema\/person\/image\/","url":"https:\/\/secure.gravatar.com\/avatar\/36156ca0fa3b8d9d25174f146e16beea0cf28f37adf1b9e19b6c9c279a7c9dd3?s=96&d=mm&r=g","contentUrl":"https:\/\/secure.gravatar.com\/avatar\/36156ca0fa3b8d9d25174f146e16beea0cf28f37adf1b9e19b6c9c279a7c9dd3?s=96&d=mm&r=g","caption":"admin"},"sameAs":["https:\/\/president-ksgov.net"]}]}},"_links":{"self":[{"href":"https:\/\/president-ksgov.net\/en\/wp-json\/wp\/v2\/posts\/72848","targetHints":{"allow":["GET"]}}],"collection":[{"href":"https:\/\/president-ksgov.net\/en\/wp-json\/wp\/v2\/posts"}],"about":[{"href":"https:\/\/president-ksgov.net\/en\/wp-json\/wp\/v2\/types\/post"}],"author":[{"embeddable":true,"href":"https:\/\/president-ksgov.net\/en\/wp-json\/wp\/v2\/users\/1"}],"replies":[{"embeddable":true,"href":"https:\/\/president-ksgov.net\/en\/wp-json\/wp\/v2\/comments?post=72848"}],"version-history":[{"count":0,"href":"https:\/\/president-ksgov.net\/en\/wp-json\/wp\/v2\/posts\/72848\/revisions"}],"wp:featuredmedia":[{"embeddable":true,"href":"https:\/\/president-ksgov.net\/en\/wp-json\/wp\/v2\/media\/86338"}],"wp:attachment":[{"href":"https:\/\/president-ksgov.net\/en\/wp-json\/wp\/v2\/media?parent=72848"}],"wp:term":[{"taxonomy":"category","embeddable":true,"href":"https:\/\/president-ksgov.net\/en\/wp-json\/wp\/v2\/categories?post=72848"},{"taxonomy":"post_tag","embeddable":true,"href":"https:\/\/president-ksgov.net\/en\/wp-json\/wp\/v2\/tags?post=72848"}],"curies":[{"name":"wp","href":"https:\/\/api.w.org\/{rel}","templated":true}]}}