{"id":72144,"date":"2011-02-24T13:44:14","date_gmt":"2011-02-24T13:44:14","guid":{"rendered":"https:\/\/dev.president-ksgov.net\/president-pacolli-receives-the-head-of-the-belgium-diplomatic-office-in-kosovo-alan-van-gucht\/"},"modified":"2023-03-07T11:20:29","modified_gmt":"2023-03-07T11:20:29","slug":"president-pacolli-receives-the-head-of-the-belgium-diplomatic-office-in-kosovo-alan-van-gucht","status":"publish","type":"post","link":"https:\/\/president-ksgov.net\/en\/president-pacolli-receives-the-head-of-the-belgium-diplomatic-office-in-kosovo-alan-van-gucht\/","title":{"rendered":"President Pacolli receives the Head of the Belgium Diplomatic Office in Kosovo, Alan Van Gucht"},"content":{"rendered":"<p>The President of the Republic of Kosovo Behgjet Pacolli received today the Head of the Belgium Diplomatic Office in Kosovo, Alan Van Gucht.<\/p>\n<p>Z. Gucht initially congratulated Mr. Pacolli on his election as President of Republic of Kosovo, offering him his and Belgium&#8217;s cooperation.<\/p>\n<p>He pointed out that Belgium has assisted and will maintain its assistance for the Republic of Kosovo, by providing its experience in all fields.<\/p>\n<p>President Behgjet Pacolli thanked Mr. Gucht for the unreserved support that his country has provided to the Republic of Kosovo in all periods, asserting that institutions of our country appreciate and highly praise the assistance and that they are committed to maintaining and expanding cooperation.\u00a0<\/p>\n","protected":false},"excerpt":{"rendered":"<p>The President of the Republic of Kosovo Behgjet Pacolli received today the Head of the Belgium Diplomatic Office in Kosovo, Alan Van Gucht.<\/p>\n","protected":false},"author":1,"featured_media":62321,"comment_status":"open","ping_status":"closed","sticky":false,"template":"","format":"standard","meta":{"_eb_attr":"","footnotes":""},"categories":[111],"tags":[],"class_list":["post-72144","post","type-post","status-publish","format-standard","has-post-thumbnail","hentry","category-news"],"yoast_head":"<!-- This site is optimized with the Yoast SEO plugin v23.5 - https:\/\/yoast.com\/wordpress\/plugins\/seo\/ -->\n<title>President Pacolli receives the Head of the Belgium Diplomatic Office in Kosovo, Alan Van Gucht - President of the Republic of Kosovo - DR. VJOSA OSMANI - SADRIU<\/title>\n<meta name=\"description\" content=\"President Pacolli receives the Head of the Belgium Diplomatic Office in Kosovo, Alan Van Gucht - President of the Republic of Kosovo - DR. VJOSA OSMANI - SADRIU -\" \/>\n<meta name=\"robots\" content=\"index, follow, max-snippet:-1, max-image-preview:large, max-video-preview:-1\" \/>\n<link rel=\"canonical\" href=\"https:\/\/president-ksgov.net\/presidenti-pacolli-prit-shefin-e-zyres-diplomatik-te-belgjikes-ne-kosove-alan-van-gucht\/\" \/>\n<meta property=\"og:locale\" content=\"en_US\" \/>\n<meta property=\"og:type\" content=\"article\" \/>\n<meta property=\"og:title\" content=\"President Pacolli receives the Head of the Belgium Diplomatic Office in Kosovo, Alan Van Gucht - President of the Republic of Kosovo - DR. VJOSA OSMANI - SADRIU\" \/>\n<meta property=\"og:description\" content=\"President Pacolli receives the Head of the Belgium Diplomatic Office in Kosovo, Alan Van Gucht - President of the Republic of Kosovo - DR. VJOSA OSMANI - SADRIU -\" \/>\n<meta property=\"og:url\" content=\"https:\/\/president-ksgov.net\/presidenti-pacolli-prit-shefin-e-zyres-diplomatik-te-belgjikes-ne-kosove-alan-van-gucht\/\" \/>\n<meta property=\"og:site_name\" content=\"President of the Republic of Kosovo - DR. VJOSA OSMANI - SADRIU\" \/>\n<meta property=\"article:published_time\" content=\"2011-02-24T13:44:14+00:00\" \/>\n<meta property=\"article:modified_time\" content=\"2023-03-07T11:20:29+00:00\" \/>\n<meta property=\"og:image\" content=\"https:\/\/president-ksgov.net\/wp-content\/uploads\/24_02_2011_takime_me_Ambasadorin_e_Belgjikes_1.jpg\" \/>\n\t<meta property=\"og:image:width\" content=\"1000\" \/>\n\t<meta property=\"og:image:height\" content=\"758\" \/>\n\t<meta property=\"og:image:type\" content=\"image\/jpeg\" \/>\n<meta name=\"author\" content=\"admin\" \/>\n<meta name=\"twitter:card\" content=\"summary_large_image\" \/>\n<meta name=\"twitter:label1\" content=\"Written by\" \/>\n\t<meta name=\"twitter:data1\" content=\"admin\" \/>\n\t<meta name=\"twitter:label2\" content=\"Est. reading time\" \/>\n\t<meta name=\"twitter:data2\" content=\"1 minute\" \/>\n<script type=\"application\/ld+json\" class=\"yoast-schema-graph\">{\"@context\":\"https:\/\/schema.org\",\"@graph\":[{\"@type\":\"WebPage\",\"@id\":\"https:\/\/president-ksgov.net\/presidenti-pacolli-prit-shefin-e-zyres-diplomatik-te-belgjikes-ne-kosove-alan-van-gucht\/\",\"url\":\"https:\/\/president-ksgov.net\/presidenti-pacolli-prit-shefin-e-zyres-diplomatik-te-belgjikes-ne-kosove-alan-van-gucht\/\",\"name\":\"President Pacolli receives the Head of the Belgium Diplomatic Office in Kosovo, Alan Van Gucht - President of the Republic of Kosovo - DR. VJOSA OSMANI - SADRIU\",\"isPartOf\":{\"@id\":\"https:\/\/president-ksgov.net\/#website\"},\"primaryImageOfPage\":{\"@id\":\"https:\/\/president-ksgov.net\/presidenti-pacolli-prit-shefin-e-zyres-diplomatik-te-belgjikes-ne-kosove-alan-van-gucht\/#primaryimage\"},\"image\":{\"@id\":\"https:\/\/president-ksgov.net\/presidenti-pacolli-prit-shefin-e-zyres-diplomatik-te-belgjikes-ne-kosove-alan-van-gucht\/#primaryimage\"},\"thumbnailUrl\":\"https:\/\/president-ksgov.net\/wp-content\/uploads\/24_02_2011_takime_me_Ambasadorin_e_Belgjikes_1.jpg\",\"datePublished\":\"2011-02-24T13:44:14+00:00\",\"dateModified\":\"2023-03-07T11:20:29+00:00\",\"author\":{\"@id\":\"https:\/\/president-ksgov.net\/#\/schema\/person\/bb4337a5fb147cb2046d80548172cbee\"},\"description\":\"President Pacolli receives the Head of the Belgium Diplomatic Office in Kosovo, Alan Van Gucht - President of the Republic of Kosovo - DR. VJOSA OSMANI - SADRIU -\",\"breadcrumb\":{\"@id\":\"https:\/\/president-ksgov.net\/presidenti-pacolli-prit-shefin-e-zyres-diplomatik-te-belgjikes-ne-kosove-alan-van-gucht\/#breadcrumb\"},\"inLanguage\":\"en-US\",\"potentialAction\":[{\"@type\":\"ReadAction\",\"target\":[\"https:\/\/president-ksgov.net\/presidenti-pacolli-prit-shefin-e-zyres-diplomatik-te-belgjikes-ne-kosove-alan-van-gucht\/\"]}]},{\"@type\":\"ImageObject\",\"inLanguage\":\"en-US\",\"@id\":\"https:\/\/president-ksgov.net\/presidenti-pacolli-prit-shefin-e-zyres-diplomatik-te-belgjikes-ne-kosove-alan-van-gucht\/#primaryimage\",\"url\":\"https:\/\/president-ksgov.net\/wp-content\/uploads\/24_02_2011_takime_me_Ambasadorin_e_Belgjikes_1.jpg\",\"contentUrl\":\"https:\/\/president-ksgov.net\/wp-content\/uploads\/24_02_2011_takime_me_Ambasadorin_e_Belgjikes_1.jpg\",\"width\":1000,\"height\":758},{\"@type\":\"BreadcrumbList\",\"@id\":\"https:\/\/president-ksgov.net\/presidenti-pacolli-prit-shefin-e-zyres-diplomatik-te-belgjikes-ne-kosove-alan-van-gucht\/#breadcrumb\",\"itemListElement\":[{\"@type\":\"ListItem\",\"position\":1,\"name\":\"Home\",\"item\":\"https:\/\/president-ksgov.net\/en\/\"},{\"@type\":\"ListItem\",\"position\":2,\"name\":\"President Pacolli receives the Head of the Belgium Diplomatic Office in Kosovo, Alan Van Gucht\"}]},{\"@type\":\"WebSite\",\"@id\":\"https:\/\/president-ksgov.net\/#website\",\"url\":\"https:\/\/president-ksgov.net\/\",\"name\":\"Presidente e Republik\u00ebs s\u00eb Kosov\u00ebs\",\"description\":\"Presidente e Republik\u00ebs s\u00eb Kosov\u00ebs\",\"alternateName\":\"DR. VJOSA OSMANI - SADRIU\",\"potentialAction\":[{\"@type\":\"SearchAction\",\"target\":{\"@type\":\"EntryPoint\",\"urlTemplate\":\"https:\/\/president-ksgov.net\/?s={search_term_string}\"},\"query-input\":{\"@type\":\"PropertyValueSpecification\",\"valueRequired\":true,\"valueName\":\"search_term_string\"}}],\"inLanguage\":\"en-US\"},{\"@type\":\"Person\",\"@id\":\"https:\/\/president-ksgov.net\/#\/schema\/person\/bb4337a5fb147cb2046d80548172cbee\",\"name\":\"admin\",\"image\":{\"@type\":\"ImageObject\",\"inLanguage\":\"en-US\",\"@id\":\"https:\/\/president-ksgov.net\/#\/schema\/person\/image\/\",\"url\":\"https:\/\/secure.gravatar.com\/avatar\/36156ca0fa3b8d9d25174f146e16beea0cf28f37adf1b9e19b6c9c279a7c9dd3?s=96&d=mm&r=g\",\"contentUrl\":\"https:\/\/secure.gravatar.com\/avatar\/36156ca0fa3b8d9d25174f146e16beea0cf28f37adf1b9e19b6c9c279a7c9dd3?s=96&d=mm&r=g\",\"caption\":\"admin\"},\"sameAs\":[\"https:\/\/president-ksgov.net\"]}]}<\/script>\n<!-- \/ Yoast SEO plugin. -->","yoast_head_json":{"title":"President Pacolli receives the Head of the Belgium Diplomatic Office in Kosovo, Alan Van Gucht - President of the Republic of Kosovo - DR. VJOSA OSMANI - SADRIU","description":"President Pacolli receives the Head of the Belgium Diplomatic Office in Kosovo, Alan Van Gucht - President of the Republic of Kosovo - DR. VJOSA OSMANI - SADRIU -","robots":{"index":"index","follow":"follow","max-snippet":"max-snippet:-1","max-image-preview":"max-image-preview:large","max-video-preview":"max-video-preview:-1"},"canonical":"https:\/\/president-ksgov.net\/presidenti-pacolli-prit-shefin-e-zyres-diplomatik-te-belgjikes-ne-kosove-alan-van-gucht\/","og_locale":"en_US","og_type":"article","og_title":"President Pacolli receives the Head of the Belgium Diplomatic Office in Kosovo, Alan Van Gucht - President of the Republic of Kosovo - DR. VJOSA OSMANI - SADRIU","og_description":"President Pacolli receives the Head of the Belgium Diplomatic Office in Kosovo, Alan Van Gucht - President of the Republic of Kosovo - DR. VJOSA OSMANI - SADRIU -","og_url":"https:\/\/president-ksgov.net\/presidenti-pacolli-prit-shefin-e-zyres-diplomatik-te-belgjikes-ne-kosove-alan-van-gucht\/","og_site_name":"President of the Republic of Kosovo - DR. VJOSA OSMANI - SADRIU","article_published_time":"2011-02-24T13:44:14+00:00","article_modified_time":"2023-03-07T11:20:29+00:00","og_image":[{"width":1000,"height":758,"url":"https:\/\/president-ksgov.net\/wp-content\/uploads\/24_02_2011_takime_me_Ambasadorin_e_Belgjikes_1.jpg","type":"image\/jpeg"}],"author":"admin","twitter_card":"summary_large_image","twitter_misc":{"Written by":"admin","Est. reading time":"1 minute"},"schema":{"@context":"https:\/\/schema.org","@graph":[{"@type":"WebPage","@id":"https:\/\/president-ksgov.net\/presidenti-pacolli-prit-shefin-e-zyres-diplomatik-te-belgjikes-ne-kosove-alan-van-gucht\/","url":"https:\/\/president-ksgov.net\/presidenti-pacolli-prit-shefin-e-zyres-diplomatik-te-belgjikes-ne-kosove-alan-van-gucht\/","name":"President Pacolli receives the Head of the Belgium Diplomatic Office in Kosovo, Alan Van Gucht - President of the Republic of Kosovo - DR. VJOSA OSMANI - SADRIU","isPartOf":{"@id":"https:\/\/president-ksgov.net\/#website"},"primaryImageOfPage":{"@id":"https:\/\/president-ksgov.net\/presidenti-pacolli-prit-shefin-e-zyres-diplomatik-te-belgjikes-ne-kosove-alan-van-gucht\/#primaryimage"},"image":{"@id":"https:\/\/president-ksgov.net\/presidenti-pacolli-prit-shefin-e-zyres-diplomatik-te-belgjikes-ne-kosove-alan-van-gucht\/#primaryimage"},"thumbnailUrl":"https:\/\/president-ksgov.net\/wp-content\/uploads\/24_02_2011_takime_me_Ambasadorin_e_Belgjikes_1.jpg","datePublished":"2011-02-24T13:44:14+00:00","dateModified":"2023-03-07T11:20:29+00:00","author":{"@id":"https:\/\/president-ksgov.net\/#\/schema\/person\/bb4337a5fb147cb2046d80548172cbee"},"description":"President Pacolli receives the Head of the Belgium Diplomatic Office in Kosovo, Alan Van Gucht - President of the Republic of Kosovo - DR. VJOSA OSMANI - SADRIU -","breadcrumb":{"@id":"https:\/\/president-ksgov.net\/presidenti-pacolli-prit-shefin-e-zyres-diplomatik-te-belgjikes-ne-kosove-alan-van-gucht\/#breadcrumb"},"inLanguage":"en-US","potentialAction":[{"@type":"ReadAction","target":["https:\/\/president-ksgov.net\/presidenti-pacolli-prit-shefin-e-zyres-diplomatik-te-belgjikes-ne-kosove-alan-van-gucht\/"]}]},{"@type":"ImageObject","inLanguage":"en-US","@id":"https:\/\/president-ksgov.net\/presidenti-pacolli-prit-shefin-e-zyres-diplomatik-te-belgjikes-ne-kosove-alan-van-gucht\/#primaryimage","url":"https:\/\/president-ksgov.net\/wp-content\/uploads\/24_02_2011_takime_me_Ambasadorin_e_Belgjikes_1.jpg","contentUrl":"https:\/\/president-ksgov.net\/wp-content\/uploads\/24_02_2011_takime_me_Ambasadorin_e_Belgjikes_1.jpg","width":1000,"height":758},{"@type":"BreadcrumbList","@id":"https:\/\/president-ksgov.net\/presidenti-pacolli-prit-shefin-e-zyres-diplomatik-te-belgjikes-ne-kosove-alan-van-gucht\/#breadcrumb","itemListElement":[{"@type":"ListItem","position":1,"name":"Home","item":"https:\/\/president-ksgov.net\/en\/"},{"@type":"ListItem","position":2,"name":"President Pacolli receives the Head of the Belgium Diplomatic Office in Kosovo, Alan Van Gucht"}]},{"@type":"WebSite","@id":"https:\/\/president-ksgov.net\/#website","url":"https:\/\/president-ksgov.net\/","name":"Presidente e Republik\u00ebs s\u00eb Kosov\u00ebs","description":"Presidente e Republik\u00ebs s\u00eb Kosov\u00ebs","alternateName":"DR. VJOSA OSMANI - SADRIU","potentialAction":[{"@type":"SearchAction","target":{"@type":"EntryPoint","urlTemplate":"https:\/\/president-ksgov.net\/?s={search_term_string}"},"query-input":{"@type":"PropertyValueSpecification","valueRequired":true,"valueName":"search_term_string"}}],"inLanguage":"en-US"},{"@type":"Person","@id":"https:\/\/president-ksgov.net\/#\/schema\/person\/bb4337a5fb147cb2046d80548172cbee","name":"admin","image":{"@type":"ImageObject","inLanguage":"en-US","@id":"https:\/\/president-ksgov.net\/#\/schema\/person\/image\/","url":"https:\/\/secure.gravatar.com\/avatar\/36156ca0fa3b8d9d25174f146e16beea0cf28f37adf1b9e19b6c9c279a7c9dd3?s=96&d=mm&r=g","contentUrl":"https:\/\/secure.gravatar.com\/avatar\/36156ca0fa3b8d9d25174f146e16beea0cf28f37adf1b9e19b6c9c279a7c9dd3?s=96&d=mm&r=g","caption":"admin"},"sameAs":["https:\/\/president-ksgov.net"]}]}},"_links":{"self":[{"href":"https:\/\/president-ksgov.net\/en\/wp-json\/wp\/v2\/posts\/72144","targetHints":{"allow":["GET"]}}],"collection":[{"href":"https:\/\/president-ksgov.net\/en\/wp-json\/wp\/v2\/posts"}],"about":[{"href":"https:\/\/president-ksgov.net\/en\/wp-json\/wp\/v2\/types\/post"}],"author":[{"embeddable":true,"href":"https:\/\/president-ksgov.net\/en\/wp-json\/wp\/v2\/users\/1"}],"replies":[{"embeddable":true,"href":"https:\/\/president-ksgov.net\/en\/wp-json\/wp\/v2\/comments?post=72144"}],"version-history":[{"count":0,"href":"https:\/\/president-ksgov.net\/en\/wp-json\/wp\/v2\/posts\/72144\/revisions"}],"wp:featuredmedia":[{"embeddable":true,"href":"https:\/\/president-ksgov.net\/en\/wp-json\/wp\/v2\/media\/62321"}],"wp:attachment":[{"href":"https:\/\/president-ksgov.net\/en\/wp-json\/wp\/v2\/media?parent=72144"}],"wp:term":[{"taxonomy":"category","embeddable":true,"href":"https:\/\/president-ksgov.net\/en\/wp-json\/wp\/v2\/categories?post=72144"},{"taxonomy":"post_tag","embeddable":true,"href":"https:\/\/president-ksgov.net\/en\/wp-json\/wp\/v2\/tags?post=72144"}],"curies":[{"name":"wp","href":"https:\/\/api.w.org\/{rel}","templated":true}]}}