{"id":71940,"date":"2011-05-11T18:56:14","date_gmt":"2011-05-11T18:56:14","guid":{"rendered":"https:\/\/dev.president-ksgov.net\/president-atifete-jahjaga-appoints-her-main-political-adviser-ilir-deda-representative-in-the-technical-dialogue-team-of-the-republic-of-kosovo\/"},"modified":"2023-03-07T11:15:43","modified_gmt":"2023-03-07T11:15:43","slug":"president-atifete-jahjaga-appoints-her-main-political-adviser-ilir-deda-representative-in-the-technical-dialogue-team-of-the-republic-of-kosovo","status":"publish","type":"post","link":"https:\/\/president-ksgov.net\/en\/president-atifete-jahjaga-appoints-her-main-political-adviser-ilir-deda-representative-in-the-technical-dialogue-team-of-the-republic-of-kosovo\/","title":{"rendered":"President Atifete Jahjaga appoints her main political adviser, Ilir Deda, representative in the Technical Dialogue Team of the Republic of Kosovo"},"content":{"rendered":"<p>The President of the Republic of Kosovo, Mrs. Atifete Jahjaga has appointed her main adviser, Ilir Deda, as her representative in the technical dialogue team of the Republic of Kosovo.<\/p>\n<p>The appointment was made following the request of the team leader of technical dialogue of the Republic of Kosovo, Edita Tahiri, and in accordance with the Platform of the Government of the Republic of the interstate technical dialogue between the Republic of Kosovo and the Republic of Serbia.<\/p>\n","protected":false},"excerpt":{"rendered":"<p>The President of the Republic of Kosovo, Mrs. Atifete Jahjaga has appointed her main adviser, Ilir Deda, as her representative in the technical dialogue team of the Republic of Kosovo.<\/p>\n","protected":false},"author":1,"featured_media":86338,"comment_status":"open","ping_status":"closed","sticky":false,"template":"","format":"standard","meta":{"_eb_attr":"","footnotes":""},"categories":[111],"tags":[],"class_list":["post-71940","post","type-post","status-publish","format-standard","has-post-thumbnail","hentry","category-news"],"yoast_head":"<!-- This site is optimized with the Yoast SEO plugin v23.5 - https:\/\/yoast.com\/wordpress\/plugins\/seo\/ -->\n<title>President Atifete Jahjaga appoints her main political adviser, Ilir Deda, representative in the Technical Dialogue Team of the Republic of Kosovo - President of the Republic of Kosovo - DR. VJOSA OSMANI - SADRIU<\/title>\n<meta name=\"description\" content=\"President Atifete Jahjaga appoints her main political adviser, Ilir Deda, representative in the Technical Dialogue Team of the Republic of Kosovo - President of the Republic of Kosovo - DR. VJOSA OSMANI - SADRIU -\" \/>\n<meta name=\"robots\" content=\"index, follow, max-snippet:-1, max-image-preview:large, max-video-preview:-1\" \/>\n<link rel=\"canonical\" href=\"https:\/\/president-ksgov.net\/presidentja-jahjaga-emeron-keshilltarin-e-saj-kryesor-ilir-deda-perfaqesues-ne-ekipin-e-dialogut-teknik-te-republikes-se-kosoves\/\" \/>\n<meta property=\"og:locale\" content=\"en_US\" \/>\n<meta property=\"og:type\" content=\"article\" \/>\n<meta property=\"og:title\" content=\"President Atifete Jahjaga appoints her main political adviser, Ilir Deda, representative in the Technical Dialogue Team of the Republic of Kosovo - President of the Republic of Kosovo - DR. VJOSA OSMANI - SADRIU\" \/>\n<meta property=\"og:description\" content=\"President Atifete Jahjaga appoints her main political adviser, Ilir Deda, representative in the Technical Dialogue Team of the Republic of Kosovo - President of the Republic of Kosovo - DR. VJOSA OSMANI - SADRIU -\" \/>\n<meta property=\"og:url\" content=\"https:\/\/president-ksgov.net\/presidentja-jahjaga-emeron-keshilltarin-e-saj-kryesor-ilir-deda-perfaqesues-ne-ekipin-e-dialogut-teknik-te-republikes-se-kosoves\/\" \/>\n<meta property=\"og:site_name\" content=\"President of the Republic of Kosovo - DR. VJOSA OSMANI - SADRIU\" \/>\n<meta property=\"article:published_time\" content=\"2011-05-11T18:56:14+00:00\" \/>\n<meta property=\"article:modified_time\" content=\"2023-03-07T11:15:43+00:00\" \/>\n<meta property=\"og:image\" content=\"https:\/\/president-ksgov.net\/wp-content\/uploads\/Zyra-e-Presidentes-Featured-Image1-e1678970937938.png\" \/>\n\t<meta property=\"og:image:width\" content=\"1024\" \/>\n\t<meta property=\"og:image:height\" content=\"716\" \/>\n\t<meta property=\"og:image:type\" content=\"image\/png\" \/>\n<meta name=\"author\" content=\"admin\" \/>\n<meta name=\"twitter:card\" content=\"summary_large_image\" \/>\n<meta name=\"twitter:label1\" content=\"Written by\" \/>\n\t<meta name=\"twitter:data1\" content=\"admin\" \/>\n<script type=\"application\/ld+json\" class=\"yoast-schema-graph\">{\"@context\":\"https:\/\/schema.org\",\"@graph\":[{\"@type\":\"WebPage\",\"@id\":\"https:\/\/president-ksgov.net\/presidentja-jahjaga-emeron-keshilltarin-e-saj-kryesor-ilir-deda-perfaqesues-ne-ekipin-e-dialogut-teknik-te-republikes-se-kosoves\/\",\"url\":\"https:\/\/president-ksgov.net\/presidentja-jahjaga-emeron-keshilltarin-e-saj-kryesor-ilir-deda-perfaqesues-ne-ekipin-e-dialogut-teknik-te-republikes-se-kosoves\/\",\"name\":\"President Atifete Jahjaga appoints her main political adviser, Ilir Deda, representative in the Technical Dialogue Team of the Republic of Kosovo - President of the Republic of Kosovo - DR. VJOSA OSMANI - SADRIU\",\"isPartOf\":{\"@id\":\"https:\/\/president-ksgov.net\/#website\"},\"primaryImageOfPage\":{\"@id\":\"https:\/\/president-ksgov.net\/presidentja-jahjaga-emeron-keshilltarin-e-saj-kryesor-ilir-deda-perfaqesues-ne-ekipin-e-dialogut-teknik-te-republikes-se-kosoves\/#primaryimage\"},\"image\":{\"@id\":\"https:\/\/president-ksgov.net\/presidentja-jahjaga-emeron-keshilltarin-e-saj-kryesor-ilir-deda-perfaqesues-ne-ekipin-e-dialogut-teknik-te-republikes-se-kosoves\/#primaryimage\"},\"thumbnailUrl\":\"https:\/\/president-ksgov.net\/wp-content\/uploads\/Zyra-e-Presidentes-Featured-Image1-e1678970937938.png\",\"datePublished\":\"2011-05-11T18:56:14+00:00\",\"dateModified\":\"2023-03-07T11:15:43+00:00\",\"author\":{\"@id\":\"https:\/\/president-ksgov.net\/#\/schema\/person\/bb4337a5fb147cb2046d80548172cbee\"},\"description\":\"President Atifete Jahjaga appoints her main political adviser, Ilir Deda, representative in the Technical Dialogue Team of the Republic of Kosovo - President of the Republic of Kosovo - DR. VJOSA OSMANI - SADRIU -\",\"breadcrumb\":{\"@id\":\"https:\/\/president-ksgov.net\/presidentja-jahjaga-emeron-keshilltarin-e-saj-kryesor-ilir-deda-perfaqesues-ne-ekipin-e-dialogut-teknik-te-republikes-se-kosoves\/#breadcrumb\"},\"inLanguage\":\"en-US\",\"potentialAction\":[{\"@type\":\"ReadAction\",\"target\":[\"https:\/\/president-ksgov.net\/presidentja-jahjaga-emeron-keshilltarin-e-saj-kryesor-ilir-deda-perfaqesues-ne-ekipin-e-dialogut-teknik-te-republikes-se-kosoves\/\"]}]},{\"@type\":\"ImageObject\",\"inLanguage\":\"en-US\",\"@id\":\"https:\/\/president-ksgov.net\/presidentja-jahjaga-emeron-keshilltarin-e-saj-kryesor-ilir-deda-perfaqesues-ne-ekipin-e-dialogut-teknik-te-republikes-se-kosoves\/#primaryimage\",\"url\":\"https:\/\/president-ksgov.net\/wp-content\/uploads\/Zyra-e-Presidentes-Featured-Image1-e1678970937938.png\",\"contentUrl\":\"https:\/\/president-ksgov.net\/wp-content\/uploads\/Zyra-e-Presidentes-Featured-Image1-e1678970937938.png\",\"width\":1024,\"height\":716},{\"@type\":\"BreadcrumbList\",\"@id\":\"https:\/\/president-ksgov.net\/presidentja-jahjaga-emeron-keshilltarin-e-saj-kryesor-ilir-deda-perfaqesues-ne-ekipin-e-dialogut-teknik-te-republikes-se-kosoves\/#breadcrumb\",\"itemListElement\":[{\"@type\":\"ListItem\",\"position\":1,\"name\":\"Home\",\"item\":\"https:\/\/president-ksgov.net\/en\/\"},{\"@type\":\"ListItem\",\"position\":2,\"name\":\"President Atifete Jahjaga appoints her main political adviser, Ilir Deda, representative in the Technical Dialogue Team of the Republic of Kosovo\"}]},{\"@type\":\"WebSite\",\"@id\":\"https:\/\/president-ksgov.net\/#website\",\"url\":\"https:\/\/president-ksgov.net\/\",\"name\":\"Presidente e Republik\u00ebs s\u00eb Kosov\u00ebs\",\"description\":\"Presidente e Republik\u00ebs s\u00eb Kosov\u00ebs\",\"alternateName\":\"DR. VJOSA OSMANI - SADRIU\",\"potentialAction\":[{\"@type\":\"SearchAction\",\"target\":{\"@type\":\"EntryPoint\",\"urlTemplate\":\"https:\/\/president-ksgov.net\/?s={search_term_string}\"},\"query-input\":{\"@type\":\"PropertyValueSpecification\",\"valueRequired\":true,\"valueName\":\"search_term_string\"}}],\"inLanguage\":\"en-US\"},{\"@type\":\"Person\",\"@id\":\"https:\/\/president-ksgov.net\/#\/schema\/person\/bb4337a5fb147cb2046d80548172cbee\",\"name\":\"admin\",\"image\":{\"@type\":\"ImageObject\",\"inLanguage\":\"en-US\",\"@id\":\"https:\/\/president-ksgov.net\/#\/schema\/person\/image\/\",\"url\":\"https:\/\/secure.gravatar.com\/avatar\/36156ca0fa3b8d9d25174f146e16beea0cf28f37adf1b9e19b6c9c279a7c9dd3?s=96&d=mm&r=g\",\"contentUrl\":\"https:\/\/secure.gravatar.com\/avatar\/36156ca0fa3b8d9d25174f146e16beea0cf28f37adf1b9e19b6c9c279a7c9dd3?s=96&d=mm&r=g\",\"caption\":\"admin\"},\"sameAs\":[\"https:\/\/president-ksgov.net\"]}]}<\/script>\n<!-- \/ Yoast SEO plugin. -->","yoast_head_json":{"title":"President Atifete Jahjaga appoints her main political adviser, Ilir Deda, representative in the Technical Dialogue Team of the Republic of Kosovo - President of the Republic of Kosovo - DR. VJOSA OSMANI - SADRIU","description":"President Atifete Jahjaga appoints her main political adviser, Ilir Deda, representative in the Technical Dialogue Team of the Republic of Kosovo - President of the Republic of Kosovo - DR. VJOSA OSMANI - SADRIU -","robots":{"index":"index","follow":"follow","max-snippet":"max-snippet:-1","max-image-preview":"max-image-preview:large","max-video-preview":"max-video-preview:-1"},"canonical":"https:\/\/president-ksgov.net\/presidentja-jahjaga-emeron-keshilltarin-e-saj-kryesor-ilir-deda-perfaqesues-ne-ekipin-e-dialogut-teknik-te-republikes-se-kosoves\/","og_locale":"en_US","og_type":"article","og_title":"President Atifete Jahjaga appoints her main political adviser, Ilir Deda, representative in the Technical Dialogue Team of the Republic of Kosovo - President of the Republic of Kosovo - DR. VJOSA OSMANI - SADRIU","og_description":"President Atifete Jahjaga appoints her main political adviser, Ilir Deda, representative in the Technical Dialogue Team of the Republic of Kosovo - President of the Republic of Kosovo - DR. VJOSA OSMANI - SADRIU -","og_url":"https:\/\/president-ksgov.net\/presidentja-jahjaga-emeron-keshilltarin-e-saj-kryesor-ilir-deda-perfaqesues-ne-ekipin-e-dialogut-teknik-te-republikes-se-kosoves\/","og_site_name":"President of the Republic of Kosovo - DR. VJOSA OSMANI - SADRIU","article_published_time":"2011-05-11T18:56:14+00:00","article_modified_time":"2023-03-07T11:15:43+00:00","og_image":[{"width":1024,"height":716,"url":"https:\/\/president-ksgov.net\/wp-content\/uploads\/Zyra-e-Presidentes-Featured-Image1-e1678970937938.png","type":"image\/png"}],"author":"admin","twitter_card":"summary_large_image","twitter_misc":{"Written by":"admin"},"schema":{"@context":"https:\/\/schema.org","@graph":[{"@type":"WebPage","@id":"https:\/\/president-ksgov.net\/presidentja-jahjaga-emeron-keshilltarin-e-saj-kryesor-ilir-deda-perfaqesues-ne-ekipin-e-dialogut-teknik-te-republikes-se-kosoves\/","url":"https:\/\/president-ksgov.net\/presidentja-jahjaga-emeron-keshilltarin-e-saj-kryesor-ilir-deda-perfaqesues-ne-ekipin-e-dialogut-teknik-te-republikes-se-kosoves\/","name":"President Atifete Jahjaga appoints her main political adviser, Ilir Deda, representative in the Technical Dialogue Team of the Republic of Kosovo - President of the Republic of Kosovo - DR. VJOSA OSMANI - SADRIU","isPartOf":{"@id":"https:\/\/president-ksgov.net\/#website"},"primaryImageOfPage":{"@id":"https:\/\/president-ksgov.net\/presidentja-jahjaga-emeron-keshilltarin-e-saj-kryesor-ilir-deda-perfaqesues-ne-ekipin-e-dialogut-teknik-te-republikes-se-kosoves\/#primaryimage"},"image":{"@id":"https:\/\/president-ksgov.net\/presidentja-jahjaga-emeron-keshilltarin-e-saj-kryesor-ilir-deda-perfaqesues-ne-ekipin-e-dialogut-teknik-te-republikes-se-kosoves\/#primaryimage"},"thumbnailUrl":"https:\/\/president-ksgov.net\/wp-content\/uploads\/Zyra-e-Presidentes-Featured-Image1-e1678970937938.png","datePublished":"2011-05-11T18:56:14+00:00","dateModified":"2023-03-07T11:15:43+00:00","author":{"@id":"https:\/\/president-ksgov.net\/#\/schema\/person\/bb4337a5fb147cb2046d80548172cbee"},"description":"President Atifete Jahjaga appoints her main political adviser, Ilir Deda, representative in the Technical Dialogue Team of the Republic of Kosovo - President of the Republic of Kosovo - DR. VJOSA OSMANI - SADRIU -","breadcrumb":{"@id":"https:\/\/president-ksgov.net\/presidentja-jahjaga-emeron-keshilltarin-e-saj-kryesor-ilir-deda-perfaqesues-ne-ekipin-e-dialogut-teknik-te-republikes-se-kosoves\/#breadcrumb"},"inLanguage":"en-US","potentialAction":[{"@type":"ReadAction","target":["https:\/\/president-ksgov.net\/presidentja-jahjaga-emeron-keshilltarin-e-saj-kryesor-ilir-deda-perfaqesues-ne-ekipin-e-dialogut-teknik-te-republikes-se-kosoves\/"]}]},{"@type":"ImageObject","inLanguage":"en-US","@id":"https:\/\/president-ksgov.net\/presidentja-jahjaga-emeron-keshilltarin-e-saj-kryesor-ilir-deda-perfaqesues-ne-ekipin-e-dialogut-teknik-te-republikes-se-kosoves\/#primaryimage","url":"https:\/\/president-ksgov.net\/wp-content\/uploads\/Zyra-e-Presidentes-Featured-Image1-e1678970937938.png","contentUrl":"https:\/\/president-ksgov.net\/wp-content\/uploads\/Zyra-e-Presidentes-Featured-Image1-e1678970937938.png","width":1024,"height":716},{"@type":"BreadcrumbList","@id":"https:\/\/president-ksgov.net\/presidentja-jahjaga-emeron-keshilltarin-e-saj-kryesor-ilir-deda-perfaqesues-ne-ekipin-e-dialogut-teknik-te-republikes-se-kosoves\/#breadcrumb","itemListElement":[{"@type":"ListItem","position":1,"name":"Home","item":"https:\/\/president-ksgov.net\/en\/"},{"@type":"ListItem","position":2,"name":"President Atifete Jahjaga appoints her main political adviser, Ilir Deda, representative in the Technical Dialogue Team of the Republic of Kosovo"}]},{"@type":"WebSite","@id":"https:\/\/president-ksgov.net\/#website","url":"https:\/\/president-ksgov.net\/","name":"Presidente e Republik\u00ebs s\u00eb Kosov\u00ebs","description":"Presidente e Republik\u00ebs s\u00eb Kosov\u00ebs","alternateName":"DR. VJOSA OSMANI - SADRIU","potentialAction":[{"@type":"SearchAction","target":{"@type":"EntryPoint","urlTemplate":"https:\/\/president-ksgov.net\/?s={search_term_string}"},"query-input":{"@type":"PropertyValueSpecification","valueRequired":true,"valueName":"search_term_string"}}],"inLanguage":"en-US"},{"@type":"Person","@id":"https:\/\/president-ksgov.net\/#\/schema\/person\/bb4337a5fb147cb2046d80548172cbee","name":"admin","image":{"@type":"ImageObject","inLanguage":"en-US","@id":"https:\/\/president-ksgov.net\/#\/schema\/person\/image\/","url":"https:\/\/secure.gravatar.com\/avatar\/36156ca0fa3b8d9d25174f146e16beea0cf28f37adf1b9e19b6c9c279a7c9dd3?s=96&d=mm&r=g","contentUrl":"https:\/\/secure.gravatar.com\/avatar\/36156ca0fa3b8d9d25174f146e16beea0cf28f37adf1b9e19b6c9c279a7c9dd3?s=96&d=mm&r=g","caption":"admin"},"sameAs":["https:\/\/president-ksgov.net"]}]}},"_links":{"self":[{"href":"https:\/\/president-ksgov.net\/en\/wp-json\/wp\/v2\/posts\/71940","targetHints":{"allow":["GET"]}}],"collection":[{"href":"https:\/\/president-ksgov.net\/en\/wp-json\/wp\/v2\/posts"}],"about":[{"href":"https:\/\/president-ksgov.net\/en\/wp-json\/wp\/v2\/types\/post"}],"author":[{"embeddable":true,"href":"https:\/\/president-ksgov.net\/en\/wp-json\/wp\/v2\/users\/1"}],"replies":[{"embeddable":true,"href":"https:\/\/president-ksgov.net\/en\/wp-json\/wp\/v2\/comments?post=71940"}],"version-history":[{"count":0,"href":"https:\/\/president-ksgov.net\/en\/wp-json\/wp\/v2\/posts\/71940\/revisions"}],"wp:featuredmedia":[{"embeddable":true,"href":"https:\/\/president-ksgov.net\/en\/wp-json\/wp\/v2\/media\/86338"}],"wp:attachment":[{"href":"https:\/\/president-ksgov.net\/en\/wp-json\/wp\/v2\/media?parent=71940"}],"wp:term":[{"taxonomy":"category","embeddable":true,"href":"https:\/\/president-ksgov.net\/en\/wp-json\/wp\/v2\/categories?post=71940"},{"taxonomy":"post_tag","embeddable":true,"href":"https:\/\/president-ksgov.net\/en\/wp-json\/wp\/v2\/tags?post=71940"}],"curies":[{"name":"wp","href":"https:\/\/api.w.org\/{rel}","templated":true}]}}