{"id":71936,"date":"2011-05-12T16:30:50","date_gmt":"2011-05-12T16:30:50","guid":{"rendered":"https:\/\/dev.president-ksgov.net\/president-jahjaga-received-the-head-of-the-osce-mission-in-kosovo-werner-almhofer\/"},"modified":"2023-03-07T11:15:43","modified_gmt":"2023-03-07T11:15:43","slug":"president-jahjaga-received-the-head-of-the-osce-mission-in-kosovo-werner-almhofer","status":"publish","type":"post","link":"https:\/\/president-ksgov.net\/en\/president-jahjaga-received-the-head-of-the-osce-mission-in-kosovo-werner-almhofer\/","title":{"rendered":"President Jahjaga received the Head of the OSCE Mission in Kosovo, Werner Almhofer"},"content":{"rendered":"<p>The President of t he Republic of Kosovo, Mrs. Atifete Jahjaga met today with the head of the OSCE Mission in Kosovo, Werner Almhofer.<\/p>\n<p>Mr. Almhofer, after having congratulated Madam Jahjaga for her election as President of the country, informed her about the activities which are carried out by the OSCE Mission in Kosovo.<\/p>\n<p>President Jahjaga said that the OSCE has played an important role in the democratization of our country, providing a valuable assistance in the building of democratic institutions.<\/p>\n<p>The OSCE chief in Kosovo said that the OSCE supports the changes to the electoral legislation that are being made in our country.<\/p>\n<p>The OSCE, he stressed, is in Kosovo only to help, to offer support, but the main work remains in the hands of the local institutions.<\/p>\n<p>President Atifete Jahjaga appreciated the contribution that the OSCE has given in building democratic institutions in our country.<\/p>\n<p>She emphasized the importance of the changes in the Constitution of the Republic of Kosovo and the Law on General Elections, in which the The OSCE can help with its advice.<\/p>\n","protected":false},"excerpt":{"rendered":"<p>The President of t he Republic of Kosovo, Mrs. Atifete Jahjaga met today with the head of the OSCE Mission in Kosovo, Werner Almhofer.<\/p>\n","protected":false},"author":1,"featured_media":60876,"comment_status":"open","ping_status":"closed","sticky":false,"template":"","format":"standard","meta":{"_eb_attr":"","footnotes":""},"categories":[111],"tags":[],"class_list":["post-71936","post","type-post","status-publish","format-standard","has-post-thumbnail","hentry","category-news"],"yoast_head":"<!-- This site is optimized with the Yoast SEO plugin v23.5 - https:\/\/yoast.com\/wordpress\/plugins\/seo\/ -->\n<title>President Jahjaga received the Head of the OSCE Mission in Kosovo, Werner Almhofer - President of the Republic of Kosovo - DR. VJOSA OSMANI - SADRIU<\/title>\n<meta name=\"description\" content=\"President Jahjaga received the Head of the OSCE Mission in Kosovo, Werner Almhofer - President of the Republic of Kosovo - DR. VJOSA OSMANI - SADRIU -\" \/>\n<meta name=\"robots\" content=\"index, follow, max-snippet:-1, max-image-preview:large, max-video-preview:-1\" \/>\n<link rel=\"canonical\" href=\"https:\/\/president-ksgov.net\/presidentja-jahjaga-priti-shefin-e-misionit-te-osbe-se-ne-kosove-werner-almhofer\/\" \/>\n<meta property=\"og:locale\" content=\"en_US\" \/>\n<meta property=\"og:type\" content=\"article\" \/>\n<meta property=\"og:title\" content=\"President Jahjaga received the Head of the OSCE Mission in Kosovo, Werner Almhofer - President of the Republic of Kosovo - DR. VJOSA OSMANI - SADRIU\" \/>\n<meta property=\"og:description\" content=\"President Jahjaga received the Head of the OSCE Mission in Kosovo, Werner Almhofer - President of the Republic of Kosovo - DR. VJOSA OSMANI - SADRIU -\" \/>\n<meta property=\"og:url\" content=\"https:\/\/president-ksgov.net\/presidentja-jahjaga-priti-shefin-e-misionit-te-osbe-se-ne-kosove-werner-almhofer\/\" \/>\n<meta property=\"og:site_name\" content=\"President of the Republic of Kosovo - DR. VJOSA OSMANI - SADRIU\" \/>\n<meta property=\"article:published_time\" content=\"2011-05-12T16:30:50+00:00\" \/>\n<meta property=\"article:modified_time\" content=\"2023-03-07T11:15:43+00:00\" \/>\n<meta property=\"og:image\" content=\"https:\/\/president-ksgov.net\/wp-content\/uploads\/12_05_2011_Shefi_i_OSBE_Werner_21.jpg\" \/>\n\t<meta property=\"og:image:width\" content=\"1000\" \/>\n\t<meta property=\"og:image:height\" content=\"667\" \/>\n\t<meta property=\"og:image:type\" content=\"image\/jpeg\" \/>\n<meta name=\"author\" content=\"admin\" \/>\n<meta name=\"twitter:card\" content=\"summary_large_image\" \/>\n<meta name=\"twitter:label1\" content=\"Written by\" \/>\n\t<meta name=\"twitter:data1\" content=\"admin\" \/>\n\t<meta name=\"twitter:label2\" content=\"Est. reading time\" \/>\n\t<meta name=\"twitter:data2\" content=\"1 minute\" \/>\n<script type=\"application\/ld+json\" class=\"yoast-schema-graph\">{\"@context\":\"https:\/\/schema.org\",\"@graph\":[{\"@type\":\"WebPage\",\"@id\":\"https:\/\/president-ksgov.net\/presidentja-jahjaga-priti-shefin-e-misionit-te-osbe-se-ne-kosove-werner-almhofer\/\",\"url\":\"https:\/\/president-ksgov.net\/presidentja-jahjaga-priti-shefin-e-misionit-te-osbe-se-ne-kosove-werner-almhofer\/\",\"name\":\"President Jahjaga received the Head of the OSCE Mission in Kosovo, Werner Almhofer - President of the Republic of Kosovo - DR. VJOSA OSMANI - SADRIU\",\"isPartOf\":{\"@id\":\"https:\/\/president-ksgov.net\/#website\"},\"primaryImageOfPage\":{\"@id\":\"https:\/\/president-ksgov.net\/presidentja-jahjaga-priti-shefin-e-misionit-te-osbe-se-ne-kosove-werner-almhofer\/#primaryimage\"},\"image\":{\"@id\":\"https:\/\/president-ksgov.net\/presidentja-jahjaga-priti-shefin-e-misionit-te-osbe-se-ne-kosove-werner-almhofer\/#primaryimage\"},\"thumbnailUrl\":\"https:\/\/president-ksgov.net\/wp-content\/uploads\/12_05_2011_Shefi_i_OSBE_Werner_21.jpg\",\"datePublished\":\"2011-05-12T16:30:50+00:00\",\"dateModified\":\"2023-03-07T11:15:43+00:00\",\"author\":{\"@id\":\"https:\/\/president-ksgov.net\/#\/schema\/person\/bb4337a5fb147cb2046d80548172cbee\"},\"description\":\"President Jahjaga received the Head of the OSCE Mission in Kosovo, Werner Almhofer - President of the Republic of Kosovo - DR. VJOSA OSMANI - SADRIU -\",\"breadcrumb\":{\"@id\":\"https:\/\/president-ksgov.net\/presidentja-jahjaga-priti-shefin-e-misionit-te-osbe-se-ne-kosove-werner-almhofer\/#breadcrumb\"},\"inLanguage\":\"en-US\",\"potentialAction\":[{\"@type\":\"ReadAction\",\"target\":[\"https:\/\/president-ksgov.net\/presidentja-jahjaga-priti-shefin-e-misionit-te-osbe-se-ne-kosove-werner-almhofer\/\"]}]},{\"@type\":\"ImageObject\",\"inLanguage\":\"en-US\",\"@id\":\"https:\/\/president-ksgov.net\/presidentja-jahjaga-priti-shefin-e-misionit-te-osbe-se-ne-kosove-werner-almhofer\/#primaryimage\",\"url\":\"https:\/\/president-ksgov.net\/wp-content\/uploads\/12_05_2011_Shefi_i_OSBE_Werner_21.jpg\",\"contentUrl\":\"https:\/\/president-ksgov.net\/wp-content\/uploads\/12_05_2011_Shefi_i_OSBE_Werner_21.jpg\",\"width\":1000,\"height\":667},{\"@type\":\"BreadcrumbList\",\"@id\":\"https:\/\/president-ksgov.net\/presidentja-jahjaga-priti-shefin-e-misionit-te-osbe-se-ne-kosove-werner-almhofer\/#breadcrumb\",\"itemListElement\":[{\"@type\":\"ListItem\",\"position\":1,\"name\":\"Home\",\"item\":\"https:\/\/president-ksgov.net\/en\/\"},{\"@type\":\"ListItem\",\"position\":2,\"name\":\"President Jahjaga received the Head of the OSCE Mission in Kosovo, Werner Almhofer\"}]},{\"@type\":\"WebSite\",\"@id\":\"https:\/\/president-ksgov.net\/#website\",\"url\":\"https:\/\/president-ksgov.net\/\",\"name\":\"Presidente e Republik\u00ebs s\u00eb Kosov\u00ebs\",\"description\":\"Presidente e Republik\u00ebs s\u00eb Kosov\u00ebs\",\"alternateName\":\"DR. VJOSA OSMANI - SADRIU\",\"potentialAction\":[{\"@type\":\"SearchAction\",\"target\":{\"@type\":\"EntryPoint\",\"urlTemplate\":\"https:\/\/president-ksgov.net\/?s={search_term_string}\"},\"query-input\":{\"@type\":\"PropertyValueSpecification\",\"valueRequired\":true,\"valueName\":\"search_term_string\"}}],\"inLanguage\":\"en-US\"},{\"@type\":\"Person\",\"@id\":\"https:\/\/president-ksgov.net\/#\/schema\/person\/bb4337a5fb147cb2046d80548172cbee\",\"name\":\"admin\",\"image\":{\"@type\":\"ImageObject\",\"inLanguage\":\"en-US\",\"@id\":\"https:\/\/president-ksgov.net\/#\/schema\/person\/image\/\",\"url\":\"https:\/\/secure.gravatar.com\/avatar\/36156ca0fa3b8d9d25174f146e16beea0cf28f37adf1b9e19b6c9c279a7c9dd3?s=96&d=mm&r=g\",\"contentUrl\":\"https:\/\/secure.gravatar.com\/avatar\/36156ca0fa3b8d9d25174f146e16beea0cf28f37adf1b9e19b6c9c279a7c9dd3?s=96&d=mm&r=g\",\"caption\":\"admin\"},\"sameAs\":[\"https:\/\/president-ksgov.net\"]}]}<\/script>\n<!-- \/ Yoast SEO plugin. -->","yoast_head_json":{"title":"President Jahjaga received the Head of the OSCE Mission in Kosovo, Werner Almhofer - President of the Republic of Kosovo - DR. VJOSA OSMANI - SADRIU","description":"President Jahjaga received the Head of the OSCE Mission in Kosovo, Werner Almhofer - President of the Republic of Kosovo - DR. VJOSA OSMANI - SADRIU -","robots":{"index":"index","follow":"follow","max-snippet":"max-snippet:-1","max-image-preview":"max-image-preview:large","max-video-preview":"max-video-preview:-1"},"canonical":"https:\/\/president-ksgov.net\/presidentja-jahjaga-priti-shefin-e-misionit-te-osbe-se-ne-kosove-werner-almhofer\/","og_locale":"en_US","og_type":"article","og_title":"President Jahjaga received the Head of the OSCE Mission in Kosovo, Werner Almhofer - President of the Republic of Kosovo - DR. VJOSA OSMANI - SADRIU","og_description":"President Jahjaga received the Head of the OSCE Mission in Kosovo, Werner Almhofer - President of the Republic of Kosovo - DR. VJOSA OSMANI - SADRIU -","og_url":"https:\/\/president-ksgov.net\/presidentja-jahjaga-priti-shefin-e-misionit-te-osbe-se-ne-kosove-werner-almhofer\/","og_site_name":"President of the Republic of Kosovo - DR. VJOSA OSMANI - SADRIU","article_published_time":"2011-05-12T16:30:50+00:00","article_modified_time":"2023-03-07T11:15:43+00:00","og_image":[{"width":1000,"height":667,"url":"https:\/\/president-ksgov.net\/wp-content\/uploads\/12_05_2011_Shefi_i_OSBE_Werner_21.jpg","type":"image\/jpeg"}],"author":"admin","twitter_card":"summary_large_image","twitter_misc":{"Written by":"admin","Est. reading time":"1 minute"},"schema":{"@context":"https:\/\/schema.org","@graph":[{"@type":"WebPage","@id":"https:\/\/president-ksgov.net\/presidentja-jahjaga-priti-shefin-e-misionit-te-osbe-se-ne-kosove-werner-almhofer\/","url":"https:\/\/president-ksgov.net\/presidentja-jahjaga-priti-shefin-e-misionit-te-osbe-se-ne-kosove-werner-almhofer\/","name":"President Jahjaga received the Head of the OSCE Mission in Kosovo, Werner Almhofer - President of the Republic of Kosovo - DR. VJOSA OSMANI - SADRIU","isPartOf":{"@id":"https:\/\/president-ksgov.net\/#website"},"primaryImageOfPage":{"@id":"https:\/\/president-ksgov.net\/presidentja-jahjaga-priti-shefin-e-misionit-te-osbe-se-ne-kosove-werner-almhofer\/#primaryimage"},"image":{"@id":"https:\/\/president-ksgov.net\/presidentja-jahjaga-priti-shefin-e-misionit-te-osbe-se-ne-kosove-werner-almhofer\/#primaryimage"},"thumbnailUrl":"https:\/\/president-ksgov.net\/wp-content\/uploads\/12_05_2011_Shefi_i_OSBE_Werner_21.jpg","datePublished":"2011-05-12T16:30:50+00:00","dateModified":"2023-03-07T11:15:43+00:00","author":{"@id":"https:\/\/president-ksgov.net\/#\/schema\/person\/bb4337a5fb147cb2046d80548172cbee"},"description":"President Jahjaga received the Head of the OSCE Mission in Kosovo, Werner Almhofer - President of the Republic of Kosovo - DR. VJOSA OSMANI - SADRIU -","breadcrumb":{"@id":"https:\/\/president-ksgov.net\/presidentja-jahjaga-priti-shefin-e-misionit-te-osbe-se-ne-kosove-werner-almhofer\/#breadcrumb"},"inLanguage":"en-US","potentialAction":[{"@type":"ReadAction","target":["https:\/\/president-ksgov.net\/presidentja-jahjaga-priti-shefin-e-misionit-te-osbe-se-ne-kosove-werner-almhofer\/"]}]},{"@type":"ImageObject","inLanguage":"en-US","@id":"https:\/\/president-ksgov.net\/presidentja-jahjaga-priti-shefin-e-misionit-te-osbe-se-ne-kosove-werner-almhofer\/#primaryimage","url":"https:\/\/president-ksgov.net\/wp-content\/uploads\/12_05_2011_Shefi_i_OSBE_Werner_21.jpg","contentUrl":"https:\/\/president-ksgov.net\/wp-content\/uploads\/12_05_2011_Shefi_i_OSBE_Werner_21.jpg","width":1000,"height":667},{"@type":"BreadcrumbList","@id":"https:\/\/president-ksgov.net\/presidentja-jahjaga-priti-shefin-e-misionit-te-osbe-se-ne-kosove-werner-almhofer\/#breadcrumb","itemListElement":[{"@type":"ListItem","position":1,"name":"Home","item":"https:\/\/president-ksgov.net\/en\/"},{"@type":"ListItem","position":2,"name":"President Jahjaga received the Head of the OSCE Mission in Kosovo, Werner Almhofer"}]},{"@type":"WebSite","@id":"https:\/\/president-ksgov.net\/#website","url":"https:\/\/president-ksgov.net\/","name":"Presidente e Republik\u00ebs s\u00eb Kosov\u00ebs","description":"Presidente e Republik\u00ebs s\u00eb Kosov\u00ebs","alternateName":"DR. VJOSA OSMANI - SADRIU","potentialAction":[{"@type":"SearchAction","target":{"@type":"EntryPoint","urlTemplate":"https:\/\/president-ksgov.net\/?s={search_term_string}"},"query-input":{"@type":"PropertyValueSpecification","valueRequired":true,"valueName":"search_term_string"}}],"inLanguage":"en-US"},{"@type":"Person","@id":"https:\/\/president-ksgov.net\/#\/schema\/person\/bb4337a5fb147cb2046d80548172cbee","name":"admin","image":{"@type":"ImageObject","inLanguage":"en-US","@id":"https:\/\/president-ksgov.net\/#\/schema\/person\/image\/","url":"https:\/\/secure.gravatar.com\/avatar\/36156ca0fa3b8d9d25174f146e16beea0cf28f37adf1b9e19b6c9c279a7c9dd3?s=96&d=mm&r=g","contentUrl":"https:\/\/secure.gravatar.com\/avatar\/36156ca0fa3b8d9d25174f146e16beea0cf28f37adf1b9e19b6c9c279a7c9dd3?s=96&d=mm&r=g","caption":"admin"},"sameAs":["https:\/\/president-ksgov.net"]}]}},"_links":{"self":[{"href":"https:\/\/president-ksgov.net\/en\/wp-json\/wp\/v2\/posts\/71936","targetHints":{"allow":["GET"]}}],"collection":[{"href":"https:\/\/president-ksgov.net\/en\/wp-json\/wp\/v2\/posts"}],"about":[{"href":"https:\/\/president-ksgov.net\/en\/wp-json\/wp\/v2\/types\/post"}],"author":[{"embeddable":true,"href":"https:\/\/president-ksgov.net\/en\/wp-json\/wp\/v2\/users\/1"}],"replies":[{"embeddable":true,"href":"https:\/\/president-ksgov.net\/en\/wp-json\/wp\/v2\/comments?post=71936"}],"version-history":[{"count":0,"href":"https:\/\/president-ksgov.net\/en\/wp-json\/wp\/v2\/posts\/71936\/revisions"}],"wp:featuredmedia":[{"embeddable":true,"href":"https:\/\/president-ksgov.net\/en\/wp-json\/wp\/v2\/media\/60876"}],"wp:attachment":[{"href":"https:\/\/president-ksgov.net\/en\/wp-json\/wp\/v2\/media?parent=71936"}],"wp:term":[{"taxonomy":"category","embeddable":true,"href":"https:\/\/president-ksgov.net\/en\/wp-json\/wp\/v2\/categories?post=71936"},{"taxonomy":"post_tag","embeddable":true,"href":"https:\/\/president-ksgov.net\/en\/wp-json\/wp\/v2\/tags?post=71936"}],"curies":[{"name":"wp","href":"https:\/\/api.w.org\/{rel}","templated":true}]}}