{"id":71921,"date":"2011-05-27T11:29:16","date_gmt":"2011-05-27T11:29:16","guid":{"rendered":"https:\/\/dev.president-ksgov.net\/the-summit-of-the-central-european-leaders-started-its-proceedings\/"},"modified":"2023-03-07T11:15:13","modified_gmt":"2023-03-07T11:15:13","slug":"the-summit-of-the-central-european-leaders-started-its-proceedings","status":"publish","type":"post","link":"https:\/\/president-ksgov.net\/en\/the-summit-of-the-central-european-leaders-started-its-proceedings\/","title":{"rendered":"The Summit of the Central European leaders started its proceedings"},"content":{"rendered":"<p>Warsaw, 27 May 2011 &#8211; This morning, the Summit of the leaders of Central Europe, which is being held in Warsaw, started its proceedings.<\/p>\n<p>The President of the Republic of Kosovo, Mrs. Atifete Jahjaga is also participating at the summit. At the outset of the summit she was received by the President of Poland, Bronislav Komorovski while at the afternoon session President Jahjaga will address the participants with a speech.<\/p>\n","protected":false},"excerpt":{"rendered":"<p>Warsaw, 27 May 2011 &#8211; This morning, the Summit of the leaders of Central Europe, which is being held in Warsaw, started its proceedings.<\/p>\n","protected":false},"author":1,"featured_media":60716,"comment_status":"open","ping_status":"closed","sticky":false,"template":"","format":"standard","meta":{"_eb_attr":"","footnotes":""},"categories":[111],"tags":[],"class_list":["post-71921","post","type-post","status-publish","format-standard","has-post-thumbnail","hentry","category-news"],"yoast_head":"<!-- This site is optimized with the Yoast SEO plugin v23.5 - https:\/\/yoast.com\/wordpress\/plugins\/seo\/ -->\n<title>The Summit of the Central European leaders started its proceedings - President of the Republic of Kosovo - DR. VJOSA OSMANI - SADRIU<\/title>\n<meta name=\"description\" content=\"The Summit of the Central European leaders started its proceedings - President of the Republic of Kosovo - DR. VJOSA OSMANI - SADRIU -\" \/>\n<meta name=\"robots\" content=\"index, follow, max-snippet:-1, max-image-preview:large, max-video-preview:-1\" \/>\n<link rel=\"canonical\" href=\"https:\/\/president-ksgov.net\/i-filloi-punimet-samiti-i-lidereve-te-evropes-qendrore\/\" \/>\n<meta property=\"og:locale\" content=\"en_US\" \/>\n<meta property=\"og:type\" content=\"article\" \/>\n<meta property=\"og:title\" content=\"The Summit of the Central European leaders started its proceedings - President of the Republic of Kosovo - DR. VJOSA OSMANI - SADRIU\" \/>\n<meta property=\"og:description\" content=\"The Summit of the Central European leaders started its proceedings - President of the Republic of Kosovo - DR. VJOSA OSMANI - SADRIU -\" \/>\n<meta property=\"og:url\" content=\"https:\/\/president-ksgov.net\/i-filloi-punimet-samiti-i-lidereve-te-evropes-qendrore\/\" \/>\n<meta property=\"og:site_name\" content=\"President of the Republic of Kosovo - DR. VJOSA OSMANI - SADRIU\" \/>\n<meta property=\"article:published_time\" content=\"2011-05-27T11:29:16+00:00\" \/>\n<meta property=\"article:modified_time\" content=\"2023-03-07T11:15:13+00:00\" \/>\n<meta property=\"og:image\" content=\"https:\/\/president-ksgov.net\/wp-content\/uploads\/FILLIMI_I_SAMITIT_00_resize.jpg\" \/>\n\t<meta property=\"og:image:width\" content=\"800\" \/>\n\t<meta property=\"og:image:height\" content=\"533\" \/>\n\t<meta property=\"og:image:type\" content=\"image\/jpeg\" \/>\n<meta name=\"author\" content=\"admin\" \/>\n<meta name=\"twitter:card\" content=\"summary_large_image\" \/>\n<meta name=\"twitter:label1\" content=\"Written by\" \/>\n\t<meta name=\"twitter:data1\" content=\"admin\" \/>\n<script type=\"application\/ld+json\" class=\"yoast-schema-graph\">{\"@context\":\"https:\/\/schema.org\",\"@graph\":[{\"@type\":\"WebPage\",\"@id\":\"https:\/\/president-ksgov.net\/i-filloi-punimet-samiti-i-lidereve-te-evropes-qendrore\/\",\"url\":\"https:\/\/president-ksgov.net\/i-filloi-punimet-samiti-i-lidereve-te-evropes-qendrore\/\",\"name\":\"The Summit of the Central European leaders started its proceedings - President of the Republic of Kosovo - DR. VJOSA OSMANI - SADRIU\",\"isPartOf\":{\"@id\":\"https:\/\/president-ksgov.net\/#website\"},\"primaryImageOfPage\":{\"@id\":\"https:\/\/president-ksgov.net\/i-filloi-punimet-samiti-i-lidereve-te-evropes-qendrore\/#primaryimage\"},\"image\":{\"@id\":\"https:\/\/president-ksgov.net\/i-filloi-punimet-samiti-i-lidereve-te-evropes-qendrore\/#primaryimage\"},\"thumbnailUrl\":\"https:\/\/president-ksgov.net\/wp-content\/uploads\/FILLIMI_I_SAMITIT_00_resize.jpg\",\"datePublished\":\"2011-05-27T11:29:16+00:00\",\"dateModified\":\"2023-03-07T11:15:13+00:00\",\"author\":{\"@id\":\"https:\/\/president-ksgov.net\/#\/schema\/person\/bb4337a5fb147cb2046d80548172cbee\"},\"description\":\"The Summit of the Central European leaders started its proceedings - President of the Republic of Kosovo - DR. VJOSA OSMANI - SADRIU -\",\"breadcrumb\":{\"@id\":\"https:\/\/president-ksgov.net\/i-filloi-punimet-samiti-i-lidereve-te-evropes-qendrore\/#breadcrumb\"},\"inLanguage\":\"en-US\",\"potentialAction\":[{\"@type\":\"ReadAction\",\"target\":[\"https:\/\/president-ksgov.net\/i-filloi-punimet-samiti-i-lidereve-te-evropes-qendrore\/\"]}]},{\"@type\":\"ImageObject\",\"inLanguage\":\"en-US\",\"@id\":\"https:\/\/president-ksgov.net\/i-filloi-punimet-samiti-i-lidereve-te-evropes-qendrore\/#primaryimage\",\"url\":\"https:\/\/president-ksgov.net\/wp-content\/uploads\/FILLIMI_I_SAMITIT_00_resize.jpg\",\"contentUrl\":\"https:\/\/president-ksgov.net\/wp-content\/uploads\/FILLIMI_I_SAMITIT_00_resize.jpg\",\"width\":800,\"height\":533},{\"@type\":\"BreadcrumbList\",\"@id\":\"https:\/\/president-ksgov.net\/i-filloi-punimet-samiti-i-lidereve-te-evropes-qendrore\/#breadcrumb\",\"itemListElement\":[{\"@type\":\"ListItem\",\"position\":1,\"name\":\"Home\",\"item\":\"https:\/\/president-ksgov.net\/en\/\"},{\"@type\":\"ListItem\",\"position\":2,\"name\":\"The Summit of the Central European leaders started its proceedings\"}]},{\"@type\":\"WebSite\",\"@id\":\"https:\/\/president-ksgov.net\/#website\",\"url\":\"https:\/\/president-ksgov.net\/\",\"name\":\"Presidente e Republik\u00ebs s\u00eb Kosov\u00ebs\",\"description\":\"Presidente e Republik\u00ebs s\u00eb Kosov\u00ebs\",\"alternateName\":\"DR. VJOSA OSMANI - SADRIU\",\"potentialAction\":[{\"@type\":\"SearchAction\",\"target\":{\"@type\":\"EntryPoint\",\"urlTemplate\":\"https:\/\/president-ksgov.net\/?s={search_term_string}\"},\"query-input\":{\"@type\":\"PropertyValueSpecification\",\"valueRequired\":true,\"valueName\":\"search_term_string\"}}],\"inLanguage\":\"en-US\"},{\"@type\":\"Person\",\"@id\":\"https:\/\/president-ksgov.net\/#\/schema\/person\/bb4337a5fb147cb2046d80548172cbee\",\"name\":\"admin\",\"image\":{\"@type\":\"ImageObject\",\"inLanguage\":\"en-US\",\"@id\":\"https:\/\/president-ksgov.net\/#\/schema\/person\/image\/\",\"url\":\"https:\/\/secure.gravatar.com\/avatar\/36156ca0fa3b8d9d25174f146e16beea0cf28f37adf1b9e19b6c9c279a7c9dd3?s=96&d=mm&r=g\",\"contentUrl\":\"https:\/\/secure.gravatar.com\/avatar\/36156ca0fa3b8d9d25174f146e16beea0cf28f37adf1b9e19b6c9c279a7c9dd3?s=96&d=mm&r=g\",\"caption\":\"admin\"},\"sameAs\":[\"https:\/\/president-ksgov.net\"]}]}<\/script>\n<!-- \/ Yoast SEO plugin. -->","yoast_head_json":{"title":"The Summit of the Central European leaders started its proceedings - President of the Republic of Kosovo - DR. VJOSA OSMANI - SADRIU","description":"The Summit of the Central European leaders started its proceedings - President of the Republic of Kosovo - DR. VJOSA OSMANI - SADRIU -","robots":{"index":"index","follow":"follow","max-snippet":"max-snippet:-1","max-image-preview":"max-image-preview:large","max-video-preview":"max-video-preview:-1"},"canonical":"https:\/\/president-ksgov.net\/i-filloi-punimet-samiti-i-lidereve-te-evropes-qendrore\/","og_locale":"en_US","og_type":"article","og_title":"The Summit of the Central European leaders started its proceedings - President of the Republic of Kosovo - DR. VJOSA OSMANI - SADRIU","og_description":"The Summit of the Central European leaders started its proceedings - President of the Republic of Kosovo - DR. VJOSA OSMANI - SADRIU -","og_url":"https:\/\/president-ksgov.net\/i-filloi-punimet-samiti-i-lidereve-te-evropes-qendrore\/","og_site_name":"President of the Republic of Kosovo - DR. VJOSA OSMANI - SADRIU","article_published_time":"2011-05-27T11:29:16+00:00","article_modified_time":"2023-03-07T11:15:13+00:00","og_image":[{"width":800,"height":533,"url":"https:\/\/president-ksgov.net\/wp-content\/uploads\/FILLIMI_I_SAMITIT_00_resize.jpg","type":"image\/jpeg"}],"author":"admin","twitter_card":"summary_large_image","twitter_misc":{"Written by":"admin"},"schema":{"@context":"https:\/\/schema.org","@graph":[{"@type":"WebPage","@id":"https:\/\/president-ksgov.net\/i-filloi-punimet-samiti-i-lidereve-te-evropes-qendrore\/","url":"https:\/\/president-ksgov.net\/i-filloi-punimet-samiti-i-lidereve-te-evropes-qendrore\/","name":"The Summit of the Central European leaders started its proceedings - President of the Republic of Kosovo - DR. VJOSA OSMANI - SADRIU","isPartOf":{"@id":"https:\/\/president-ksgov.net\/#website"},"primaryImageOfPage":{"@id":"https:\/\/president-ksgov.net\/i-filloi-punimet-samiti-i-lidereve-te-evropes-qendrore\/#primaryimage"},"image":{"@id":"https:\/\/president-ksgov.net\/i-filloi-punimet-samiti-i-lidereve-te-evropes-qendrore\/#primaryimage"},"thumbnailUrl":"https:\/\/president-ksgov.net\/wp-content\/uploads\/FILLIMI_I_SAMITIT_00_resize.jpg","datePublished":"2011-05-27T11:29:16+00:00","dateModified":"2023-03-07T11:15:13+00:00","author":{"@id":"https:\/\/president-ksgov.net\/#\/schema\/person\/bb4337a5fb147cb2046d80548172cbee"},"description":"The Summit of the Central European leaders started its proceedings - President of the Republic of Kosovo - DR. VJOSA OSMANI - SADRIU -","breadcrumb":{"@id":"https:\/\/president-ksgov.net\/i-filloi-punimet-samiti-i-lidereve-te-evropes-qendrore\/#breadcrumb"},"inLanguage":"en-US","potentialAction":[{"@type":"ReadAction","target":["https:\/\/president-ksgov.net\/i-filloi-punimet-samiti-i-lidereve-te-evropes-qendrore\/"]}]},{"@type":"ImageObject","inLanguage":"en-US","@id":"https:\/\/president-ksgov.net\/i-filloi-punimet-samiti-i-lidereve-te-evropes-qendrore\/#primaryimage","url":"https:\/\/president-ksgov.net\/wp-content\/uploads\/FILLIMI_I_SAMITIT_00_resize.jpg","contentUrl":"https:\/\/president-ksgov.net\/wp-content\/uploads\/FILLIMI_I_SAMITIT_00_resize.jpg","width":800,"height":533},{"@type":"BreadcrumbList","@id":"https:\/\/president-ksgov.net\/i-filloi-punimet-samiti-i-lidereve-te-evropes-qendrore\/#breadcrumb","itemListElement":[{"@type":"ListItem","position":1,"name":"Home","item":"https:\/\/president-ksgov.net\/en\/"},{"@type":"ListItem","position":2,"name":"The Summit of the Central European leaders started its proceedings"}]},{"@type":"WebSite","@id":"https:\/\/president-ksgov.net\/#website","url":"https:\/\/president-ksgov.net\/","name":"Presidente e Republik\u00ebs s\u00eb Kosov\u00ebs","description":"Presidente e Republik\u00ebs s\u00eb Kosov\u00ebs","alternateName":"DR. VJOSA OSMANI - SADRIU","potentialAction":[{"@type":"SearchAction","target":{"@type":"EntryPoint","urlTemplate":"https:\/\/president-ksgov.net\/?s={search_term_string}"},"query-input":{"@type":"PropertyValueSpecification","valueRequired":true,"valueName":"search_term_string"}}],"inLanguage":"en-US"},{"@type":"Person","@id":"https:\/\/president-ksgov.net\/#\/schema\/person\/bb4337a5fb147cb2046d80548172cbee","name":"admin","image":{"@type":"ImageObject","inLanguage":"en-US","@id":"https:\/\/president-ksgov.net\/#\/schema\/person\/image\/","url":"https:\/\/secure.gravatar.com\/avatar\/36156ca0fa3b8d9d25174f146e16beea0cf28f37adf1b9e19b6c9c279a7c9dd3?s=96&d=mm&r=g","contentUrl":"https:\/\/secure.gravatar.com\/avatar\/36156ca0fa3b8d9d25174f146e16beea0cf28f37adf1b9e19b6c9c279a7c9dd3?s=96&d=mm&r=g","caption":"admin"},"sameAs":["https:\/\/president-ksgov.net"]}]}},"_links":{"self":[{"href":"https:\/\/president-ksgov.net\/en\/wp-json\/wp\/v2\/posts\/71921","targetHints":{"allow":["GET"]}}],"collection":[{"href":"https:\/\/president-ksgov.net\/en\/wp-json\/wp\/v2\/posts"}],"about":[{"href":"https:\/\/president-ksgov.net\/en\/wp-json\/wp\/v2\/types\/post"}],"author":[{"embeddable":true,"href":"https:\/\/president-ksgov.net\/en\/wp-json\/wp\/v2\/users\/1"}],"replies":[{"embeddable":true,"href":"https:\/\/president-ksgov.net\/en\/wp-json\/wp\/v2\/comments?post=71921"}],"version-history":[{"count":0,"href":"https:\/\/president-ksgov.net\/en\/wp-json\/wp\/v2\/posts\/71921\/revisions"}],"wp:featuredmedia":[{"embeddable":true,"href":"https:\/\/president-ksgov.net\/en\/wp-json\/wp\/v2\/media\/60716"}],"wp:attachment":[{"href":"https:\/\/president-ksgov.net\/en\/wp-json\/wp\/v2\/media?parent=71921"}],"wp:term":[{"taxonomy":"category","embeddable":true,"href":"https:\/\/president-ksgov.net\/en\/wp-json\/wp\/v2\/categories?post=71921"},{"taxonomy":"post_tag","embeddable":true,"href":"https:\/\/president-ksgov.net\/en\/wp-json\/wp\/v2\/tags?post=71921"}],"curies":[{"name":"wp","href":"https:\/\/api.w.org\/{rel}","templated":true}]}}