{"id":71906,"date":"2011-06-09T17:23:46","date_gmt":"2011-06-09T17:23:46","guid":{"rendered":"https:\/\/dev.president-ksgov.net\/president-jahjaga-participated-at-the-meeting-of-the-consultative-council-for-communities\/"},"modified":"2023-03-07T11:15:13","modified_gmt":"2023-03-07T11:15:13","slug":"president-jahjaga-participated-at-the-meeting-of-the-consultative-council-for-communities","status":"publish","type":"post","link":"https:\/\/president-ksgov.net\/en\/president-jahjaga-participated-at-the-meeting-of-the-consultative-council-for-communities\/","title":{"rendered":"President Jahjaga participated at the meeting of the Consultative Council for Communities"},"content":{"rendered":"<p>The President of the Republic of Kosovo, Mrs. Atifete Jahjaga took part at the meeting of the Consultative Council for Communities (CCC), which functions within the Office of the President of Kosovo.<\/p>\n<p>Speaking before the members of this council, President Jahjaga highly praised the role of this consultative council and offered them support for all issues they raise for discussion.<\/p>\n<p>The President told the members the CCC that they should be closer to the communities they represent, in order to get acquainted with all the issues that they raise, either on the field of human rights and freedoms, issues in education, culture, health or other issues at local or national level, because they are interrelated and affect one another.<\/p>\n<p>At this meeting Mr. Petar Miletic was re-elected Chairman of the Consultative Council for Communities, Mr.Qerim Bajrami was re-elected Vice-Chairman, while Mr. Bashkim Kurti was also elected Vice-Chairman.<\/p>\n<p>At the meeting, the working group to supervise the implementation of the working plan of the Consultative Council for Communities for 2011, was fomed.<\/p>\n","protected":false},"excerpt":{"rendered":"<p>The President of the Republic of Kosovo, Mrs. Atifete Jahjaga took part at the meeting of the Consultative Council for Communities (CCC), which functions within the Office of the President of Kosovo.<\/p>\n","protected":false},"author":1,"featured_media":60510,"comment_status":"open","ping_status":"closed","sticky":false,"template":"","format":"standard","meta":{"_eb_attr":"","footnotes":""},"categories":[111],"tags":[],"class_list":["post-71906","post","type-post","status-publish","format-standard","has-post-thumbnail","hentry","category-news"],"yoast_head":"<!-- This site is optimized with the Yoast SEO plugin v23.5 - https:\/\/yoast.com\/wordpress\/plugins\/seo\/ -->\n<title>President Jahjaga participated at the meeting of the Consultative Council for Communities - President of the Republic of Kosovo - DR. VJOSA OSMANI - SADRIU<\/title>\n<meta name=\"description\" content=\"President Jahjaga participated at the meeting of the Consultative Council for Communities - President of the Republic of Kosovo - DR. VJOSA OSMANI - SADRIU -\" \/>\n<meta name=\"robots\" content=\"index, follow, max-snippet:-1, max-image-preview:large, max-video-preview:-1\" \/>\n<link rel=\"canonical\" href=\"https:\/\/president-ksgov.net\/presidentja-jahjaga-mori-pjese-ne-mbledhjen-e-keshillit-konsultativ-per-komunitete\/\" \/>\n<meta property=\"og:locale\" content=\"en_US\" \/>\n<meta property=\"og:type\" content=\"article\" \/>\n<meta property=\"og:title\" content=\"President Jahjaga participated at the meeting of the Consultative Council for Communities - President of the Republic of Kosovo - DR. VJOSA OSMANI - SADRIU\" \/>\n<meta property=\"og:description\" content=\"President Jahjaga participated at the meeting of the Consultative Council for Communities - President of the Republic of Kosovo - DR. VJOSA OSMANI - SADRIU -\" \/>\n<meta property=\"og:url\" content=\"https:\/\/president-ksgov.net\/presidentja-jahjaga-mori-pjese-ne-mbledhjen-e-keshillit-konsultativ-per-komunitete\/\" \/>\n<meta property=\"og:site_name\" content=\"President of the Republic of Kosovo - DR. VJOSA OSMANI - SADRIU\" \/>\n<meta property=\"article:published_time\" content=\"2011-06-09T17:23:46+00:00\" \/>\n<meta property=\"article:modified_time\" content=\"2023-03-07T11:15:13+00:00\" \/>\n<meta property=\"og:image\" content=\"https:\/\/president-ksgov.net\/wp-content\/uploads\/09_06_2011_Takim_Keshilli_Konsultativ_21.jpg\" \/>\n\t<meta property=\"og:image:width\" content=\"1000\" \/>\n\t<meta property=\"og:image:height\" content=\"667\" \/>\n\t<meta property=\"og:image:type\" content=\"image\/jpeg\" \/>\n<meta name=\"author\" content=\"admin\" \/>\n<meta name=\"twitter:card\" content=\"summary_large_image\" \/>\n<meta name=\"twitter:label1\" content=\"Written by\" \/>\n\t<meta name=\"twitter:data1\" content=\"admin\" \/>\n\t<meta name=\"twitter:label2\" content=\"Est. reading time\" \/>\n\t<meta name=\"twitter:data2\" content=\"1 minute\" \/>\n<script type=\"application\/ld+json\" class=\"yoast-schema-graph\">{\"@context\":\"https:\/\/schema.org\",\"@graph\":[{\"@type\":\"WebPage\",\"@id\":\"https:\/\/president-ksgov.net\/presidentja-jahjaga-mori-pjese-ne-mbledhjen-e-keshillit-konsultativ-per-komunitete\/\",\"url\":\"https:\/\/president-ksgov.net\/presidentja-jahjaga-mori-pjese-ne-mbledhjen-e-keshillit-konsultativ-per-komunitete\/\",\"name\":\"President Jahjaga participated at the meeting of the Consultative Council for Communities - President of the Republic of Kosovo - DR. VJOSA OSMANI - SADRIU\",\"isPartOf\":{\"@id\":\"https:\/\/president-ksgov.net\/#website\"},\"primaryImageOfPage\":{\"@id\":\"https:\/\/president-ksgov.net\/presidentja-jahjaga-mori-pjese-ne-mbledhjen-e-keshillit-konsultativ-per-komunitete\/#primaryimage\"},\"image\":{\"@id\":\"https:\/\/president-ksgov.net\/presidentja-jahjaga-mori-pjese-ne-mbledhjen-e-keshillit-konsultativ-per-komunitete\/#primaryimage\"},\"thumbnailUrl\":\"https:\/\/president-ksgov.net\/wp-content\/uploads\/09_06_2011_Takim_Keshilli_Konsultativ_21.jpg\",\"datePublished\":\"2011-06-09T17:23:46+00:00\",\"dateModified\":\"2023-03-07T11:15:13+00:00\",\"author\":{\"@id\":\"https:\/\/president-ksgov.net\/#\/schema\/person\/bb4337a5fb147cb2046d80548172cbee\"},\"description\":\"President Jahjaga participated at the meeting of the Consultative Council for Communities - President of the Republic of Kosovo - DR. VJOSA OSMANI - SADRIU -\",\"breadcrumb\":{\"@id\":\"https:\/\/president-ksgov.net\/presidentja-jahjaga-mori-pjese-ne-mbledhjen-e-keshillit-konsultativ-per-komunitete\/#breadcrumb\"},\"inLanguage\":\"en-US\",\"potentialAction\":[{\"@type\":\"ReadAction\",\"target\":[\"https:\/\/president-ksgov.net\/presidentja-jahjaga-mori-pjese-ne-mbledhjen-e-keshillit-konsultativ-per-komunitete\/\"]}]},{\"@type\":\"ImageObject\",\"inLanguage\":\"en-US\",\"@id\":\"https:\/\/president-ksgov.net\/presidentja-jahjaga-mori-pjese-ne-mbledhjen-e-keshillit-konsultativ-per-komunitete\/#primaryimage\",\"url\":\"https:\/\/president-ksgov.net\/wp-content\/uploads\/09_06_2011_Takim_Keshilli_Konsultativ_21.jpg\",\"contentUrl\":\"https:\/\/president-ksgov.net\/wp-content\/uploads\/09_06_2011_Takim_Keshilli_Konsultativ_21.jpg\",\"width\":1000,\"height\":667},{\"@type\":\"BreadcrumbList\",\"@id\":\"https:\/\/president-ksgov.net\/presidentja-jahjaga-mori-pjese-ne-mbledhjen-e-keshillit-konsultativ-per-komunitete\/#breadcrumb\",\"itemListElement\":[{\"@type\":\"ListItem\",\"position\":1,\"name\":\"Home\",\"item\":\"https:\/\/president-ksgov.net\/en\/\"},{\"@type\":\"ListItem\",\"position\":2,\"name\":\"President Jahjaga participated at the meeting of the Consultative Council for Communities\"}]},{\"@type\":\"WebSite\",\"@id\":\"https:\/\/president-ksgov.net\/#website\",\"url\":\"https:\/\/president-ksgov.net\/\",\"name\":\"Presidente e Republik\u00ebs s\u00eb Kosov\u00ebs\",\"description\":\"Presidente e Republik\u00ebs s\u00eb Kosov\u00ebs\",\"alternateName\":\"DR. VJOSA OSMANI - SADRIU\",\"potentialAction\":[{\"@type\":\"SearchAction\",\"target\":{\"@type\":\"EntryPoint\",\"urlTemplate\":\"https:\/\/president-ksgov.net\/?s={search_term_string}\"},\"query-input\":{\"@type\":\"PropertyValueSpecification\",\"valueRequired\":true,\"valueName\":\"search_term_string\"}}],\"inLanguage\":\"en-US\"},{\"@type\":\"Person\",\"@id\":\"https:\/\/president-ksgov.net\/#\/schema\/person\/bb4337a5fb147cb2046d80548172cbee\",\"name\":\"admin\",\"image\":{\"@type\":\"ImageObject\",\"inLanguage\":\"en-US\",\"@id\":\"https:\/\/president-ksgov.net\/#\/schema\/person\/image\/\",\"url\":\"https:\/\/secure.gravatar.com\/avatar\/36156ca0fa3b8d9d25174f146e16beea0cf28f37adf1b9e19b6c9c279a7c9dd3?s=96&d=mm&r=g\",\"contentUrl\":\"https:\/\/secure.gravatar.com\/avatar\/36156ca0fa3b8d9d25174f146e16beea0cf28f37adf1b9e19b6c9c279a7c9dd3?s=96&d=mm&r=g\",\"caption\":\"admin\"},\"sameAs\":[\"https:\/\/president-ksgov.net\"]}]}<\/script>\n<!-- \/ Yoast SEO plugin. -->","yoast_head_json":{"title":"President Jahjaga participated at the meeting of the Consultative Council for Communities - President of the Republic of Kosovo - DR. VJOSA OSMANI - SADRIU","description":"President Jahjaga participated at the meeting of the Consultative Council for Communities - President of the Republic of Kosovo - DR. VJOSA OSMANI - SADRIU -","robots":{"index":"index","follow":"follow","max-snippet":"max-snippet:-1","max-image-preview":"max-image-preview:large","max-video-preview":"max-video-preview:-1"},"canonical":"https:\/\/president-ksgov.net\/presidentja-jahjaga-mori-pjese-ne-mbledhjen-e-keshillit-konsultativ-per-komunitete\/","og_locale":"en_US","og_type":"article","og_title":"President Jahjaga participated at the meeting of the Consultative Council for Communities - President of the Republic of Kosovo - DR. VJOSA OSMANI - SADRIU","og_description":"President Jahjaga participated at the meeting of the Consultative Council for Communities - President of the Republic of Kosovo - DR. VJOSA OSMANI - SADRIU -","og_url":"https:\/\/president-ksgov.net\/presidentja-jahjaga-mori-pjese-ne-mbledhjen-e-keshillit-konsultativ-per-komunitete\/","og_site_name":"President of the Republic of Kosovo - DR. VJOSA OSMANI - SADRIU","article_published_time":"2011-06-09T17:23:46+00:00","article_modified_time":"2023-03-07T11:15:13+00:00","og_image":[{"width":1000,"height":667,"url":"https:\/\/president-ksgov.net\/wp-content\/uploads\/09_06_2011_Takim_Keshilli_Konsultativ_21.jpg","type":"image\/jpeg"}],"author":"admin","twitter_card":"summary_large_image","twitter_misc":{"Written by":"admin","Est. reading time":"1 minute"},"schema":{"@context":"https:\/\/schema.org","@graph":[{"@type":"WebPage","@id":"https:\/\/president-ksgov.net\/presidentja-jahjaga-mori-pjese-ne-mbledhjen-e-keshillit-konsultativ-per-komunitete\/","url":"https:\/\/president-ksgov.net\/presidentja-jahjaga-mori-pjese-ne-mbledhjen-e-keshillit-konsultativ-per-komunitete\/","name":"President Jahjaga participated at the meeting of the Consultative Council for Communities - President of the Republic of Kosovo - DR. VJOSA OSMANI - SADRIU","isPartOf":{"@id":"https:\/\/president-ksgov.net\/#website"},"primaryImageOfPage":{"@id":"https:\/\/president-ksgov.net\/presidentja-jahjaga-mori-pjese-ne-mbledhjen-e-keshillit-konsultativ-per-komunitete\/#primaryimage"},"image":{"@id":"https:\/\/president-ksgov.net\/presidentja-jahjaga-mori-pjese-ne-mbledhjen-e-keshillit-konsultativ-per-komunitete\/#primaryimage"},"thumbnailUrl":"https:\/\/president-ksgov.net\/wp-content\/uploads\/09_06_2011_Takim_Keshilli_Konsultativ_21.jpg","datePublished":"2011-06-09T17:23:46+00:00","dateModified":"2023-03-07T11:15:13+00:00","author":{"@id":"https:\/\/president-ksgov.net\/#\/schema\/person\/bb4337a5fb147cb2046d80548172cbee"},"description":"President Jahjaga participated at the meeting of the Consultative Council for Communities - President of the Republic of Kosovo - DR. VJOSA OSMANI - SADRIU -","breadcrumb":{"@id":"https:\/\/president-ksgov.net\/presidentja-jahjaga-mori-pjese-ne-mbledhjen-e-keshillit-konsultativ-per-komunitete\/#breadcrumb"},"inLanguage":"en-US","potentialAction":[{"@type":"ReadAction","target":["https:\/\/president-ksgov.net\/presidentja-jahjaga-mori-pjese-ne-mbledhjen-e-keshillit-konsultativ-per-komunitete\/"]}]},{"@type":"ImageObject","inLanguage":"en-US","@id":"https:\/\/president-ksgov.net\/presidentja-jahjaga-mori-pjese-ne-mbledhjen-e-keshillit-konsultativ-per-komunitete\/#primaryimage","url":"https:\/\/president-ksgov.net\/wp-content\/uploads\/09_06_2011_Takim_Keshilli_Konsultativ_21.jpg","contentUrl":"https:\/\/president-ksgov.net\/wp-content\/uploads\/09_06_2011_Takim_Keshilli_Konsultativ_21.jpg","width":1000,"height":667},{"@type":"BreadcrumbList","@id":"https:\/\/president-ksgov.net\/presidentja-jahjaga-mori-pjese-ne-mbledhjen-e-keshillit-konsultativ-per-komunitete\/#breadcrumb","itemListElement":[{"@type":"ListItem","position":1,"name":"Home","item":"https:\/\/president-ksgov.net\/en\/"},{"@type":"ListItem","position":2,"name":"President Jahjaga participated at the meeting of the Consultative Council for Communities"}]},{"@type":"WebSite","@id":"https:\/\/president-ksgov.net\/#website","url":"https:\/\/president-ksgov.net\/","name":"Presidente e Republik\u00ebs s\u00eb Kosov\u00ebs","description":"Presidente e Republik\u00ebs s\u00eb Kosov\u00ebs","alternateName":"DR. VJOSA OSMANI - SADRIU","potentialAction":[{"@type":"SearchAction","target":{"@type":"EntryPoint","urlTemplate":"https:\/\/president-ksgov.net\/?s={search_term_string}"},"query-input":{"@type":"PropertyValueSpecification","valueRequired":true,"valueName":"search_term_string"}}],"inLanguage":"en-US"},{"@type":"Person","@id":"https:\/\/president-ksgov.net\/#\/schema\/person\/bb4337a5fb147cb2046d80548172cbee","name":"admin","image":{"@type":"ImageObject","inLanguage":"en-US","@id":"https:\/\/president-ksgov.net\/#\/schema\/person\/image\/","url":"https:\/\/secure.gravatar.com\/avatar\/36156ca0fa3b8d9d25174f146e16beea0cf28f37adf1b9e19b6c9c279a7c9dd3?s=96&d=mm&r=g","contentUrl":"https:\/\/secure.gravatar.com\/avatar\/36156ca0fa3b8d9d25174f146e16beea0cf28f37adf1b9e19b6c9c279a7c9dd3?s=96&d=mm&r=g","caption":"admin"},"sameAs":["https:\/\/president-ksgov.net"]}]}},"_links":{"self":[{"href":"https:\/\/president-ksgov.net\/en\/wp-json\/wp\/v2\/posts\/71906","targetHints":{"allow":["GET"]}}],"collection":[{"href":"https:\/\/president-ksgov.net\/en\/wp-json\/wp\/v2\/posts"}],"about":[{"href":"https:\/\/president-ksgov.net\/en\/wp-json\/wp\/v2\/types\/post"}],"author":[{"embeddable":true,"href":"https:\/\/president-ksgov.net\/en\/wp-json\/wp\/v2\/users\/1"}],"replies":[{"embeddable":true,"href":"https:\/\/president-ksgov.net\/en\/wp-json\/wp\/v2\/comments?post=71906"}],"version-history":[{"count":0,"href":"https:\/\/president-ksgov.net\/en\/wp-json\/wp\/v2\/posts\/71906\/revisions"}],"wp:featuredmedia":[{"embeddable":true,"href":"https:\/\/president-ksgov.net\/en\/wp-json\/wp\/v2\/media\/60510"}],"wp:attachment":[{"href":"https:\/\/president-ksgov.net\/en\/wp-json\/wp\/v2\/media?parent=71906"}],"wp:term":[{"taxonomy":"category","embeddable":true,"href":"https:\/\/president-ksgov.net\/en\/wp-json\/wp\/v2\/categories?post=71906"},{"taxonomy":"post_tag","embeddable":true,"href":"https:\/\/president-ksgov.net\/en\/wp-json\/wp\/v2\/tags?post=71906"}],"curies":[{"name":"wp","href":"https:\/\/api.w.org\/{rel}","templated":true}]}}