{"id":71621,"date":"2011-11-05T11:37:21","date_gmt":"2011-11-05T11:37:21","guid":{"rendered":"https:\/\/dev.president-ksgov.net\/the-felicitation-of-president-jahjaga-on-the-occasion-of-the-feast-of-kurban-bajram\/"},"modified":"2023-03-07T11:08:49","modified_gmt":"2023-03-07T11:08:49","slug":"the-felicitation-of-president-jahjaga-on-the-occasion-of-the-feast-of-kurban-bajram","status":"publish","type":"post","link":"https:\/\/president-ksgov.net\/en\/the-felicitation-of-president-jahjaga-on-the-occasion-of-the-feast-of-kurban-bajram\/","title":{"rendered":"The felicitation of President Jahjaga on the occasion of the feast of Kurban Bajram"},"content":{"rendered":"<p>On the occasion of the Kurban Bajram, The President of the Republic of Kosovo, Mrs. Atifete Jahjaga congratulated the citizens of Kosova and leadership of the Islamic Community of Kosovo.<\/p>\n<p>In the felicitation it is said:<\/p>\n<p>I congratulate all the citizens and Muslims believers of the Republic of Kosovo on the ocassion of the Kurban Bajram.<\/p>\n<p>The Feast of the Kurban Bajram is a day of faith in God, a day of reverence, understanding and respect for each other, a day of peace and happiness of all people.<\/p>\n<p>Our country, this year, receives this feast with great achievements in many fields, achievements on which, all of us together, will work to bring them further ahead. The Republic of Kosovo is an example of tolerance and coexistence of different religions and this makes it richer and more powerful.<\/p>\n<p>On this day of celebration, let us remember them who need our helping hand. Let us be near to them and celebrate together.<\/p>\n<p>Only by helping others this feast truly conveys its message.<\/p>\n<p>Happy Kurban Bajram!<\/p>\n","protected":false},"excerpt":{"rendered":"<p>On the occasion of the Kurban Bajram, The President of the Republic of Kosovo, Mrs. Atifete Jahjaga congratulated the citizens of Kosova and leadership of the Islamic Community of Kosovo.<\/p>\n","protected":false},"author":1,"featured_media":86338,"comment_status":"open","ping_status":"closed","sticky":false,"template":"","format":"standard","meta":{"_eb_attr":"","footnotes":""},"categories":[111],"tags":[],"class_list":["post-71621","post","type-post","status-publish","format-standard","has-post-thumbnail","hentry","category-news"],"yoast_head":"<!-- This site is optimized with the Yoast SEO plugin v23.5 - https:\/\/yoast.com\/wordpress\/plugins\/seo\/ -->\n<title>The felicitation of President Jahjaga on the occasion of the feast of Kurban Bajram - President of the Republic of Kosovo - DR. VJOSA OSMANI - SADRIU<\/title>\n<meta name=\"description\" content=\"The felicitation of President Jahjaga on the occasion of the feast of Kurban Bajram - President of the Republic of Kosovo - DR. VJOSA OSMANI - SADRIU -\" \/>\n<meta name=\"robots\" content=\"index, follow, max-snippet:-1, max-image-preview:large, max-video-preview:-1\" \/>\n<link rel=\"canonical\" href=\"https:\/\/president-ksgov.net\/urimi-i-presidentes-jahjaga-me-rastin-e-festes-se-bajramit-te-vogel-2\/\" \/>\n<meta property=\"og:locale\" content=\"en_US\" \/>\n<meta property=\"og:type\" content=\"article\" \/>\n<meta property=\"og:title\" content=\"The felicitation of President Jahjaga on the occasion of the feast of Kurban Bajram - President of the Republic of Kosovo - DR. VJOSA OSMANI - SADRIU\" \/>\n<meta property=\"og:description\" content=\"The felicitation of President Jahjaga on the occasion of the feast of Kurban Bajram - President of the Republic of Kosovo - DR. VJOSA OSMANI - SADRIU -\" \/>\n<meta property=\"og:url\" content=\"https:\/\/president-ksgov.net\/urimi-i-presidentes-jahjaga-me-rastin-e-festes-se-bajramit-te-vogel-2\/\" \/>\n<meta property=\"og:site_name\" content=\"President of the Republic of Kosovo - DR. VJOSA OSMANI - SADRIU\" \/>\n<meta property=\"article:published_time\" content=\"2011-11-05T11:37:21+00:00\" \/>\n<meta property=\"article:modified_time\" content=\"2023-03-07T11:08:49+00:00\" \/>\n<meta property=\"og:image\" content=\"https:\/\/president-ksgov.net\/wp-content\/uploads\/Zyra-e-Presidentes-Featured-Image1-e1678970937938.png\" \/>\n\t<meta property=\"og:image:width\" content=\"1024\" \/>\n\t<meta property=\"og:image:height\" content=\"716\" \/>\n\t<meta property=\"og:image:type\" content=\"image\/png\" \/>\n<meta name=\"author\" content=\"admin\" \/>\n<meta name=\"twitter:card\" content=\"summary_large_image\" \/>\n<meta name=\"twitter:label1\" content=\"Written by\" \/>\n\t<meta name=\"twitter:data1\" content=\"admin\" \/>\n\t<meta name=\"twitter:label2\" content=\"Est. reading time\" \/>\n\t<meta name=\"twitter:data2\" content=\"1 minute\" \/>\n<script type=\"application\/ld+json\" class=\"yoast-schema-graph\">{\"@context\":\"https:\/\/schema.org\",\"@graph\":[{\"@type\":\"WebPage\",\"@id\":\"https:\/\/president-ksgov.net\/urimi-i-presidentes-jahjaga-me-rastin-e-festes-se-bajramit-te-vogel-2\/\",\"url\":\"https:\/\/president-ksgov.net\/urimi-i-presidentes-jahjaga-me-rastin-e-festes-se-bajramit-te-vogel-2\/\",\"name\":\"The felicitation of President Jahjaga on the occasion of the feast of Kurban Bajram - President of the Republic of Kosovo - DR. VJOSA OSMANI - SADRIU\",\"isPartOf\":{\"@id\":\"https:\/\/president-ksgov.net\/#website\"},\"primaryImageOfPage\":{\"@id\":\"https:\/\/president-ksgov.net\/urimi-i-presidentes-jahjaga-me-rastin-e-festes-se-bajramit-te-vogel-2\/#primaryimage\"},\"image\":{\"@id\":\"https:\/\/president-ksgov.net\/urimi-i-presidentes-jahjaga-me-rastin-e-festes-se-bajramit-te-vogel-2\/#primaryimage\"},\"thumbnailUrl\":\"https:\/\/president-ksgov.net\/wp-content\/uploads\/Zyra-e-Presidentes-Featured-Image1-e1678970937938.png\",\"datePublished\":\"2011-11-05T11:37:21+00:00\",\"dateModified\":\"2023-03-07T11:08:49+00:00\",\"author\":{\"@id\":\"https:\/\/president-ksgov.net\/#\/schema\/person\/bb4337a5fb147cb2046d80548172cbee\"},\"description\":\"The felicitation of President Jahjaga on the occasion of the feast of Kurban Bajram - President of the Republic of Kosovo - DR. VJOSA OSMANI - SADRIU -\",\"breadcrumb\":{\"@id\":\"https:\/\/president-ksgov.net\/urimi-i-presidentes-jahjaga-me-rastin-e-festes-se-bajramit-te-vogel-2\/#breadcrumb\"},\"inLanguage\":\"en-US\",\"potentialAction\":[{\"@type\":\"ReadAction\",\"target\":[\"https:\/\/president-ksgov.net\/urimi-i-presidentes-jahjaga-me-rastin-e-festes-se-bajramit-te-vogel-2\/\"]}]},{\"@type\":\"ImageObject\",\"inLanguage\":\"en-US\",\"@id\":\"https:\/\/president-ksgov.net\/urimi-i-presidentes-jahjaga-me-rastin-e-festes-se-bajramit-te-vogel-2\/#primaryimage\",\"url\":\"https:\/\/president-ksgov.net\/wp-content\/uploads\/Zyra-e-Presidentes-Featured-Image1-e1678970937938.png\",\"contentUrl\":\"https:\/\/president-ksgov.net\/wp-content\/uploads\/Zyra-e-Presidentes-Featured-Image1-e1678970937938.png\",\"width\":1024,\"height\":716},{\"@type\":\"BreadcrumbList\",\"@id\":\"https:\/\/president-ksgov.net\/urimi-i-presidentes-jahjaga-me-rastin-e-festes-se-bajramit-te-vogel-2\/#breadcrumb\",\"itemListElement\":[{\"@type\":\"ListItem\",\"position\":1,\"name\":\"Home\",\"item\":\"https:\/\/president-ksgov.net\/en\/\"},{\"@type\":\"ListItem\",\"position\":2,\"name\":\"The felicitation of President Jahjaga on the occasion of the feast of Kurban Bajram\"}]},{\"@type\":\"WebSite\",\"@id\":\"https:\/\/president-ksgov.net\/#website\",\"url\":\"https:\/\/president-ksgov.net\/\",\"name\":\"Presidente e Republik\u00ebs s\u00eb Kosov\u00ebs\",\"description\":\"Presidente e Republik\u00ebs s\u00eb Kosov\u00ebs\",\"alternateName\":\"DR. VJOSA OSMANI - SADRIU\",\"potentialAction\":[{\"@type\":\"SearchAction\",\"target\":{\"@type\":\"EntryPoint\",\"urlTemplate\":\"https:\/\/president-ksgov.net\/?s={search_term_string}\"},\"query-input\":{\"@type\":\"PropertyValueSpecification\",\"valueRequired\":true,\"valueName\":\"search_term_string\"}}],\"inLanguage\":\"en-US\"},{\"@type\":\"Person\",\"@id\":\"https:\/\/president-ksgov.net\/#\/schema\/person\/bb4337a5fb147cb2046d80548172cbee\",\"name\":\"admin\",\"image\":{\"@type\":\"ImageObject\",\"inLanguage\":\"en-US\",\"@id\":\"https:\/\/president-ksgov.net\/#\/schema\/person\/image\/\",\"url\":\"https:\/\/secure.gravatar.com\/avatar\/36156ca0fa3b8d9d25174f146e16beea0cf28f37adf1b9e19b6c9c279a7c9dd3?s=96&d=mm&r=g\",\"contentUrl\":\"https:\/\/secure.gravatar.com\/avatar\/36156ca0fa3b8d9d25174f146e16beea0cf28f37adf1b9e19b6c9c279a7c9dd3?s=96&d=mm&r=g\",\"caption\":\"admin\"},\"sameAs\":[\"https:\/\/president-ksgov.net\"]}]}<\/script>\n<!-- \/ Yoast SEO plugin. -->","yoast_head_json":{"title":"The felicitation of President Jahjaga on the occasion of the feast of Kurban Bajram - President of the Republic of Kosovo - DR. VJOSA OSMANI - SADRIU","description":"The felicitation of President Jahjaga on the occasion of the feast of Kurban Bajram - President of the Republic of Kosovo - DR. VJOSA OSMANI - SADRIU -","robots":{"index":"index","follow":"follow","max-snippet":"max-snippet:-1","max-image-preview":"max-image-preview:large","max-video-preview":"max-video-preview:-1"},"canonical":"https:\/\/president-ksgov.net\/urimi-i-presidentes-jahjaga-me-rastin-e-festes-se-bajramit-te-vogel-2\/","og_locale":"en_US","og_type":"article","og_title":"The felicitation of President Jahjaga on the occasion of the feast of Kurban Bajram - President of the Republic of Kosovo - DR. VJOSA OSMANI - SADRIU","og_description":"The felicitation of President Jahjaga on the occasion of the feast of Kurban Bajram - President of the Republic of Kosovo - DR. VJOSA OSMANI - SADRIU -","og_url":"https:\/\/president-ksgov.net\/urimi-i-presidentes-jahjaga-me-rastin-e-festes-se-bajramit-te-vogel-2\/","og_site_name":"President of the Republic of Kosovo - DR. VJOSA OSMANI - SADRIU","article_published_time":"2011-11-05T11:37:21+00:00","article_modified_time":"2023-03-07T11:08:49+00:00","og_image":[{"width":1024,"height":716,"url":"https:\/\/president-ksgov.net\/wp-content\/uploads\/Zyra-e-Presidentes-Featured-Image1-e1678970937938.png","type":"image\/png"}],"author":"admin","twitter_card":"summary_large_image","twitter_misc":{"Written by":"admin","Est. reading time":"1 minute"},"schema":{"@context":"https:\/\/schema.org","@graph":[{"@type":"WebPage","@id":"https:\/\/president-ksgov.net\/urimi-i-presidentes-jahjaga-me-rastin-e-festes-se-bajramit-te-vogel-2\/","url":"https:\/\/president-ksgov.net\/urimi-i-presidentes-jahjaga-me-rastin-e-festes-se-bajramit-te-vogel-2\/","name":"The felicitation of President Jahjaga on the occasion of the feast of Kurban Bajram - President of the Republic of Kosovo - DR. VJOSA OSMANI - SADRIU","isPartOf":{"@id":"https:\/\/president-ksgov.net\/#website"},"primaryImageOfPage":{"@id":"https:\/\/president-ksgov.net\/urimi-i-presidentes-jahjaga-me-rastin-e-festes-se-bajramit-te-vogel-2\/#primaryimage"},"image":{"@id":"https:\/\/president-ksgov.net\/urimi-i-presidentes-jahjaga-me-rastin-e-festes-se-bajramit-te-vogel-2\/#primaryimage"},"thumbnailUrl":"https:\/\/president-ksgov.net\/wp-content\/uploads\/Zyra-e-Presidentes-Featured-Image1-e1678970937938.png","datePublished":"2011-11-05T11:37:21+00:00","dateModified":"2023-03-07T11:08:49+00:00","author":{"@id":"https:\/\/president-ksgov.net\/#\/schema\/person\/bb4337a5fb147cb2046d80548172cbee"},"description":"The felicitation of President Jahjaga on the occasion of the feast of Kurban Bajram - President of the Republic of Kosovo - DR. VJOSA OSMANI - SADRIU -","breadcrumb":{"@id":"https:\/\/president-ksgov.net\/urimi-i-presidentes-jahjaga-me-rastin-e-festes-se-bajramit-te-vogel-2\/#breadcrumb"},"inLanguage":"en-US","potentialAction":[{"@type":"ReadAction","target":["https:\/\/president-ksgov.net\/urimi-i-presidentes-jahjaga-me-rastin-e-festes-se-bajramit-te-vogel-2\/"]}]},{"@type":"ImageObject","inLanguage":"en-US","@id":"https:\/\/president-ksgov.net\/urimi-i-presidentes-jahjaga-me-rastin-e-festes-se-bajramit-te-vogel-2\/#primaryimage","url":"https:\/\/president-ksgov.net\/wp-content\/uploads\/Zyra-e-Presidentes-Featured-Image1-e1678970937938.png","contentUrl":"https:\/\/president-ksgov.net\/wp-content\/uploads\/Zyra-e-Presidentes-Featured-Image1-e1678970937938.png","width":1024,"height":716},{"@type":"BreadcrumbList","@id":"https:\/\/president-ksgov.net\/urimi-i-presidentes-jahjaga-me-rastin-e-festes-se-bajramit-te-vogel-2\/#breadcrumb","itemListElement":[{"@type":"ListItem","position":1,"name":"Home","item":"https:\/\/president-ksgov.net\/en\/"},{"@type":"ListItem","position":2,"name":"The felicitation of President Jahjaga on the occasion of the feast of Kurban Bajram"}]},{"@type":"WebSite","@id":"https:\/\/president-ksgov.net\/#website","url":"https:\/\/president-ksgov.net\/","name":"Presidente e Republik\u00ebs s\u00eb Kosov\u00ebs","description":"Presidente e Republik\u00ebs s\u00eb Kosov\u00ebs","alternateName":"DR. VJOSA OSMANI - SADRIU","potentialAction":[{"@type":"SearchAction","target":{"@type":"EntryPoint","urlTemplate":"https:\/\/president-ksgov.net\/?s={search_term_string}"},"query-input":{"@type":"PropertyValueSpecification","valueRequired":true,"valueName":"search_term_string"}}],"inLanguage":"en-US"},{"@type":"Person","@id":"https:\/\/president-ksgov.net\/#\/schema\/person\/bb4337a5fb147cb2046d80548172cbee","name":"admin","image":{"@type":"ImageObject","inLanguage":"en-US","@id":"https:\/\/president-ksgov.net\/#\/schema\/person\/image\/","url":"https:\/\/secure.gravatar.com\/avatar\/36156ca0fa3b8d9d25174f146e16beea0cf28f37adf1b9e19b6c9c279a7c9dd3?s=96&d=mm&r=g","contentUrl":"https:\/\/secure.gravatar.com\/avatar\/36156ca0fa3b8d9d25174f146e16beea0cf28f37adf1b9e19b6c9c279a7c9dd3?s=96&d=mm&r=g","caption":"admin"},"sameAs":["https:\/\/president-ksgov.net"]}]}},"_links":{"self":[{"href":"https:\/\/president-ksgov.net\/en\/wp-json\/wp\/v2\/posts\/71621","targetHints":{"allow":["GET"]}}],"collection":[{"href":"https:\/\/president-ksgov.net\/en\/wp-json\/wp\/v2\/posts"}],"about":[{"href":"https:\/\/president-ksgov.net\/en\/wp-json\/wp\/v2\/types\/post"}],"author":[{"embeddable":true,"href":"https:\/\/president-ksgov.net\/en\/wp-json\/wp\/v2\/users\/1"}],"replies":[{"embeddable":true,"href":"https:\/\/president-ksgov.net\/en\/wp-json\/wp\/v2\/comments?post=71621"}],"version-history":[{"count":0,"href":"https:\/\/president-ksgov.net\/en\/wp-json\/wp\/v2\/posts\/71621\/revisions"}],"wp:featuredmedia":[{"embeddable":true,"href":"https:\/\/president-ksgov.net\/en\/wp-json\/wp\/v2\/media\/86338"}],"wp:attachment":[{"href":"https:\/\/president-ksgov.net\/en\/wp-json\/wp\/v2\/media?parent=71621"}],"wp:term":[{"taxonomy":"category","embeddable":true,"href":"https:\/\/president-ksgov.net\/en\/wp-json\/wp\/v2\/categories?post=71621"},{"taxonomy":"post_tag","embeddable":true,"href":"https:\/\/president-ksgov.net\/en\/wp-json\/wp\/v2\/tags?post=71621"}],"curies":[{"name":"wp","href":"https:\/\/api.w.org\/{rel}","templated":true}]}}