{"id":71620,"date":"2011-11-05T17:11:13","date_gmt":"2011-11-05T17:11:13","guid":{"rendered":"https:\/\/dev.president-ksgov.net\/president-obama-congratulates-president-jahjaga-on-the-occasion-of-eid-al-adha\/"},"modified":"2023-03-07T11:08:49","modified_gmt":"2023-03-07T11:08:49","slug":"president-obama-congratulates-president-jahjaga-on-the-occasion-of-eid-al-adha","status":"publish","type":"post","link":"https:\/\/president-ksgov.net\/en\/president-obama-congratulates-president-jahjaga-on-the-occasion-of-eid-al-adha\/","title":{"rendered":"President Obama congratulates President Jahjaga on the occasion of Eid al-Adha"},"content":{"rendered":"<p>The President of the USA, Barack Obama has congratulated the President of the Republic of Kosovo, Madam Atifete Jahjaga, on the occasion of Eid al-Adha.<\/p>\n<p>In the felicitation it is said:<\/p>\n<p>Dear Madam President:<\/p>\n<p>As the annual Hajj pilgrimage concludes in Mecca, Michelle and I would like to send our best wishes to Muslims in America and around the world on the occasion of Eid al-Adha, and particularly to returning pilgrims on the successful fulfillment of a central pillar of Islam.<\/p>\n<p>We are proud that thousands of American Muslims have joined nearly three million Muslims to perform the Hajj, whose rituals serve as reminders of the shared Abrahamic roots of three of the world&#8217;s major religions. In addition to those who made the pilgrimage this year, Muslims throughout the world will spend this Eid reflecting on their relationship with God and commemorating Abraham&#8217;s willingness to sacrifice his son by donating food to the less fortunate. Many of the world&#8217;s Muslims have also chosen to show their readiness to be generous to those who are today in dire need, including those in the Horn of Africa who suffer from drought and famine.<\/p>\n<p>When so many people from diverse ethnic and economic backgrounds overcome their differences in order to focus on something greater, it is a lesson of all humanity that our diversity is a God-given source of strength that should be embraced.<\/p>\n<p>On behalf of the American people, we would like to extend Eid greetings to Muslims around the world during this special time and our congratulations to those who have successfully completed the Hajj. Eid Mubarak.<\/p>\n<p>Sincerely, <\/p>\n<p>Barack Obama<\/p>\n","protected":false},"excerpt":{"rendered":"<p>The President of the USA, Barack Obama has congratulated the President of the Republic of Kosovo, Madam Atifete Jahjaga, on the occasion of Eid al-Adha.<\/p>\n","protected":false},"author":1,"featured_media":86338,"comment_status":"open","ping_status":"closed","sticky":false,"template":"","format":"standard","meta":{"_eb_attr":"","footnotes":""},"categories":[111],"tags":[],"class_list":["post-71620","post","type-post","status-publish","format-standard","has-post-thumbnail","hentry","category-news"],"yoast_head":"<!-- This site is optimized with the Yoast SEO plugin v23.5 - https:\/\/yoast.com\/wordpress\/plugins\/seo\/ -->\n<title>President Obama congratulates President Jahjaga on the occasion of Eid al-Adha - President of the Republic of Kosovo - DR. VJOSA OSMANI - SADRIU<\/title>\n<meta name=\"description\" content=\"President Obama congratulates President Jahjaga on the occasion of Eid al-Adha - President of the Republic of Kosovo - DR. VJOSA OSMANI - SADRIU -\" \/>\n<meta name=\"robots\" content=\"index, follow, max-snippet:-1, max-image-preview:large, max-video-preview:-1\" \/>\n<link rel=\"canonical\" href=\"https:\/\/president-ksgov.net\/presidenti-obama-uron-presidenten-jahjaga-me-rastin-e-festes-se-bajramit-te-vogel\/\" \/>\n<meta property=\"og:locale\" content=\"en_US\" \/>\n<meta property=\"og:type\" content=\"article\" \/>\n<meta property=\"og:title\" content=\"President Obama congratulates President Jahjaga on the occasion of Eid al-Adha - President of the Republic of Kosovo - DR. VJOSA OSMANI - SADRIU\" \/>\n<meta property=\"og:description\" content=\"President Obama congratulates President Jahjaga on the occasion of Eid al-Adha - President of the Republic of Kosovo - DR. VJOSA OSMANI - SADRIU -\" \/>\n<meta property=\"og:url\" content=\"https:\/\/president-ksgov.net\/presidenti-obama-uron-presidenten-jahjaga-me-rastin-e-festes-se-bajramit-te-vogel\/\" \/>\n<meta property=\"og:site_name\" content=\"President of the Republic of Kosovo - DR. VJOSA OSMANI - SADRIU\" \/>\n<meta property=\"article:published_time\" content=\"2011-11-05T17:11:13+00:00\" \/>\n<meta property=\"article:modified_time\" content=\"2023-03-07T11:08:49+00:00\" \/>\n<meta property=\"og:image\" content=\"https:\/\/president-ksgov.net\/wp-content\/uploads\/Zyra-e-Presidentes-Featured-Image1-e1678970937938.png\" \/>\n\t<meta property=\"og:image:width\" content=\"1024\" \/>\n\t<meta property=\"og:image:height\" content=\"716\" \/>\n\t<meta property=\"og:image:type\" content=\"image\/png\" \/>\n<meta name=\"author\" content=\"admin\" \/>\n<meta name=\"twitter:card\" content=\"summary_large_image\" \/>\n<meta name=\"twitter:label1\" content=\"Written by\" \/>\n\t<meta name=\"twitter:data1\" content=\"admin\" \/>\n\t<meta name=\"twitter:label2\" content=\"Est. reading time\" \/>\n\t<meta name=\"twitter:data2\" content=\"1 minute\" \/>\n<script type=\"application\/ld+json\" class=\"yoast-schema-graph\">{\"@context\":\"https:\/\/schema.org\",\"@graph\":[{\"@type\":\"WebPage\",\"@id\":\"https:\/\/president-ksgov.net\/presidenti-obama-uron-presidenten-jahjaga-me-rastin-e-festes-se-bajramit-te-vogel\/\",\"url\":\"https:\/\/president-ksgov.net\/presidenti-obama-uron-presidenten-jahjaga-me-rastin-e-festes-se-bajramit-te-vogel\/\",\"name\":\"President Obama congratulates President Jahjaga on the occasion of Eid al-Adha - President of the Republic of Kosovo - DR. VJOSA OSMANI - SADRIU\",\"isPartOf\":{\"@id\":\"https:\/\/president-ksgov.net\/#website\"},\"primaryImageOfPage\":{\"@id\":\"https:\/\/president-ksgov.net\/presidenti-obama-uron-presidenten-jahjaga-me-rastin-e-festes-se-bajramit-te-vogel\/#primaryimage\"},\"image\":{\"@id\":\"https:\/\/president-ksgov.net\/presidenti-obama-uron-presidenten-jahjaga-me-rastin-e-festes-se-bajramit-te-vogel\/#primaryimage\"},\"thumbnailUrl\":\"https:\/\/president-ksgov.net\/wp-content\/uploads\/Zyra-e-Presidentes-Featured-Image1-e1678970937938.png\",\"datePublished\":\"2011-11-05T17:11:13+00:00\",\"dateModified\":\"2023-03-07T11:08:49+00:00\",\"author\":{\"@id\":\"https:\/\/president-ksgov.net\/#\/schema\/person\/bb4337a5fb147cb2046d80548172cbee\"},\"description\":\"President Obama congratulates President Jahjaga on the occasion of Eid al-Adha - President of the Republic of Kosovo - DR. VJOSA OSMANI - SADRIU -\",\"breadcrumb\":{\"@id\":\"https:\/\/president-ksgov.net\/presidenti-obama-uron-presidenten-jahjaga-me-rastin-e-festes-se-bajramit-te-vogel\/#breadcrumb\"},\"inLanguage\":\"en-US\",\"potentialAction\":[{\"@type\":\"ReadAction\",\"target\":[\"https:\/\/president-ksgov.net\/presidenti-obama-uron-presidenten-jahjaga-me-rastin-e-festes-se-bajramit-te-vogel\/\"]}]},{\"@type\":\"ImageObject\",\"inLanguage\":\"en-US\",\"@id\":\"https:\/\/president-ksgov.net\/presidenti-obama-uron-presidenten-jahjaga-me-rastin-e-festes-se-bajramit-te-vogel\/#primaryimage\",\"url\":\"https:\/\/president-ksgov.net\/wp-content\/uploads\/Zyra-e-Presidentes-Featured-Image1-e1678970937938.png\",\"contentUrl\":\"https:\/\/president-ksgov.net\/wp-content\/uploads\/Zyra-e-Presidentes-Featured-Image1-e1678970937938.png\",\"width\":1024,\"height\":716},{\"@type\":\"BreadcrumbList\",\"@id\":\"https:\/\/president-ksgov.net\/presidenti-obama-uron-presidenten-jahjaga-me-rastin-e-festes-se-bajramit-te-vogel\/#breadcrumb\",\"itemListElement\":[{\"@type\":\"ListItem\",\"position\":1,\"name\":\"Home\",\"item\":\"https:\/\/president-ksgov.net\/en\/\"},{\"@type\":\"ListItem\",\"position\":2,\"name\":\"President Obama congratulates President Jahjaga on the occasion of Eid al-Adha\"}]},{\"@type\":\"WebSite\",\"@id\":\"https:\/\/president-ksgov.net\/#website\",\"url\":\"https:\/\/president-ksgov.net\/\",\"name\":\"Presidente e Republik\u00ebs s\u00eb Kosov\u00ebs\",\"description\":\"Presidente e Republik\u00ebs s\u00eb Kosov\u00ebs\",\"alternateName\":\"DR. VJOSA OSMANI - SADRIU\",\"potentialAction\":[{\"@type\":\"SearchAction\",\"target\":{\"@type\":\"EntryPoint\",\"urlTemplate\":\"https:\/\/president-ksgov.net\/?s={search_term_string}\"},\"query-input\":{\"@type\":\"PropertyValueSpecification\",\"valueRequired\":true,\"valueName\":\"search_term_string\"}}],\"inLanguage\":\"en-US\"},{\"@type\":\"Person\",\"@id\":\"https:\/\/president-ksgov.net\/#\/schema\/person\/bb4337a5fb147cb2046d80548172cbee\",\"name\":\"admin\",\"image\":{\"@type\":\"ImageObject\",\"inLanguage\":\"en-US\",\"@id\":\"https:\/\/president-ksgov.net\/#\/schema\/person\/image\/\",\"url\":\"https:\/\/secure.gravatar.com\/avatar\/36156ca0fa3b8d9d25174f146e16beea0cf28f37adf1b9e19b6c9c279a7c9dd3?s=96&d=mm&r=g\",\"contentUrl\":\"https:\/\/secure.gravatar.com\/avatar\/36156ca0fa3b8d9d25174f146e16beea0cf28f37adf1b9e19b6c9c279a7c9dd3?s=96&d=mm&r=g\",\"caption\":\"admin\"},\"sameAs\":[\"https:\/\/president-ksgov.net\"]}]}<\/script>\n<!-- \/ Yoast SEO plugin. -->","yoast_head_json":{"title":"President Obama congratulates President Jahjaga on the occasion of Eid al-Adha - President of the Republic of Kosovo - DR. VJOSA OSMANI - SADRIU","description":"President Obama congratulates President Jahjaga on the occasion of Eid al-Adha - President of the Republic of Kosovo - DR. VJOSA OSMANI - SADRIU -","robots":{"index":"index","follow":"follow","max-snippet":"max-snippet:-1","max-image-preview":"max-image-preview:large","max-video-preview":"max-video-preview:-1"},"canonical":"https:\/\/president-ksgov.net\/presidenti-obama-uron-presidenten-jahjaga-me-rastin-e-festes-se-bajramit-te-vogel\/","og_locale":"en_US","og_type":"article","og_title":"President Obama congratulates President Jahjaga on the occasion of Eid al-Adha - President of the Republic of Kosovo - DR. VJOSA OSMANI - SADRIU","og_description":"President Obama congratulates President Jahjaga on the occasion of Eid al-Adha - President of the Republic of Kosovo - DR. VJOSA OSMANI - SADRIU -","og_url":"https:\/\/president-ksgov.net\/presidenti-obama-uron-presidenten-jahjaga-me-rastin-e-festes-se-bajramit-te-vogel\/","og_site_name":"President of the Republic of Kosovo - DR. VJOSA OSMANI - SADRIU","article_published_time":"2011-11-05T17:11:13+00:00","article_modified_time":"2023-03-07T11:08:49+00:00","og_image":[{"width":1024,"height":716,"url":"https:\/\/president-ksgov.net\/wp-content\/uploads\/Zyra-e-Presidentes-Featured-Image1-e1678970937938.png","type":"image\/png"}],"author":"admin","twitter_card":"summary_large_image","twitter_misc":{"Written by":"admin","Est. reading time":"1 minute"},"schema":{"@context":"https:\/\/schema.org","@graph":[{"@type":"WebPage","@id":"https:\/\/president-ksgov.net\/presidenti-obama-uron-presidenten-jahjaga-me-rastin-e-festes-se-bajramit-te-vogel\/","url":"https:\/\/president-ksgov.net\/presidenti-obama-uron-presidenten-jahjaga-me-rastin-e-festes-se-bajramit-te-vogel\/","name":"President Obama congratulates President Jahjaga on the occasion of Eid al-Adha - President of the Republic of Kosovo - DR. VJOSA OSMANI - SADRIU","isPartOf":{"@id":"https:\/\/president-ksgov.net\/#website"},"primaryImageOfPage":{"@id":"https:\/\/president-ksgov.net\/presidenti-obama-uron-presidenten-jahjaga-me-rastin-e-festes-se-bajramit-te-vogel\/#primaryimage"},"image":{"@id":"https:\/\/president-ksgov.net\/presidenti-obama-uron-presidenten-jahjaga-me-rastin-e-festes-se-bajramit-te-vogel\/#primaryimage"},"thumbnailUrl":"https:\/\/president-ksgov.net\/wp-content\/uploads\/Zyra-e-Presidentes-Featured-Image1-e1678970937938.png","datePublished":"2011-11-05T17:11:13+00:00","dateModified":"2023-03-07T11:08:49+00:00","author":{"@id":"https:\/\/president-ksgov.net\/#\/schema\/person\/bb4337a5fb147cb2046d80548172cbee"},"description":"President Obama congratulates President Jahjaga on the occasion of Eid al-Adha - President of the Republic of Kosovo - DR. VJOSA OSMANI - SADRIU -","breadcrumb":{"@id":"https:\/\/president-ksgov.net\/presidenti-obama-uron-presidenten-jahjaga-me-rastin-e-festes-se-bajramit-te-vogel\/#breadcrumb"},"inLanguage":"en-US","potentialAction":[{"@type":"ReadAction","target":["https:\/\/president-ksgov.net\/presidenti-obama-uron-presidenten-jahjaga-me-rastin-e-festes-se-bajramit-te-vogel\/"]}]},{"@type":"ImageObject","inLanguage":"en-US","@id":"https:\/\/president-ksgov.net\/presidenti-obama-uron-presidenten-jahjaga-me-rastin-e-festes-se-bajramit-te-vogel\/#primaryimage","url":"https:\/\/president-ksgov.net\/wp-content\/uploads\/Zyra-e-Presidentes-Featured-Image1-e1678970937938.png","contentUrl":"https:\/\/president-ksgov.net\/wp-content\/uploads\/Zyra-e-Presidentes-Featured-Image1-e1678970937938.png","width":1024,"height":716},{"@type":"BreadcrumbList","@id":"https:\/\/president-ksgov.net\/presidenti-obama-uron-presidenten-jahjaga-me-rastin-e-festes-se-bajramit-te-vogel\/#breadcrumb","itemListElement":[{"@type":"ListItem","position":1,"name":"Home","item":"https:\/\/president-ksgov.net\/en\/"},{"@type":"ListItem","position":2,"name":"President Obama congratulates President Jahjaga on the occasion of Eid al-Adha"}]},{"@type":"WebSite","@id":"https:\/\/president-ksgov.net\/#website","url":"https:\/\/president-ksgov.net\/","name":"Presidente e Republik\u00ebs s\u00eb Kosov\u00ebs","description":"Presidente e Republik\u00ebs s\u00eb Kosov\u00ebs","alternateName":"DR. VJOSA OSMANI - SADRIU","potentialAction":[{"@type":"SearchAction","target":{"@type":"EntryPoint","urlTemplate":"https:\/\/president-ksgov.net\/?s={search_term_string}"},"query-input":{"@type":"PropertyValueSpecification","valueRequired":true,"valueName":"search_term_string"}}],"inLanguage":"en-US"},{"@type":"Person","@id":"https:\/\/president-ksgov.net\/#\/schema\/person\/bb4337a5fb147cb2046d80548172cbee","name":"admin","image":{"@type":"ImageObject","inLanguage":"en-US","@id":"https:\/\/president-ksgov.net\/#\/schema\/person\/image\/","url":"https:\/\/secure.gravatar.com\/avatar\/36156ca0fa3b8d9d25174f146e16beea0cf28f37adf1b9e19b6c9c279a7c9dd3?s=96&d=mm&r=g","contentUrl":"https:\/\/secure.gravatar.com\/avatar\/36156ca0fa3b8d9d25174f146e16beea0cf28f37adf1b9e19b6c9c279a7c9dd3?s=96&d=mm&r=g","caption":"admin"},"sameAs":["https:\/\/president-ksgov.net"]}]}},"_links":{"self":[{"href":"https:\/\/president-ksgov.net\/en\/wp-json\/wp\/v2\/posts\/71620","targetHints":{"allow":["GET"]}}],"collection":[{"href":"https:\/\/president-ksgov.net\/en\/wp-json\/wp\/v2\/posts"}],"about":[{"href":"https:\/\/president-ksgov.net\/en\/wp-json\/wp\/v2\/types\/post"}],"author":[{"embeddable":true,"href":"https:\/\/president-ksgov.net\/en\/wp-json\/wp\/v2\/users\/1"}],"replies":[{"embeddable":true,"href":"https:\/\/president-ksgov.net\/en\/wp-json\/wp\/v2\/comments?post=71620"}],"version-history":[{"count":0,"href":"https:\/\/president-ksgov.net\/en\/wp-json\/wp\/v2\/posts\/71620\/revisions"}],"wp:featuredmedia":[{"embeddable":true,"href":"https:\/\/president-ksgov.net\/en\/wp-json\/wp\/v2\/media\/86338"}],"wp:attachment":[{"href":"https:\/\/president-ksgov.net\/en\/wp-json\/wp\/v2\/media?parent=71620"}],"wp:term":[{"taxonomy":"category","embeddable":true,"href":"https:\/\/president-ksgov.net\/en\/wp-json\/wp\/v2\/categories?post=71620"},{"taxonomy":"post_tag","embeddable":true,"href":"https:\/\/president-ksgov.net\/en\/wp-json\/wp\/v2\/tags?post=71620"}],"curies":[{"name":"wp","href":"https:\/\/api.w.org\/{rel}","templated":true}]}}