{"id":71534,"date":"2012-01-31T16:54:48","date_gmt":"2012-01-31T16:54:48","guid":{"rendered":"https:\/\/dev.president-ksgov.net\/president-jahjaga-took-part-at-the-commemorative-academy-of-the-15th-anniversary-of-the-fall-of-zahir-pajaziti-hakif-zejnullahu-and-edmond-hoxha\/"},"modified":"2023-03-07T11:06:15","modified_gmt":"2023-03-07T11:06:15","slug":"president-jahjaga-took-part-at-the-commemorative-academy-of-the-15th-anniversary-of-the-fall-of-zahir-pajaziti-hakif-zejnullahu-and-edmond-hoxha","status":"publish","type":"post","link":"https:\/\/president-ksgov.net\/en\/president-jahjaga-took-part-at-the-commemorative-academy-of-the-15th-anniversary-of-the-fall-of-zahir-pajaziti-hakif-zejnullahu-and-edmond-hoxha\/","title":{"rendered":"President Jahjaga took part at the commemorative academy of the 15th anniversary of the fall of Zahir Pajaziti, Hakif Zejnullahu and Edmond Hoxha"},"content":{"rendered":"<p>The President of the Republic of Kosovo, Mrs. Atifete Jahjaga participated today in the commemorative academy organized on the 15th anniversary of the fall of the Heroes of the Nation, Zahir Pajaziti, Hakif Zejnullahu and Edmond Hoxha.<\/p>\n<p>The academy was also attended by Prime Minister Hashim Tha\u00e7i, under whose auspices the academy was organized, the President of the Assembly, Mr. Krasniqi, ministers and deputies, family members and fellow-fighters of the three heroes of the nation.<br \/>\n\u00a0<\/p>\n","protected":false},"excerpt":{"rendered":"<p>The President of the Republic of Kosovo, Mrs. Atifete Jahjaga participated today in the commemorative academy organized on the 15th anniversary of the fall of the Heroes of the Nation, Zahir Pajaziti, Hakif Zejnullahu and Edmond Hoxha.<\/p>\n","protected":false},"author":1,"featured_media":57663,"comment_status":"open","ping_status":"closed","sticky":false,"template":"","format":"standard","meta":{"_eb_attr":"","footnotes":""},"categories":[111],"tags":[],"class_list":["post-71534","post","type-post","status-publish","format-standard","has-post-thumbnail","hentry","category-news"],"yoast_head":"<!-- This site is optimized with the Yoast SEO plugin v23.5 - https:\/\/yoast.com\/wordpress\/plugins\/seo\/ -->\n<title>President Jahjaga took part at the commemorative academy of the 15th anniversary of the fall of Zahir Pajaziti, Hakif Zejnullahu and Edmond Hoxha - President of the Republic of Kosovo - DR. VJOSA OSMANI - SADRIU<\/title>\n<meta name=\"description\" content=\"President Jahjaga took part at the commemorative academy of the 15th anniversary of the fall of Zahir Pajaziti, Hakif Zejnullahu and Edmond Hoxha - President of the Republic of Kosovo - DR. VJOSA OSMANI - SADRIU -\" \/>\n<meta name=\"robots\" content=\"index, follow, max-snippet:-1, max-image-preview:large, max-video-preview:-1\" \/>\n<link rel=\"canonical\" href=\"https:\/\/president-ksgov.net\/presidentja-jahjaga-mori-pjese-ne-akademine-perkujtimore-ne-15-vjetorin-e-renies-se-zahir-pajazitit-hakif-zejnullahut-e-edmond-hoxhes\/\" \/>\n<meta property=\"og:locale\" content=\"en_US\" \/>\n<meta property=\"og:type\" content=\"article\" \/>\n<meta property=\"og:title\" content=\"President Jahjaga took part at the commemorative academy of the 15th anniversary of the fall of Zahir Pajaziti, Hakif Zejnullahu and Edmond Hoxha - President of the Republic of Kosovo - DR. VJOSA OSMANI - SADRIU\" \/>\n<meta property=\"og:description\" content=\"President Jahjaga took part at the commemorative academy of the 15th anniversary of the fall of Zahir Pajaziti, Hakif Zejnullahu and Edmond Hoxha - President of the Republic of Kosovo - DR. VJOSA OSMANI - SADRIU -\" \/>\n<meta property=\"og:url\" content=\"https:\/\/president-ksgov.net\/presidentja-jahjaga-mori-pjese-ne-akademine-perkujtimore-ne-15-vjetorin-e-renies-se-zahir-pajazitit-hakif-zejnullahut-e-edmond-hoxhes\/\" \/>\n<meta property=\"og:site_name\" content=\"President of the Republic of Kosovo - DR. VJOSA OSMANI - SADRIU\" \/>\n<meta property=\"article:published_time\" content=\"2012-01-31T16:54:48+00:00\" \/>\n<meta property=\"article:modified_time\" content=\"2023-03-07T11:06:15+00:00\" \/>\n<meta property=\"og:image\" content=\"https:\/\/president-ksgov.net\/wp-content\/uploads\/31_01_2012_Akademia_21.jpg\" \/>\n\t<meta property=\"og:image:width\" content=\"1000\" \/>\n\t<meta property=\"og:image:height\" content=\"667\" \/>\n\t<meta property=\"og:image:type\" content=\"image\/jpeg\" \/>\n<meta name=\"author\" content=\"admin\" \/>\n<meta name=\"twitter:card\" content=\"summary_large_image\" \/>\n<meta name=\"twitter:label1\" content=\"Written by\" \/>\n\t<meta name=\"twitter:data1\" content=\"admin\" \/>\n<script type=\"application\/ld+json\" class=\"yoast-schema-graph\">{\"@context\":\"https:\/\/schema.org\",\"@graph\":[{\"@type\":\"WebPage\",\"@id\":\"https:\/\/president-ksgov.net\/presidentja-jahjaga-mori-pjese-ne-akademine-perkujtimore-ne-15-vjetorin-e-renies-se-zahir-pajazitit-hakif-zejnullahut-e-edmond-hoxhes\/\",\"url\":\"https:\/\/president-ksgov.net\/presidentja-jahjaga-mori-pjese-ne-akademine-perkujtimore-ne-15-vjetorin-e-renies-se-zahir-pajazitit-hakif-zejnullahut-e-edmond-hoxhes\/\",\"name\":\"President Jahjaga took part at the commemorative academy of the 15th anniversary of the fall of Zahir Pajaziti, Hakif Zejnullahu and Edmond Hoxha - President of the Republic of Kosovo - DR. VJOSA OSMANI - SADRIU\",\"isPartOf\":{\"@id\":\"https:\/\/president-ksgov.net\/#website\"},\"primaryImageOfPage\":{\"@id\":\"https:\/\/president-ksgov.net\/presidentja-jahjaga-mori-pjese-ne-akademine-perkujtimore-ne-15-vjetorin-e-renies-se-zahir-pajazitit-hakif-zejnullahut-e-edmond-hoxhes\/#primaryimage\"},\"image\":{\"@id\":\"https:\/\/president-ksgov.net\/presidentja-jahjaga-mori-pjese-ne-akademine-perkujtimore-ne-15-vjetorin-e-renies-se-zahir-pajazitit-hakif-zejnullahut-e-edmond-hoxhes\/#primaryimage\"},\"thumbnailUrl\":\"https:\/\/president-ksgov.net\/wp-content\/uploads\/31_01_2012_Akademia_21.jpg\",\"datePublished\":\"2012-01-31T16:54:48+00:00\",\"dateModified\":\"2023-03-07T11:06:15+00:00\",\"author\":{\"@id\":\"https:\/\/president-ksgov.net\/#\/schema\/person\/bb4337a5fb147cb2046d80548172cbee\"},\"description\":\"President Jahjaga took part at the commemorative academy of the 15th anniversary of the fall of Zahir Pajaziti, Hakif Zejnullahu and Edmond Hoxha - President of the Republic of Kosovo - DR. VJOSA OSMANI - SADRIU -\",\"breadcrumb\":{\"@id\":\"https:\/\/president-ksgov.net\/presidentja-jahjaga-mori-pjese-ne-akademine-perkujtimore-ne-15-vjetorin-e-renies-se-zahir-pajazitit-hakif-zejnullahut-e-edmond-hoxhes\/#breadcrumb\"},\"inLanguage\":\"en-US\",\"potentialAction\":[{\"@type\":\"ReadAction\",\"target\":[\"https:\/\/president-ksgov.net\/presidentja-jahjaga-mori-pjese-ne-akademine-perkujtimore-ne-15-vjetorin-e-renies-se-zahir-pajazitit-hakif-zejnullahut-e-edmond-hoxhes\/\"]}]},{\"@type\":\"ImageObject\",\"inLanguage\":\"en-US\",\"@id\":\"https:\/\/president-ksgov.net\/presidentja-jahjaga-mori-pjese-ne-akademine-perkujtimore-ne-15-vjetorin-e-renies-se-zahir-pajazitit-hakif-zejnullahut-e-edmond-hoxhes\/#primaryimage\",\"url\":\"https:\/\/president-ksgov.net\/wp-content\/uploads\/31_01_2012_Akademia_21.jpg\",\"contentUrl\":\"https:\/\/president-ksgov.net\/wp-content\/uploads\/31_01_2012_Akademia_21.jpg\",\"width\":1000,\"height\":667},{\"@type\":\"BreadcrumbList\",\"@id\":\"https:\/\/president-ksgov.net\/presidentja-jahjaga-mori-pjese-ne-akademine-perkujtimore-ne-15-vjetorin-e-renies-se-zahir-pajazitit-hakif-zejnullahut-e-edmond-hoxhes\/#breadcrumb\",\"itemListElement\":[{\"@type\":\"ListItem\",\"position\":1,\"name\":\"Home\",\"item\":\"https:\/\/president-ksgov.net\/en\/\"},{\"@type\":\"ListItem\",\"position\":2,\"name\":\"President Jahjaga took part at the commemorative academy of the 15th anniversary of the fall of Zahir Pajaziti, Hakif Zejnullahu and Edmond Hoxha\"}]},{\"@type\":\"WebSite\",\"@id\":\"https:\/\/president-ksgov.net\/#website\",\"url\":\"https:\/\/president-ksgov.net\/\",\"name\":\"Presidente e Republik\u00ebs s\u00eb Kosov\u00ebs\",\"description\":\"Presidente e Republik\u00ebs s\u00eb Kosov\u00ebs\",\"alternateName\":\"DR. VJOSA OSMANI - SADRIU\",\"potentialAction\":[{\"@type\":\"SearchAction\",\"target\":{\"@type\":\"EntryPoint\",\"urlTemplate\":\"https:\/\/president-ksgov.net\/?s={search_term_string}\"},\"query-input\":{\"@type\":\"PropertyValueSpecification\",\"valueRequired\":true,\"valueName\":\"search_term_string\"}}],\"inLanguage\":\"en-US\"},{\"@type\":\"Person\",\"@id\":\"https:\/\/president-ksgov.net\/#\/schema\/person\/bb4337a5fb147cb2046d80548172cbee\",\"name\":\"admin\",\"image\":{\"@type\":\"ImageObject\",\"inLanguage\":\"en-US\",\"@id\":\"https:\/\/president-ksgov.net\/#\/schema\/person\/image\/\",\"url\":\"https:\/\/secure.gravatar.com\/avatar\/36156ca0fa3b8d9d25174f146e16beea0cf28f37adf1b9e19b6c9c279a7c9dd3?s=96&d=mm&r=g\",\"contentUrl\":\"https:\/\/secure.gravatar.com\/avatar\/36156ca0fa3b8d9d25174f146e16beea0cf28f37adf1b9e19b6c9c279a7c9dd3?s=96&d=mm&r=g\",\"caption\":\"admin\"},\"sameAs\":[\"https:\/\/president-ksgov.net\"]}]}<\/script>\n<!-- \/ Yoast SEO plugin. -->","yoast_head_json":{"title":"President Jahjaga took part at the commemorative academy of the 15th anniversary of the fall of Zahir Pajaziti, Hakif Zejnullahu and Edmond Hoxha - President of the Republic of Kosovo - DR. VJOSA OSMANI - SADRIU","description":"President Jahjaga took part at the commemorative academy of the 15th anniversary of the fall of Zahir Pajaziti, Hakif Zejnullahu and Edmond Hoxha - President of the Republic of Kosovo - DR. VJOSA OSMANI - SADRIU -","robots":{"index":"index","follow":"follow","max-snippet":"max-snippet:-1","max-image-preview":"max-image-preview:large","max-video-preview":"max-video-preview:-1"},"canonical":"https:\/\/president-ksgov.net\/presidentja-jahjaga-mori-pjese-ne-akademine-perkujtimore-ne-15-vjetorin-e-renies-se-zahir-pajazitit-hakif-zejnullahut-e-edmond-hoxhes\/","og_locale":"en_US","og_type":"article","og_title":"President Jahjaga took part at the commemorative academy of the 15th anniversary of the fall of Zahir Pajaziti, Hakif Zejnullahu and Edmond Hoxha - President of the Republic of Kosovo - DR. VJOSA OSMANI - SADRIU","og_description":"President Jahjaga took part at the commemorative academy of the 15th anniversary of the fall of Zahir Pajaziti, Hakif Zejnullahu and Edmond Hoxha - President of the Republic of Kosovo - DR. VJOSA OSMANI - SADRIU -","og_url":"https:\/\/president-ksgov.net\/presidentja-jahjaga-mori-pjese-ne-akademine-perkujtimore-ne-15-vjetorin-e-renies-se-zahir-pajazitit-hakif-zejnullahut-e-edmond-hoxhes\/","og_site_name":"President of the Republic of Kosovo - DR. VJOSA OSMANI - SADRIU","article_published_time":"2012-01-31T16:54:48+00:00","article_modified_time":"2023-03-07T11:06:15+00:00","og_image":[{"width":1000,"height":667,"url":"https:\/\/president-ksgov.net\/wp-content\/uploads\/31_01_2012_Akademia_21.jpg","type":"image\/jpeg"}],"author":"admin","twitter_card":"summary_large_image","twitter_misc":{"Written by":"admin"},"schema":{"@context":"https:\/\/schema.org","@graph":[{"@type":"WebPage","@id":"https:\/\/president-ksgov.net\/presidentja-jahjaga-mori-pjese-ne-akademine-perkujtimore-ne-15-vjetorin-e-renies-se-zahir-pajazitit-hakif-zejnullahut-e-edmond-hoxhes\/","url":"https:\/\/president-ksgov.net\/presidentja-jahjaga-mori-pjese-ne-akademine-perkujtimore-ne-15-vjetorin-e-renies-se-zahir-pajazitit-hakif-zejnullahut-e-edmond-hoxhes\/","name":"President Jahjaga took part at the commemorative academy of the 15th anniversary of the fall of Zahir Pajaziti, Hakif Zejnullahu and Edmond Hoxha - President of the Republic of Kosovo - DR. VJOSA OSMANI - SADRIU","isPartOf":{"@id":"https:\/\/president-ksgov.net\/#website"},"primaryImageOfPage":{"@id":"https:\/\/president-ksgov.net\/presidentja-jahjaga-mori-pjese-ne-akademine-perkujtimore-ne-15-vjetorin-e-renies-se-zahir-pajazitit-hakif-zejnullahut-e-edmond-hoxhes\/#primaryimage"},"image":{"@id":"https:\/\/president-ksgov.net\/presidentja-jahjaga-mori-pjese-ne-akademine-perkujtimore-ne-15-vjetorin-e-renies-se-zahir-pajazitit-hakif-zejnullahut-e-edmond-hoxhes\/#primaryimage"},"thumbnailUrl":"https:\/\/president-ksgov.net\/wp-content\/uploads\/31_01_2012_Akademia_21.jpg","datePublished":"2012-01-31T16:54:48+00:00","dateModified":"2023-03-07T11:06:15+00:00","author":{"@id":"https:\/\/president-ksgov.net\/#\/schema\/person\/bb4337a5fb147cb2046d80548172cbee"},"description":"President Jahjaga took part at the commemorative academy of the 15th anniversary of the fall of Zahir Pajaziti, Hakif Zejnullahu and Edmond Hoxha - President of the Republic of Kosovo - DR. VJOSA OSMANI - SADRIU -","breadcrumb":{"@id":"https:\/\/president-ksgov.net\/presidentja-jahjaga-mori-pjese-ne-akademine-perkujtimore-ne-15-vjetorin-e-renies-se-zahir-pajazitit-hakif-zejnullahut-e-edmond-hoxhes\/#breadcrumb"},"inLanguage":"en-US","potentialAction":[{"@type":"ReadAction","target":["https:\/\/president-ksgov.net\/presidentja-jahjaga-mori-pjese-ne-akademine-perkujtimore-ne-15-vjetorin-e-renies-se-zahir-pajazitit-hakif-zejnullahut-e-edmond-hoxhes\/"]}]},{"@type":"ImageObject","inLanguage":"en-US","@id":"https:\/\/president-ksgov.net\/presidentja-jahjaga-mori-pjese-ne-akademine-perkujtimore-ne-15-vjetorin-e-renies-se-zahir-pajazitit-hakif-zejnullahut-e-edmond-hoxhes\/#primaryimage","url":"https:\/\/president-ksgov.net\/wp-content\/uploads\/31_01_2012_Akademia_21.jpg","contentUrl":"https:\/\/president-ksgov.net\/wp-content\/uploads\/31_01_2012_Akademia_21.jpg","width":1000,"height":667},{"@type":"BreadcrumbList","@id":"https:\/\/president-ksgov.net\/presidentja-jahjaga-mori-pjese-ne-akademine-perkujtimore-ne-15-vjetorin-e-renies-se-zahir-pajazitit-hakif-zejnullahut-e-edmond-hoxhes\/#breadcrumb","itemListElement":[{"@type":"ListItem","position":1,"name":"Home","item":"https:\/\/president-ksgov.net\/en\/"},{"@type":"ListItem","position":2,"name":"President Jahjaga took part at the commemorative academy of the 15th anniversary of the fall of Zahir Pajaziti, Hakif Zejnullahu and Edmond Hoxha"}]},{"@type":"WebSite","@id":"https:\/\/president-ksgov.net\/#website","url":"https:\/\/president-ksgov.net\/","name":"Presidente e Republik\u00ebs s\u00eb Kosov\u00ebs","description":"Presidente e Republik\u00ebs s\u00eb Kosov\u00ebs","alternateName":"DR. VJOSA OSMANI - SADRIU","potentialAction":[{"@type":"SearchAction","target":{"@type":"EntryPoint","urlTemplate":"https:\/\/president-ksgov.net\/?s={search_term_string}"},"query-input":{"@type":"PropertyValueSpecification","valueRequired":true,"valueName":"search_term_string"}}],"inLanguage":"en-US"},{"@type":"Person","@id":"https:\/\/president-ksgov.net\/#\/schema\/person\/bb4337a5fb147cb2046d80548172cbee","name":"admin","image":{"@type":"ImageObject","inLanguage":"en-US","@id":"https:\/\/president-ksgov.net\/#\/schema\/person\/image\/","url":"https:\/\/secure.gravatar.com\/avatar\/36156ca0fa3b8d9d25174f146e16beea0cf28f37adf1b9e19b6c9c279a7c9dd3?s=96&d=mm&r=g","contentUrl":"https:\/\/secure.gravatar.com\/avatar\/36156ca0fa3b8d9d25174f146e16beea0cf28f37adf1b9e19b6c9c279a7c9dd3?s=96&d=mm&r=g","caption":"admin"},"sameAs":["https:\/\/president-ksgov.net"]}]}},"_links":{"self":[{"href":"https:\/\/president-ksgov.net\/en\/wp-json\/wp\/v2\/posts\/71534","targetHints":{"allow":["GET"]}}],"collection":[{"href":"https:\/\/president-ksgov.net\/en\/wp-json\/wp\/v2\/posts"}],"about":[{"href":"https:\/\/president-ksgov.net\/en\/wp-json\/wp\/v2\/types\/post"}],"author":[{"embeddable":true,"href":"https:\/\/president-ksgov.net\/en\/wp-json\/wp\/v2\/users\/1"}],"replies":[{"embeddable":true,"href":"https:\/\/president-ksgov.net\/en\/wp-json\/wp\/v2\/comments?post=71534"}],"version-history":[{"count":0,"href":"https:\/\/president-ksgov.net\/en\/wp-json\/wp\/v2\/posts\/71534\/revisions"}],"wp:featuredmedia":[{"embeddable":true,"href":"https:\/\/president-ksgov.net\/en\/wp-json\/wp\/v2\/media\/57663"}],"wp:attachment":[{"href":"https:\/\/president-ksgov.net\/en\/wp-json\/wp\/v2\/media?parent=71534"}],"wp:term":[{"taxonomy":"category","embeddable":true,"href":"https:\/\/president-ksgov.net\/en\/wp-json\/wp\/v2\/categories?post=71534"},{"taxonomy":"post_tag","embeddable":true,"href":"https:\/\/president-ksgov.net\/en\/wp-json\/wp\/v2\/tags?post=71534"}],"curies":[{"name":"wp","href":"https:\/\/api.w.org\/{rel}","templated":true}]}}