{"id":71527,"date":"2012-02-03T13:43:49","date_gmt":"2012-02-03T13:43:49","guid":{"rendered":"https:\/\/dev.president-ksgov.net\/the-president-of-the-republic-of-kosovo-met-with-the-president-of-the-parliament-of-bavaria\/"},"modified":"2023-03-07T11:05:37","modified_gmt":"2023-03-07T11:05:37","slug":"the-president-of-the-republic-of-kosovo-met-with-the-president-of-the-parliament-of-bavaria","status":"publish","type":"post","link":"https:\/\/president-ksgov.net\/en\/the-president-of-the-republic-of-kosovo-met-with-the-president-of-the-parliament-of-bavaria\/","title":{"rendered":"The President of the Republic of Kosovo met with the President of the Parliament of Bavaria"},"content":{"rendered":"<p>The President of the Republic of Kosovo, Madame Atifete Jahjaga, met in Munich with the Bavarian President of the Parliament, Mrs. Barbara Stamm.<\/p>\n<p>President Jahjaga and Mrs. Stamm discussed about the developments in Kosovo and on identifying the areas of cooperation between Kosovo and the Free State of Bavaria.<\/p>\n<p>President Jahjaga, who is participating in the 48th Security Conference in Munich, thanked Madame Stamm for the contribution of Germany to freedom, state-building and consolidation of the state of Kosovo, for recognizing the independence, the German capital investments and ensuring security in Kosovo with the presence of German soldiers within KFOR.<\/p>\n<p>President Jahjaga said that with the help and effort of the friends of Kosovo, among them even Germany, and with the will and labor of the people of Kosovo, Kosovo is an independent and sovereign state and constitutes a success story.<\/p>\n<p>President Jahjaga said that Kosovo has made progress in the implementation of the Ahtisaari Plan and noted that as an independent and sovereign state, the Republic of Kosovo ensures the implementation and fulfillment of all international commitments and obligations.<\/p>\n<p>President Jahjaga and Madame Stamm also discussed about the ways of cooperation in the central and local level, including parliamentary experience exchange, twinning of cities and increasing cooperation in economy, education and culture between the two countries.<\/p>\n","protected":false},"excerpt":{"rendered":"<p>The President of the Republic of Kosovo, Madame Atifete Jahjaga, met in Munich with the Bavarian President of the Parliament, Mrs. Barbara Stamm.<\/p>\n","protected":false},"author":1,"featured_media":57602,"comment_status":"open","ping_status":"closed","sticky":false,"template":"","format":"standard","meta":{"_eb_attr":"","footnotes":""},"categories":[111],"tags":[],"class_list":["post-71527","post","type-post","status-publish","format-standard","has-post-thumbnail","hentry","category-news"],"yoast_head":"<!-- This site is optimized with the Yoast SEO plugin v23.5 - https:\/\/yoast.com\/wordpress\/plugins\/seo\/ -->\n<title>The President of the Republic of Kosovo met with the President of the Parliament of Bavaria - President of the Republic of Kosovo - DR. VJOSA OSMANI - SADRIU<\/title>\n<meta name=\"description\" content=\"The President of the Republic of Kosovo met with the President of the Parliament of Bavaria - President of the Republic of Kosovo - DR. VJOSA OSMANI - SADRIU -\" \/>\n<meta name=\"robots\" content=\"index, follow, max-snippet:-1, max-image-preview:large, max-video-preview:-1\" \/>\n<link rel=\"canonical\" href=\"https:\/\/president-ksgov.net\/presidentja-e-republikes-se-kosoves-takoi-kryetaren-e-kuvendit-te-bavarise\/\" \/>\n<meta property=\"og:locale\" content=\"en_US\" \/>\n<meta property=\"og:type\" content=\"article\" \/>\n<meta property=\"og:title\" content=\"The President of the Republic of Kosovo met with the President of the Parliament of Bavaria - President of the Republic of Kosovo - DR. VJOSA OSMANI - SADRIU\" \/>\n<meta property=\"og:description\" content=\"The President of the Republic of Kosovo met with the President of the Parliament of Bavaria - President of the Republic of Kosovo - DR. VJOSA OSMANI - SADRIU -\" \/>\n<meta property=\"og:url\" content=\"https:\/\/president-ksgov.net\/presidentja-e-republikes-se-kosoves-takoi-kryetaren-e-kuvendit-te-bavarise\/\" \/>\n<meta property=\"og:site_name\" content=\"President of the Republic of Kosovo - DR. VJOSA OSMANI - SADRIU\" \/>\n<meta property=\"article:published_time\" content=\"2012-02-03T13:43:49+00:00\" \/>\n<meta property=\"article:modified_time\" content=\"2023-03-07T11:05:37+00:00\" \/>\n<meta property=\"og:image\" content=\"https:\/\/president-ksgov.net\/wp-content\/uploads\/03.02.2012-Takimi_me_Kreytaren_e_Kuvendit_0.jpg\" \/>\n\t<meta property=\"og:image:width\" content=\"1000\" \/>\n\t<meta property=\"og:image:height\" content=\"667\" \/>\n\t<meta property=\"og:image:type\" content=\"image\/jpeg\" \/>\n<meta name=\"author\" content=\"admin\" \/>\n<meta name=\"twitter:card\" content=\"summary_large_image\" \/>\n<meta name=\"twitter:label1\" content=\"Written by\" \/>\n\t<meta name=\"twitter:data1\" content=\"admin\" \/>\n\t<meta name=\"twitter:label2\" content=\"Est. reading time\" \/>\n\t<meta name=\"twitter:data2\" content=\"1 minute\" \/>\n<script type=\"application\/ld+json\" class=\"yoast-schema-graph\">{\"@context\":\"https:\/\/schema.org\",\"@graph\":[{\"@type\":\"WebPage\",\"@id\":\"https:\/\/president-ksgov.net\/presidentja-e-republikes-se-kosoves-takoi-kryetaren-e-kuvendit-te-bavarise\/\",\"url\":\"https:\/\/president-ksgov.net\/presidentja-e-republikes-se-kosoves-takoi-kryetaren-e-kuvendit-te-bavarise\/\",\"name\":\"The President of the Republic of Kosovo met with the President of the Parliament of Bavaria - President of the Republic of Kosovo - DR. VJOSA OSMANI - SADRIU\",\"isPartOf\":{\"@id\":\"https:\/\/president-ksgov.net\/#website\"},\"primaryImageOfPage\":{\"@id\":\"https:\/\/president-ksgov.net\/presidentja-e-republikes-se-kosoves-takoi-kryetaren-e-kuvendit-te-bavarise\/#primaryimage\"},\"image\":{\"@id\":\"https:\/\/president-ksgov.net\/presidentja-e-republikes-se-kosoves-takoi-kryetaren-e-kuvendit-te-bavarise\/#primaryimage\"},\"thumbnailUrl\":\"https:\/\/president-ksgov.net\/wp-content\/uploads\/03.02.2012-Takimi_me_Kreytaren_e_Kuvendit_0.jpg\",\"datePublished\":\"2012-02-03T13:43:49+00:00\",\"dateModified\":\"2023-03-07T11:05:37+00:00\",\"author\":{\"@id\":\"https:\/\/president-ksgov.net\/#\/schema\/person\/bb4337a5fb147cb2046d80548172cbee\"},\"description\":\"The President of the Republic of Kosovo met with the President of the Parliament of Bavaria - President of the Republic of Kosovo - DR. VJOSA OSMANI - SADRIU -\",\"breadcrumb\":{\"@id\":\"https:\/\/president-ksgov.net\/presidentja-e-republikes-se-kosoves-takoi-kryetaren-e-kuvendit-te-bavarise\/#breadcrumb\"},\"inLanguage\":\"en-US\",\"potentialAction\":[{\"@type\":\"ReadAction\",\"target\":[\"https:\/\/president-ksgov.net\/presidentja-e-republikes-se-kosoves-takoi-kryetaren-e-kuvendit-te-bavarise\/\"]}]},{\"@type\":\"ImageObject\",\"inLanguage\":\"en-US\",\"@id\":\"https:\/\/president-ksgov.net\/presidentja-e-republikes-se-kosoves-takoi-kryetaren-e-kuvendit-te-bavarise\/#primaryimage\",\"url\":\"https:\/\/president-ksgov.net\/wp-content\/uploads\/03.02.2012-Takimi_me_Kreytaren_e_Kuvendit_0.jpg\",\"contentUrl\":\"https:\/\/president-ksgov.net\/wp-content\/uploads\/03.02.2012-Takimi_me_Kreytaren_e_Kuvendit_0.jpg\",\"width\":1000,\"height\":667},{\"@type\":\"BreadcrumbList\",\"@id\":\"https:\/\/president-ksgov.net\/presidentja-e-republikes-se-kosoves-takoi-kryetaren-e-kuvendit-te-bavarise\/#breadcrumb\",\"itemListElement\":[{\"@type\":\"ListItem\",\"position\":1,\"name\":\"Home\",\"item\":\"https:\/\/president-ksgov.net\/en\/\"},{\"@type\":\"ListItem\",\"position\":2,\"name\":\"The President of the Republic of Kosovo met with the President of the Parliament of Bavaria\"}]},{\"@type\":\"WebSite\",\"@id\":\"https:\/\/president-ksgov.net\/#website\",\"url\":\"https:\/\/president-ksgov.net\/\",\"name\":\"Presidente e Republik\u00ebs s\u00eb Kosov\u00ebs\",\"description\":\"Presidente e Republik\u00ebs s\u00eb Kosov\u00ebs\",\"alternateName\":\"DR. VJOSA OSMANI - SADRIU\",\"potentialAction\":[{\"@type\":\"SearchAction\",\"target\":{\"@type\":\"EntryPoint\",\"urlTemplate\":\"https:\/\/president-ksgov.net\/?s={search_term_string}\"},\"query-input\":{\"@type\":\"PropertyValueSpecification\",\"valueRequired\":true,\"valueName\":\"search_term_string\"}}],\"inLanguage\":\"en-US\"},{\"@type\":\"Person\",\"@id\":\"https:\/\/president-ksgov.net\/#\/schema\/person\/bb4337a5fb147cb2046d80548172cbee\",\"name\":\"admin\",\"image\":{\"@type\":\"ImageObject\",\"inLanguage\":\"en-US\",\"@id\":\"https:\/\/president-ksgov.net\/#\/schema\/person\/image\/\",\"url\":\"https:\/\/secure.gravatar.com\/avatar\/36156ca0fa3b8d9d25174f146e16beea0cf28f37adf1b9e19b6c9c279a7c9dd3?s=96&d=mm&r=g\",\"contentUrl\":\"https:\/\/secure.gravatar.com\/avatar\/36156ca0fa3b8d9d25174f146e16beea0cf28f37adf1b9e19b6c9c279a7c9dd3?s=96&d=mm&r=g\",\"caption\":\"admin\"},\"sameAs\":[\"https:\/\/president-ksgov.net\"]}]}<\/script>\n<!-- \/ Yoast SEO plugin. -->","yoast_head_json":{"title":"The President of the Republic of Kosovo met with the President of the Parliament of Bavaria - President of the Republic of Kosovo - DR. VJOSA OSMANI - SADRIU","description":"The President of the Republic of Kosovo met with the President of the Parliament of Bavaria - President of the Republic of Kosovo - DR. VJOSA OSMANI - SADRIU -","robots":{"index":"index","follow":"follow","max-snippet":"max-snippet:-1","max-image-preview":"max-image-preview:large","max-video-preview":"max-video-preview:-1"},"canonical":"https:\/\/president-ksgov.net\/presidentja-e-republikes-se-kosoves-takoi-kryetaren-e-kuvendit-te-bavarise\/","og_locale":"en_US","og_type":"article","og_title":"The President of the Republic of Kosovo met with the President of the Parliament of Bavaria - President of the Republic of Kosovo - DR. VJOSA OSMANI - SADRIU","og_description":"The President of the Republic of Kosovo met with the President of the Parliament of Bavaria - President of the Republic of Kosovo - DR. VJOSA OSMANI - SADRIU -","og_url":"https:\/\/president-ksgov.net\/presidentja-e-republikes-se-kosoves-takoi-kryetaren-e-kuvendit-te-bavarise\/","og_site_name":"President of the Republic of Kosovo - DR. VJOSA OSMANI - SADRIU","article_published_time":"2012-02-03T13:43:49+00:00","article_modified_time":"2023-03-07T11:05:37+00:00","og_image":[{"width":1000,"height":667,"url":"https:\/\/president-ksgov.net\/wp-content\/uploads\/03.02.2012-Takimi_me_Kreytaren_e_Kuvendit_0.jpg","type":"image\/jpeg"}],"author":"admin","twitter_card":"summary_large_image","twitter_misc":{"Written by":"admin","Est. reading time":"1 minute"},"schema":{"@context":"https:\/\/schema.org","@graph":[{"@type":"WebPage","@id":"https:\/\/president-ksgov.net\/presidentja-e-republikes-se-kosoves-takoi-kryetaren-e-kuvendit-te-bavarise\/","url":"https:\/\/president-ksgov.net\/presidentja-e-republikes-se-kosoves-takoi-kryetaren-e-kuvendit-te-bavarise\/","name":"The President of the Republic of Kosovo met with the President of the Parliament of Bavaria - President of the Republic of Kosovo - DR. VJOSA OSMANI - SADRIU","isPartOf":{"@id":"https:\/\/president-ksgov.net\/#website"},"primaryImageOfPage":{"@id":"https:\/\/president-ksgov.net\/presidentja-e-republikes-se-kosoves-takoi-kryetaren-e-kuvendit-te-bavarise\/#primaryimage"},"image":{"@id":"https:\/\/president-ksgov.net\/presidentja-e-republikes-se-kosoves-takoi-kryetaren-e-kuvendit-te-bavarise\/#primaryimage"},"thumbnailUrl":"https:\/\/president-ksgov.net\/wp-content\/uploads\/03.02.2012-Takimi_me_Kreytaren_e_Kuvendit_0.jpg","datePublished":"2012-02-03T13:43:49+00:00","dateModified":"2023-03-07T11:05:37+00:00","author":{"@id":"https:\/\/president-ksgov.net\/#\/schema\/person\/bb4337a5fb147cb2046d80548172cbee"},"description":"The President of the Republic of Kosovo met with the President of the Parliament of Bavaria - President of the Republic of Kosovo - DR. VJOSA OSMANI - SADRIU -","breadcrumb":{"@id":"https:\/\/president-ksgov.net\/presidentja-e-republikes-se-kosoves-takoi-kryetaren-e-kuvendit-te-bavarise\/#breadcrumb"},"inLanguage":"en-US","potentialAction":[{"@type":"ReadAction","target":["https:\/\/president-ksgov.net\/presidentja-e-republikes-se-kosoves-takoi-kryetaren-e-kuvendit-te-bavarise\/"]}]},{"@type":"ImageObject","inLanguage":"en-US","@id":"https:\/\/president-ksgov.net\/presidentja-e-republikes-se-kosoves-takoi-kryetaren-e-kuvendit-te-bavarise\/#primaryimage","url":"https:\/\/president-ksgov.net\/wp-content\/uploads\/03.02.2012-Takimi_me_Kreytaren_e_Kuvendit_0.jpg","contentUrl":"https:\/\/president-ksgov.net\/wp-content\/uploads\/03.02.2012-Takimi_me_Kreytaren_e_Kuvendit_0.jpg","width":1000,"height":667},{"@type":"BreadcrumbList","@id":"https:\/\/president-ksgov.net\/presidentja-e-republikes-se-kosoves-takoi-kryetaren-e-kuvendit-te-bavarise\/#breadcrumb","itemListElement":[{"@type":"ListItem","position":1,"name":"Home","item":"https:\/\/president-ksgov.net\/en\/"},{"@type":"ListItem","position":2,"name":"The President of the Republic of Kosovo met with the President of the Parliament of Bavaria"}]},{"@type":"WebSite","@id":"https:\/\/president-ksgov.net\/#website","url":"https:\/\/president-ksgov.net\/","name":"Presidente e Republik\u00ebs s\u00eb Kosov\u00ebs","description":"Presidente e Republik\u00ebs s\u00eb Kosov\u00ebs","alternateName":"DR. VJOSA OSMANI - SADRIU","potentialAction":[{"@type":"SearchAction","target":{"@type":"EntryPoint","urlTemplate":"https:\/\/president-ksgov.net\/?s={search_term_string}"},"query-input":{"@type":"PropertyValueSpecification","valueRequired":true,"valueName":"search_term_string"}}],"inLanguage":"en-US"},{"@type":"Person","@id":"https:\/\/president-ksgov.net\/#\/schema\/person\/bb4337a5fb147cb2046d80548172cbee","name":"admin","image":{"@type":"ImageObject","inLanguage":"en-US","@id":"https:\/\/president-ksgov.net\/#\/schema\/person\/image\/","url":"https:\/\/secure.gravatar.com\/avatar\/36156ca0fa3b8d9d25174f146e16beea0cf28f37adf1b9e19b6c9c279a7c9dd3?s=96&d=mm&r=g","contentUrl":"https:\/\/secure.gravatar.com\/avatar\/36156ca0fa3b8d9d25174f146e16beea0cf28f37adf1b9e19b6c9c279a7c9dd3?s=96&d=mm&r=g","caption":"admin"},"sameAs":["https:\/\/president-ksgov.net"]}]}},"_links":{"self":[{"href":"https:\/\/president-ksgov.net\/en\/wp-json\/wp\/v2\/posts\/71527","targetHints":{"allow":["GET"]}}],"collection":[{"href":"https:\/\/president-ksgov.net\/en\/wp-json\/wp\/v2\/posts"}],"about":[{"href":"https:\/\/president-ksgov.net\/en\/wp-json\/wp\/v2\/types\/post"}],"author":[{"embeddable":true,"href":"https:\/\/president-ksgov.net\/en\/wp-json\/wp\/v2\/users\/1"}],"replies":[{"embeddable":true,"href":"https:\/\/president-ksgov.net\/en\/wp-json\/wp\/v2\/comments?post=71527"}],"version-history":[{"count":0,"href":"https:\/\/president-ksgov.net\/en\/wp-json\/wp\/v2\/posts\/71527\/revisions"}],"wp:featuredmedia":[{"embeddable":true,"href":"https:\/\/president-ksgov.net\/en\/wp-json\/wp\/v2\/media\/57602"}],"wp:attachment":[{"href":"https:\/\/president-ksgov.net\/en\/wp-json\/wp\/v2\/media?parent=71527"}],"wp:term":[{"taxonomy":"category","embeddable":true,"href":"https:\/\/president-ksgov.net\/en\/wp-json\/wp\/v2\/categories?post=71527"},{"taxonomy":"post_tag","embeddable":true,"href":"https:\/\/president-ksgov.net\/en\/wp-json\/wp\/v2\/tags?post=71527"}],"curies":[{"name":"wp","href":"https:\/\/api.w.org\/{rel}","templated":true}]}}