{"id":71525,"date":"2012-02-04T10:52:59","date_gmt":"2012-02-04T10:52:59","guid":{"rendered":"https:\/\/dev.president-ksgov.net\/the-president-of-the-republic-of-kosovo-met-with-the-minister-of-internal-affairs-of-the-free-state-of-bavaria\/"},"modified":"2023-03-07T11:05:37","modified_gmt":"2023-03-07T11:05:37","slug":"the-president-of-the-republic-of-kosovo-met-with-the-minister-of-internal-affairs-of-the-free-state-of-bavaria","status":"publish","type":"post","link":"https:\/\/president-ksgov.net\/en\/the-president-of-the-republic-of-kosovo-met-with-the-minister-of-internal-affairs-of-the-free-state-of-bavaria\/","title":{"rendered":"The President of the Republic of Kosovo met with the Minister of Internal Affairs of the Free State of Bavaria"},"content":{"rendered":"<p>The President of the Republic of Kosovo, Madame Atifete Jahjaga, met in Munich with the Minister of Internal Affairs of the Free State of Bavaria, Mr. Joachim Herrmann.<\/p>\n<p>President Jahjaga and Mr. Herrmann discussed about the developments in Kosovo and the possibilities of cooperation between two places, especially in the security field.<\/p>\n<p>President Jahjaga, thanked Mr. Herrmann for the contribution of that Germany has given for freedom, state-building and the consolidation of the state of Kosovo, for the recognition of the independence, the investments made as well as for the presence of the German soldiers within KFOR and the police, earlier in the framework of UNMIK and now part of EULEX.<\/p>\n<p>President Jahjaga and Mr. Herrmann discussed about the possibilities for cooperation and exchange of experiences between the police of the countries, in the fight against contraband and organized crime.<\/p>\n<p>President Jahjaga, said it would be important for Kosovo to be part of the international security mechanisms such as Europol and Interpol.<\/p>\n<p>The Minister of Internal Affairs, Mr. Herrmann thanked President Jahjaga for her visit and expressed readiness for mutual cooperation. He offered support for the state of Kosovo, especially in the exchange of experiences and the training of security structures in Kosovo to fight organized crime and smuggling.<\/p>\n","protected":false},"excerpt":{"rendered":"<p>The President of the Republic of Kosovo, Madame Atifete Jahjaga, met in Munich with the Minister of Internal Affairs of the Free State of Bavaria, Mr. Joachim Herrmann.<\/p>\n","protected":false},"author":1,"featured_media":57536,"comment_status":"open","ping_status":"closed","sticky":false,"template":"","format":"standard","meta":{"_eb_attr":"","footnotes":""},"categories":[111],"tags":[],"class_list":["post-71525","post","type-post","status-publish","format-standard","has-post-thumbnail","hentry","category-news"],"yoast_head":"<!-- This site is optimized with the Yoast SEO plugin v23.5 - https:\/\/yoast.com\/wordpress\/plugins\/seo\/ -->\n<title>The President of the Republic of Kosovo met with the Minister of Internal Affairs of the Free State of Bavaria - President of the Republic of Kosovo - DR. VJOSA OSMANI - SADRIU<\/title>\n<meta name=\"description\" content=\"The President of the Republic of Kosovo met with the Minister of Internal Affairs of the Free State of Bavaria - President of the Republic of Kosovo - DR. VJOSA OSMANI - SADRIU -\" \/>\n<meta name=\"robots\" content=\"index, follow, max-snippet:-1, max-image-preview:large, max-video-preview:-1\" \/>\n<link rel=\"canonical\" href=\"https:\/\/president-ksgov.net\/presidentja-e-republikes-se-kosoves-takoi-ministrin-e-puneve-te-brendshme-te-landit-te-bavarise\/\" \/>\n<meta property=\"og:locale\" content=\"en_US\" \/>\n<meta property=\"og:type\" content=\"article\" \/>\n<meta property=\"og:title\" content=\"The President of the Republic of Kosovo met with the Minister of Internal Affairs of the Free State of Bavaria - President of the Republic of Kosovo - DR. VJOSA OSMANI - SADRIU\" \/>\n<meta property=\"og:description\" content=\"The President of the Republic of Kosovo met with the Minister of Internal Affairs of the Free State of Bavaria - President of the Republic of Kosovo - DR. VJOSA OSMANI - SADRIU -\" \/>\n<meta property=\"og:url\" content=\"https:\/\/president-ksgov.net\/presidentja-e-republikes-se-kosoves-takoi-ministrin-e-puneve-te-brendshme-te-landit-te-bavarise\/\" \/>\n<meta property=\"og:site_name\" content=\"President of the Republic of Kosovo - DR. VJOSA OSMANI - SADRIU\" \/>\n<meta property=\"article:published_time\" content=\"2012-02-04T10:52:59+00:00\" \/>\n<meta property=\"article:modified_time\" content=\"2023-03-07T11:05:37+00:00\" \/>\n<meta property=\"og:image\" content=\"https:\/\/president-ksgov.net\/wp-content\/uploads\/03.02.jpg\" \/>\n\t<meta property=\"og:image:width\" content=\"1000\" \/>\n\t<meta property=\"og:image:height\" content=\"763\" \/>\n\t<meta property=\"og:image:type\" content=\"image\/jpeg\" \/>\n<meta name=\"author\" content=\"admin\" \/>\n<meta name=\"twitter:card\" content=\"summary_large_image\" \/>\n<meta name=\"twitter:label1\" content=\"Written by\" \/>\n\t<meta name=\"twitter:data1\" content=\"admin\" \/>\n\t<meta name=\"twitter:label2\" content=\"Est. reading time\" \/>\n\t<meta name=\"twitter:data2\" content=\"1 minute\" \/>\n<script type=\"application\/ld+json\" class=\"yoast-schema-graph\">{\"@context\":\"https:\/\/schema.org\",\"@graph\":[{\"@type\":\"WebPage\",\"@id\":\"https:\/\/president-ksgov.net\/presidentja-e-republikes-se-kosoves-takoi-ministrin-e-puneve-te-brendshme-te-landit-te-bavarise\/\",\"url\":\"https:\/\/president-ksgov.net\/presidentja-e-republikes-se-kosoves-takoi-ministrin-e-puneve-te-brendshme-te-landit-te-bavarise\/\",\"name\":\"The President of the Republic of Kosovo met with the Minister of Internal Affairs of the Free State of Bavaria - President of the Republic of Kosovo - DR. VJOSA OSMANI - SADRIU\",\"isPartOf\":{\"@id\":\"https:\/\/president-ksgov.net\/#website\"},\"primaryImageOfPage\":{\"@id\":\"https:\/\/president-ksgov.net\/presidentja-e-republikes-se-kosoves-takoi-ministrin-e-puneve-te-brendshme-te-landit-te-bavarise\/#primaryimage\"},\"image\":{\"@id\":\"https:\/\/president-ksgov.net\/presidentja-e-republikes-se-kosoves-takoi-ministrin-e-puneve-te-brendshme-te-landit-te-bavarise\/#primaryimage\"},\"thumbnailUrl\":\"https:\/\/president-ksgov.net\/wp-content\/uploads\/03.02.jpg\",\"datePublished\":\"2012-02-04T10:52:59+00:00\",\"dateModified\":\"2023-03-07T11:05:37+00:00\",\"author\":{\"@id\":\"https:\/\/president-ksgov.net\/#\/schema\/person\/bb4337a5fb147cb2046d80548172cbee\"},\"description\":\"The President of the Republic of Kosovo met with the Minister of Internal Affairs of the Free State of Bavaria - President of the Republic of Kosovo - DR. VJOSA OSMANI - SADRIU -\",\"breadcrumb\":{\"@id\":\"https:\/\/president-ksgov.net\/presidentja-e-republikes-se-kosoves-takoi-ministrin-e-puneve-te-brendshme-te-landit-te-bavarise\/#breadcrumb\"},\"inLanguage\":\"en-US\",\"potentialAction\":[{\"@type\":\"ReadAction\",\"target\":[\"https:\/\/president-ksgov.net\/presidentja-e-republikes-se-kosoves-takoi-ministrin-e-puneve-te-brendshme-te-landit-te-bavarise\/\"]}]},{\"@type\":\"ImageObject\",\"inLanguage\":\"en-US\",\"@id\":\"https:\/\/president-ksgov.net\/presidentja-e-republikes-se-kosoves-takoi-ministrin-e-puneve-te-brendshme-te-landit-te-bavarise\/#primaryimage\",\"url\":\"https:\/\/president-ksgov.net\/wp-content\/uploads\/03.02.jpg\",\"contentUrl\":\"https:\/\/president-ksgov.net\/wp-content\/uploads\/03.02.jpg\",\"width\":1000,\"height\":763},{\"@type\":\"BreadcrumbList\",\"@id\":\"https:\/\/president-ksgov.net\/presidentja-e-republikes-se-kosoves-takoi-ministrin-e-puneve-te-brendshme-te-landit-te-bavarise\/#breadcrumb\",\"itemListElement\":[{\"@type\":\"ListItem\",\"position\":1,\"name\":\"Home\",\"item\":\"https:\/\/president-ksgov.net\/en\/\"},{\"@type\":\"ListItem\",\"position\":2,\"name\":\"The President of the Republic of Kosovo met with the Minister of Internal Affairs of the Free State of Bavaria\"}]},{\"@type\":\"WebSite\",\"@id\":\"https:\/\/president-ksgov.net\/#website\",\"url\":\"https:\/\/president-ksgov.net\/\",\"name\":\"Presidente e Republik\u00ebs s\u00eb Kosov\u00ebs\",\"description\":\"Presidente e Republik\u00ebs s\u00eb Kosov\u00ebs\",\"alternateName\":\"DR. VJOSA OSMANI - SADRIU\",\"potentialAction\":[{\"@type\":\"SearchAction\",\"target\":{\"@type\":\"EntryPoint\",\"urlTemplate\":\"https:\/\/president-ksgov.net\/?s={search_term_string}\"},\"query-input\":{\"@type\":\"PropertyValueSpecification\",\"valueRequired\":true,\"valueName\":\"search_term_string\"}}],\"inLanguage\":\"en-US\"},{\"@type\":\"Person\",\"@id\":\"https:\/\/president-ksgov.net\/#\/schema\/person\/bb4337a5fb147cb2046d80548172cbee\",\"name\":\"admin\",\"image\":{\"@type\":\"ImageObject\",\"inLanguage\":\"en-US\",\"@id\":\"https:\/\/president-ksgov.net\/#\/schema\/person\/image\/\",\"url\":\"https:\/\/secure.gravatar.com\/avatar\/36156ca0fa3b8d9d25174f146e16beea0cf28f37adf1b9e19b6c9c279a7c9dd3?s=96&d=mm&r=g\",\"contentUrl\":\"https:\/\/secure.gravatar.com\/avatar\/36156ca0fa3b8d9d25174f146e16beea0cf28f37adf1b9e19b6c9c279a7c9dd3?s=96&d=mm&r=g\",\"caption\":\"admin\"},\"sameAs\":[\"https:\/\/president-ksgov.net\"]}]}<\/script>\n<!-- \/ Yoast SEO plugin. -->","yoast_head_json":{"title":"The President of the Republic of Kosovo met with the Minister of Internal Affairs of the Free State of Bavaria - President of the Republic of Kosovo - DR. VJOSA OSMANI - SADRIU","description":"The President of the Republic of Kosovo met with the Minister of Internal Affairs of the Free State of Bavaria - President of the Republic of Kosovo - DR. VJOSA OSMANI - SADRIU -","robots":{"index":"index","follow":"follow","max-snippet":"max-snippet:-1","max-image-preview":"max-image-preview:large","max-video-preview":"max-video-preview:-1"},"canonical":"https:\/\/president-ksgov.net\/presidentja-e-republikes-se-kosoves-takoi-ministrin-e-puneve-te-brendshme-te-landit-te-bavarise\/","og_locale":"en_US","og_type":"article","og_title":"The President of the Republic of Kosovo met with the Minister of Internal Affairs of the Free State of Bavaria - President of the Republic of Kosovo - DR. VJOSA OSMANI - SADRIU","og_description":"The President of the Republic of Kosovo met with the Minister of Internal Affairs of the Free State of Bavaria - President of the Republic of Kosovo - DR. VJOSA OSMANI - SADRIU -","og_url":"https:\/\/president-ksgov.net\/presidentja-e-republikes-se-kosoves-takoi-ministrin-e-puneve-te-brendshme-te-landit-te-bavarise\/","og_site_name":"President of the Republic of Kosovo - DR. VJOSA OSMANI - SADRIU","article_published_time":"2012-02-04T10:52:59+00:00","article_modified_time":"2023-03-07T11:05:37+00:00","og_image":[{"width":1000,"height":763,"url":"https:\/\/president-ksgov.net\/wp-content\/uploads\/03.02.jpg","type":"image\/jpeg"}],"author":"admin","twitter_card":"summary_large_image","twitter_misc":{"Written by":"admin","Est. reading time":"1 minute"},"schema":{"@context":"https:\/\/schema.org","@graph":[{"@type":"WebPage","@id":"https:\/\/president-ksgov.net\/presidentja-e-republikes-se-kosoves-takoi-ministrin-e-puneve-te-brendshme-te-landit-te-bavarise\/","url":"https:\/\/president-ksgov.net\/presidentja-e-republikes-se-kosoves-takoi-ministrin-e-puneve-te-brendshme-te-landit-te-bavarise\/","name":"The President of the Republic of Kosovo met with the Minister of Internal Affairs of the Free State of Bavaria - President of the Republic of Kosovo - DR. VJOSA OSMANI - SADRIU","isPartOf":{"@id":"https:\/\/president-ksgov.net\/#website"},"primaryImageOfPage":{"@id":"https:\/\/president-ksgov.net\/presidentja-e-republikes-se-kosoves-takoi-ministrin-e-puneve-te-brendshme-te-landit-te-bavarise\/#primaryimage"},"image":{"@id":"https:\/\/president-ksgov.net\/presidentja-e-republikes-se-kosoves-takoi-ministrin-e-puneve-te-brendshme-te-landit-te-bavarise\/#primaryimage"},"thumbnailUrl":"https:\/\/president-ksgov.net\/wp-content\/uploads\/03.02.jpg","datePublished":"2012-02-04T10:52:59+00:00","dateModified":"2023-03-07T11:05:37+00:00","author":{"@id":"https:\/\/president-ksgov.net\/#\/schema\/person\/bb4337a5fb147cb2046d80548172cbee"},"description":"The President of the Republic of Kosovo met with the Minister of Internal Affairs of the Free State of Bavaria - President of the Republic of Kosovo - DR. VJOSA OSMANI - SADRIU -","breadcrumb":{"@id":"https:\/\/president-ksgov.net\/presidentja-e-republikes-se-kosoves-takoi-ministrin-e-puneve-te-brendshme-te-landit-te-bavarise\/#breadcrumb"},"inLanguage":"en-US","potentialAction":[{"@type":"ReadAction","target":["https:\/\/president-ksgov.net\/presidentja-e-republikes-se-kosoves-takoi-ministrin-e-puneve-te-brendshme-te-landit-te-bavarise\/"]}]},{"@type":"ImageObject","inLanguage":"en-US","@id":"https:\/\/president-ksgov.net\/presidentja-e-republikes-se-kosoves-takoi-ministrin-e-puneve-te-brendshme-te-landit-te-bavarise\/#primaryimage","url":"https:\/\/president-ksgov.net\/wp-content\/uploads\/03.02.jpg","contentUrl":"https:\/\/president-ksgov.net\/wp-content\/uploads\/03.02.jpg","width":1000,"height":763},{"@type":"BreadcrumbList","@id":"https:\/\/president-ksgov.net\/presidentja-e-republikes-se-kosoves-takoi-ministrin-e-puneve-te-brendshme-te-landit-te-bavarise\/#breadcrumb","itemListElement":[{"@type":"ListItem","position":1,"name":"Home","item":"https:\/\/president-ksgov.net\/en\/"},{"@type":"ListItem","position":2,"name":"The President of the Republic of Kosovo met with the Minister of Internal Affairs of the Free State of Bavaria"}]},{"@type":"WebSite","@id":"https:\/\/president-ksgov.net\/#website","url":"https:\/\/president-ksgov.net\/","name":"Presidente e Republik\u00ebs s\u00eb Kosov\u00ebs","description":"Presidente e Republik\u00ebs s\u00eb Kosov\u00ebs","alternateName":"DR. VJOSA OSMANI - SADRIU","potentialAction":[{"@type":"SearchAction","target":{"@type":"EntryPoint","urlTemplate":"https:\/\/president-ksgov.net\/?s={search_term_string}"},"query-input":{"@type":"PropertyValueSpecification","valueRequired":true,"valueName":"search_term_string"}}],"inLanguage":"en-US"},{"@type":"Person","@id":"https:\/\/president-ksgov.net\/#\/schema\/person\/bb4337a5fb147cb2046d80548172cbee","name":"admin","image":{"@type":"ImageObject","inLanguage":"en-US","@id":"https:\/\/president-ksgov.net\/#\/schema\/person\/image\/","url":"https:\/\/secure.gravatar.com\/avatar\/36156ca0fa3b8d9d25174f146e16beea0cf28f37adf1b9e19b6c9c279a7c9dd3?s=96&d=mm&r=g","contentUrl":"https:\/\/secure.gravatar.com\/avatar\/36156ca0fa3b8d9d25174f146e16beea0cf28f37adf1b9e19b6c9c279a7c9dd3?s=96&d=mm&r=g","caption":"admin"},"sameAs":["https:\/\/president-ksgov.net"]}]}},"_links":{"self":[{"href":"https:\/\/president-ksgov.net\/en\/wp-json\/wp\/v2\/posts\/71525","targetHints":{"allow":["GET"]}}],"collection":[{"href":"https:\/\/president-ksgov.net\/en\/wp-json\/wp\/v2\/posts"}],"about":[{"href":"https:\/\/president-ksgov.net\/en\/wp-json\/wp\/v2\/types\/post"}],"author":[{"embeddable":true,"href":"https:\/\/president-ksgov.net\/en\/wp-json\/wp\/v2\/users\/1"}],"replies":[{"embeddable":true,"href":"https:\/\/president-ksgov.net\/en\/wp-json\/wp\/v2\/comments?post=71525"}],"version-history":[{"count":0,"href":"https:\/\/president-ksgov.net\/en\/wp-json\/wp\/v2\/posts\/71525\/revisions"}],"wp:featuredmedia":[{"embeddable":true,"href":"https:\/\/president-ksgov.net\/en\/wp-json\/wp\/v2\/media\/57536"}],"wp:attachment":[{"href":"https:\/\/president-ksgov.net\/en\/wp-json\/wp\/v2\/media?parent=71525"}],"wp:term":[{"taxonomy":"category","embeddable":true,"href":"https:\/\/president-ksgov.net\/en\/wp-json\/wp\/v2\/categories?post=71525"},{"taxonomy":"post_tag","embeddable":true,"href":"https:\/\/president-ksgov.net\/en\/wp-json\/wp\/v2\/tags?post=71525"}],"curies":[{"name":"wp","href":"https:\/\/api.w.org\/{rel}","templated":true}]}}