{"id":71520,"date":"2012-02-05T17:06:06","date_gmt":"2012-02-05T17:06:06","guid":{"rendered":"https:\/\/dev.president-ksgov.net\/president-jahjaga-met-the-foreign-minister-of-germnay-guido-westerwelle\/"},"modified":"2023-03-07T11:05:37","modified_gmt":"2023-03-07T11:05:37","slug":"president-jahjaga-met-the-foreign-minister-of-germnay-guido-westerwelle","status":"publish","type":"post","link":"https:\/\/president-ksgov.net\/en\/president-jahjaga-met-the-foreign-minister-of-germnay-guido-westerwelle\/","title":{"rendered":"President Jahjaga met the Foreign Minister of Germnay, Guido Westerwelle"},"content":{"rendered":"<p>The President of the Republic of Kosovo, Madame Atifete Jahjaga, met with the Minister of Foreign Affairs of Germany, Mr. Guido Westerwelle with whom she discussed about the dialogue between the Republic of Kosovo and the Republic of Serbia, the developments in the three northern municipalities and the general political situation in the country.<\/p>\n<p>President Jahjaga said that the Kosovo institutions see the technical dialogue with Serbia as the only way to normalize relations between the two neighboring states. She said that through dialogue a number of agreements that address the concerns of citizens of both countries are reached and demanded that they be implemented in its entirety, respecting the best European practices.<\/p>\n<p>President Jahjaga said that the process of dialogue benefits with the guarantee of the implementation of the reached agreements by the European Union.<\/p>\n<p>She said that it is important to continue the dialogue while respecting the representation of the Republic of Kosovo as a sovereign and independent state, in all reached agreements.<\/p>\n<p>President Jahjaga emphasized the commitment of the institutions of Kosovo to perform their obligations towards the Ahtisaari Plan in partnership with the international community, in order to successfully conclude the phase of the international supervision of Kosovo&#8217;s independence.<\/p>\n<p>Minister Westerwelle expressed the support of Germany for the Republic of Kosovo in its further consolidation in the international scene, its European agenda and the continuation of the technical.<\/p>\n<p>He encouraged the coordination and cooperation of the representatives and leaders of Kosovo with the international community in advancing the democratic processes and ensuring full freedom of movement of people and goods, as a European value.<\/p>\n","protected":false},"excerpt":{"rendered":"<p>The President of the Republic of Kosovo, Madame Atifete Jahjaga, met with the Minister of Foreign Affairs of Germany, Mr. Guido Westerwelle with whom she discussed about the dialogue between the Republic of Kosovo and the Republic of Serbia, the developments in the three northern municipalities and the general political situation in the country.<\/p>\n","protected":false},"author":1,"featured_media":57449,"comment_status":"open","ping_status":"closed","sticky":false,"template":"","format":"standard","meta":{"_eb_attr":"","footnotes":""},"categories":[111],"tags":[],"class_list":["post-71520","post","type-post","status-publish","format-standard","has-post-thumbnail","hentry","category-news"],"yoast_head":"<!-- This site is optimized with the Yoast SEO plugin v23.5 - https:\/\/yoast.com\/wordpress\/plugins\/seo\/ -->\n<title>President Jahjaga met the Foreign Minister of Germnay, Guido Westerwelle - President of the Republic of Kosovo - DR. VJOSA OSMANI - SADRIU<\/title>\n<meta name=\"description\" content=\"President Jahjaga met the Foreign Minister of Germnay, Guido Westerwelle - President of the Republic of Kosovo - DR. VJOSA OSMANI - SADRIU -\" \/>\n<meta name=\"robots\" content=\"index, follow, max-snippet:-1, max-image-preview:large, max-video-preview:-1\" \/>\n<link rel=\"canonical\" href=\"https:\/\/president-ksgov.net\/presidentja-jahjaga-takoi-ministrin-e-jashtem-te-gjermanise-guido-westerwelle\/\" \/>\n<meta property=\"og:locale\" content=\"en_US\" \/>\n<meta property=\"og:type\" content=\"article\" \/>\n<meta property=\"og:title\" content=\"President Jahjaga met the Foreign Minister of Germnay, Guido Westerwelle - President of the Republic of Kosovo - DR. VJOSA OSMANI - SADRIU\" \/>\n<meta property=\"og:description\" content=\"President Jahjaga met the Foreign Minister of Germnay, Guido Westerwelle - President of the Republic of Kosovo - DR. VJOSA OSMANI - SADRIU -\" \/>\n<meta property=\"og:url\" content=\"https:\/\/president-ksgov.net\/presidentja-jahjaga-takoi-ministrin-e-jashtem-te-gjermanise-guido-westerwelle\/\" \/>\n<meta property=\"og:site_name\" content=\"President of the Republic of Kosovo - DR. VJOSA OSMANI - SADRIU\" \/>\n<meta property=\"article:published_time\" content=\"2012-02-05T17:06:06+00:00\" \/>\n<meta property=\"article:modified_time\" content=\"2023-03-07T11:05:37+00:00\" \/>\n<meta property=\"og:image\" content=\"https:\/\/president-ksgov.net\/wp-content\/uploads\/Takim_me_Westervelle_1.jpg\" \/>\n\t<meta property=\"og:image:width\" content=\"1000\" \/>\n\t<meta property=\"og:image:height\" content=\"869\" \/>\n\t<meta property=\"og:image:type\" content=\"image\/jpeg\" \/>\n<meta name=\"author\" content=\"admin\" \/>\n<meta name=\"twitter:card\" content=\"summary_large_image\" \/>\n<meta name=\"twitter:label1\" content=\"Written by\" \/>\n\t<meta name=\"twitter:data1\" content=\"admin\" \/>\n\t<meta name=\"twitter:label2\" content=\"Est. reading time\" \/>\n\t<meta name=\"twitter:data2\" content=\"1 minute\" \/>\n<script type=\"application\/ld+json\" class=\"yoast-schema-graph\">{\"@context\":\"https:\/\/schema.org\",\"@graph\":[{\"@type\":\"WebPage\",\"@id\":\"https:\/\/president-ksgov.net\/presidentja-jahjaga-takoi-ministrin-e-jashtem-te-gjermanise-guido-westerwelle\/\",\"url\":\"https:\/\/president-ksgov.net\/presidentja-jahjaga-takoi-ministrin-e-jashtem-te-gjermanise-guido-westerwelle\/\",\"name\":\"President Jahjaga met the Foreign Minister of Germnay, Guido Westerwelle - President of the Republic of Kosovo - DR. VJOSA OSMANI - SADRIU\",\"isPartOf\":{\"@id\":\"https:\/\/president-ksgov.net\/#website\"},\"primaryImageOfPage\":{\"@id\":\"https:\/\/president-ksgov.net\/presidentja-jahjaga-takoi-ministrin-e-jashtem-te-gjermanise-guido-westerwelle\/#primaryimage\"},\"image\":{\"@id\":\"https:\/\/president-ksgov.net\/presidentja-jahjaga-takoi-ministrin-e-jashtem-te-gjermanise-guido-westerwelle\/#primaryimage\"},\"thumbnailUrl\":\"https:\/\/president-ksgov.net\/wp-content\/uploads\/Takim_me_Westervelle_1.jpg\",\"datePublished\":\"2012-02-05T17:06:06+00:00\",\"dateModified\":\"2023-03-07T11:05:37+00:00\",\"author\":{\"@id\":\"https:\/\/president-ksgov.net\/#\/schema\/person\/bb4337a5fb147cb2046d80548172cbee\"},\"description\":\"President Jahjaga met the Foreign Minister of Germnay, Guido Westerwelle - President of the Republic of Kosovo - DR. VJOSA OSMANI - SADRIU -\",\"breadcrumb\":{\"@id\":\"https:\/\/president-ksgov.net\/presidentja-jahjaga-takoi-ministrin-e-jashtem-te-gjermanise-guido-westerwelle\/#breadcrumb\"},\"inLanguage\":\"en-US\",\"potentialAction\":[{\"@type\":\"ReadAction\",\"target\":[\"https:\/\/president-ksgov.net\/presidentja-jahjaga-takoi-ministrin-e-jashtem-te-gjermanise-guido-westerwelle\/\"]}]},{\"@type\":\"ImageObject\",\"inLanguage\":\"en-US\",\"@id\":\"https:\/\/president-ksgov.net\/presidentja-jahjaga-takoi-ministrin-e-jashtem-te-gjermanise-guido-westerwelle\/#primaryimage\",\"url\":\"https:\/\/president-ksgov.net\/wp-content\/uploads\/Takim_me_Westervelle_1.jpg\",\"contentUrl\":\"https:\/\/president-ksgov.net\/wp-content\/uploads\/Takim_me_Westervelle_1.jpg\",\"width\":1000,\"height\":869},{\"@type\":\"BreadcrumbList\",\"@id\":\"https:\/\/president-ksgov.net\/presidentja-jahjaga-takoi-ministrin-e-jashtem-te-gjermanise-guido-westerwelle\/#breadcrumb\",\"itemListElement\":[{\"@type\":\"ListItem\",\"position\":1,\"name\":\"Home\",\"item\":\"https:\/\/president-ksgov.net\/en\/\"},{\"@type\":\"ListItem\",\"position\":2,\"name\":\"President Jahjaga met the Foreign Minister of Germnay, Guido Westerwelle\"}]},{\"@type\":\"WebSite\",\"@id\":\"https:\/\/president-ksgov.net\/#website\",\"url\":\"https:\/\/president-ksgov.net\/\",\"name\":\"Presidente e Republik\u00ebs s\u00eb Kosov\u00ebs\",\"description\":\"Presidente e Republik\u00ebs s\u00eb Kosov\u00ebs\",\"alternateName\":\"DR. VJOSA OSMANI - SADRIU\",\"potentialAction\":[{\"@type\":\"SearchAction\",\"target\":{\"@type\":\"EntryPoint\",\"urlTemplate\":\"https:\/\/president-ksgov.net\/?s={search_term_string}\"},\"query-input\":{\"@type\":\"PropertyValueSpecification\",\"valueRequired\":true,\"valueName\":\"search_term_string\"}}],\"inLanguage\":\"en-US\"},{\"@type\":\"Person\",\"@id\":\"https:\/\/president-ksgov.net\/#\/schema\/person\/bb4337a5fb147cb2046d80548172cbee\",\"name\":\"admin\",\"image\":{\"@type\":\"ImageObject\",\"inLanguage\":\"en-US\",\"@id\":\"https:\/\/president-ksgov.net\/#\/schema\/person\/image\/\",\"url\":\"https:\/\/secure.gravatar.com\/avatar\/36156ca0fa3b8d9d25174f146e16beea0cf28f37adf1b9e19b6c9c279a7c9dd3?s=96&d=mm&r=g\",\"contentUrl\":\"https:\/\/secure.gravatar.com\/avatar\/36156ca0fa3b8d9d25174f146e16beea0cf28f37adf1b9e19b6c9c279a7c9dd3?s=96&d=mm&r=g\",\"caption\":\"admin\"},\"sameAs\":[\"https:\/\/president-ksgov.net\"]}]}<\/script>\n<!-- \/ Yoast SEO plugin. -->","yoast_head_json":{"title":"President Jahjaga met the Foreign Minister of Germnay, Guido Westerwelle - President of the Republic of Kosovo - DR. VJOSA OSMANI - SADRIU","description":"President Jahjaga met the Foreign Minister of Germnay, Guido Westerwelle - President of the Republic of Kosovo - DR. VJOSA OSMANI - SADRIU -","robots":{"index":"index","follow":"follow","max-snippet":"max-snippet:-1","max-image-preview":"max-image-preview:large","max-video-preview":"max-video-preview:-1"},"canonical":"https:\/\/president-ksgov.net\/presidentja-jahjaga-takoi-ministrin-e-jashtem-te-gjermanise-guido-westerwelle\/","og_locale":"en_US","og_type":"article","og_title":"President Jahjaga met the Foreign Minister of Germnay, Guido Westerwelle - President of the Republic of Kosovo - DR. VJOSA OSMANI - SADRIU","og_description":"President Jahjaga met the Foreign Minister of Germnay, Guido Westerwelle - President of the Republic of Kosovo - DR. VJOSA OSMANI - SADRIU -","og_url":"https:\/\/president-ksgov.net\/presidentja-jahjaga-takoi-ministrin-e-jashtem-te-gjermanise-guido-westerwelle\/","og_site_name":"President of the Republic of Kosovo - DR. VJOSA OSMANI - SADRIU","article_published_time":"2012-02-05T17:06:06+00:00","article_modified_time":"2023-03-07T11:05:37+00:00","og_image":[{"width":1000,"height":869,"url":"https:\/\/president-ksgov.net\/wp-content\/uploads\/Takim_me_Westervelle_1.jpg","type":"image\/jpeg"}],"author":"admin","twitter_card":"summary_large_image","twitter_misc":{"Written by":"admin","Est. reading time":"1 minute"},"schema":{"@context":"https:\/\/schema.org","@graph":[{"@type":"WebPage","@id":"https:\/\/president-ksgov.net\/presidentja-jahjaga-takoi-ministrin-e-jashtem-te-gjermanise-guido-westerwelle\/","url":"https:\/\/president-ksgov.net\/presidentja-jahjaga-takoi-ministrin-e-jashtem-te-gjermanise-guido-westerwelle\/","name":"President Jahjaga met the Foreign Minister of Germnay, Guido Westerwelle - President of the Republic of Kosovo - DR. VJOSA OSMANI - SADRIU","isPartOf":{"@id":"https:\/\/president-ksgov.net\/#website"},"primaryImageOfPage":{"@id":"https:\/\/president-ksgov.net\/presidentja-jahjaga-takoi-ministrin-e-jashtem-te-gjermanise-guido-westerwelle\/#primaryimage"},"image":{"@id":"https:\/\/president-ksgov.net\/presidentja-jahjaga-takoi-ministrin-e-jashtem-te-gjermanise-guido-westerwelle\/#primaryimage"},"thumbnailUrl":"https:\/\/president-ksgov.net\/wp-content\/uploads\/Takim_me_Westervelle_1.jpg","datePublished":"2012-02-05T17:06:06+00:00","dateModified":"2023-03-07T11:05:37+00:00","author":{"@id":"https:\/\/president-ksgov.net\/#\/schema\/person\/bb4337a5fb147cb2046d80548172cbee"},"description":"President Jahjaga met the Foreign Minister of Germnay, Guido Westerwelle - President of the Republic of Kosovo - DR. VJOSA OSMANI - SADRIU -","breadcrumb":{"@id":"https:\/\/president-ksgov.net\/presidentja-jahjaga-takoi-ministrin-e-jashtem-te-gjermanise-guido-westerwelle\/#breadcrumb"},"inLanguage":"en-US","potentialAction":[{"@type":"ReadAction","target":["https:\/\/president-ksgov.net\/presidentja-jahjaga-takoi-ministrin-e-jashtem-te-gjermanise-guido-westerwelle\/"]}]},{"@type":"ImageObject","inLanguage":"en-US","@id":"https:\/\/president-ksgov.net\/presidentja-jahjaga-takoi-ministrin-e-jashtem-te-gjermanise-guido-westerwelle\/#primaryimage","url":"https:\/\/president-ksgov.net\/wp-content\/uploads\/Takim_me_Westervelle_1.jpg","contentUrl":"https:\/\/president-ksgov.net\/wp-content\/uploads\/Takim_me_Westervelle_1.jpg","width":1000,"height":869},{"@type":"BreadcrumbList","@id":"https:\/\/president-ksgov.net\/presidentja-jahjaga-takoi-ministrin-e-jashtem-te-gjermanise-guido-westerwelle\/#breadcrumb","itemListElement":[{"@type":"ListItem","position":1,"name":"Home","item":"https:\/\/president-ksgov.net\/en\/"},{"@type":"ListItem","position":2,"name":"President Jahjaga met the Foreign Minister of Germnay, Guido Westerwelle"}]},{"@type":"WebSite","@id":"https:\/\/president-ksgov.net\/#website","url":"https:\/\/president-ksgov.net\/","name":"Presidente e Republik\u00ebs s\u00eb Kosov\u00ebs","description":"Presidente e Republik\u00ebs s\u00eb Kosov\u00ebs","alternateName":"DR. VJOSA OSMANI - SADRIU","potentialAction":[{"@type":"SearchAction","target":{"@type":"EntryPoint","urlTemplate":"https:\/\/president-ksgov.net\/?s={search_term_string}"},"query-input":{"@type":"PropertyValueSpecification","valueRequired":true,"valueName":"search_term_string"}}],"inLanguage":"en-US"},{"@type":"Person","@id":"https:\/\/president-ksgov.net\/#\/schema\/person\/bb4337a5fb147cb2046d80548172cbee","name":"admin","image":{"@type":"ImageObject","inLanguage":"en-US","@id":"https:\/\/president-ksgov.net\/#\/schema\/person\/image\/","url":"https:\/\/secure.gravatar.com\/avatar\/36156ca0fa3b8d9d25174f146e16beea0cf28f37adf1b9e19b6c9c279a7c9dd3?s=96&d=mm&r=g","contentUrl":"https:\/\/secure.gravatar.com\/avatar\/36156ca0fa3b8d9d25174f146e16beea0cf28f37adf1b9e19b6c9c279a7c9dd3?s=96&d=mm&r=g","caption":"admin"},"sameAs":["https:\/\/president-ksgov.net"]}]}},"_links":{"self":[{"href":"https:\/\/president-ksgov.net\/en\/wp-json\/wp\/v2\/posts\/71520","targetHints":{"allow":["GET"]}}],"collection":[{"href":"https:\/\/president-ksgov.net\/en\/wp-json\/wp\/v2\/posts"}],"about":[{"href":"https:\/\/president-ksgov.net\/en\/wp-json\/wp\/v2\/types\/post"}],"author":[{"embeddable":true,"href":"https:\/\/president-ksgov.net\/en\/wp-json\/wp\/v2\/users\/1"}],"replies":[{"embeddable":true,"href":"https:\/\/president-ksgov.net\/en\/wp-json\/wp\/v2\/comments?post=71520"}],"version-history":[{"count":0,"href":"https:\/\/president-ksgov.net\/en\/wp-json\/wp\/v2\/posts\/71520\/revisions"}],"wp:featuredmedia":[{"embeddable":true,"href":"https:\/\/president-ksgov.net\/en\/wp-json\/wp\/v2\/media\/57449"}],"wp:attachment":[{"href":"https:\/\/president-ksgov.net\/en\/wp-json\/wp\/v2\/media?parent=71520"}],"wp:term":[{"taxonomy":"category","embeddable":true,"href":"https:\/\/president-ksgov.net\/en\/wp-json\/wp\/v2\/categories?post=71520"},{"taxonomy":"post_tag","embeddable":true,"href":"https:\/\/president-ksgov.net\/en\/wp-json\/wp\/v2\/tags?post=71520"}],"curies":[{"name":"wp","href":"https:\/\/api.w.org\/{rel}","templated":true}]}}