{"id":71507,"date":"2012-02-12T17:06:42","date_gmt":"2012-02-12T17:06:42","guid":{"rendered":"https:\/\/dev.president-ksgov.net\/president-jahjaga-declares-monday-a-day-of-national-mourning-for-the-victims-of-the-tragedy-in-restelica\/"},"modified":"2023-03-07T11:04:58","modified_gmt":"2023-03-07T11:04:58","slug":"president-jahjaga-declares-monday-a-day-of-national-mourning-for-the-victims-of-the-tragedy-in-restelica","status":"publish","type":"post","link":"https:\/\/president-ksgov.net\/en\/president-jahjaga-declares-monday-a-day-of-national-mourning-for-the-victims-of-the-tragedy-in-restelica\/","title":{"rendered":"President Jahjaga declares Monday a day of national mourning for the victims of the tragedy in Restelica"},"content":{"rendered":"<p>The President of the Republic of Kosovo, Mrs. Atifete Jahjaga has declared Monday, dated February 13, 2012, nation mourning day, in honor of the members of the Reka family, who were killed in the natural disaster in the village Restelica, in the municipality of Dragash.<\/p>\n<p>The decision to declare the day of mourning was taken pursuant to Article 48 items 1, 2.4 and 4 of the Law on the State Protocol, Law No. 03\/L-132.<\/p>\n<p>According to the decision of the President, in all state and public institutions of the Republic of Kosovo, the Kosovo flag is lowered to half mast. Likewise, all artistic, cultural and sport activities planned on this day, are suspended and postponed to a later date.\u00a0<\/p>\n","protected":false},"excerpt":{"rendered":"<p>The President of the Republic of Kosovo, Mrs. Atifete Jahjaga has declared Monday, dated February 13, 2012, nation mourning day, in honor of the members of the Reka family, who were killed in the natural disaster in the village Restelica, in the municipality of Dragash.<\/p>\n","protected":false},"author":1,"featured_media":57421,"comment_status":"open","ping_status":"closed","sticky":false,"template":"","format":"standard","meta":{"_eb_attr":"","footnotes":""},"categories":[111],"tags":[],"class_list":["post-71507","post","type-post","status-publish","format-standard","has-post-thumbnail","hentry","category-news"],"yoast_head":"<!-- This site is optimized with the Yoast SEO plugin v23.5 - https:\/\/yoast.com\/wordpress\/plugins\/seo\/ -->\n<title>President Jahjaga declares Monday a day of national mourning for the victims of the tragedy in Restelica - President of the Republic of Kosovo - DR. VJOSA OSMANI - SADRIU<\/title>\n<meta name=\"description\" content=\"President Jahjaga declares Monday a day of national mourning for the victims of the tragedy in Restelica - President of the Republic of Kosovo - DR. VJOSA OSMANI - SADRIU -\" \/>\n<meta name=\"robots\" content=\"index, follow, max-snippet:-1, max-image-preview:large, max-video-preview:-1\" \/>\n<link rel=\"canonical\" href=\"https:\/\/president-ksgov.net\/en\/president-jahjaga-declares-monday-a-day-of-national-mourning-for-the-victims-of-the-tragedy-in-restelica\/\" \/>\n<meta property=\"og:locale\" content=\"en_US\" \/>\n<meta property=\"og:type\" content=\"article\" \/>\n<meta property=\"og:title\" content=\"President Jahjaga declares Monday a day of national mourning for the victims of the tragedy in Restelica - President of the Republic of Kosovo - DR. VJOSA OSMANI - SADRIU\" \/>\n<meta property=\"og:description\" content=\"President Jahjaga declares Monday a day of national mourning for the victims of the tragedy in Restelica - President of the Republic of Kosovo - DR. VJOSA OSMANI - SADRIU -\" \/>\n<meta property=\"og:url\" content=\"https:\/\/president-ksgov.net\/en\/president-jahjaga-declares-monday-a-day-of-national-mourning-for-the-victims-of-the-tragedy-in-restelica\/\" \/>\n<meta property=\"og:site_name\" content=\"President of the Republic of Kosovo - DR. VJOSA OSMANI - SADRIU\" \/>\n<meta property=\"article:published_time\" content=\"2012-02-12T17:06:42+00:00\" \/>\n<meta property=\"article:modified_time\" content=\"2023-03-07T11:04:58+00:00\" \/>\n<meta property=\"og:image\" content=\"https:\/\/president-ksgov.net\/wp-content\/uploads\/Presidentja_Atifete_Jahjaga_viziton_te_mbijetuaren_e_tragjedise_se_Restelices_.jpg\" \/>\n\t<meta property=\"og:image:width\" content=\"850\" \/>\n\t<meta property=\"og:image:height\" content=\"567\" \/>\n\t<meta property=\"og:image:type\" content=\"image\/jpeg\" \/>\n<meta name=\"author\" content=\"admin\" \/>\n<meta name=\"twitter:card\" content=\"summary_large_image\" \/>\n<meta name=\"twitter:label1\" content=\"Written by\" \/>\n\t<meta name=\"twitter:data1\" content=\"admin\" \/>\n\t<meta name=\"twitter:label2\" content=\"Est. reading time\" \/>\n\t<meta name=\"twitter:data2\" content=\"1 minute\" \/>\n<script type=\"application\/ld+json\" class=\"yoast-schema-graph\">{\"@context\":\"https:\/\/schema.org\",\"@graph\":[{\"@type\":\"WebPage\",\"@id\":\"https:\/\/president-ksgov.net\/en\/president-jahjaga-declares-monday-a-day-of-national-mourning-for-the-victims-of-the-tragedy-in-restelica\/\",\"url\":\"https:\/\/president-ksgov.net\/en\/president-jahjaga-declares-monday-a-day-of-national-mourning-for-the-victims-of-the-tragedy-in-restelica\/\",\"name\":\"President Jahjaga declares Monday a day of national mourning for the victims of the tragedy in Restelica - President of the Republic of Kosovo - DR. VJOSA OSMANI - SADRIU\",\"isPartOf\":{\"@id\":\"https:\/\/president-ksgov.net\/#website\"},\"primaryImageOfPage\":{\"@id\":\"https:\/\/president-ksgov.net\/en\/president-jahjaga-declares-monday-a-day-of-national-mourning-for-the-victims-of-the-tragedy-in-restelica\/#primaryimage\"},\"image\":{\"@id\":\"https:\/\/president-ksgov.net\/en\/president-jahjaga-declares-monday-a-day-of-national-mourning-for-the-victims-of-the-tragedy-in-restelica\/#primaryimage\"},\"thumbnailUrl\":\"https:\/\/president-ksgov.net\/wp-content\/uploads\/Presidentja_Atifete_Jahjaga_viziton_te_mbijetuaren_e_tragjedise_se_Restelices_.jpg\",\"datePublished\":\"2012-02-12T17:06:42+00:00\",\"dateModified\":\"2023-03-07T11:04:58+00:00\",\"author\":{\"@id\":\"https:\/\/president-ksgov.net\/#\/schema\/person\/bb4337a5fb147cb2046d80548172cbee\"},\"description\":\"President Jahjaga declares Monday a day of national mourning for the victims of the tragedy in Restelica - President of the Republic of Kosovo - DR. VJOSA OSMANI - SADRIU -\",\"breadcrumb\":{\"@id\":\"https:\/\/president-ksgov.net\/en\/president-jahjaga-declares-monday-a-day-of-national-mourning-for-the-victims-of-the-tragedy-in-restelica\/#breadcrumb\"},\"inLanguage\":\"en-US\",\"potentialAction\":[{\"@type\":\"ReadAction\",\"target\":[\"https:\/\/president-ksgov.net\/en\/president-jahjaga-declares-monday-a-day-of-national-mourning-for-the-victims-of-the-tragedy-in-restelica\/\"]}]},{\"@type\":\"ImageObject\",\"inLanguage\":\"en-US\",\"@id\":\"https:\/\/president-ksgov.net\/en\/president-jahjaga-declares-monday-a-day-of-national-mourning-for-the-victims-of-the-tragedy-in-restelica\/#primaryimage\",\"url\":\"https:\/\/president-ksgov.net\/wp-content\/uploads\/Presidentja_Atifete_Jahjaga_viziton_te_mbijetuaren_e_tragjedise_se_Restelices_.jpg\",\"contentUrl\":\"https:\/\/president-ksgov.net\/wp-content\/uploads\/Presidentja_Atifete_Jahjaga_viziton_te_mbijetuaren_e_tragjedise_se_Restelices_.jpg\",\"width\":850,\"height\":567},{\"@type\":\"BreadcrumbList\",\"@id\":\"https:\/\/president-ksgov.net\/en\/president-jahjaga-declares-monday-a-day-of-national-mourning-for-the-victims-of-the-tragedy-in-restelica\/#breadcrumb\",\"itemListElement\":[{\"@type\":\"ListItem\",\"position\":1,\"name\":\"Home\",\"item\":\"https:\/\/president-ksgov.net\/en\/\"},{\"@type\":\"ListItem\",\"position\":2,\"name\":\"President Jahjaga declares Monday a day of national mourning for the victims of the tragedy in Restelica\"}]},{\"@type\":\"WebSite\",\"@id\":\"https:\/\/president-ksgov.net\/#website\",\"url\":\"https:\/\/president-ksgov.net\/\",\"name\":\"Presidente e Republik\u00ebs s\u00eb Kosov\u00ebs\",\"description\":\"Presidente e Republik\u00ebs s\u00eb Kosov\u00ebs\",\"alternateName\":\"DR. VJOSA OSMANI - SADRIU\",\"potentialAction\":[{\"@type\":\"SearchAction\",\"target\":{\"@type\":\"EntryPoint\",\"urlTemplate\":\"https:\/\/president-ksgov.net\/?s={search_term_string}\"},\"query-input\":{\"@type\":\"PropertyValueSpecification\",\"valueRequired\":true,\"valueName\":\"search_term_string\"}}],\"inLanguage\":\"en-US\"},{\"@type\":\"Person\",\"@id\":\"https:\/\/president-ksgov.net\/#\/schema\/person\/bb4337a5fb147cb2046d80548172cbee\",\"name\":\"admin\",\"image\":{\"@type\":\"ImageObject\",\"inLanguage\":\"en-US\",\"@id\":\"https:\/\/president-ksgov.net\/#\/schema\/person\/image\/\",\"url\":\"https:\/\/secure.gravatar.com\/avatar\/36156ca0fa3b8d9d25174f146e16beea0cf28f37adf1b9e19b6c9c279a7c9dd3?s=96&d=mm&r=g\",\"contentUrl\":\"https:\/\/secure.gravatar.com\/avatar\/36156ca0fa3b8d9d25174f146e16beea0cf28f37adf1b9e19b6c9c279a7c9dd3?s=96&d=mm&r=g\",\"caption\":\"admin\"},\"sameAs\":[\"https:\/\/president-ksgov.net\"]}]}<\/script>\n<!-- \/ Yoast SEO plugin. -->","yoast_head_json":{"title":"President Jahjaga declares Monday a day of national mourning for the victims of the tragedy in Restelica - President of the Republic of Kosovo - DR. VJOSA OSMANI - SADRIU","description":"President Jahjaga declares Monday a day of national mourning for the victims of the tragedy in Restelica - President of the Republic of Kosovo - DR. VJOSA OSMANI - SADRIU -","robots":{"index":"index","follow":"follow","max-snippet":"max-snippet:-1","max-image-preview":"max-image-preview:large","max-video-preview":"max-video-preview:-1"},"canonical":"https:\/\/president-ksgov.net\/en\/president-jahjaga-declares-monday-a-day-of-national-mourning-for-the-victims-of-the-tragedy-in-restelica\/","og_locale":"en_US","og_type":"article","og_title":"President Jahjaga declares Monday a day of national mourning for the victims of the tragedy in Restelica - President of the Republic of Kosovo - DR. VJOSA OSMANI - SADRIU","og_description":"President Jahjaga declares Monday a day of national mourning for the victims of the tragedy in Restelica - President of the Republic of Kosovo - DR. VJOSA OSMANI - SADRIU -","og_url":"https:\/\/president-ksgov.net\/en\/president-jahjaga-declares-monday-a-day-of-national-mourning-for-the-victims-of-the-tragedy-in-restelica\/","og_site_name":"President of the Republic of Kosovo - DR. VJOSA OSMANI - SADRIU","article_published_time":"2012-02-12T17:06:42+00:00","article_modified_time":"2023-03-07T11:04:58+00:00","og_image":[{"width":850,"height":567,"url":"https:\/\/president-ksgov.net\/wp-content\/uploads\/Presidentja_Atifete_Jahjaga_viziton_te_mbijetuaren_e_tragjedise_se_Restelices_.jpg","type":"image\/jpeg"}],"author":"admin","twitter_card":"summary_large_image","twitter_misc":{"Written by":"admin","Est. reading time":"1 minute"},"schema":{"@context":"https:\/\/schema.org","@graph":[{"@type":"WebPage","@id":"https:\/\/president-ksgov.net\/en\/president-jahjaga-declares-monday-a-day-of-national-mourning-for-the-victims-of-the-tragedy-in-restelica\/","url":"https:\/\/president-ksgov.net\/en\/president-jahjaga-declares-monday-a-day-of-national-mourning-for-the-victims-of-the-tragedy-in-restelica\/","name":"President Jahjaga declares Monday a day of national mourning for the victims of the tragedy in Restelica - President of the Republic of Kosovo - DR. VJOSA OSMANI - SADRIU","isPartOf":{"@id":"https:\/\/president-ksgov.net\/#website"},"primaryImageOfPage":{"@id":"https:\/\/president-ksgov.net\/en\/president-jahjaga-declares-monday-a-day-of-national-mourning-for-the-victims-of-the-tragedy-in-restelica\/#primaryimage"},"image":{"@id":"https:\/\/president-ksgov.net\/en\/president-jahjaga-declares-monday-a-day-of-national-mourning-for-the-victims-of-the-tragedy-in-restelica\/#primaryimage"},"thumbnailUrl":"https:\/\/president-ksgov.net\/wp-content\/uploads\/Presidentja_Atifete_Jahjaga_viziton_te_mbijetuaren_e_tragjedise_se_Restelices_.jpg","datePublished":"2012-02-12T17:06:42+00:00","dateModified":"2023-03-07T11:04:58+00:00","author":{"@id":"https:\/\/president-ksgov.net\/#\/schema\/person\/bb4337a5fb147cb2046d80548172cbee"},"description":"President Jahjaga declares Monday a day of national mourning for the victims of the tragedy in Restelica - President of the Republic of Kosovo - DR. VJOSA OSMANI - SADRIU -","breadcrumb":{"@id":"https:\/\/president-ksgov.net\/en\/president-jahjaga-declares-monday-a-day-of-national-mourning-for-the-victims-of-the-tragedy-in-restelica\/#breadcrumb"},"inLanguage":"en-US","potentialAction":[{"@type":"ReadAction","target":["https:\/\/president-ksgov.net\/en\/president-jahjaga-declares-monday-a-day-of-national-mourning-for-the-victims-of-the-tragedy-in-restelica\/"]}]},{"@type":"ImageObject","inLanguage":"en-US","@id":"https:\/\/president-ksgov.net\/en\/president-jahjaga-declares-monday-a-day-of-national-mourning-for-the-victims-of-the-tragedy-in-restelica\/#primaryimage","url":"https:\/\/president-ksgov.net\/wp-content\/uploads\/Presidentja_Atifete_Jahjaga_viziton_te_mbijetuaren_e_tragjedise_se_Restelices_.jpg","contentUrl":"https:\/\/president-ksgov.net\/wp-content\/uploads\/Presidentja_Atifete_Jahjaga_viziton_te_mbijetuaren_e_tragjedise_se_Restelices_.jpg","width":850,"height":567},{"@type":"BreadcrumbList","@id":"https:\/\/president-ksgov.net\/en\/president-jahjaga-declares-monday-a-day-of-national-mourning-for-the-victims-of-the-tragedy-in-restelica\/#breadcrumb","itemListElement":[{"@type":"ListItem","position":1,"name":"Home","item":"https:\/\/president-ksgov.net\/en\/"},{"@type":"ListItem","position":2,"name":"President Jahjaga declares Monday a day of national mourning for the victims of the tragedy in Restelica"}]},{"@type":"WebSite","@id":"https:\/\/president-ksgov.net\/#website","url":"https:\/\/president-ksgov.net\/","name":"Presidente e Republik\u00ebs s\u00eb Kosov\u00ebs","description":"Presidente e Republik\u00ebs s\u00eb Kosov\u00ebs","alternateName":"DR. VJOSA OSMANI - SADRIU","potentialAction":[{"@type":"SearchAction","target":{"@type":"EntryPoint","urlTemplate":"https:\/\/president-ksgov.net\/?s={search_term_string}"},"query-input":{"@type":"PropertyValueSpecification","valueRequired":true,"valueName":"search_term_string"}}],"inLanguage":"en-US"},{"@type":"Person","@id":"https:\/\/president-ksgov.net\/#\/schema\/person\/bb4337a5fb147cb2046d80548172cbee","name":"admin","image":{"@type":"ImageObject","inLanguage":"en-US","@id":"https:\/\/president-ksgov.net\/#\/schema\/person\/image\/","url":"https:\/\/secure.gravatar.com\/avatar\/36156ca0fa3b8d9d25174f146e16beea0cf28f37adf1b9e19b6c9c279a7c9dd3?s=96&d=mm&r=g","contentUrl":"https:\/\/secure.gravatar.com\/avatar\/36156ca0fa3b8d9d25174f146e16beea0cf28f37adf1b9e19b6c9c279a7c9dd3?s=96&d=mm&r=g","caption":"admin"},"sameAs":["https:\/\/president-ksgov.net"]}]}},"_links":{"self":[{"href":"https:\/\/president-ksgov.net\/en\/wp-json\/wp\/v2\/posts\/71507","targetHints":{"allow":["GET"]}}],"collection":[{"href":"https:\/\/president-ksgov.net\/en\/wp-json\/wp\/v2\/posts"}],"about":[{"href":"https:\/\/president-ksgov.net\/en\/wp-json\/wp\/v2\/types\/post"}],"author":[{"embeddable":true,"href":"https:\/\/president-ksgov.net\/en\/wp-json\/wp\/v2\/users\/1"}],"replies":[{"embeddable":true,"href":"https:\/\/president-ksgov.net\/en\/wp-json\/wp\/v2\/comments?post=71507"}],"version-history":[{"count":0,"href":"https:\/\/president-ksgov.net\/en\/wp-json\/wp\/v2\/posts\/71507\/revisions"}],"wp:featuredmedia":[{"embeddable":true,"href":"https:\/\/president-ksgov.net\/en\/wp-json\/wp\/v2\/media\/57421"}],"wp:attachment":[{"href":"https:\/\/president-ksgov.net\/en\/wp-json\/wp\/v2\/media?parent=71507"}],"wp:term":[{"taxonomy":"category","embeddable":true,"href":"https:\/\/president-ksgov.net\/en\/wp-json\/wp\/v2\/categories?post=71507"},{"taxonomy":"post_tag","embeddable":true,"href":"https:\/\/president-ksgov.net\/en\/wp-json\/wp\/v2\/tags?post=71507"}],"curies":[{"name":"wp","href":"https:\/\/api.w.org\/{rel}","templated":true}]}}