{"id":71481,"date":"2012-02-24T17:17:46","date_gmt":"2012-02-24T17:17:46","guid":{"rendered":"https:\/\/dev.president-ksgov.net\/statement-of-the-president-of-the-republic-of-kosovo-on-the-agreements-reached-in-brussels\/"},"modified":"2023-03-07T11:04:15","modified_gmt":"2023-03-07T11:04:15","slug":"statement-of-the-president-of-the-republic-of-kosovo-on-the-agreements-reached-in-brussels","status":"publish","type":"post","link":"https:\/\/president-ksgov.net\/en\/statement-of-the-president-of-the-republic-of-kosovo-on-the-agreements-reached-in-brussels\/","title":{"rendered":"Statement of the President of the Republic of Kosovo on the agreements reached in Brussels"},"content":{"rendered":"<p>The President of the Republic of Kosovo, Madam Atifete Jahjaga, has positively assessed the achievement of arrangements in Brussels between the Republic of Kosovo and the Republic of Serbia, mediated by the European Union, on the representation of the Republic of Kosovo in the regional organizations and for the integrated border management.<\/p>\n<p>The President of the Republic of Kosovo considers that the dialogue taking place in Brussels between two sovereign and independent states, two equal neighboring countries, helps normalize and relaxation of relations, in facilitating the life the working of the citizens and the free circulation of people and goods.<\/p>\n<p>The concretization of the European road for the Republic of Kosovo, with the establishment of contractual relations with the EU and with the beginning of the feasibility study for the Stabilization and Association Agreement, will accelerate the integration of Kosovo into the EU and will enable the deepening and the implementation of reforms in the country.<\/p>\n<p>The Republic of Kosovo has the future in the Euro-Atlantic integration, as a member of the European Union and NATO. This path of integration is the aspiration of all citizens of the Republic of Kosovo, without distinction, and it has no other alternative. The agreements reached help these processes and ensure the equitable representation and the representation as a sovereign state of the Republic of Kosovo, in regional and international organizations and mechanisms.<\/p>\n<p>The President of the Republic of Kosovo, Madam Atifete Jahjaga, urges all institutions and political parties and entities and all the citizens of the Republic of Kosovo to provide concrete support to this agreement, to the whole process of dialogue and the path of the Republic of Kosovo, a sovereign and independent state in the Euro-Atlantic integration processes.<\/p>\n<p>The President of the Republic of Kosovo, Madam Atifete Jahjaga, thanks the European Union and the United States of America on all the help given to the process of dialogue and the achievement of agreements.<\/p>\n","protected":false},"excerpt":{"rendered":"<p>The President of the Republic of Kosovo, Madam Atifete Jahjaga, has positively assessed the achievement of arrangements in Brussels between the Republic of Kosovo and the Republic of Serbia, mediated by the European Union, on the representation of the Republic of Kosovo in the regional organizations and for the integrated border management.<\/p>\n","protected":false},"author":1,"featured_media":86338,"comment_status":"open","ping_status":"closed","sticky":false,"template":"","format":"standard","meta":{"_eb_attr":"","footnotes":""},"categories":[111],"tags":[],"class_list":["post-71481","post","type-post","status-publish","format-standard","has-post-thumbnail","hentry","category-news"],"yoast_head":"<!-- This site is optimized with the Yoast SEO plugin v23.5 - https:\/\/yoast.com\/wordpress\/plugins\/seo\/ -->\n<title>Statement of the President of the Republic of Kosovo on the agreements reached in Brussels - President of the Republic of Kosovo - DR. VJOSA OSMANI - SADRIU<\/title>\n<meta name=\"description\" content=\"Statement of the President of the Republic of Kosovo on the agreements reached in Brussels - President of the Republic of Kosovo - DR. VJOSA OSMANI - SADRIU -\" \/>\n<meta name=\"robots\" content=\"index, follow, max-snippet:-1, max-image-preview:large, max-video-preview:-1\" \/>\n<link rel=\"canonical\" href=\"https:\/\/president-ksgov.net\/deklarata-e-presidentes-se-republikes-se-kosoves-per-marreveshjet-e-arritura-ne-bruksel\/\" \/>\n<meta property=\"og:locale\" content=\"en_US\" \/>\n<meta property=\"og:type\" content=\"article\" \/>\n<meta property=\"og:title\" content=\"Statement of the President of the Republic of Kosovo on the agreements reached in Brussels - President of the Republic of Kosovo - DR. VJOSA OSMANI - SADRIU\" \/>\n<meta property=\"og:description\" content=\"Statement of the President of the Republic of Kosovo on the agreements reached in Brussels - President of the Republic of Kosovo - DR. VJOSA OSMANI - SADRIU -\" \/>\n<meta property=\"og:url\" content=\"https:\/\/president-ksgov.net\/deklarata-e-presidentes-se-republikes-se-kosoves-per-marreveshjet-e-arritura-ne-bruksel\/\" \/>\n<meta property=\"og:site_name\" content=\"President of the Republic of Kosovo - DR. VJOSA OSMANI - SADRIU\" \/>\n<meta property=\"article:published_time\" content=\"2012-02-24T17:17:46+00:00\" \/>\n<meta property=\"article:modified_time\" content=\"2023-03-07T11:04:15+00:00\" \/>\n<meta property=\"og:image\" content=\"https:\/\/president-ksgov.net\/wp-content\/uploads\/Zyra-e-Presidentes-Featured-Image1-e1678970937938.png\" \/>\n\t<meta property=\"og:image:width\" content=\"1024\" \/>\n\t<meta property=\"og:image:height\" content=\"716\" \/>\n\t<meta property=\"og:image:type\" content=\"image\/png\" \/>\n<meta name=\"author\" content=\"admin\" \/>\n<meta name=\"twitter:card\" content=\"summary_large_image\" \/>\n<meta name=\"twitter:label1\" content=\"Written by\" \/>\n\t<meta name=\"twitter:data1\" content=\"admin\" \/>\n\t<meta name=\"twitter:label2\" content=\"Est. reading time\" \/>\n\t<meta name=\"twitter:data2\" content=\"2 minutes\" \/>\n<script type=\"application\/ld+json\" class=\"yoast-schema-graph\">{\"@context\":\"https:\/\/schema.org\",\"@graph\":[{\"@type\":\"WebPage\",\"@id\":\"https:\/\/president-ksgov.net\/deklarata-e-presidentes-se-republikes-se-kosoves-per-marreveshjet-e-arritura-ne-bruksel\/\",\"url\":\"https:\/\/president-ksgov.net\/deklarata-e-presidentes-se-republikes-se-kosoves-per-marreveshjet-e-arritura-ne-bruksel\/\",\"name\":\"Statement of the President of the Republic of Kosovo on the agreements reached in Brussels - President of the Republic of Kosovo - DR. VJOSA OSMANI - SADRIU\",\"isPartOf\":{\"@id\":\"https:\/\/president-ksgov.net\/#website\"},\"primaryImageOfPage\":{\"@id\":\"https:\/\/president-ksgov.net\/deklarata-e-presidentes-se-republikes-se-kosoves-per-marreveshjet-e-arritura-ne-bruksel\/#primaryimage\"},\"image\":{\"@id\":\"https:\/\/president-ksgov.net\/deklarata-e-presidentes-se-republikes-se-kosoves-per-marreveshjet-e-arritura-ne-bruksel\/#primaryimage\"},\"thumbnailUrl\":\"https:\/\/president-ksgov.net\/wp-content\/uploads\/Zyra-e-Presidentes-Featured-Image1-e1678970937938.png\",\"datePublished\":\"2012-02-24T17:17:46+00:00\",\"dateModified\":\"2023-03-07T11:04:15+00:00\",\"author\":{\"@id\":\"https:\/\/president-ksgov.net\/#\/schema\/person\/bb4337a5fb147cb2046d80548172cbee\"},\"description\":\"Statement of the President of the Republic of Kosovo on the agreements reached in Brussels - President of the Republic of Kosovo - DR. VJOSA OSMANI - SADRIU -\",\"breadcrumb\":{\"@id\":\"https:\/\/president-ksgov.net\/deklarata-e-presidentes-se-republikes-se-kosoves-per-marreveshjet-e-arritura-ne-bruksel\/#breadcrumb\"},\"inLanguage\":\"en-US\",\"potentialAction\":[{\"@type\":\"ReadAction\",\"target\":[\"https:\/\/president-ksgov.net\/deklarata-e-presidentes-se-republikes-se-kosoves-per-marreveshjet-e-arritura-ne-bruksel\/\"]}]},{\"@type\":\"ImageObject\",\"inLanguage\":\"en-US\",\"@id\":\"https:\/\/president-ksgov.net\/deklarata-e-presidentes-se-republikes-se-kosoves-per-marreveshjet-e-arritura-ne-bruksel\/#primaryimage\",\"url\":\"https:\/\/president-ksgov.net\/wp-content\/uploads\/Zyra-e-Presidentes-Featured-Image1-e1678970937938.png\",\"contentUrl\":\"https:\/\/president-ksgov.net\/wp-content\/uploads\/Zyra-e-Presidentes-Featured-Image1-e1678970937938.png\",\"width\":1024,\"height\":716},{\"@type\":\"BreadcrumbList\",\"@id\":\"https:\/\/president-ksgov.net\/deklarata-e-presidentes-se-republikes-se-kosoves-per-marreveshjet-e-arritura-ne-bruksel\/#breadcrumb\",\"itemListElement\":[{\"@type\":\"ListItem\",\"position\":1,\"name\":\"Home\",\"item\":\"https:\/\/president-ksgov.net\/en\/\"},{\"@type\":\"ListItem\",\"position\":2,\"name\":\"Statement of the President of the Republic of Kosovo on the agreements reached in Brussels\"}]},{\"@type\":\"WebSite\",\"@id\":\"https:\/\/president-ksgov.net\/#website\",\"url\":\"https:\/\/president-ksgov.net\/\",\"name\":\"Presidente e Republik\u00ebs s\u00eb Kosov\u00ebs\",\"description\":\"Presidente e Republik\u00ebs s\u00eb Kosov\u00ebs\",\"alternateName\":\"DR. VJOSA OSMANI - SADRIU\",\"potentialAction\":[{\"@type\":\"SearchAction\",\"target\":{\"@type\":\"EntryPoint\",\"urlTemplate\":\"https:\/\/president-ksgov.net\/?s={search_term_string}\"},\"query-input\":{\"@type\":\"PropertyValueSpecification\",\"valueRequired\":true,\"valueName\":\"search_term_string\"}}],\"inLanguage\":\"en-US\"},{\"@type\":\"Person\",\"@id\":\"https:\/\/president-ksgov.net\/#\/schema\/person\/bb4337a5fb147cb2046d80548172cbee\",\"name\":\"admin\",\"image\":{\"@type\":\"ImageObject\",\"inLanguage\":\"en-US\",\"@id\":\"https:\/\/president-ksgov.net\/#\/schema\/person\/image\/\",\"url\":\"https:\/\/secure.gravatar.com\/avatar\/36156ca0fa3b8d9d25174f146e16beea0cf28f37adf1b9e19b6c9c279a7c9dd3?s=96&d=mm&r=g\",\"contentUrl\":\"https:\/\/secure.gravatar.com\/avatar\/36156ca0fa3b8d9d25174f146e16beea0cf28f37adf1b9e19b6c9c279a7c9dd3?s=96&d=mm&r=g\",\"caption\":\"admin\"},\"sameAs\":[\"https:\/\/president-ksgov.net\"]}]}<\/script>\n<!-- \/ Yoast SEO plugin. -->","yoast_head_json":{"title":"Statement of the President of the Republic of Kosovo on the agreements reached in Brussels - President of the Republic of Kosovo - DR. VJOSA OSMANI - SADRIU","description":"Statement of the President of the Republic of Kosovo on the agreements reached in Brussels - President of the Republic of Kosovo - DR. VJOSA OSMANI - SADRIU -","robots":{"index":"index","follow":"follow","max-snippet":"max-snippet:-1","max-image-preview":"max-image-preview:large","max-video-preview":"max-video-preview:-1"},"canonical":"https:\/\/president-ksgov.net\/deklarata-e-presidentes-se-republikes-se-kosoves-per-marreveshjet-e-arritura-ne-bruksel\/","og_locale":"en_US","og_type":"article","og_title":"Statement of the President of the Republic of Kosovo on the agreements reached in Brussels - President of the Republic of Kosovo - DR. VJOSA OSMANI - SADRIU","og_description":"Statement of the President of the Republic of Kosovo on the agreements reached in Brussels - President of the Republic of Kosovo - DR. VJOSA OSMANI - SADRIU -","og_url":"https:\/\/president-ksgov.net\/deklarata-e-presidentes-se-republikes-se-kosoves-per-marreveshjet-e-arritura-ne-bruksel\/","og_site_name":"President of the Republic of Kosovo - DR. VJOSA OSMANI - SADRIU","article_published_time":"2012-02-24T17:17:46+00:00","article_modified_time":"2023-03-07T11:04:15+00:00","og_image":[{"width":1024,"height":716,"url":"https:\/\/president-ksgov.net\/wp-content\/uploads\/Zyra-e-Presidentes-Featured-Image1-e1678970937938.png","type":"image\/png"}],"author":"admin","twitter_card":"summary_large_image","twitter_misc":{"Written by":"admin","Est. reading time":"2 minutes"},"schema":{"@context":"https:\/\/schema.org","@graph":[{"@type":"WebPage","@id":"https:\/\/president-ksgov.net\/deklarata-e-presidentes-se-republikes-se-kosoves-per-marreveshjet-e-arritura-ne-bruksel\/","url":"https:\/\/president-ksgov.net\/deklarata-e-presidentes-se-republikes-se-kosoves-per-marreveshjet-e-arritura-ne-bruksel\/","name":"Statement of the President of the Republic of Kosovo on the agreements reached in Brussels - President of the Republic of Kosovo - DR. VJOSA OSMANI - SADRIU","isPartOf":{"@id":"https:\/\/president-ksgov.net\/#website"},"primaryImageOfPage":{"@id":"https:\/\/president-ksgov.net\/deklarata-e-presidentes-se-republikes-se-kosoves-per-marreveshjet-e-arritura-ne-bruksel\/#primaryimage"},"image":{"@id":"https:\/\/president-ksgov.net\/deklarata-e-presidentes-se-republikes-se-kosoves-per-marreveshjet-e-arritura-ne-bruksel\/#primaryimage"},"thumbnailUrl":"https:\/\/president-ksgov.net\/wp-content\/uploads\/Zyra-e-Presidentes-Featured-Image1-e1678970937938.png","datePublished":"2012-02-24T17:17:46+00:00","dateModified":"2023-03-07T11:04:15+00:00","author":{"@id":"https:\/\/president-ksgov.net\/#\/schema\/person\/bb4337a5fb147cb2046d80548172cbee"},"description":"Statement of the President of the Republic of Kosovo on the agreements reached in Brussels - President of the Republic of Kosovo - DR. VJOSA OSMANI - SADRIU -","breadcrumb":{"@id":"https:\/\/president-ksgov.net\/deklarata-e-presidentes-se-republikes-se-kosoves-per-marreveshjet-e-arritura-ne-bruksel\/#breadcrumb"},"inLanguage":"en-US","potentialAction":[{"@type":"ReadAction","target":["https:\/\/president-ksgov.net\/deklarata-e-presidentes-se-republikes-se-kosoves-per-marreveshjet-e-arritura-ne-bruksel\/"]}]},{"@type":"ImageObject","inLanguage":"en-US","@id":"https:\/\/president-ksgov.net\/deklarata-e-presidentes-se-republikes-se-kosoves-per-marreveshjet-e-arritura-ne-bruksel\/#primaryimage","url":"https:\/\/president-ksgov.net\/wp-content\/uploads\/Zyra-e-Presidentes-Featured-Image1-e1678970937938.png","contentUrl":"https:\/\/president-ksgov.net\/wp-content\/uploads\/Zyra-e-Presidentes-Featured-Image1-e1678970937938.png","width":1024,"height":716},{"@type":"BreadcrumbList","@id":"https:\/\/president-ksgov.net\/deklarata-e-presidentes-se-republikes-se-kosoves-per-marreveshjet-e-arritura-ne-bruksel\/#breadcrumb","itemListElement":[{"@type":"ListItem","position":1,"name":"Home","item":"https:\/\/president-ksgov.net\/en\/"},{"@type":"ListItem","position":2,"name":"Statement of the President of the Republic of Kosovo on the agreements reached in Brussels"}]},{"@type":"WebSite","@id":"https:\/\/president-ksgov.net\/#website","url":"https:\/\/president-ksgov.net\/","name":"Presidente e Republik\u00ebs s\u00eb Kosov\u00ebs","description":"Presidente e Republik\u00ebs s\u00eb Kosov\u00ebs","alternateName":"DR. VJOSA OSMANI - SADRIU","potentialAction":[{"@type":"SearchAction","target":{"@type":"EntryPoint","urlTemplate":"https:\/\/president-ksgov.net\/?s={search_term_string}"},"query-input":{"@type":"PropertyValueSpecification","valueRequired":true,"valueName":"search_term_string"}}],"inLanguage":"en-US"},{"@type":"Person","@id":"https:\/\/president-ksgov.net\/#\/schema\/person\/bb4337a5fb147cb2046d80548172cbee","name":"admin","image":{"@type":"ImageObject","inLanguage":"en-US","@id":"https:\/\/president-ksgov.net\/#\/schema\/person\/image\/","url":"https:\/\/secure.gravatar.com\/avatar\/36156ca0fa3b8d9d25174f146e16beea0cf28f37adf1b9e19b6c9c279a7c9dd3?s=96&d=mm&r=g","contentUrl":"https:\/\/secure.gravatar.com\/avatar\/36156ca0fa3b8d9d25174f146e16beea0cf28f37adf1b9e19b6c9c279a7c9dd3?s=96&d=mm&r=g","caption":"admin"},"sameAs":["https:\/\/president-ksgov.net"]}]}},"_links":{"self":[{"href":"https:\/\/president-ksgov.net\/en\/wp-json\/wp\/v2\/posts\/71481","targetHints":{"allow":["GET"]}}],"collection":[{"href":"https:\/\/president-ksgov.net\/en\/wp-json\/wp\/v2\/posts"}],"about":[{"href":"https:\/\/president-ksgov.net\/en\/wp-json\/wp\/v2\/types\/post"}],"author":[{"embeddable":true,"href":"https:\/\/president-ksgov.net\/en\/wp-json\/wp\/v2\/users\/1"}],"replies":[{"embeddable":true,"href":"https:\/\/president-ksgov.net\/en\/wp-json\/wp\/v2\/comments?post=71481"}],"version-history":[{"count":0,"href":"https:\/\/president-ksgov.net\/en\/wp-json\/wp\/v2\/posts\/71481\/revisions"}],"wp:featuredmedia":[{"embeddable":true,"href":"https:\/\/president-ksgov.net\/en\/wp-json\/wp\/v2\/media\/86338"}],"wp:attachment":[{"href":"https:\/\/president-ksgov.net\/en\/wp-json\/wp\/v2\/media?parent=71481"}],"wp:term":[{"taxonomy":"category","embeddable":true,"href":"https:\/\/president-ksgov.net\/en\/wp-json\/wp\/v2\/categories?post=71481"},{"taxonomy":"post_tag","embeddable":true,"href":"https:\/\/president-ksgov.net\/en\/wp-json\/wp\/v2\/tags?post=71481"}],"curies":[{"name":"wp","href":"https:\/\/api.w.org\/{rel}","templated":true}]}}