{"id":71394,"date":"2012-05-05T18:21:59","date_gmt":"2012-05-05T18:21:59","guid":{"rendered":"https:\/\/dev.president-ksgov.net\/response-of-the-office-of-the-president-of-the-republic-of-kosovo-on-the-arrestment-of-the-albanians-in-the-presheva-valley\/"},"modified":"2023-03-07T11:01:53","modified_gmt":"2023-03-07T11:01:53","slug":"response-of-the-office-of-the-president-of-the-republic-of-kosovo-on-the-arrestment-of-the-albanians-in-the-presheva-valley","status":"publish","type":"post","link":"https:\/\/president-ksgov.net\/en\/response-of-the-office-of-the-president-of-the-republic-of-kosovo-on-the-arrestment-of-the-albanians-in-the-presheva-valley\/","title":{"rendered":"Response of the Office of the President of the Republic of Kosovo on the arrestment of the Albanians in the Presheva Valley"},"content":{"rendered":"<p>The President of the Republic of Kosovo, Madam Atifete Jahjaga, expressed her concern about the violent action of the Police of the Republic of Serbia in the Presheva Valley, inhabited by Albanian vast majority and the arrestment of several young Albanians accused of war crimes.<\/p>\n<p>The Office of the President of the Republic of Kosovo considers that the action has purely political motives and is designed to cause uncertainty among the Albanian population by promoting its displacement from their lands, in this part of the state of Serbia and by denying its legitimate rights.<\/p>\n<p>The Albanians of the Presheva Valley must be treated as equal citizens with all the other citizens of the Republic of Serbia and to enjoy their rights and freedoms without fear of police persecution.<\/p>\n<p>The statements of the officials of the Republic of Serbia do not contribute to peace and stability in the region and hinder the construction of good interstate relations between the Republic of Kosovo and the Republic of Serbia. The position of the Serb community in Kosovo and that of the Albanian community in Serbia must play an important role in the relations between our two countries and in the Euro-Atlantic integration path.<\/p>\n<p>The Office of the President of the Republic of Kosovo urges the international community and Serbian authorities to fully implement the Kon\u00e7ul Agreement, to release all the detainees immediately and to secure to the Albanians of the Presheva Valley all the civil and national rights, as all democratic countries do and as the Republic of Kosovo does with all the ethnic communities.<\/p>\n<p>The Office of the President of the Republic of Kosovo invites the Albanians of the Presheva Valley that by respecting the national laws and in accordance with the international conventions, to participate all in the elections in the municipalities of Medvegja, Bujanoc and Presevo and to elect its legal and legitimate representatives, to have the power in these lands, in order to decide for their own future. As always they will have the support of the Republic of Kosovo and the entire international community.<\/p>\n<p>The Office of the President of Kosovo<\/p>\n","protected":false},"excerpt":{"rendered":"<p>The President of the Republic of Kosovo, Madam Atifete Jahjaga, expressed her concern about the violent action of the Police of the Republic of Serbia in the Presheva Valley, inhabited by Albanian vast majority and the arrestment of several young Albanians accused of war crimes.<\/p>\n","protected":false},"author":1,"featured_media":86338,"comment_status":"open","ping_status":"closed","sticky":false,"template":"","format":"standard","meta":{"_eb_attr":"","footnotes":""},"categories":[111],"tags":[],"class_list":["post-71394","post","type-post","status-publish","format-standard","has-post-thumbnail","hentry","category-news"],"yoast_head":"<!-- This site is optimized with the Yoast SEO plugin v23.5 - https:\/\/yoast.com\/wordpress\/plugins\/seo\/ -->\n<title>Response of the Office of the President of the Republic of Kosovo on the arrestment of the Albanians in the Presheva Valley - President of the Republic of Kosovo - DR. VJOSA OSMANI - SADRIU<\/title>\n<meta name=\"description\" content=\"Response of the Office of the President of the Republic of Kosovo on the arrestment of the Albanians in the Presheva Valley - President of the Republic of Kosovo - DR. VJOSA OSMANI - SADRIU -\" \/>\n<meta name=\"robots\" content=\"index, follow, max-snippet:-1, max-image-preview:large, max-video-preview:-1\" \/>\n<link rel=\"canonical\" href=\"https:\/\/president-ksgov.net\/reagim-i-zyres-se-presidentes-se-republikes-se-kosoves-per-arrestimet-e-shqiptareve-ne-luginen-e-presheves\/\" \/>\n<meta property=\"og:locale\" content=\"en_US\" \/>\n<meta property=\"og:type\" content=\"article\" \/>\n<meta property=\"og:title\" content=\"Response of the Office of the President of the Republic of Kosovo on the arrestment of the Albanians in the Presheva Valley - President of the Republic of Kosovo - DR. VJOSA OSMANI - SADRIU\" \/>\n<meta property=\"og:description\" content=\"Response of the Office of the President of the Republic of Kosovo on the arrestment of the Albanians in the Presheva Valley - President of the Republic of Kosovo - DR. VJOSA OSMANI - SADRIU -\" \/>\n<meta property=\"og:url\" content=\"https:\/\/president-ksgov.net\/reagim-i-zyres-se-presidentes-se-republikes-se-kosoves-per-arrestimet-e-shqiptareve-ne-luginen-e-presheves\/\" \/>\n<meta property=\"og:site_name\" content=\"President of the Republic of Kosovo - DR. VJOSA OSMANI - SADRIU\" \/>\n<meta property=\"article:published_time\" content=\"2012-05-05T18:21:59+00:00\" \/>\n<meta property=\"article:modified_time\" content=\"2023-03-07T11:01:53+00:00\" \/>\n<meta property=\"og:image\" content=\"https:\/\/president-ksgov.net\/wp-content\/uploads\/Zyra-e-Presidentes-Featured-Image1-e1678970937938.png\" \/>\n\t<meta property=\"og:image:width\" content=\"1024\" \/>\n\t<meta property=\"og:image:height\" content=\"716\" \/>\n\t<meta property=\"og:image:type\" content=\"image\/png\" \/>\n<meta name=\"author\" content=\"admin\" \/>\n<meta name=\"twitter:card\" content=\"summary_large_image\" \/>\n<meta name=\"twitter:label1\" content=\"Written by\" \/>\n\t<meta name=\"twitter:data1\" content=\"admin\" \/>\n\t<meta name=\"twitter:label2\" content=\"Est. reading time\" \/>\n\t<meta name=\"twitter:data2\" content=\"2 minutes\" \/>\n<script type=\"application\/ld+json\" class=\"yoast-schema-graph\">{\"@context\":\"https:\/\/schema.org\",\"@graph\":[{\"@type\":\"WebPage\",\"@id\":\"https:\/\/president-ksgov.net\/reagim-i-zyres-se-presidentes-se-republikes-se-kosoves-per-arrestimet-e-shqiptareve-ne-luginen-e-presheves\/\",\"url\":\"https:\/\/president-ksgov.net\/reagim-i-zyres-se-presidentes-se-republikes-se-kosoves-per-arrestimet-e-shqiptareve-ne-luginen-e-presheves\/\",\"name\":\"Response of the Office of the President of the Republic of Kosovo on the arrestment of the Albanians in the Presheva Valley - President of the Republic of Kosovo - DR. VJOSA OSMANI - SADRIU\",\"isPartOf\":{\"@id\":\"https:\/\/president-ksgov.net\/#website\"},\"primaryImageOfPage\":{\"@id\":\"https:\/\/president-ksgov.net\/reagim-i-zyres-se-presidentes-se-republikes-se-kosoves-per-arrestimet-e-shqiptareve-ne-luginen-e-presheves\/#primaryimage\"},\"image\":{\"@id\":\"https:\/\/president-ksgov.net\/reagim-i-zyres-se-presidentes-se-republikes-se-kosoves-per-arrestimet-e-shqiptareve-ne-luginen-e-presheves\/#primaryimage\"},\"thumbnailUrl\":\"https:\/\/president-ksgov.net\/wp-content\/uploads\/Zyra-e-Presidentes-Featured-Image1-e1678970937938.png\",\"datePublished\":\"2012-05-05T18:21:59+00:00\",\"dateModified\":\"2023-03-07T11:01:53+00:00\",\"author\":{\"@id\":\"https:\/\/president-ksgov.net\/#\/schema\/person\/bb4337a5fb147cb2046d80548172cbee\"},\"description\":\"Response of the Office of the President of the Republic of Kosovo on the arrestment of the Albanians in the Presheva Valley - President of the Republic of Kosovo - DR. VJOSA OSMANI - SADRIU -\",\"breadcrumb\":{\"@id\":\"https:\/\/president-ksgov.net\/reagim-i-zyres-se-presidentes-se-republikes-se-kosoves-per-arrestimet-e-shqiptareve-ne-luginen-e-presheves\/#breadcrumb\"},\"inLanguage\":\"en-US\",\"potentialAction\":[{\"@type\":\"ReadAction\",\"target\":[\"https:\/\/president-ksgov.net\/reagim-i-zyres-se-presidentes-se-republikes-se-kosoves-per-arrestimet-e-shqiptareve-ne-luginen-e-presheves\/\"]}]},{\"@type\":\"ImageObject\",\"inLanguage\":\"en-US\",\"@id\":\"https:\/\/president-ksgov.net\/reagim-i-zyres-se-presidentes-se-republikes-se-kosoves-per-arrestimet-e-shqiptareve-ne-luginen-e-presheves\/#primaryimage\",\"url\":\"https:\/\/president-ksgov.net\/wp-content\/uploads\/Zyra-e-Presidentes-Featured-Image1-e1678970937938.png\",\"contentUrl\":\"https:\/\/president-ksgov.net\/wp-content\/uploads\/Zyra-e-Presidentes-Featured-Image1-e1678970937938.png\",\"width\":1024,\"height\":716},{\"@type\":\"BreadcrumbList\",\"@id\":\"https:\/\/president-ksgov.net\/reagim-i-zyres-se-presidentes-se-republikes-se-kosoves-per-arrestimet-e-shqiptareve-ne-luginen-e-presheves\/#breadcrumb\",\"itemListElement\":[{\"@type\":\"ListItem\",\"position\":1,\"name\":\"Home\",\"item\":\"https:\/\/president-ksgov.net\/en\/\"},{\"@type\":\"ListItem\",\"position\":2,\"name\":\"Response of the Office of the President of the Republic of Kosovo on the arrestment of the Albanians in the Presheva Valley\"}]},{\"@type\":\"WebSite\",\"@id\":\"https:\/\/president-ksgov.net\/#website\",\"url\":\"https:\/\/president-ksgov.net\/\",\"name\":\"Presidente e Republik\u00ebs s\u00eb Kosov\u00ebs\",\"description\":\"Presidente e Republik\u00ebs s\u00eb Kosov\u00ebs\",\"alternateName\":\"DR. VJOSA OSMANI - SADRIU\",\"potentialAction\":[{\"@type\":\"SearchAction\",\"target\":{\"@type\":\"EntryPoint\",\"urlTemplate\":\"https:\/\/president-ksgov.net\/?s={search_term_string}\"},\"query-input\":{\"@type\":\"PropertyValueSpecification\",\"valueRequired\":true,\"valueName\":\"search_term_string\"}}],\"inLanguage\":\"en-US\"},{\"@type\":\"Person\",\"@id\":\"https:\/\/president-ksgov.net\/#\/schema\/person\/bb4337a5fb147cb2046d80548172cbee\",\"name\":\"admin\",\"image\":{\"@type\":\"ImageObject\",\"inLanguage\":\"en-US\",\"@id\":\"https:\/\/president-ksgov.net\/#\/schema\/person\/image\/\",\"url\":\"https:\/\/secure.gravatar.com\/avatar\/36156ca0fa3b8d9d25174f146e16beea0cf28f37adf1b9e19b6c9c279a7c9dd3?s=96&d=mm&r=g\",\"contentUrl\":\"https:\/\/secure.gravatar.com\/avatar\/36156ca0fa3b8d9d25174f146e16beea0cf28f37adf1b9e19b6c9c279a7c9dd3?s=96&d=mm&r=g\",\"caption\":\"admin\"},\"sameAs\":[\"https:\/\/president-ksgov.net\"]}]}<\/script>\n<!-- \/ Yoast SEO plugin. -->","yoast_head_json":{"title":"Response of the Office of the President of the Republic of Kosovo on the arrestment of the Albanians in the Presheva Valley - President of the Republic of Kosovo - DR. VJOSA OSMANI - SADRIU","description":"Response of the Office of the President of the Republic of Kosovo on the arrestment of the Albanians in the Presheva Valley - President of the Republic of Kosovo - DR. VJOSA OSMANI - SADRIU -","robots":{"index":"index","follow":"follow","max-snippet":"max-snippet:-1","max-image-preview":"max-image-preview:large","max-video-preview":"max-video-preview:-1"},"canonical":"https:\/\/president-ksgov.net\/reagim-i-zyres-se-presidentes-se-republikes-se-kosoves-per-arrestimet-e-shqiptareve-ne-luginen-e-presheves\/","og_locale":"en_US","og_type":"article","og_title":"Response of the Office of the President of the Republic of Kosovo on the arrestment of the Albanians in the Presheva Valley - President of the Republic of Kosovo - DR. VJOSA OSMANI - SADRIU","og_description":"Response of the Office of the President of the Republic of Kosovo on the arrestment of the Albanians in the Presheva Valley - President of the Republic of Kosovo - DR. VJOSA OSMANI - SADRIU -","og_url":"https:\/\/president-ksgov.net\/reagim-i-zyres-se-presidentes-se-republikes-se-kosoves-per-arrestimet-e-shqiptareve-ne-luginen-e-presheves\/","og_site_name":"President of the Republic of Kosovo - DR. VJOSA OSMANI - SADRIU","article_published_time":"2012-05-05T18:21:59+00:00","article_modified_time":"2023-03-07T11:01:53+00:00","og_image":[{"width":1024,"height":716,"url":"https:\/\/president-ksgov.net\/wp-content\/uploads\/Zyra-e-Presidentes-Featured-Image1-e1678970937938.png","type":"image\/png"}],"author":"admin","twitter_card":"summary_large_image","twitter_misc":{"Written by":"admin","Est. reading time":"2 minutes"},"schema":{"@context":"https:\/\/schema.org","@graph":[{"@type":"WebPage","@id":"https:\/\/president-ksgov.net\/reagim-i-zyres-se-presidentes-se-republikes-se-kosoves-per-arrestimet-e-shqiptareve-ne-luginen-e-presheves\/","url":"https:\/\/president-ksgov.net\/reagim-i-zyres-se-presidentes-se-republikes-se-kosoves-per-arrestimet-e-shqiptareve-ne-luginen-e-presheves\/","name":"Response of the Office of the President of the Republic of Kosovo on the arrestment of the Albanians in the Presheva Valley - President of the Republic of Kosovo - DR. VJOSA OSMANI - SADRIU","isPartOf":{"@id":"https:\/\/president-ksgov.net\/#website"},"primaryImageOfPage":{"@id":"https:\/\/president-ksgov.net\/reagim-i-zyres-se-presidentes-se-republikes-se-kosoves-per-arrestimet-e-shqiptareve-ne-luginen-e-presheves\/#primaryimage"},"image":{"@id":"https:\/\/president-ksgov.net\/reagim-i-zyres-se-presidentes-se-republikes-se-kosoves-per-arrestimet-e-shqiptareve-ne-luginen-e-presheves\/#primaryimage"},"thumbnailUrl":"https:\/\/president-ksgov.net\/wp-content\/uploads\/Zyra-e-Presidentes-Featured-Image1-e1678970937938.png","datePublished":"2012-05-05T18:21:59+00:00","dateModified":"2023-03-07T11:01:53+00:00","author":{"@id":"https:\/\/president-ksgov.net\/#\/schema\/person\/bb4337a5fb147cb2046d80548172cbee"},"description":"Response of the Office of the President of the Republic of Kosovo on the arrestment of the Albanians in the Presheva Valley - President of the Republic of Kosovo - DR. VJOSA OSMANI - SADRIU -","breadcrumb":{"@id":"https:\/\/president-ksgov.net\/reagim-i-zyres-se-presidentes-se-republikes-se-kosoves-per-arrestimet-e-shqiptareve-ne-luginen-e-presheves\/#breadcrumb"},"inLanguage":"en-US","potentialAction":[{"@type":"ReadAction","target":["https:\/\/president-ksgov.net\/reagim-i-zyres-se-presidentes-se-republikes-se-kosoves-per-arrestimet-e-shqiptareve-ne-luginen-e-presheves\/"]}]},{"@type":"ImageObject","inLanguage":"en-US","@id":"https:\/\/president-ksgov.net\/reagim-i-zyres-se-presidentes-se-republikes-se-kosoves-per-arrestimet-e-shqiptareve-ne-luginen-e-presheves\/#primaryimage","url":"https:\/\/president-ksgov.net\/wp-content\/uploads\/Zyra-e-Presidentes-Featured-Image1-e1678970937938.png","contentUrl":"https:\/\/president-ksgov.net\/wp-content\/uploads\/Zyra-e-Presidentes-Featured-Image1-e1678970937938.png","width":1024,"height":716},{"@type":"BreadcrumbList","@id":"https:\/\/president-ksgov.net\/reagim-i-zyres-se-presidentes-se-republikes-se-kosoves-per-arrestimet-e-shqiptareve-ne-luginen-e-presheves\/#breadcrumb","itemListElement":[{"@type":"ListItem","position":1,"name":"Home","item":"https:\/\/president-ksgov.net\/en\/"},{"@type":"ListItem","position":2,"name":"Response of the Office of the President of the Republic of Kosovo on the arrestment of the Albanians in the Presheva Valley"}]},{"@type":"WebSite","@id":"https:\/\/president-ksgov.net\/#website","url":"https:\/\/president-ksgov.net\/","name":"Presidente e Republik\u00ebs s\u00eb Kosov\u00ebs","description":"Presidente e Republik\u00ebs s\u00eb Kosov\u00ebs","alternateName":"DR. VJOSA OSMANI - SADRIU","potentialAction":[{"@type":"SearchAction","target":{"@type":"EntryPoint","urlTemplate":"https:\/\/president-ksgov.net\/?s={search_term_string}"},"query-input":{"@type":"PropertyValueSpecification","valueRequired":true,"valueName":"search_term_string"}}],"inLanguage":"en-US"},{"@type":"Person","@id":"https:\/\/president-ksgov.net\/#\/schema\/person\/bb4337a5fb147cb2046d80548172cbee","name":"admin","image":{"@type":"ImageObject","inLanguage":"en-US","@id":"https:\/\/president-ksgov.net\/#\/schema\/person\/image\/","url":"https:\/\/secure.gravatar.com\/avatar\/36156ca0fa3b8d9d25174f146e16beea0cf28f37adf1b9e19b6c9c279a7c9dd3?s=96&d=mm&r=g","contentUrl":"https:\/\/secure.gravatar.com\/avatar\/36156ca0fa3b8d9d25174f146e16beea0cf28f37adf1b9e19b6c9c279a7c9dd3?s=96&d=mm&r=g","caption":"admin"},"sameAs":["https:\/\/president-ksgov.net"]}]}},"_links":{"self":[{"href":"https:\/\/president-ksgov.net\/en\/wp-json\/wp\/v2\/posts\/71394","targetHints":{"allow":["GET"]}}],"collection":[{"href":"https:\/\/president-ksgov.net\/en\/wp-json\/wp\/v2\/posts"}],"about":[{"href":"https:\/\/president-ksgov.net\/en\/wp-json\/wp\/v2\/types\/post"}],"author":[{"embeddable":true,"href":"https:\/\/president-ksgov.net\/en\/wp-json\/wp\/v2\/users\/1"}],"replies":[{"embeddable":true,"href":"https:\/\/president-ksgov.net\/en\/wp-json\/wp\/v2\/comments?post=71394"}],"version-history":[{"count":0,"href":"https:\/\/president-ksgov.net\/en\/wp-json\/wp\/v2\/posts\/71394\/revisions"}],"wp:featuredmedia":[{"embeddable":true,"href":"https:\/\/president-ksgov.net\/en\/wp-json\/wp\/v2\/media\/86338"}],"wp:attachment":[{"href":"https:\/\/president-ksgov.net\/en\/wp-json\/wp\/v2\/media?parent=71394"}],"wp:term":[{"taxonomy":"category","embeddable":true,"href":"https:\/\/president-ksgov.net\/en\/wp-json\/wp\/v2\/categories?post=71394"},{"taxonomy":"post_tag","embeddable":true,"href":"https:\/\/president-ksgov.net\/en\/wp-json\/wp\/v2\/tags?post=71394"}],"curies":[{"name":"wp","href":"https:\/\/api.w.org\/{rel}","templated":true}]}}