{"id":71277,"date":"2012-07-18T12:45:34","date_gmt":"2012-07-18T12:45:34","guid":{"rendered":"https:\/\/dev.president-ksgov.net\/statement-for-the-media-press-conference-jahjaga-rompuy\/"},"modified":"2023-03-07T10:58:34","modified_gmt":"2023-03-07T10:58:34","slug":"statement-for-the-media-press-conference-jahjaga-rompuy","status":"publish","type":"post","link":"https:\/\/president-ksgov.net\/en\/statement-for-the-media-press-conference-jahjaga-rompuy\/","title":{"rendered":"STATEMENT FOR THE MEDIA-PRESS CONFERENCE JAHJAGA-ROMPUY"},"content":{"rendered":"<p>Today we had a very productive and constructive meeting with President Rompuy. We fully agreed on assessing the path  that Kosovo has undertaken so far towards European Integration.<\/p>\n<p>Honourable\u00a0 President Rompuy, <\/p>\n<p>Honourable journalists,<\/p>\n<p>Today we had a very productive and constructive meeting with President Rompuy. We fully agreed on assessing the path\u00a0 that Kosovo has undertaken so far towards European Integration. I thanked Mr. Rompuy for his dedication and the dedication of EU member countries for their clear support towards Kosovo, regardless that its independence has not\u00a0 been recognized yet by five EU member countries, the aim and the opportunity of the Republic of Kosovo to become a member of the European Union with full rights, in the future, has never been questioned.<br \/>\n\u00a0<br \/>\nThis is in harmony with the European Union enlargement strategy that offers a clear European Perspective to all Western Balkan countries.<\/p>\n<p>Since my last visit, in September of last year, the Republic of Kosovo has made progress on its European agenda. We have received the Visa liberalisation roadmap and we hope that the citizens of Kosovo will be able to travel freely in EU countries in the very near future because the citizens of the Republic of Kosovo remain the only citizens in Europe who do not enjoy this right. <\/p>\n<p>We have received the Feasibility Study for the Stabilization-Association Agreement and all the institutions of Kosovo and its citizens are dedicated to accomplish all the obligations and accelerate the procedures.\u00a0\u00a0 <\/p>\n<p>The Republic of Kosovo, based on the evaluation of the International Steering Group, will successfully conclude the period of supervised\u00a0 independence in September. This is a joint success of the citizens and institutions of Kosovo, and of the international missions that have provided unreserved support since the liberation of Kosovo in 1999. We are currently undertaking the necessary constitutional and legal changes, so that by September all the obligation will pass\u00a0 to the local institutions, providing all the necessary guarantees for the rights and freedoms of communities, for cultural, religious and historic inheritance and the democratic processes in general, related to freedom of expression, freedom of movement, free movement of goods and capital, separation of powers and the independence of the judiciary.\u00a0 <\/p>\n<p>The Republic of Kosovo is a democratic country, a state built upon civic principles, where all its citizens regardless of their ethnic or religious background and regardless of the size of their community, enjoy equal rights and freedoms throughout its territory. As a result of the decentralization process, out of 38 municipalities 10 municipalities comprise\u00a0 Serb ethnic\u00a0 majority, and one municipality has Turkish ethnic majority, where we have transferred competencies which provide for a wide self-governance. Three municipalities in north of Kosovo have not as yet embraced this process, but we are aiming\u00a0 to incorporate these three municipalities, until the next municipal elections, in the system of governance by exercising their rights provided by the constitution and the laws of Kosovo. <\/p>\n<p>With the facilitation of EU, the dialogue between the Republic of Kosovo and the Republic of Serbia is taking place in Brussels. So far, seven agreements have been reached, agreements that ease the lives of citizens on both sides of the border and relax the relations between our two countries. We are not satisfied with the implementation of these agreements and we have requested from EU to find the\u00a0 mechanisms for monitoring and guaranteeing the implementation of these agreements.\u00a0 <\/p>\n<p>We expect the\u00a0 Republic of Serbia to normalize and establish normal neighborly relationship with the Republic of Kosovo, since this is in the interest of both our countries and our citizens.\u00a0 This will be a factor of peace and stability that has a direct impact in the disintegration of the parallel structures and elimination of the criminal structures in the three municipalities in the north of Kosovo.\u00a0 The dialogue between Kosovo and Serbia,\u00a0 is the only way through which we can solve all issues and jointly by assisting\u00a0 one another to move towards Euro-Atlantic integrations.\u00a0 <\/p>\n<p>Once again President Rompuy, I thank you for your dedication and the dedication of the institutions of the European Union for providing a clear perspective for membership in European Union to my people and\u00a0 my country . On this vision, we have general political and national consensus and of all\u00a0 citizens, because we see our future within the EU.\u00a0\u00a0\u00a0<\/p>\n","protected":false},"excerpt":{"rendered":"<p>Today we had a very productive and constructive meeting with President Rompuy. We fully agreed on assessing the path  that Kosovo has undertaken so far towards European Integration.<\/p>\n","protected":false},"author":1,"featured_media":55310,"comment_status":"open","ping_status":"closed","sticky":false,"template":"","format":"standard","meta":{"_eb_attr":"","footnotes":""},"categories":[111],"tags":[],"class_list":["post-71277","post","type-post","status-publish","format-standard","has-post-thumbnail","hentry","category-news"],"yoast_head":"<!-- This site is optimized with the Yoast SEO plugin v23.5 - https:\/\/yoast.com\/wordpress\/plugins\/seo\/ -->\n<title>STATEMENT FOR THE MEDIA-PRESS CONFERENCE JAHJAGA-ROMPUY - President of the Republic of Kosovo - DR. VJOSA OSMANI - SADRIU<\/title>\n<meta name=\"description\" content=\"STATEMENT FOR THE MEDIA-PRESS CONFERENCE JAHJAGA-ROMPUY - President of the Republic of Kosovo - DR. VJOSA OSMANI - SADRIU -\" \/>\n<meta name=\"robots\" content=\"index, follow, max-snippet:-1, max-image-preview:large, max-video-preview:-1\" \/>\n<link rel=\"canonical\" href=\"https:\/\/president-ksgov.net\/presidentja-jahjaga-u-takua-me-presidentin-e-keshillit-evropian-herman-van-rompuy\/\" \/>\n<meta property=\"og:locale\" content=\"en_US\" \/>\n<meta property=\"og:type\" content=\"article\" \/>\n<meta property=\"og:title\" content=\"STATEMENT FOR THE MEDIA-PRESS CONFERENCE JAHJAGA-ROMPUY - President of the Republic of Kosovo - DR. VJOSA OSMANI - SADRIU\" \/>\n<meta property=\"og:description\" content=\"STATEMENT FOR THE MEDIA-PRESS CONFERENCE JAHJAGA-ROMPUY - President of the Republic of Kosovo - DR. VJOSA OSMANI - SADRIU -\" \/>\n<meta property=\"og:url\" content=\"https:\/\/president-ksgov.net\/presidentja-jahjaga-u-takua-me-presidentin-e-keshillit-evropian-herman-van-rompuy\/\" \/>\n<meta property=\"og:site_name\" content=\"President of the Republic of Kosovo - DR. VJOSA OSMANI - SADRIU\" \/>\n<meta property=\"article:published_time\" content=\"2012-07-18T12:45:34+00:00\" \/>\n<meta property=\"article:modified_time\" content=\"2023-03-07T10:58:34+00:00\" \/>\n<meta property=\"og:image\" content=\"https:\/\/president-ksgov.net\/wp-content\/uploads\/18.07.2012_Herman_Van_Rompuy_0.jpg\" \/>\n\t<meta property=\"og:image:width\" content=\"1000\" \/>\n\t<meta property=\"og:image:height\" content=\"667\" \/>\n\t<meta property=\"og:image:type\" content=\"image\/jpeg\" \/>\n<meta name=\"author\" content=\"admin\" \/>\n<meta name=\"twitter:card\" content=\"summary_large_image\" \/>\n<meta name=\"twitter:label1\" content=\"Written by\" \/>\n\t<meta name=\"twitter:data1\" content=\"admin\" \/>\n\t<meta name=\"twitter:label2\" content=\"Est. reading time\" \/>\n\t<meta name=\"twitter:data2\" content=\"4 minutes\" \/>\n<script type=\"application\/ld+json\" class=\"yoast-schema-graph\">{\"@context\":\"https:\/\/schema.org\",\"@graph\":[{\"@type\":\"WebPage\",\"@id\":\"https:\/\/president-ksgov.net\/presidentja-jahjaga-u-takua-me-presidentin-e-keshillit-evropian-herman-van-rompuy\/\",\"url\":\"https:\/\/president-ksgov.net\/presidentja-jahjaga-u-takua-me-presidentin-e-keshillit-evropian-herman-van-rompuy\/\",\"name\":\"STATEMENT FOR THE MEDIA-PRESS CONFERENCE JAHJAGA-ROMPUY - President of the Republic of Kosovo - DR. VJOSA OSMANI - SADRIU\",\"isPartOf\":{\"@id\":\"https:\/\/president-ksgov.net\/#website\"},\"primaryImageOfPage\":{\"@id\":\"https:\/\/president-ksgov.net\/presidentja-jahjaga-u-takua-me-presidentin-e-keshillit-evropian-herman-van-rompuy\/#primaryimage\"},\"image\":{\"@id\":\"https:\/\/president-ksgov.net\/presidentja-jahjaga-u-takua-me-presidentin-e-keshillit-evropian-herman-van-rompuy\/#primaryimage\"},\"thumbnailUrl\":\"https:\/\/president-ksgov.net\/wp-content\/uploads\/18.07.2012_Herman_Van_Rompuy_0.jpg\",\"datePublished\":\"2012-07-18T12:45:34+00:00\",\"dateModified\":\"2023-03-07T10:58:34+00:00\",\"author\":{\"@id\":\"https:\/\/president-ksgov.net\/#\/schema\/person\/bb4337a5fb147cb2046d80548172cbee\"},\"description\":\"STATEMENT FOR THE MEDIA-PRESS CONFERENCE JAHJAGA-ROMPUY - President of the Republic of Kosovo - DR. VJOSA OSMANI - SADRIU -\",\"breadcrumb\":{\"@id\":\"https:\/\/president-ksgov.net\/presidentja-jahjaga-u-takua-me-presidentin-e-keshillit-evropian-herman-van-rompuy\/#breadcrumb\"},\"inLanguage\":\"en-US\",\"potentialAction\":[{\"@type\":\"ReadAction\",\"target\":[\"https:\/\/president-ksgov.net\/presidentja-jahjaga-u-takua-me-presidentin-e-keshillit-evropian-herman-van-rompuy\/\"]}]},{\"@type\":\"ImageObject\",\"inLanguage\":\"en-US\",\"@id\":\"https:\/\/president-ksgov.net\/presidentja-jahjaga-u-takua-me-presidentin-e-keshillit-evropian-herman-van-rompuy\/#primaryimage\",\"url\":\"https:\/\/president-ksgov.net\/wp-content\/uploads\/18.07.2012_Herman_Van_Rompuy_0.jpg\",\"contentUrl\":\"https:\/\/president-ksgov.net\/wp-content\/uploads\/18.07.2012_Herman_Van_Rompuy_0.jpg\",\"width\":1000,\"height\":667},{\"@type\":\"BreadcrumbList\",\"@id\":\"https:\/\/president-ksgov.net\/presidentja-jahjaga-u-takua-me-presidentin-e-keshillit-evropian-herman-van-rompuy\/#breadcrumb\",\"itemListElement\":[{\"@type\":\"ListItem\",\"position\":1,\"name\":\"Home\",\"item\":\"https:\/\/president-ksgov.net\/en\/\"},{\"@type\":\"ListItem\",\"position\":2,\"name\":\"STATEMENT FOR THE MEDIA-PRESS CONFERENCE JAHJAGA-ROMPUY\"}]},{\"@type\":\"WebSite\",\"@id\":\"https:\/\/president-ksgov.net\/#website\",\"url\":\"https:\/\/president-ksgov.net\/\",\"name\":\"Presidente e Republik\u00ebs s\u00eb Kosov\u00ebs\",\"description\":\"Presidente e Republik\u00ebs s\u00eb Kosov\u00ebs\",\"alternateName\":\"DR. VJOSA OSMANI - SADRIU\",\"potentialAction\":[{\"@type\":\"SearchAction\",\"target\":{\"@type\":\"EntryPoint\",\"urlTemplate\":\"https:\/\/president-ksgov.net\/?s={search_term_string}\"},\"query-input\":{\"@type\":\"PropertyValueSpecification\",\"valueRequired\":true,\"valueName\":\"search_term_string\"}}],\"inLanguage\":\"en-US\"},{\"@type\":\"Person\",\"@id\":\"https:\/\/president-ksgov.net\/#\/schema\/person\/bb4337a5fb147cb2046d80548172cbee\",\"name\":\"admin\",\"image\":{\"@type\":\"ImageObject\",\"inLanguage\":\"en-US\",\"@id\":\"https:\/\/president-ksgov.net\/#\/schema\/person\/image\/\",\"url\":\"https:\/\/secure.gravatar.com\/avatar\/36156ca0fa3b8d9d25174f146e16beea0cf28f37adf1b9e19b6c9c279a7c9dd3?s=96&d=mm&r=g\",\"contentUrl\":\"https:\/\/secure.gravatar.com\/avatar\/36156ca0fa3b8d9d25174f146e16beea0cf28f37adf1b9e19b6c9c279a7c9dd3?s=96&d=mm&r=g\",\"caption\":\"admin\"},\"sameAs\":[\"https:\/\/president-ksgov.net\"]}]}<\/script>\n<!-- \/ Yoast SEO plugin. -->","yoast_head_json":{"title":"STATEMENT FOR THE MEDIA-PRESS CONFERENCE JAHJAGA-ROMPUY - President of the Republic of Kosovo - DR. VJOSA OSMANI - SADRIU","description":"STATEMENT FOR THE MEDIA-PRESS CONFERENCE JAHJAGA-ROMPUY - President of the Republic of Kosovo - DR. VJOSA OSMANI - SADRIU -","robots":{"index":"index","follow":"follow","max-snippet":"max-snippet:-1","max-image-preview":"max-image-preview:large","max-video-preview":"max-video-preview:-1"},"canonical":"https:\/\/president-ksgov.net\/presidentja-jahjaga-u-takua-me-presidentin-e-keshillit-evropian-herman-van-rompuy\/","og_locale":"en_US","og_type":"article","og_title":"STATEMENT FOR THE MEDIA-PRESS CONFERENCE JAHJAGA-ROMPUY - President of the Republic of Kosovo - DR. VJOSA OSMANI - SADRIU","og_description":"STATEMENT FOR THE MEDIA-PRESS CONFERENCE JAHJAGA-ROMPUY - President of the Republic of Kosovo - DR. VJOSA OSMANI - SADRIU -","og_url":"https:\/\/president-ksgov.net\/presidentja-jahjaga-u-takua-me-presidentin-e-keshillit-evropian-herman-van-rompuy\/","og_site_name":"President of the Republic of Kosovo - DR. VJOSA OSMANI - SADRIU","article_published_time":"2012-07-18T12:45:34+00:00","article_modified_time":"2023-03-07T10:58:34+00:00","og_image":[{"width":1000,"height":667,"url":"https:\/\/president-ksgov.net\/wp-content\/uploads\/18.07.2012_Herman_Van_Rompuy_0.jpg","type":"image\/jpeg"}],"author":"admin","twitter_card":"summary_large_image","twitter_misc":{"Written by":"admin","Est. reading time":"4 minutes"},"schema":{"@context":"https:\/\/schema.org","@graph":[{"@type":"WebPage","@id":"https:\/\/president-ksgov.net\/presidentja-jahjaga-u-takua-me-presidentin-e-keshillit-evropian-herman-van-rompuy\/","url":"https:\/\/president-ksgov.net\/presidentja-jahjaga-u-takua-me-presidentin-e-keshillit-evropian-herman-van-rompuy\/","name":"STATEMENT FOR THE MEDIA-PRESS CONFERENCE JAHJAGA-ROMPUY - President of the Republic of Kosovo - DR. VJOSA OSMANI - SADRIU","isPartOf":{"@id":"https:\/\/president-ksgov.net\/#website"},"primaryImageOfPage":{"@id":"https:\/\/president-ksgov.net\/presidentja-jahjaga-u-takua-me-presidentin-e-keshillit-evropian-herman-van-rompuy\/#primaryimage"},"image":{"@id":"https:\/\/president-ksgov.net\/presidentja-jahjaga-u-takua-me-presidentin-e-keshillit-evropian-herman-van-rompuy\/#primaryimage"},"thumbnailUrl":"https:\/\/president-ksgov.net\/wp-content\/uploads\/18.07.2012_Herman_Van_Rompuy_0.jpg","datePublished":"2012-07-18T12:45:34+00:00","dateModified":"2023-03-07T10:58:34+00:00","author":{"@id":"https:\/\/president-ksgov.net\/#\/schema\/person\/bb4337a5fb147cb2046d80548172cbee"},"description":"STATEMENT FOR THE MEDIA-PRESS CONFERENCE JAHJAGA-ROMPUY - President of the Republic of Kosovo - DR. VJOSA OSMANI - SADRIU -","breadcrumb":{"@id":"https:\/\/president-ksgov.net\/presidentja-jahjaga-u-takua-me-presidentin-e-keshillit-evropian-herman-van-rompuy\/#breadcrumb"},"inLanguage":"en-US","potentialAction":[{"@type":"ReadAction","target":["https:\/\/president-ksgov.net\/presidentja-jahjaga-u-takua-me-presidentin-e-keshillit-evropian-herman-van-rompuy\/"]}]},{"@type":"ImageObject","inLanguage":"en-US","@id":"https:\/\/president-ksgov.net\/presidentja-jahjaga-u-takua-me-presidentin-e-keshillit-evropian-herman-van-rompuy\/#primaryimage","url":"https:\/\/president-ksgov.net\/wp-content\/uploads\/18.07.2012_Herman_Van_Rompuy_0.jpg","contentUrl":"https:\/\/president-ksgov.net\/wp-content\/uploads\/18.07.2012_Herman_Van_Rompuy_0.jpg","width":1000,"height":667},{"@type":"BreadcrumbList","@id":"https:\/\/president-ksgov.net\/presidentja-jahjaga-u-takua-me-presidentin-e-keshillit-evropian-herman-van-rompuy\/#breadcrumb","itemListElement":[{"@type":"ListItem","position":1,"name":"Home","item":"https:\/\/president-ksgov.net\/en\/"},{"@type":"ListItem","position":2,"name":"STATEMENT FOR THE MEDIA-PRESS CONFERENCE JAHJAGA-ROMPUY"}]},{"@type":"WebSite","@id":"https:\/\/president-ksgov.net\/#website","url":"https:\/\/president-ksgov.net\/","name":"Presidente e Republik\u00ebs s\u00eb Kosov\u00ebs","description":"Presidente e Republik\u00ebs s\u00eb Kosov\u00ebs","alternateName":"DR. VJOSA OSMANI - SADRIU","potentialAction":[{"@type":"SearchAction","target":{"@type":"EntryPoint","urlTemplate":"https:\/\/president-ksgov.net\/?s={search_term_string}"},"query-input":{"@type":"PropertyValueSpecification","valueRequired":true,"valueName":"search_term_string"}}],"inLanguage":"en-US"},{"@type":"Person","@id":"https:\/\/president-ksgov.net\/#\/schema\/person\/bb4337a5fb147cb2046d80548172cbee","name":"admin","image":{"@type":"ImageObject","inLanguage":"en-US","@id":"https:\/\/president-ksgov.net\/#\/schema\/person\/image\/","url":"https:\/\/secure.gravatar.com\/avatar\/36156ca0fa3b8d9d25174f146e16beea0cf28f37adf1b9e19b6c9c279a7c9dd3?s=96&d=mm&r=g","contentUrl":"https:\/\/secure.gravatar.com\/avatar\/36156ca0fa3b8d9d25174f146e16beea0cf28f37adf1b9e19b6c9c279a7c9dd3?s=96&d=mm&r=g","caption":"admin"},"sameAs":["https:\/\/president-ksgov.net"]}]}},"_links":{"self":[{"href":"https:\/\/president-ksgov.net\/en\/wp-json\/wp\/v2\/posts\/71277","targetHints":{"allow":["GET"]}}],"collection":[{"href":"https:\/\/president-ksgov.net\/en\/wp-json\/wp\/v2\/posts"}],"about":[{"href":"https:\/\/president-ksgov.net\/en\/wp-json\/wp\/v2\/types\/post"}],"author":[{"embeddable":true,"href":"https:\/\/president-ksgov.net\/en\/wp-json\/wp\/v2\/users\/1"}],"replies":[{"embeddable":true,"href":"https:\/\/president-ksgov.net\/en\/wp-json\/wp\/v2\/comments?post=71277"}],"version-history":[{"count":0,"href":"https:\/\/president-ksgov.net\/en\/wp-json\/wp\/v2\/posts\/71277\/revisions"}],"wp:featuredmedia":[{"embeddable":true,"href":"https:\/\/president-ksgov.net\/en\/wp-json\/wp\/v2\/media\/55310"}],"wp:attachment":[{"href":"https:\/\/president-ksgov.net\/en\/wp-json\/wp\/v2\/media?parent=71277"}],"wp:term":[{"taxonomy":"category","embeddable":true,"href":"https:\/\/president-ksgov.net\/en\/wp-json\/wp\/v2\/categories?post=71277"},{"taxonomy":"post_tag","embeddable":true,"href":"https:\/\/president-ksgov.net\/en\/wp-json\/wp\/v2\/tags?post=71277"}],"curies":[{"name":"wp","href":"https:\/\/api.w.org\/{rel}","templated":true}]}}