{"id":71234,"date":"2012-08-30T17:06:59","date_gmt":"2012-08-30T17:06:59","guid":{"rendered":"https:\/\/dev.president-ksgov.net\/president-jahjagas-statement-on-the-occasion-of-the-international-missing-persons-day-2\/"},"modified":"2023-03-07T10:57:28","modified_gmt":"2023-03-07T10:57:28","slug":"president-jahjagas-statement-on-the-occasion-of-the-international-missing-persons-day-2","status":"publish","type":"post","link":"https:\/\/president-ksgov.net\/en\/president-jahjagas-statement-on-the-occasion-of-the-international-missing-persons-day-2\/","title":{"rendered":"President Jahjaga&#146;s statement on the occasion of the International Missing Persons Day"},"content":{"rendered":"<p>On the occasion of the August 30th, the International Missing Persons day, President of the Republic of Kosovo, Mrs. Atifete Jahjaga, emphasized, through a statement, that missing persons are one of the hardest aching wounds of the last war in our country.<\/p>\n<p>The issue of missing persons is a painful inheritance left by the wars in the region and especially in Kosovo, being one of the issues that require full and outright efforts of all national and international factors.<\/p>\n<p>The institutions of Kosovo will not rest in their endeavours until the fate of each missing individual, missed for so many years by their family members, is known, and will persist in its engagements that perpetrating criminals are brought to justice. The issue of missing persons is one of the important issues that will be discussed in the dialogue with Serbia, and we are asking that this issue is treated with high priority.<\/p>\n<p>President Jahjaga has, since the very beginning of her mandate, in her discussions with the Prime minister and the Mayor of Prishtina, raised the idea of the erection of an obelisk in commemoration of the martyrs and missing persons that went missing during the war.<br \/>\n\u00a0<\/p>\n","protected":false},"excerpt":{"rendered":"<p>On the occasion of the August 30th, the International Missing Persons day, President of the Republic of Kosovo, Mrs. Atifete Jahjaga, emphasized, through a statement, that missing persons are one of the hardest aching wounds of the last war in our country.<\/p>\n","protected":false},"author":1,"featured_media":86338,"comment_status":"open","ping_status":"closed","sticky":false,"template":"","format":"standard","meta":{"_eb_attr":"","footnotes":""},"categories":[111],"tags":[],"class_list":["post-71234","post","type-post","status-publish","format-standard","has-post-thumbnail","hentry","category-news"],"yoast_head":"<!-- This site is optimized with the Yoast SEO plugin v23.5 - https:\/\/yoast.com\/wordpress\/plugins\/seo\/ -->\n<title>President Jahjaga&#146;s statement on the occasion of the International Missing Persons Day - President of the Republic of Kosovo - DR. VJOSA OSMANI - SADRIU<\/title>\n<meta name=\"description\" content=\"President Jahjaga&#146;s statement on the occasion of the International Missing Persons Day - President of the Republic of Kosovo - DR. VJOSA OSMANI - SADRIU -\" \/>\n<meta name=\"robots\" content=\"index, follow, max-snippet:-1, max-image-preview:large, max-video-preview:-1\" \/>\n<link rel=\"canonical\" href=\"https:\/\/president-ksgov.net\/deklarate-e-presidentes-jahjaga-me-rastin-e-dites-nderkombetare-te-personave-te-zhdukur\/\" \/>\n<meta property=\"og:locale\" content=\"en_US\" \/>\n<meta property=\"og:type\" content=\"article\" \/>\n<meta property=\"og:title\" content=\"President Jahjaga&#146;s statement on the occasion of the International Missing Persons Day - President of the Republic of Kosovo - DR. VJOSA OSMANI - SADRIU\" \/>\n<meta property=\"og:description\" content=\"President Jahjaga&#146;s statement on the occasion of the International Missing Persons Day - President of the Republic of Kosovo - DR. VJOSA OSMANI - SADRIU -\" \/>\n<meta property=\"og:url\" content=\"https:\/\/president-ksgov.net\/deklarate-e-presidentes-jahjaga-me-rastin-e-dites-nderkombetare-te-personave-te-zhdukur\/\" \/>\n<meta property=\"og:site_name\" content=\"President of the Republic of Kosovo - DR. VJOSA OSMANI - SADRIU\" \/>\n<meta property=\"article:published_time\" content=\"2012-08-30T17:06:59+00:00\" \/>\n<meta property=\"article:modified_time\" content=\"2023-03-07T10:57:28+00:00\" \/>\n<meta property=\"og:image\" content=\"https:\/\/president-ksgov.net\/wp-content\/uploads\/Zyra-e-Presidentes-Featured-Image1-e1678970937938.png\" \/>\n\t<meta property=\"og:image:width\" content=\"1024\" \/>\n\t<meta property=\"og:image:height\" content=\"716\" \/>\n\t<meta property=\"og:image:type\" content=\"image\/png\" \/>\n<meta name=\"author\" content=\"admin\" \/>\n<meta name=\"twitter:card\" content=\"summary_large_image\" \/>\n<meta name=\"twitter:label1\" content=\"Written by\" \/>\n\t<meta name=\"twitter:data1\" content=\"admin\" \/>\n\t<meta name=\"twitter:label2\" content=\"Est. reading time\" \/>\n\t<meta name=\"twitter:data2\" content=\"1 minute\" \/>\n<script type=\"application\/ld+json\" class=\"yoast-schema-graph\">{\"@context\":\"https:\/\/schema.org\",\"@graph\":[{\"@type\":\"WebPage\",\"@id\":\"https:\/\/president-ksgov.net\/deklarate-e-presidentes-jahjaga-me-rastin-e-dites-nderkombetare-te-personave-te-zhdukur\/\",\"url\":\"https:\/\/president-ksgov.net\/deklarate-e-presidentes-jahjaga-me-rastin-e-dites-nderkombetare-te-personave-te-zhdukur\/\",\"name\":\"President Jahjaga&#146;s statement on the occasion of the International Missing Persons Day - President of the Republic of Kosovo - DR. VJOSA OSMANI - SADRIU\",\"isPartOf\":{\"@id\":\"https:\/\/president-ksgov.net\/#website\"},\"primaryImageOfPage\":{\"@id\":\"https:\/\/president-ksgov.net\/deklarate-e-presidentes-jahjaga-me-rastin-e-dites-nderkombetare-te-personave-te-zhdukur\/#primaryimage\"},\"image\":{\"@id\":\"https:\/\/president-ksgov.net\/deklarate-e-presidentes-jahjaga-me-rastin-e-dites-nderkombetare-te-personave-te-zhdukur\/#primaryimage\"},\"thumbnailUrl\":\"https:\/\/president-ksgov.net\/wp-content\/uploads\/Zyra-e-Presidentes-Featured-Image1-e1678970937938.png\",\"datePublished\":\"2012-08-30T17:06:59+00:00\",\"dateModified\":\"2023-03-07T10:57:28+00:00\",\"author\":{\"@id\":\"https:\/\/president-ksgov.net\/#\/schema\/person\/bb4337a5fb147cb2046d80548172cbee\"},\"description\":\"President Jahjaga&#146;s statement on the occasion of the International Missing Persons Day - President of the Republic of Kosovo - DR. VJOSA OSMANI - SADRIU -\",\"breadcrumb\":{\"@id\":\"https:\/\/president-ksgov.net\/deklarate-e-presidentes-jahjaga-me-rastin-e-dites-nderkombetare-te-personave-te-zhdukur\/#breadcrumb\"},\"inLanguage\":\"en-US\",\"potentialAction\":[{\"@type\":\"ReadAction\",\"target\":[\"https:\/\/president-ksgov.net\/deklarate-e-presidentes-jahjaga-me-rastin-e-dites-nderkombetare-te-personave-te-zhdukur\/\"]}]},{\"@type\":\"ImageObject\",\"inLanguage\":\"en-US\",\"@id\":\"https:\/\/president-ksgov.net\/deklarate-e-presidentes-jahjaga-me-rastin-e-dites-nderkombetare-te-personave-te-zhdukur\/#primaryimage\",\"url\":\"https:\/\/president-ksgov.net\/wp-content\/uploads\/Zyra-e-Presidentes-Featured-Image1-e1678970937938.png\",\"contentUrl\":\"https:\/\/president-ksgov.net\/wp-content\/uploads\/Zyra-e-Presidentes-Featured-Image1-e1678970937938.png\",\"width\":1024,\"height\":716},{\"@type\":\"BreadcrumbList\",\"@id\":\"https:\/\/president-ksgov.net\/deklarate-e-presidentes-jahjaga-me-rastin-e-dites-nderkombetare-te-personave-te-zhdukur\/#breadcrumb\",\"itemListElement\":[{\"@type\":\"ListItem\",\"position\":1,\"name\":\"Home\",\"item\":\"https:\/\/president-ksgov.net\/en\/\"},{\"@type\":\"ListItem\",\"position\":2,\"name\":\"President Jahjaga&#146;s statement on the occasion of the International Missing Persons Day\"}]},{\"@type\":\"WebSite\",\"@id\":\"https:\/\/president-ksgov.net\/#website\",\"url\":\"https:\/\/president-ksgov.net\/\",\"name\":\"Presidente e Republik\u00ebs s\u00eb Kosov\u00ebs\",\"description\":\"Presidente e Republik\u00ebs s\u00eb Kosov\u00ebs\",\"alternateName\":\"DR. VJOSA OSMANI - SADRIU\",\"potentialAction\":[{\"@type\":\"SearchAction\",\"target\":{\"@type\":\"EntryPoint\",\"urlTemplate\":\"https:\/\/president-ksgov.net\/?s={search_term_string}\"},\"query-input\":{\"@type\":\"PropertyValueSpecification\",\"valueRequired\":true,\"valueName\":\"search_term_string\"}}],\"inLanguage\":\"en-US\"},{\"@type\":\"Person\",\"@id\":\"https:\/\/president-ksgov.net\/#\/schema\/person\/bb4337a5fb147cb2046d80548172cbee\",\"name\":\"admin\",\"image\":{\"@type\":\"ImageObject\",\"inLanguage\":\"en-US\",\"@id\":\"https:\/\/president-ksgov.net\/#\/schema\/person\/image\/\",\"url\":\"https:\/\/secure.gravatar.com\/avatar\/36156ca0fa3b8d9d25174f146e16beea0cf28f37adf1b9e19b6c9c279a7c9dd3?s=96&d=mm&r=g\",\"contentUrl\":\"https:\/\/secure.gravatar.com\/avatar\/36156ca0fa3b8d9d25174f146e16beea0cf28f37adf1b9e19b6c9c279a7c9dd3?s=96&d=mm&r=g\",\"caption\":\"admin\"},\"sameAs\":[\"https:\/\/president-ksgov.net\"]}]}<\/script>\n<!-- \/ Yoast SEO plugin. -->","yoast_head_json":{"title":"President Jahjaga&#146;s statement on the occasion of the International Missing Persons Day - President of the Republic of Kosovo - DR. VJOSA OSMANI - SADRIU","description":"President Jahjaga&#146;s statement on the occasion of the International Missing Persons Day - President of the Republic of Kosovo - DR. VJOSA OSMANI - SADRIU -","robots":{"index":"index","follow":"follow","max-snippet":"max-snippet:-1","max-image-preview":"max-image-preview:large","max-video-preview":"max-video-preview:-1"},"canonical":"https:\/\/president-ksgov.net\/deklarate-e-presidentes-jahjaga-me-rastin-e-dites-nderkombetare-te-personave-te-zhdukur\/","og_locale":"en_US","og_type":"article","og_title":"President Jahjaga&#146;s statement on the occasion of the International Missing Persons Day - President of the Republic of Kosovo - DR. VJOSA OSMANI - SADRIU","og_description":"President Jahjaga&#146;s statement on the occasion of the International Missing Persons Day - President of the Republic of Kosovo - DR. VJOSA OSMANI - SADRIU -","og_url":"https:\/\/president-ksgov.net\/deklarate-e-presidentes-jahjaga-me-rastin-e-dites-nderkombetare-te-personave-te-zhdukur\/","og_site_name":"President of the Republic of Kosovo - DR. VJOSA OSMANI - SADRIU","article_published_time":"2012-08-30T17:06:59+00:00","article_modified_time":"2023-03-07T10:57:28+00:00","og_image":[{"width":1024,"height":716,"url":"https:\/\/president-ksgov.net\/wp-content\/uploads\/Zyra-e-Presidentes-Featured-Image1-e1678970937938.png","type":"image\/png"}],"author":"admin","twitter_card":"summary_large_image","twitter_misc":{"Written by":"admin","Est. reading time":"1 minute"},"schema":{"@context":"https:\/\/schema.org","@graph":[{"@type":"WebPage","@id":"https:\/\/president-ksgov.net\/deklarate-e-presidentes-jahjaga-me-rastin-e-dites-nderkombetare-te-personave-te-zhdukur\/","url":"https:\/\/president-ksgov.net\/deklarate-e-presidentes-jahjaga-me-rastin-e-dites-nderkombetare-te-personave-te-zhdukur\/","name":"President Jahjaga&#146;s statement on the occasion of the International Missing Persons Day - President of the Republic of Kosovo - DR. VJOSA OSMANI - SADRIU","isPartOf":{"@id":"https:\/\/president-ksgov.net\/#website"},"primaryImageOfPage":{"@id":"https:\/\/president-ksgov.net\/deklarate-e-presidentes-jahjaga-me-rastin-e-dites-nderkombetare-te-personave-te-zhdukur\/#primaryimage"},"image":{"@id":"https:\/\/president-ksgov.net\/deklarate-e-presidentes-jahjaga-me-rastin-e-dites-nderkombetare-te-personave-te-zhdukur\/#primaryimage"},"thumbnailUrl":"https:\/\/president-ksgov.net\/wp-content\/uploads\/Zyra-e-Presidentes-Featured-Image1-e1678970937938.png","datePublished":"2012-08-30T17:06:59+00:00","dateModified":"2023-03-07T10:57:28+00:00","author":{"@id":"https:\/\/president-ksgov.net\/#\/schema\/person\/bb4337a5fb147cb2046d80548172cbee"},"description":"President Jahjaga&#146;s statement on the occasion of the International Missing Persons Day - President of the Republic of Kosovo - DR. VJOSA OSMANI - SADRIU -","breadcrumb":{"@id":"https:\/\/president-ksgov.net\/deklarate-e-presidentes-jahjaga-me-rastin-e-dites-nderkombetare-te-personave-te-zhdukur\/#breadcrumb"},"inLanguage":"en-US","potentialAction":[{"@type":"ReadAction","target":["https:\/\/president-ksgov.net\/deklarate-e-presidentes-jahjaga-me-rastin-e-dites-nderkombetare-te-personave-te-zhdukur\/"]}]},{"@type":"ImageObject","inLanguage":"en-US","@id":"https:\/\/president-ksgov.net\/deklarate-e-presidentes-jahjaga-me-rastin-e-dites-nderkombetare-te-personave-te-zhdukur\/#primaryimage","url":"https:\/\/president-ksgov.net\/wp-content\/uploads\/Zyra-e-Presidentes-Featured-Image1-e1678970937938.png","contentUrl":"https:\/\/president-ksgov.net\/wp-content\/uploads\/Zyra-e-Presidentes-Featured-Image1-e1678970937938.png","width":1024,"height":716},{"@type":"BreadcrumbList","@id":"https:\/\/president-ksgov.net\/deklarate-e-presidentes-jahjaga-me-rastin-e-dites-nderkombetare-te-personave-te-zhdukur\/#breadcrumb","itemListElement":[{"@type":"ListItem","position":1,"name":"Home","item":"https:\/\/president-ksgov.net\/en\/"},{"@type":"ListItem","position":2,"name":"President Jahjaga&#146;s statement on the occasion of the International Missing Persons Day"}]},{"@type":"WebSite","@id":"https:\/\/president-ksgov.net\/#website","url":"https:\/\/president-ksgov.net\/","name":"Presidente e Republik\u00ebs s\u00eb Kosov\u00ebs","description":"Presidente e Republik\u00ebs s\u00eb Kosov\u00ebs","alternateName":"DR. VJOSA OSMANI - SADRIU","potentialAction":[{"@type":"SearchAction","target":{"@type":"EntryPoint","urlTemplate":"https:\/\/president-ksgov.net\/?s={search_term_string}"},"query-input":{"@type":"PropertyValueSpecification","valueRequired":true,"valueName":"search_term_string"}}],"inLanguage":"en-US"},{"@type":"Person","@id":"https:\/\/president-ksgov.net\/#\/schema\/person\/bb4337a5fb147cb2046d80548172cbee","name":"admin","image":{"@type":"ImageObject","inLanguage":"en-US","@id":"https:\/\/president-ksgov.net\/#\/schema\/person\/image\/","url":"https:\/\/secure.gravatar.com\/avatar\/36156ca0fa3b8d9d25174f146e16beea0cf28f37adf1b9e19b6c9c279a7c9dd3?s=96&d=mm&r=g","contentUrl":"https:\/\/secure.gravatar.com\/avatar\/36156ca0fa3b8d9d25174f146e16beea0cf28f37adf1b9e19b6c9c279a7c9dd3?s=96&d=mm&r=g","caption":"admin"},"sameAs":["https:\/\/president-ksgov.net"]}]}},"_links":{"self":[{"href":"https:\/\/president-ksgov.net\/en\/wp-json\/wp\/v2\/posts\/71234","targetHints":{"allow":["GET"]}}],"collection":[{"href":"https:\/\/president-ksgov.net\/en\/wp-json\/wp\/v2\/posts"}],"about":[{"href":"https:\/\/president-ksgov.net\/en\/wp-json\/wp\/v2\/types\/post"}],"author":[{"embeddable":true,"href":"https:\/\/president-ksgov.net\/en\/wp-json\/wp\/v2\/users\/1"}],"replies":[{"embeddable":true,"href":"https:\/\/president-ksgov.net\/en\/wp-json\/wp\/v2\/comments?post=71234"}],"version-history":[{"count":0,"href":"https:\/\/president-ksgov.net\/en\/wp-json\/wp\/v2\/posts\/71234\/revisions"}],"wp:featuredmedia":[{"embeddable":true,"href":"https:\/\/president-ksgov.net\/en\/wp-json\/wp\/v2\/media\/86338"}],"wp:attachment":[{"href":"https:\/\/president-ksgov.net\/en\/wp-json\/wp\/v2\/media?parent=71234"}],"wp:term":[{"taxonomy":"category","embeddable":true,"href":"https:\/\/president-ksgov.net\/en\/wp-json\/wp\/v2\/categories?post=71234"},{"taxonomy":"post_tag","embeddable":true,"href":"https:\/\/president-ksgov.net\/en\/wp-json\/wp\/v2\/tags?post=71234"}],"curies":[{"name":"wp","href":"https:\/\/api.w.org\/{rel}","templated":true}]}}