{"id":71151,"date":"2012-10-08T13:30:49","date_gmt":"2012-10-08T13:30:49","guid":{"rendered":"https:\/\/dev.president-ksgov.net\/president-jahjagas-speech-on-the-occasion-of-laying-of-foundation-stone-of-the-new-mosque-in-prishtina-2\/"},"modified":"2023-03-07T10:54:03","modified_gmt":"2023-03-07T10:54:03","slug":"president-jahjagas-speech-on-the-occasion-of-laying-of-foundation-stone-of-the-new-mosque-in-prishtina-2","status":"publish","type":"post","link":"https:\/\/president-ksgov.net\/en\/president-jahjagas-speech-on-the-occasion-of-laying-of-foundation-stone-of-the-new-mosque-in-prishtina-2\/","title":{"rendered":"President Jahjaga&#146;s speech on the occasion of laying of foundation stone of the new Mosque in Prishtina"},"content":{"rendered":"<p>Kosovo is a place where cultures, traditions and religions have converged and congregated through many centuries and where cohabitation with one another was and continues to be its virtue and its value. It is a place of a trust in individuals and of righteousness between people, a place of religious respect and tolerance.<\/p>\n<p>Honourable representatives of the institutions of the Republic of Kosovo,<br \/>\nHonourable leaders of the Islamic Community of Kosovo,<br \/>\nHonourable Mufti Trnava,<br \/>\nHonourable representatives of other religious communities,<br \/>\nHonourable participants and religious devotees,<br \/>\nHonourable citizens, <\/p>\n<p>Kosovo is a place where cultures, traditions and religions have converged and congregated through many centuries and where cohabitation with one another was and continues to be its virtue and its value. It is a place of a trust in individuals and of righteousness between people, a place of religious respect and tolerance.<\/p>\n<p>This fusion of religious and cultural values has provided to Kosovo and its citizens with an added characteristic, the one of bravery to cohabitate in diversity and to jointly work and contribute for a more progressive future.<\/p>\n<p>Our state is a lay state, built upon civic principles that guarantees each right to every individual and every community, including the freedom of religion as a democratic right. Our state is a multicultural and multiethnic one, an all inclusive one, which respects the will of its citizens and at the same time respects the responsibilities and contributions of each individual, towards creation of a better and free life of each citizen.<\/p>\n<p>Religion in Kosovo today is a promoter of peace and wisdom, of cohabitation and solidarity between people, a connecting bridge between the communities. Religion can help built our common present while paving the way for the future of our all inclusive state.<\/p>\n<p>The foundations that are being laid today are not only the foundations of a religious building, they are much more than that- they are the foundations of a building\u00a0 that will help the\u00a0 religious followers in their religious life as well as all the citizens of Kosovo that seek to increase their knowledge on religion.<\/p>\n<p>I congratulate all the believers on the occasion of the initiation of the building works for the new mosque- may your devoutness and the solidarity that you show for one another be awarded with finding of spiritual peace.<\/p>\n","protected":false},"excerpt":{"rendered":"<p>Kosovo is a place where cultures, traditions and religions have converged and congregated through many centuries and where cohabitation with one another was and continues to be its virtue and its value. It is a place of a trust in individuals and of righteousness between people, a place of religious respect and tolerance.<\/p>\n","protected":false},"author":1,"featured_media":54202,"comment_status":"open","ping_status":"closed","sticky":false,"template":"","format":"standard","meta":{"_eb_attr":"","footnotes":""},"categories":[111],"tags":[],"class_list":["post-71151","post","type-post","status-publish","format-standard","has-post-thumbnail","hentry","category-news"],"yoast_head":"<!-- This site is optimized with the Yoast SEO plugin v23.5 - https:\/\/yoast.com\/wordpress\/plugins\/seo\/ -->\n<title>President Jahjaga&#146;s speech on the occasion of laying of foundation stone of the new Mosque in Prishtina - President of the Republic of Kosovo - DR. VJOSA OSMANI - SADRIU<\/title>\n<meta name=\"description\" content=\"President Jahjaga&#146;s speech on the occasion of laying of foundation stone of the new Mosque in Prishtina - President of the Republic of Kosovo - DR. VJOSA OSMANI - SADRIU -\" \/>\n<meta name=\"robots\" content=\"index, follow, max-snippet:-1, max-image-preview:large, max-video-preview:-1\" \/>\n<link rel=\"canonical\" href=\"https:\/\/president-ksgov.net\/fjala-e-presidentes-atifete-jahjaga-ne-ceremonine-e-venies-se-gurthemelit-te-xhamise-ne-prishtine-2\/\" \/>\n<meta property=\"og:locale\" content=\"en_US\" \/>\n<meta property=\"og:type\" content=\"article\" \/>\n<meta property=\"og:title\" content=\"President Jahjaga&#146;s speech on the occasion of laying of foundation stone of the new Mosque in Prishtina - President of the Republic of Kosovo - DR. VJOSA OSMANI - SADRIU\" \/>\n<meta property=\"og:description\" content=\"President Jahjaga&#146;s speech on the occasion of laying of foundation stone of the new Mosque in Prishtina - President of the Republic of Kosovo - DR. VJOSA OSMANI - SADRIU -\" \/>\n<meta property=\"og:url\" content=\"https:\/\/president-ksgov.net\/fjala-e-presidentes-atifete-jahjaga-ne-ceremonine-e-venies-se-gurthemelit-te-xhamise-ne-prishtine-2\/\" \/>\n<meta property=\"og:site_name\" content=\"President of the Republic of Kosovo - DR. VJOSA OSMANI - SADRIU\" \/>\n<meta property=\"article:published_time\" content=\"2012-10-08T13:30:49+00:00\" \/>\n<meta property=\"article:modified_time\" content=\"2023-03-07T10:54:03+00:00\" \/>\n<meta property=\"og:image\" content=\"https:\/\/president-ksgov.net\/wp-content\/uploads\/Gurthemeli_i_xhamise.jpg\" \/>\n\t<meta property=\"og:image:width\" content=\"1000\" \/>\n\t<meta property=\"og:image:height\" content=\"667\" \/>\n\t<meta property=\"og:image:type\" content=\"image\/jpeg\" \/>\n<meta name=\"author\" content=\"admin\" \/>\n<meta name=\"twitter:card\" content=\"summary_large_image\" \/>\n<meta name=\"twitter:label1\" content=\"Written by\" \/>\n\t<meta name=\"twitter:data1\" content=\"admin\" \/>\n\t<meta name=\"twitter:label2\" content=\"Est. reading time\" \/>\n\t<meta name=\"twitter:data2\" content=\"2 minutes\" \/>\n<script type=\"application\/ld+json\" class=\"yoast-schema-graph\">{\"@context\":\"https:\/\/schema.org\",\"@graph\":[{\"@type\":\"WebPage\",\"@id\":\"https:\/\/president-ksgov.net\/fjala-e-presidentes-atifete-jahjaga-ne-ceremonine-e-venies-se-gurthemelit-te-xhamise-ne-prishtine-2\/\",\"url\":\"https:\/\/president-ksgov.net\/fjala-e-presidentes-atifete-jahjaga-ne-ceremonine-e-venies-se-gurthemelit-te-xhamise-ne-prishtine-2\/\",\"name\":\"President Jahjaga&#146;s speech on the occasion of laying of foundation stone of the new Mosque in Prishtina - President of the Republic of Kosovo - DR. VJOSA OSMANI - SADRIU\",\"isPartOf\":{\"@id\":\"https:\/\/president-ksgov.net\/#website\"},\"primaryImageOfPage\":{\"@id\":\"https:\/\/president-ksgov.net\/fjala-e-presidentes-atifete-jahjaga-ne-ceremonine-e-venies-se-gurthemelit-te-xhamise-ne-prishtine-2\/#primaryimage\"},\"image\":{\"@id\":\"https:\/\/president-ksgov.net\/fjala-e-presidentes-atifete-jahjaga-ne-ceremonine-e-venies-se-gurthemelit-te-xhamise-ne-prishtine-2\/#primaryimage\"},\"thumbnailUrl\":\"https:\/\/president-ksgov.net\/wp-content\/uploads\/Gurthemeli_i_xhamise.jpg\",\"datePublished\":\"2012-10-08T13:30:49+00:00\",\"dateModified\":\"2023-03-07T10:54:03+00:00\",\"author\":{\"@id\":\"https:\/\/president-ksgov.net\/#\/schema\/person\/bb4337a5fb147cb2046d80548172cbee\"},\"description\":\"President Jahjaga&#146;s speech on the occasion of laying of foundation stone of the new Mosque in Prishtina - President of the Republic of Kosovo - DR. VJOSA OSMANI - SADRIU -\",\"breadcrumb\":{\"@id\":\"https:\/\/president-ksgov.net\/fjala-e-presidentes-atifete-jahjaga-ne-ceremonine-e-venies-se-gurthemelit-te-xhamise-ne-prishtine-2\/#breadcrumb\"},\"inLanguage\":\"en-US\",\"potentialAction\":[{\"@type\":\"ReadAction\",\"target\":[\"https:\/\/president-ksgov.net\/fjala-e-presidentes-atifete-jahjaga-ne-ceremonine-e-venies-se-gurthemelit-te-xhamise-ne-prishtine-2\/\"]}]},{\"@type\":\"ImageObject\",\"inLanguage\":\"en-US\",\"@id\":\"https:\/\/president-ksgov.net\/fjala-e-presidentes-atifete-jahjaga-ne-ceremonine-e-venies-se-gurthemelit-te-xhamise-ne-prishtine-2\/#primaryimage\",\"url\":\"https:\/\/president-ksgov.net\/wp-content\/uploads\/Gurthemeli_i_xhamise.jpg\",\"contentUrl\":\"https:\/\/president-ksgov.net\/wp-content\/uploads\/Gurthemeli_i_xhamise.jpg\",\"width\":1000,\"height\":667},{\"@type\":\"BreadcrumbList\",\"@id\":\"https:\/\/president-ksgov.net\/fjala-e-presidentes-atifete-jahjaga-ne-ceremonine-e-venies-se-gurthemelit-te-xhamise-ne-prishtine-2\/#breadcrumb\",\"itemListElement\":[{\"@type\":\"ListItem\",\"position\":1,\"name\":\"Home\",\"item\":\"https:\/\/president-ksgov.net\/en\/\"},{\"@type\":\"ListItem\",\"position\":2,\"name\":\"President Jahjaga&#146;s speech on the occasion of laying of foundation stone of the new Mosque in Prishtina\"}]},{\"@type\":\"WebSite\",\"@id\":\"https:\/\/president-ksgov.net\/#website\",\"url\":\"https:\/\/president-ksgov.net\/\",\"name\":\"Presidente e Republik\u00ebs s\u00eb Kosov\u00ebs\",\"description\":\"Presidente e Republik\u00ebs s\u00eb Kosov\u00ebs\",\"alternateName\":\"DR. VJOSA OSMANI - SADRIU\",\"potentialAction\":[{\"@type\":\"SearchAction\",\"target\":{\"@type\":\"EntryPoint\",\"urlTemplate\":\"https:\/\/president-ksgov.net\/?s={search_term_string}\"},\"query-input\":{\"@type\":\"PropertyValueSpecification\",\"valueRequired\":true,\"valueName\":\"search_term_string\"}}],\"inLanguage\":\"en-US\"},{\"@type\":\"Person\",\"@id\":\"https:\/\/president-ksgov.net\/#\/schema\/person\/bb4337a5fb147cb2046d80548172cbee\",\"name\":\"admin\",\"image\":{\"@type\":\"ImageObject\",\"inLanguage\":\"en-US\",\"@id\":\"https:\/\/president-ksgov.net\/#\/schema\/person\/image\/\",\"url\":\"https:\/\/secure.gravatar.com\/avatar\/36156ca0fa3b8d9d25174f146e16beea0cf28f37adf1b9e19b6c9c279a7c9dd3?s=96&d=mm&r=g\",\"contentUrl\":\"https:\/\/secure.gravatar.com\/avatar\/36156ca0fa3b8d9d25174f146e16beea0cf28f37adf1b9e19b6c9c279a7c9dd3?s=96&d=mm&r=g\",\"caption\":\"admin\"},\"sameAs\":[\"https:\/\/president-ksgov.net\"]}]}<\/script>\n<!-- \/ Yoast SEO plugin. -->","yoast_head_json":{"title":"President Jahjaga&#146;s speech on the occasion of laying of foundation stone of the new Mosque in Prishtina - President of the Republic of Kosovo - DR. VJOSA OSMANI - SADRIU","description":"President Jahjaga&#146;s speech on the occasion of laying of foundation stone of the new Mosque in Prishtina - President of the Republic of Kosovo - DR. VJOSA OSMANI - SADRIU -","robots":{"index":"index","follow":"follow","max-snippet":"max-snippet:-1","max-image-preview":"max-image-preview:large","max-video-preview":"max-video-preview:-1"},"canonical":"https:\/\/president-ksgov.net\/fjala-e-presidentes-atifete-jahjaga-ne-ceremonine-e-venies-se-gurthemelit-te-xhamise-ne-prishtine-2\/","og_locale":"en_US","og_type":"article","og_title":"President Jahjaga&#146;s speech on the occasion of laying of foundation stone of the new Mosque in Prishtina - President of the Republic of Kosovo - DR. VJOSA OSMANI - SADRIU","og_description":"President Jahjaga&#146;s speech on the occasion of laying of foundation stone of the new Mosque in Prishtina - President of the Republic of Kosovo - DR. VJOSA OSMANI - SADRIU -","og_url":"https:\/\/president-ksgov.net\/fjala-e-presidentes-atifete-jahjaga-ne-ceremonine-e-venies-se-gurthemelit-te-xhamise-ne-prishtine-2\/","og_site_name":"President of the Republic of Kosovo - DR. VJOSA OSMANI - SADRIU","article_published_time":"2012-10-08T13:30:49+00:00","article_modified_time":"2023-03-07T10:54:03+00:00","og_image":[{"width":1000,"height":667,"url":"https:\/\/president-ksgov.net\/wp-content\/uploads\/Gurthemeli_i_xhamise.jpg","type":"image\/jpeg"}],"author":"admin","twitter_card":"summary_large_image","twitter_misc":{"Written by":"admin","Est. reading time":"2 minutes"},"schema":{"@context":"https:\/\/schema.org","@graph":[{"@type":"WebPage","@id":"https:\/\/president-ksgov.net\/fjala-e-presidentes-atifete-jahjaga-ne-ceremonine-e-venies-se-gurthemelit-te-xhamise-ne-prishtine-2\/","url":"https:\/\/president-ksgov.net\/fjala-e-presidentes-atifete-jahjaga-ne-ceremonine-e-venies-se-gurthemelit-te-xhamise-ne-prishtine-2\/","name":"President Jahjaga&#146;s speech on the occasion of laying of foundation stone of the new Mosque in Prishtina - President of the Republic of Kosovo - DR. VJOSA OSMANI - SADRIU","isPartOf":{"@id":"https:\/\/president-ksgov.net\/#website"},"primaryImageOfPage":{"@id":"https:\/\/president-ksgov.net\/fjala-e-presidentes-atifete-jahjaga-ne-ceremonine-e-venies-se-gurthemelit-te-xhamise-ne-prishtine-2\/#primaryimage"},"image":{"@id":"https:\/\/president-ksgov.net\/fjala-e-presidentes-atifete-jahjaga-ne-ceremonine-e-venies-se-gurthemelit-te-xhamise-ne-prishtine-2\/#primaryimage"},"thumbnailUrl":"https:\/\/president-ksgov.net\/wp-content\/uploads\/Gurthemeli_i_xhamise.jpg","datePublished":"2012-10-08T13:30:49+00:00","dateModified":"2023-03-07T10:54:03+00:00","author":{"@id":"https:\/\/president-ksgov.net\/#\/schema\/person\/bb4337a5fb147cb2046d80548172cbee"},"description":"President Jahjaga&#146;s speech on the occasion of laying of foundation stone of the new Mosque in Prishtina - President of the Republic of Kosovo - DR. VJOSA OSMANI - SADRIU -","breadcrumb":{"@id":"https:\/\/president-ksgov.net\/fjala-e-presidentes-atifete-jahjaga-ne-ceremonine-e-venies-se-gurthemelit-te-xhamise-ne-prishtine-2\/#breadcrumb"},"inLanguage":"en-US","potentialAction":[{"@type":"ReadAction","target":["https:\/\/president-ksgov.net\/fjala-e-presidentes-atifete-jahjaga-ne-ceremonine-e-venies-se-gurthemelit-te-xhamise-ne-prishtine-2\/"]}]},{"@type":"ImageObject","inLanguage":"en-US","@id":"https:\/\/president-ksgov.net\/fjala-e-presidentes-atifete-jahjaga-ne-ceremonine-e-venies-se-gurthemelit-te-xhamise-ne-prishtine-2\/#primaryimage","url":"https:\/\/president-ksgov.net\/wp-content\/uploads\/Gurthemeli_i_xhamise.jpg","contentUrl":"https:\/\/president-ksgov.net\/wp-content\/uploads\/Gurthemeli_i_xhamise.jpg","width":1000,"height":667},{"@type":"BreadcrumbList","@id":"https:\/\/president-ksgov.net\/fjala-e-presidentes-atifete-jahjaga-ne-ceremonine-e-venies-se-gurthemelit-te-xhamise-ne-prishtine-2\/#breadcrumb","itemListElement":[{"@type":"ListItem","position":1,"name":"Home","item":"https:\/\/president-ksgov.net\/en\/"},{"@type":"ListItem","position":2,"name":"President Jahjaga&#146;s speech on the occasion of laying of foundation stone of the new Mosque in Prishtina"}]},{"@type":"WebSite","@id":"https:\/\/president-ksgov.net\/#website","url":"https:\/\/president-ksgov.net\/","name":"Presidente e Republik\u00ebs s\u00eb Kosov\u00ebs","description":"Presidente e Republik\u00ebs s\u00eb Kosov\u00ebs","alternateName":"DR. VJOSA OSMANI - SADRIU","potentialAction":[{"@type":"SearchAction","target":{"@type":"EntryPoint","urlTemplate":"https:\/\/president-ksgov.net\/?s={search_term_string}"},"query-input":{"@type":"PropertyValueSpecification","valueRequired":true,"valueName":"search_term_string"}}],"inLanguage":"en-US"},{"@type":"Person","@id":"https:\/\/president-ksgov.net\/#\/schema\/person\/bb4337a5fb147cb2046d80548172cbee","name":"admin","image":{"@type":"ImageObject","inLanguage":"en-US","@id":"https:\/\/president-ksgov.net\/#\/schema\/person\/image\/","url":"https:\/\/secure.gravatar.com\/avatar\/36156ca0fa3b8d9d25174f146e16beea0cf28f37adf1b9e19b6c9c279a7c9dd3?s=96&d=mm&r=g","contentUrl":"https:\/\/secure.gravatar.com\/avatar\/36156ca0fa3b8d9d25174f146e16beea0cf28f37adf1b9e19b6c9c279a7c9dd3?s=96&d=mm&r=g","caption":"admin"},"sameAs":["https:\/\/president-ksgov.net"]}]}},"_links":{"self":[{"href":"https:\/\/president-ksgov.net\/en\/wp-json\/wp\/v2\/posts\/71151","targetHints":{"allow":["GET"]}}],"collection":[{"href":"https:\/\/president-ksgov.net\/en\/wp-json\/wp\/v2\/posts"}],"about":[{"href":"https:\/\/president-ksgov.net\/en\/wp-json\/wp\/v2\/types\/post"}],"author":[{"embeddable":true,"href":"https:\/\/president-ksgov.net\/en\/wp-json\/wp\/v2\/users\/1"}],"replies":[{"embeddable":true,"href":"https:\/\/president-ksgov.net\/en\/wp-json\/wp\/v2\/comments?post=71151"}],"version-history":[{"count":0,"href":"https:\/\/president-ksgov.net\/en\/wp-json\/wp\/v2\/posts\/71151\/revisions"}],"wp:featuredmedia":[{"embeddable":true,"href":"https:\/\/president-ksgov.net\/en\/wp-json\/wp\/v2\/media\/54202"}],"wp:attachment":[{"href":"https:\/\/president-ksgov.net\/en\/wp-json\/wp\/v2\/media?parent=71151"}],"wp:term":[{"taxonomy":"category","embeddable":true,"href":"https:\/\/president-ksgov.net\/en\/wp-json\/wp\/v2\/categories?post=71151"},{"taxonomy":"post_tag","embeddable":true,"href":"https:\/\/president-ksgov.net\/en\/wp-json\/wp\/v2\/tags?post=71151"}],"curies":[{"name":"wp","href":"https:\/\/api.w.org\/{rel}","templated":true}]}}