{"id":70988,"date":"2013-02-02T13:11:22","date_gmt":"2013-02-02T13:11:22","guid":{"rendered":"https:\/\/dev.president-ksgov.net\/president-jahjaga-attended-the-future-of-the-euro-atlantic-security-panel\/"},"modified":"2023-03-07T10:48:10","modified_gmt":"2023-03-07T10:48:10","slug":"president-jahjaga-attended-the-future-of-the-euro-atlantic-security-panel","status":"publish","type":"post","link":"https:\/\/president-ksgov.net\/en\/president-jahjaga-attended-the-future-of-the-euro-atlantic-security-panel\/","title":{"rendered":"President Jahjaga attended the Future of the Euro-Atlantic Security panel"},"content":{"rendered":"<p>President of the Republic of Kosovo, Mrs. Atifete Jahjaga, during her stay in Germany, attended today the second-day proceedings of the Munich Security Conference. The key-note speech at this second day of the conference, held for the 49th time in Munich, will be delivered by the US Vice-President, Mr. Joseph Biden.<\/p>\n<p>During the conference, president Jahjaga met with a number of personalities from around the world that are attending the Munich Security Conference. Among others, she met with the EU High Representative for foreign policy and security, Baroness Ashton, President of the Swiss Confederation, Mr. Ueli Maurer, OSCE General Secretary, Mr. Lamberto Zannier, Former NATO General Secretary Mr. Javier Solana, US Congresswoman and Director of the Woodrow Wilson Centre, Ms. Jane Harman, former deputy UN mediator for Kosovo, Mr. Albert Rohan and many others.<\/p>\n<p>On the second day of proceedings of the Munich Security Conference, the issue of Euro-Atlantic Security was discussed. After the key-note speech delivered by Mr. Biden, the conference was addressed by the German Foreign Minister, Mr. Guido Westerwelle, Baroness Catherine Ashton, the Russian Foreign Minister, Mr. Sergey Lavrov and NATO General Secretary, Mr. Anders Fogh Rasmussen.<\/p>\n","protected":false},"excerpt":{"rendered":"<p>President of the Republic of Kosovo, Mrs. Atifete Jahjaga, during her stay in Germany, attended today the second-day proceedings of the Munich Security Conference. The key-note speech at this second day of the conference, held for the 49th time in Munich, will be delivered by the US Vice-President, Mr. Joseph Biden.<\/p>\n","protected":false},"author":1,"featured_media":52473,"comment_status":"open","ping_status":"closed","sticky":false,"template":"","format":"standard","meta":{"_eb_attr":"","footnotes":""},"categories":[111],"tags":[],"class_list":["post-70988","post","type-post","status-publish","format-standard","has-post-thumbnail","hentry","category-news"],"yoast_head":"<!-- This site is optimized with the Yoast SEO plugin v23.5 - https:\/\/yoast.com\/wordpress\/plugins\/seo\/ -->\n<title>President Jahjaga attended the Future of the Euro-Atlantic Security panel - President of the Republic of Kosovo - DR. VJOSA OSMANI - SADRIU<\/title>\n<meta name=\"description\" content=\"President Jahjaga attended the Future of the Euro-Atlantic Security panel - President of the Republic of Kosovo - DR. VJOSA OSMANI - SADRIU -\" \/>\n<meta name=\"robots\" content=\"index, follow, max-snippet:-1, max-image-preview:large, max-video-preview:-1\" \/>\n<link rel=\"canonical\" href=\"https:\/\/president-ksgov.net\/presidentja-percolli-panelin-per-te-ardhmen-e-sigurise-euroatlantike\/\" \/>\n<meta property=\"og:locale\" content=\"en_US\" \/>\n<meta property=\"og:type\" content=\"article\" \/>\n<meta property=\"og:title\" content=\"President Jahjaga attended the Future of the Euro-Atlantic Security panel - President of the Republic of Kosovo - DR. VJOSA OSMANI - SADRIU\" \/>\n<meta property=\"og:description\" content=\"President Jahjaga attended the Future of the Euro-Atlantic Security panel - President of the Republic of Kosovo - DR. VJOSA OSMANI - SADRIU -\" \/>\n<meta property=\"og:url\" content=\"https:\/\/president-ksgov.net\/presidentja-percolli-panelin-per-te-ardhmen-e-sigurise-euroatlantike\/\" \/>\n<meta property=\"og:site_name\" content=\"President of the Republic of Kosovo - DR. VJOSA OSMANI - SADRIU\" \/>\n<meta property=\"article:published_time\" content=\"2013-02-02T13:11:22+00:00\" \/>\n<meta property=\"article:modified_time\" content=\"2023-03-07T10:48:10+00:00\" \/>\n<meta property=\"og:image\" content=\"https:\/\/president-ksgov.net\/wp-content\/uploads\/02_02_13_91591_KONFERENCA.jpg\" \/>\n\t<meta property=\"og:image:width\" content=\"800\" \/>\n\t<meta property=\"og:image:height\" content=\"533\" \/>\n\t<meta property=\"og:image:type\" content=\"image\/jpeg\" \/>\n<meta name=\"author\" content=\"admin\" \/>\n<meta name=\"twitter:card\" content=\"summary_large_image\" \/>\n<meta name=\"twitter:label1\" content=\"Written by\" \/>\n\t<meta name=\"twitter:data1\" content=\"admin\" \/>\n\t<meta name=\"twitter:label2\" content=\"Est. reading time\" \/>\n\t<meta name=\"twitter:data2\" content=\"1 minute\" \/>\n<script type=\"application\/ld+json\" class=\"yoast-schema-graph\">{\"@context\":\"https:\/\/schema.org\",\"@graph\":[{\"@type\":\"WebPage\",\"@id\":\"https:\/\/president-ksgov.net\/presidentja-percolli-panelin-per-te-ardhmen-e-sigurise-euroatlantike\/\",\"url\":\"https:\/\/president-ksgov.net\/presidentja-percolli-panelin-per-te-ardhmen-e-sigurise-euroatlantike\/\",\"name\":\"President Jahjaga attended the Future of the Euro-Atlantic Security panel - President of the Republic of Kosovo - DR. VJOSA OSMANI - SADRIU\",\"isPartOf\":{\"@id\":\"https:\/\/president-ksgov.net\/#website\"},\"primaryImageOfPage\":{\"@id\":\"https:\/\/president-ksgov.net\/presidentja-percolli-panelin-per-te-ardhmen-e-sigurise-euroatlantike\/#primaryimage\"},\"image\":{\"@id\":\"https:\/\/president-ksgov.net\/presidentja-percolli-panelin-per-te-ardhmen-e-sigurise-euroatlantike\/#primaryimage\"},\"thumbnailUrl\":\"https:\/\/president-ksgov.net\/wp-content\/uploads\/02_02_13_91591_KONFERENCA.jpg\",\"datePublished\":\"2013-02-02T13:11:22+00:00\",\"dateModified\":\"2023-03-07T10:48:10+00:00\",\"author\":{\"@id\":\"https:\/\/president-ksgov.net\/#\/schema\/person\/bb4337a5fb147cb2046d80548172cbee\"},\"description\":\"President Jahjaga attended the Future of the Euro-Atlantic Security panel - President of the Republic of Kosovo - DR. VJOSA OSMANI - SADRIU -\",\"breadcrumb\":{\"@id\":\"https:\/\/president-ksgov.net\/presidentja-percolli-panelin-per-te-ardhmen-e-sigurise-euroatlantike\/#breadcrumb\"},\"inLanguage\":\"en-US\",\"potentialAction\":[{\"@type\":\"ReadAction\",\"target\":[\"https:\/\/president-ksgov.net\/presidentja-percolli-panelin-per-te-ardhmen-e-sigurise-euroatlantike\/\"]}]},{\"@type\":\"ImageObject\",\"inLanguage\":\"en-US\",\"@id\":\"https:\/\/president-ksgov.net\/presidentja-percolli-panelin-per-te-ardhmen-e-sigurise-euroatlantike\/#primaryimage\",\"url\":\"https:\/\/president-ksgov.net\/wp-content\/uploads\/02_02_13_91591_KONFERENCA.jpg\",\"contentUrl\":\"https:\/\/president-ksgov.net\/wp-content\/uploads\/02_02_13_91591_KONFERENCA.jpg\",\"width\":800,\"height\":533},{\"@type\":\"BreadcrumbList\",\"@id\":\"https:\/\/president-ksgov.net\/presidentja-percolli-panelin-per-te-ardhmen-e-sigurise-euroatlantike\/#breadcrumb\",\"itemListElement\":[{\"@type\":\"ListItem\",\"position\":1,\"name\":\"Home\",\"item\":\"https:\/\/president-ksgov.net\/en\/\"},{\"@type\":\"ListItem\",\"position\":2,\"name\":\"President Jahjaga attended the Future of the Euro-Atlantic Security panel\"}]},{\"@type\":\"WebSite\",\"@id\":\"https:\/\/president-ksgov.net\/#website\",\"url\":\"https:\/\/president-ksgov.net\/\",\"name\":\"Presidente e Republik\u00ebs s\u00eb Kosov\u00ebs\",\"description\":\"Presidente e Republik\u00ebs s\u00eb Kosov\u00ebs\",\"alternateName\":\"DR. VJOSA OSMANI - SADRIU\",\"potentialAction\":[{\"@type\":\"SearchAction\",\"target\":{\"@type\":\"EntryPoint\",\"urlTemplate\":\"https:\/\/president-ksgov.net\/?s={search_term_string}\"},\"query-input\":{\"@type\":\"PropertyValueSpecification\",\"valueRequired\":true,\"valueName\":\"search_term_string\"}}],\"inLanguage\":\"en-US\"},{\"@type\":\"Person\",\"@id\":\"https:\/\/president-ksgov.net\/#\/schema\/person\/bb4337a5fb147cb2046d80548172cbee\",\"name\":\"admin\",\"image\":{\"@type\":\"ImageObject\",\"inLanguage\":\"en-US\",\"@id\":\"https:\/\/president-ksgov.net\/#\/schema\/person\/image\/\",\"url\":\"https:\/\/secure.gravatar.com\/avatar\/36156ca0fa3b8d9d25174f146e16beea0cf28f37adf1b9e19b6c9c279a7c9dd3?s=96&d=mm&r=g\",\"contentUrl\":\"https:\/\/secure.gravatar.com\/avatar\/36156ca0fa3b8d9d25174f146e16beea0cf28f37adf1b9e19b6c9c279a7c9dd3?s=96&d=mm&r=g\",\"caption\":\"admin\"},\"sameAs\":[\"https:\/\/president-ksgov.net\"]}]}<\/script>\n<!-- \/ Yoast SEO plugin. -->","yoast_head_json":{"title":"President Jahjaga attended the Future of the Euro-Atlantic Security panel - President of the Republic of Kosovo - DR. VJOSA OSMANI - SADRIU","description":"President Jahjaga attended the Future of the Euro-Atlantic Security panel - President of the Republic of Kosovo - DR. VJOSA OSMANI - SADRIU -","robots":{"index":"index","follow":"follow","max-snippet":"max-snippet:-1","max-image-preview":"max-image-preview:large","max-video-preview":"max-video-preview:-1"},"canonical":"https:\/\/president-ksgov.net\/presidentja-percolli-panelin-per-te-ardhmen-e-sigurise-euroatlantike\/","og_locale":"en_US","og_type":"article","og_title":"President Jahjaga attended the Future of the Euro-Atlantic Security panel - President of the Republic of Kosovo - DR. VJOSA OSMANI - SADRIU","og_description":"President Jahjaga attended the Future of the Euro-Atlantic Security panel - President of the Republic of Kosovo - DR. VJOSA OSMANI - SADRIU -","og_url":"https:\/\/president-ksgov.net\/presidentja-percolli-panelin-per-te-ardhmen-e-sigurise-euroatlantike\/","og_site_name":"President of the Republic of Kosovo - DR. VJOSA OSMANI - SADRIU","article_published_time":"2013-02-02T13:11:22+00:00","article_modified_time":"2023-03-07T10:48:10+00:00","og_image":[{"width":800,"height":533,"url":"https:\/\/president-ksgov.net\/wp-content\/uploads\/02_02_13_91591_KONFERENCA.jpg","type":"image\/jpeg"}],"author":"admin","twitter_card":"summary_large_image","twitter_misc":{"Written by":"admin","Est. reading time":"1 minute"},"schema":{"@context":"https:\/\/schema.org","@graph":[{"@type":"WebPage","@id":"https:\/\/president-ksgov.net\/presidentja-percolli-panelin-per-te-ardhmen-e-sigurise-euroatlantike\/","url":"https:\/\/president-ksgov.net\/presidentja-percolli-panelin-per-te-ardhmen-e-sigurise-euroatlantike\/","name":"President Jahjaga attended the Future of the Euro-Atlantic Security panel - President of the Republic of Kosovo - DR. VJOSA OSMANI - SADRIU","isPartOf":{"@id":"https:\/\/president-ksgov.net\/#website"},"primaryImageOfPage":{"@id":"https:\/\/president-ksgov.net\/presidentja-percolli-panelin-per-te-ardhmen-e-sigurise-euroatlantike\/#primaryimage"},"image":{"@id":"https:\/\/president-ksgov.net\/presidentja-percolli-panelin-per-te-ardhmen-e-sigurise-euroatlantike\/#primaryimage"},"thumbnailUrl":"https:\/\/president-ksgov.net\/wp-content\/uploads\/02_02_13_91591_KONFERENCA.jpg","datePublished":"2013-02-02T13:11:22+00:00","dateModified":"2023-03-07T10:48:10+00:00","author":{"@id":"https:\/\/president-ksgov.net\/#\/schema\/person\/bb4337a5fb147cb2046d80548172cbee"},"description":"President Jahjaga attended the Future of the Euro-Atlantic Security panel - President of the Republic of Kosovo - DR. VJOSA OSMANI - SADRIU -","breadcrumb":{"@id":"https:\/\/president-ksgov.net\/presidentja-percolli-panelin-per-te-ardhmen-e-sigurise-euroatlantike\/#breadcrumb"},"inLanguage":"en-US","potentialAction":[{"@type":"ReadAction","target":["https:\/\/president-ksgov.net\/presidentja-percolli-panelin-per-te-ardhmen-e-sigurise-euroatlantike\/"]}]},{"@type":"ImageObject","inLanguage":"en-US","@id":"https:\/\/president-ksgov.net\/presidentja-percolli-panelin-per-te-ardhmen-e-sigurise-euroatlantike\/#primaryimage","url":"https:\/\/president-ksgov.net\/wp-content\/uploads\/02_02_13_91591_KONFERENCA.jpg","contentUrl":"https:\/\/president-ksgov.net\/wp-content\/uploads\/02_02_13_91591_KONFERENCA.jpg","width":800,"height":533},{"@type":"BreadcrumbList","@id":"https:\/\/president-ksgov.net\/presidentja-percolli-panelin-per-te-ardhmen-e-sigurise-euroatlantike\/#breadcrumb","itemListElement":[{"@type":"ListItem","position":1,"name":"Home","item":"https:\/\/president-ksgov.net\/en\/"},{"@type":"ListItem","position":2,"name":"President Jahjaga attended the Future of the Euro-Atlantic Security panel"}]},{"@type":"WebSite","@id":"https:\/\/president-ksgov.net\/#website","url":"https:\/\/president-ksgov.net\/","name":"Presidente e Republik\u00ebs s\u00eb Kosov\u00ebs","description":"Presidente e Republik\u00ebs s\u00eb Kosov\u00ebs","alternateName":"DR. VJOSA OSMANI - SADRIU","potentialAction":[{"@type":"SearchAction","target":{"@type":"EntryPoint","urlTemplate":"https:\/\/president-ksgov.net\/?s={search_term_string}"},"query-input":{"@type":"PropertyValueSpecification","valueRequired":true,"valueName":"search_term_string"}}],"inLanguage":"en-US"},{"@type":"Person","@id":"https:\/\/president-ksgov.net\/#\/schema\/person\/bb4337a5fb147cb2046d80548172cbee","name":"admin","image":{"@type":"ImageObject","inLanguage":"en-US","@id":"https:\/\/president-ksgov.net\/#\/schema\/person\/image\/","url":"https:\/\/secure.gravatar.com\/avatar\/36156ca0fa3b8d9d25174f146e16beea0cf28f37adf1b9e19b6c9c279a7c9dd3?s=96&d=mm&r=g","contentUrl":"https:\/\/secure.gravatar.com\/avatar\/36156ca0fa3b8d9d25174f146e16beea0cf28f37adf1b9e19b6c9c279a7c9dd3?s=96&d=mm&r=g","caption":"admin"},"sameAs":["https:\/\/president-ksgov.net"]}]}},"_links":{"self":[{"href":"https:\/\/president-ksgov.net\/en\/wp-json\/wp\/v2\/posts\/70988","targetHints":{"allow":["GET"]}}],"collection":[{"href":"https:\/\/president-ksgov.net\/en\/wp-json\/wp\/v2\/posts"}],"about":[{"href":"https:\/\/president-ksgov.net\/en\/wp-json\/wp\/v2\/types\/post"}],"author":[{"embeddable":true,"href":"https:\/\/president-ksgov.net\/en\/wp-json\/wp\/v2\/users\/1"}],"replies":[{"embeddable":true,"href":"https:\/\/president-ksgov.net\/en\/wp-json\/wp\/v2\/comments?post=70988"}],"version-history":[{"count":0,"href":"https:\/\/president-ksgov.net\/en\/wp-json\/wp\/v2\/posts\/70988\/revisions"}],"wp:featuredmedia":[{"embeddable":true,"href":"https:\/\/president-ksgov.net\/en\/wp-json\/wp\/v2\/media\/52473"}],"wp:attachment":[{"href":"https:\/\/president-ksgov.net\/en\/wp-json\/wp\/v2\/media?parent=70988"}],"wp:term":[{"taxonomy":"category","embeddable":true,"href":"https:\/\/president-ksgov.net\/en\/wp-json\/wp\/v2\/categories?post=70988"},{"taxonomy":"post_tag","embeddable":true,"href":"https:\/\/president-ksgov.net\/en\/wp-json\/wp\/v2\/tags?post=70988"}],"curies":[{"name":"wp","href":"https:\/\/api.w.org\/{rel}","templated":true}]}}