{"id":70947,"date":"2013-03-02T22:00:57","date_gmt":"2013-03-02T22:00:57","guid":{"rendered":"https:\/\/dev.president-ksgov.net\/speech-of-the-president-atifete-jahjaga-at-the-charitable-concert-organized-under-the-patronage-of-the-madam-president-and-kfor-commander\/"},"modified":"2023-03-07T10:46:35","modified_gmt":"2023-03-07T10:46:35","slug":"speech-of-the-president-atifete-jahjaga-at-the-charitable-concert-organized-under-the-patronage-of-the-madam-president-and-kfor-commander","status":"publish","type":"post","link":"https:\/\/president-ksgov.net\/en\/speech-of-the-president-atifete-jahjaga-at-the-charitable-concert-organized-under-the-patronage-of-the-madam-president-and-kfor-commander\/","title":{"rendered":"Speech of the President Atifete Jahjaga at the charitable concert, organized under the patronage of the Madam President and KFOR Commander"},"content":{"rendered":"<p>Tonight, as we did one year ago, we are gathered to attend this charity concert, because we believe that through our generosity, we may improve the lives of citizens who face challenges, who have less opportunities than others, but who are an inseparable part of our society.<\/p>\n<p>Honourable KFOR Peace keeping force in Kosovo, General Volker-Halbauer,<br \/>\nHonourable Ambassador of the Federal Republic of Germany, Dr. Peter Blomeyer,<br \/>\nHonourable Representatives of the institutions of the Republic of Kosovo,<br \/>\nHonourable Representatives of the Diplomatic Missions accredited in the Republic of Kosovo,<br \/>\nHonourable participants,<br \/>\nCitizens of the Republic of Kosovo;<\/p>\n<p>Tonight, as we did one year ago, we are gathered to attend this charity<br \/>\nconcert, because we believe that through our generosity, we may improve<br \/>\nthe lives of citizens who face challenges, who have less opportunities<br \/>\nthan others, but who are an inseparable part of our society.<\/p>\n<p>We are gathered here, aware that we can change and improve their reality.<\/p>\n<p>We are all members of the Kosovar society and we have the responsibility<br \/>\nto help and support one another, to contribute in creating<br \/>\nopportunities for a dignified life for everyone, we have the<br \/>\nresponsibility to create a society of equal opportunities.<\/p>\n<p>We have this power and we do this opportunity to stand by each member of this grand Kosovar family. <\/p>\n<p>On this special night, at this charity concert, we have all put upon us<br \/>\nthe gown of the civic dedication and we are firmly demonstrating the<br \/>\nresponsibility we feel and we are taking towards each other.<br \/>\nResponsibility that carries in itself the power to improve lives of<br \/>\npeople.<\/p>\n<p>I thank you and congratulate you on your civic mission.<\/p>\n<p>Last year we made possible, through donations, the change the reality<br \/>\nfor a part of our society who were faced by one of the major challenges<br \/>\nof the century &#8211; cancer. We offered the opportunity for access to<br \/>\nmedical services and necessary treatment- we were able to help change<br \/>\nlives.<\/p>\n<p>This gave us the will to continue our dedication to offer more<br \/>\nsolidarity to each other and to turn this event into an annual<br \/>\ntradition, where we all gather, representatives of all strata of our<br \/>\nsociety, united with once voice for the people who need us.<\/p>\n<p>I strongly believe that this year as well, with the help of your<br \/>\ndonations, we will be able to continue to help the women facing cancer,<br \/>\nand offer them the necessary services, and offer to those who are our<br \/>\nfuture, to our children, all the opportunities they lack in order not<br \/>\nallow them to leave school.<\/p>\n<p>We live in the same society, we share the fates of each other and hence we are responsible towards each other.<\/p>\n<p>I thank all of you for your contributions and for the civic responsibility you are showing. <\/p>\n<p>\u00a0<\/p>\n","protected":false},"excerpt":{"rendered":"<p>Tonight, as we did one year ago, we are gathered to attend this charity concert, because we believe that through our generosity, we may improve the lives of citizens who face challenges, who have less opportunities than others, but who are an inseparable part of our society.<\/p>\n","protected":false},"author":1,"featured_media":52022,"comment_status":"open","ping_status":"closed","sticky":false,"template":"","format":"standard","meta":{"_eb_attr":"","footnotes":""},"categories":[105],"tags":[],"class_list":["post-70947","post","type-post","status-publish","format-standard","has-post-thumbnail","hentry","category-speeches"],"yoast_head":"<!-- This site is optimized with the Yoast SEO plugin v23.5 - https:\/\/yoast.com\/wordpress\/plugins\/seo\/ -->\n<title>Speech of the President Atifete Jahjaga at the charitable concert, organized under the patronage of the Madam President and KFOR Commander - President of the Republic of Kosovo - DR. VJOSA OSMANI - SADRIU<\/title>\n<meta name=\"description\" content=\"Speech of the President Atifete Jahjaga at the charitable concert, organized under the patronage of the Madam President and KFOR Commander - President of the Republic of Kosovo - DR. VJOSA OSMANI - SADRIU -\" \/>\n<meta name=\"robots\" content=\"index, follow, max-snippet:-1, max-image-preview:large, max-video-preview:-1\" \/>\n<link rel=\"canonical\" href=\"https:\/\/president-ksgov.net\/en\/speech-of-the-president-atifete-jahjaga-at-the-charitable-concert-organized-under-the-patronage-of-the-madam-president-and-kfor-commander\/\" \/>\n<meta property=\"og:locale\" content=\"en_US\" \/>\n<meta property=\"og:type\" content=\"article\" \/>\n<meta property=\"og:title\" content=\"Speech of the President Atifete Jahjaga at the charitable concert, organized under the patronage of the Madam President and KFOR Commander - President of the Republic of Kosovo - DR. VJOSA OSMANI - SADRIU\" \/>\n<meta property=\"og:description\" content=\"Speech of the President Atifete Jahjaga at the charitable concert, organized under the patronage of the Madam President and KFOR Commander - President of the Republic of Kosovo - DR. VJOSA OSMANI - SADRIU -\" \/>\n<meta property=\"og:url\" content=\"https:\/\/president-ksgov.net\/en\/speech-of-the-president-atifete-jahjaga-at-the-charitable-concert-organized-under-the-patronage-of-the-madam-president-and-kfor-commander\/\" \/>\n<meta property=\"og:site_name\" content=\"President of the Republic of Kosovo - DR. VJOSA OSMANI - SADRIU\" \/>\n<meta property=\"article:published_time\" content=\"2013-03-02T22:00:57+00:00\" \/>\n<meta property=\"article:modified_time\" content=\"2023-03-07T10:46:35+00:00\" \/>\n<meta property=\"og:image\" content=\"https:\/\/president-ksgov.net\/wp-content\/uploads\/02_03_13_86516_IMG_4661.jpg\" \/>\n\t<meta property=\"og:image:width\" content=\"1000\" \/>\n\t<meta property=\"og:image:height\" content=\"591\" \/>\n\t<meta property=\"og:image:type\" content=\"image\/jpeg\" \/>\n<meta name=\"author\" content=\"admin\" \/>\n<meta name=\"twitter:card\" content=\"summary_large_image\" \/>\n<meta name=\"twitter:label1\" content=\"Written by\" \/>\n\t<meta name=\"twitter:data1\" content=\"admin\" \/>\n\t<meta name=\"twitter:label2\" content=\"Est. reading time\" \/>\n\t<meta name=\"twitter:data2\" content=\"2 minutes\" \/>\n<script type=\"application\/ld+json\" class=\"yoast-schema-graph\">{\"@context\":\"https:\/\/schema.org\",\"@graph\":[{\"@type\":\"WebPage\",\"@id\":\"https:\/\/president-ksgov.net\/en\/speech-of-the-president-atifete-jahjaga-at-the-charitable-concert-organized-under-the-patronage-of-the-madam-president-and-kfor-commander\/\",\"url\":\"https:\/\/president-ksgov.net\/en\/speech-of-the-president-atifete-jahjaga-at-the-charitable-concert-organized-under-the-patronage-of-the-madam-president-and-kfor-commander\/\",\"name\":\"Speech of the President Atifete Jahjaga at the charitable concert, organized under the patronage of the Madam President and KFOR Commander - President of the Republic of Kosovo - DR. VJOSA OSMANI - SADRIU\",\"isPartOf\":{\"@id\":\"https:\/\/president-ksgov.net\/#website\"},\"primaryImageOfPage\":{\"@id\":\"https:\/\/president-ksgov.net\/en\/speech-of-the-president-atifete-jahjaga-at-the-charitable-concert-organized-under-the-patronage-of-the-madam-president-and-kfor-commander\/#primaryimage\"},\"image\":{\"@id\":\"https:\/\/president-ksgov.net\/en\/speech-of-the-president-atifete-jahjaga-at-the-charitable-concert-organized-under-the-patronage-of-the-madam-president-and-kfor-commander\/#primaryimage\"},\"thumbnailUrl\":\"https:\/\/president-ksgov.net\/wp-content\/uploads\/02_03_13_86516_IMG_4661.jpg\",\"datePublished\":\"2013-03-02T22:00:57+00:00\",\"dateModified\":\"2023-03-07T10:46:35+00:00\",\"author\":{\"@id\":\"https:\/\/president-ksgov.net\/#\/schema\/person\/bb4337a5fb147cb2046d80548172cbee\"},\"description\":\"Speech of the President Atifete Jahjaga at the charitable concert, organized under the patronage of the Madam President and KFOR Commander - President of the Republic of Kosovo - DR. VJOSA OSMANI - SADRIU -\",\"breadcrumb\":{\"@id\":\"https:\/\/president-ksgov.net\/en\/speech-of-the-president-atifete-jahjaga-at-the-charitable-concert-organized-under-the-patronage-of-the-madam-president-and-kfor-commander\/#breadcrumb\"},\"inLanguage\":\"en-US\",\"potentialAction\":[{\"@type\":\"ReadAction\",\"target\":[\"https:\/\/president-ksgov.net\/en\/speech-of-the-president-atifete-jahjaga-at-the-charitable-concert-organized-under-the-patronage-of-the-madam-president-and-kfor-commander\/\"]}]},{\"@type\":\"ImageObject\",\"inLanguage\":\"en-US\",\"@id\":\"https:\/\/president-ksgov.net\/en\/speech-of-the-president-atifete-jahjaga-at-the-charitable-concert-organized-under-the-patronage-of-the-madam-president-and-kfor-commander\/#primaryimage\",\"url\":\"https:\/\/president-ksgov.net\/wp-content\/uploads\/02_03_13_86516_IMG_4661.jpg\",\"contentUrl\":\"https:\/\/president-ksgov.net\/wp-content\/uploads\/02_03_13_86516_IMG_4661.jpg\",\"width\":1000,\"height\":591},{\"@type\":\"BreadcrumbList\",\"@id\":\"https:\/\/president-ksgov.net\/en\/speech-of-the-president-atifete-jahjaga-at-the-charitable-concert-organized-under-the-patronage-of-the-madam-president-and-kfor-commander\/#breadcrumb\",\"itemListElement\":[{\"@type\":\"ListItem\",\"position\":1,\"name\":\"Home\",\"item\":\"https:\/\/president-ksgov.net\/en\/\"},{\"@type\":\"ListItem\",\"position\":2,\"name\":\"Speech of the President Atifete Jahjaga at the charitable concert, organized under the patronage of the Madam President and KFOR Commander\"}]},{\"@type\":\"WebSite\",\"@id\":\"https:\/\/president-ksgov.net\/#website\",\"url\":\"https:\/\/president-ksgov.net\/\",\"name\":\"Presidente e Republik\u00ebs s\u00eb Kosov\u00ebs\",\"description\":\"Presidente e Republik\u00ebs s\u00eb Kosov\u00ebs\",\"alternateName\":\"DR. VJOSA OSMANI - SADRIU\",\"potentialAction\":[{\"@type\":\"SearchAction\",\"target\":{\"@type\":\"EntryPoint\",\"urlTemplate\":\"https:\/\/president-ksgov.net\/?s={search_term_string}\"},\"query-input\":{\"@type\":\"PropertyValueSpecification\",\"valueRequired\":true,\"valueName\":\"search_term_string\"}}],\"inLanguage\":\"en-US\"},{\"@type\":\"Person\",\"@id\":\"https:\/\/president-ksgov.net\/#\/schema\/person\/bb4337a5fb147cb2046d80548172cbee\",\"name\":\"admin\",\"image\":{\"@type\":\"ImageObject\",\"inLanguage\":\"en-US\",\"@id\":\"https:\/\/president-ksgov.net\/#\/schema\/person\/image\/\",\"url\":\"https:\/\/secure.gravatar.com\/avatar\/36156ca0fa3b8d9d25174f146e16beea0cf28f37adf1b9e19b6c9c279a7c9dd3?s=96&d=mm&r=g\",\"contentUrl\":\"https:\/\/secure.gravatar.com\/avatar\/36156ca0fa3b8d9d25174f146e16beea0cf28f37adf1b9e19b6c9c279a7c9dd3?s=96&d=mm&r=g\",\"caption\":\"admin\"},\"sameAs\":[\"https:\/\/president-ksgov.net\"]}]}<\/script>\n<!-- \/ Yoast SEO plugin. -->","yoast_head_json":{"title":"Speech of the President Atifete Jahjaga at the charitable concert, organized under the patronage of the Madam President and KFOR Commander - President of the Republic of Kosovo - DR. VJOSA OSMANI - SADRIU","description":"Speech of the President Atifete Jahjaga at the charitable concert, organized under the patronage of the Madam President and KFOR Commander - President of the Republic of Kosovo - DR. VJOSA OSMANI - SADRIU -","robots":{"index":"index","follow":"follow","max-snippet":"max-snippet:-1","max-image-preview":"max-image-preview:large","max-video-preview":"max-video-preview:-1"},"canonical":"https:\/\/president-ksgov.net\/en\/speech-of-the-president-atifete-jahjaga-at-the-charitable-concert-organized-under-the-patronage-of-the-madam-president-and-kfor-commander\/","og_locale":"en_US","og_type":"article","og_title":"Speech of the President Atifete Jahjaga at the charitable concert, organized under the patronage of the Madam President and KFOR Commander - President of the Republic of Kosovo - DR. VJOSA OSMANI - SADRIU","og_description":"Speech of the President Atifete Jahjaga at the charitable concert, organized under the patronage of the Madam President and KFOR Commander - President of the Republic of Kosovo - DR. VJOSA OSMANI - SADRIU -","og_url":"https:\/\/president-ksgov.net\/en\/speech-of-the-president-atifete-jahjaga-at-the-charitable-concert-organized-under-the-patronage-of-the-madam-president-and-kfor-commander\/","og_site_name":"President of the Republic of Kosovo - DR. VJOSA OSMANI - SADRIU","article_published_time":"2013-03-02T22:00:57+00:00","article_modified_time":"2023-03-07T10:46:35+00:00","og_image":[{"width":1000,"height":591,"url":"https:\/\/president-ksgov.net\/wp-content\/uploads\/02_03_13_86516_IMG_4661.jpg","type":"image\/jpeg"}],"author":"admin","twitter_card":"summary_large_image","twitter_misc":{"Written by":"admin","Est. reading time":"2 minutes"},"schema":{"@context":"https:\/\/schema.org","@graph":[{"@type":"WebPage","@id":"https:\/\/president-ksgov.net\/en\/speech-of-the-president-atifete-jahjaga-at-the-charitable-concert-organized-under-the-patronage-of-the-madam-president-and-kfor-commander\/","url":"https:\/\/president-ksgov.net\/en\/speech-of-the-president-atifete-jahjaga-at-the-charitable-concert-organized-under-the-patronage-of-the-madam-president-and-kfor-commander\/","name":"Speech of the President Atifete Jahjaga at the charitable concert, organized under the patronage of the Madam President and KFOR Commander - President of the Republic of Kosovo - DR. VJOSA OSMANI - SADRIU","isPartOf":{"@id":"https:\/\/president-ksgov.net\/#website"},"primaryImageOfPage":{"@id":"https:\/\/president-ksgov.net\/en\/speech-of-the-president-atifete-jahjaga-at-the-charitable-concert-organized-under-the-patronage-of-the-madam-president-and-kfor-commander\/#primaryimage"},"image":{"@id":"https:\/\/president-ksgov.net\/en\/speech-of-the-president-atifete-jahjaga-at-the-charitable-concert-organized-under-the-patronage-of-the-madam-president-and-kfor-commander\/#primaryimage"},"thumbnailUrl":"https:\/\/president-ksgov.net\/wp-content\/uploads\/02_03_13_86516_IMG_4661.jpg","datePublished":"2013-03-02T22:00:57+00:00","dateModified":"2023-03-07T10:46:35+00:00","author":{"@id":"https:\/\/president-ksgov.net\/#\/schema\/person\/bb4337a5fb147cb2046d80548172cbee"},"description":"Speech of the President Atifete Jahjaga at the charitable concert, organized under the patronage of the Madam President and KFOR Commander - President of the Republic of Kosovo - DR. VJOSA OSMANI - SADRIU -","breadcrumb":{"@id":"https:\/\/president-ksgov.net\/en\/speech-of-the-president-atifete-jahjaga-at-the-charitable-concert-organized-under-the-patronage-of-the-madam-president-and-kfor-commander\/#breadcrumb"},"inLanguage":"en-US","potentialAction":[{"@type":"ReadAction","target":["https:\/\/president-ksgov.net\/en\/speech-of-the-president-atifete-jahjaga-at-the-charitable-concert-organized-under-the-patronage-of-the-madam-president-and-kfor-commander\/"]}]},{"@type":"ImageObject","inLanguage":"en-US","@id":"https:\/\/president-ksgov.net\/en\/speech-of-the-president-atifete-jahjaga-at-the-charitable-concert-organized-under-the-patronage-of-the-madam-president-and-kfor-commander\/#primaryimage","url":"https:\/\/president-ksgov.net\/wp-content\/uploads\/02_03_13_86516_IMG_4661.jpg","contentUrl":"https:\/\/president-ksgov.net\/wp-content\/uploads\/02_03_13_86516_IMG_4661.jpg","width":1000,"height":591},{"@type":"BreadcrumbList","@id":"https:\/\/president-ksgov.net\/en\/speech-of-the-president-atifete-jahjaga-at-the-charitable-concert-organized-under-the-patronage-of-the-madam-president-and-kfor-commander\/#breadcrumb","itemListElement":[{"@type":"ListItem","position":1,"name":"Home","item":"https:\/\/president-ksgov.net\/en\/"},{"@type":"ListItem","position":2,"name":"Speech of the President Atifete Jahjaga at the charitable concert, organized under the patronage of the Madam President and KFOR Commander"}]},{"@type":"WebSite","@id":"https:\/\/president-ksgov.net\/#website","url":"https:\/\/president-ksgov.net\/","name":"Presidente e Republik\u00ebs s\u00eb Kosov\u00ebs","description":"Presidente e Republik\u00ebs s\u00eb Kosov\u00ebs","alternateName":"DR. VJOSA OSMANI - SADRIU","potentialAction":[{"@type":"SearchAction","target":{"@type":"EntryPoint","urlTemplate":"https:\/\/president-ksgov.net\/?s={search_term_string}"},"query-input":{"@type":"PropertyValueSpecification","valueRequired":true,"valueName":"search_term_string"}}],"inLanguage":"en-US"},{"@type":"Person","@id":"https:\/\/president-ksgov.net\/#\/schema\/person\/bb4337a5fb147cb2046d80548172cbee","name":"admin","image":{"@type":"ImageObject","inLanguage":"en-US","@id":"https:\/\/president-ksgov.net\/#\/schema\/person\/image\/","url":"https:\/\/secure.gravatar.com\/avatar\/36156ca0fa3b8d9d25174f146e16beea0cf28f37adf1b9e19b6c9c279a7c9dd3?s=96&d=mm&r=g","contentUrl":"https:\/\/secure.gravatar.com\/avatar\/36156ca0fa3b8d9d25174f146e16beea0cf28f37adf1b9e19b6c9c279a7c9dd3?s=96&d=mm&r=g","caption":"admin"},"sameAs":["https:\/\/president-ksgov.net"]}]}},"_links":{"self":[{"href":"https:\/\/president-ksgov.net\/en\/wp-json\/wp\/v2\/posts\/70947","targetHints":{"allow":["GET"]}}],"collection":[{"href":"https:\/\/president-ksgov.net\/en\/wp-json\/wp\/v2\/posts"}],"about":[{"href":"https:\/\/president-ksgov.net\/en\/wp-json\/wp\/v2\/types\/post"}],"author":[{"embeddable":true,"href":"https:\/\/president-ksgov.net\/en\/wp-json\/wp\/v2\/users\/1"}],"replies":[{"embeddable":true,"href":"https:\/\/president-ksgov.net\/en\/wp-json\/wp\/v2\/comments?post=70947"}],"version-history":[{"count":0,"href":"https:\/\/president-ksgov.net\/en\/wp-json\/wp\/v2\/posts\/70947\/revisions"}],"wp:featuredmedia":[{"embeddable":true,"href":"https:\/\/president-ksgov.net\/en\/wp-json\/wp\/v2\/media\/52022"}],"wp:attachment":[{"href":"https:\/\/president-ksgov.net\/en\/wp-json\/wp\/v2\/media?parent=70947"}],"wp:term":[{"taxonomy":"category","embeddable":true,"href":"https:\/\/president-ksgov.net\/en\/wp-json\/wp\/v2\/categories?post=70947"},{"taxonomy":"post_tag","embeddable":true,"href":"https:\/\/president-ksgov.net\/en\/wp-json\/wp\/v2\/tags?post=70947"}],"curies":[{"name":"wp","href":"https:\/\/api.w.org\/{rel}","templated":true}]}}