{"id":70879,"date":"2013-04-27T15:30:56","date_gmt":"2013-04-27T15:30:56","guid":{"rendered":"https:\/\/dev.president-ksgov.net\/president-jahjagas-speech-on-the-occasion-of-marking-of-the-april-27th-kosovo-missing-persons-day\/"},"modified":"2023-03-07T10:44:34","modified_gmt":"2023-03-07T10:44:34","slug":"president-jahjagas-speech-on-the-occasion-of-marking-of-the-april-27th-kosovo-missing-persons-day","status":"publish","type":"post","link":"https:\/\/president-ksgov.net\/en\/president-jahjagas-speech-on-the-occasion-of-marking-of-the-april-27th-kosovo-missing-persons-day\/","title":{"rendered":"President Jahjaga&#146;s speech on the occasion of marking of the April 27th, Kosovo Missing Person&#146;s Day"},"content":{"rendered":"<p>President of the Republic of Kosovo, Mrs. Atifete Jahjaga, took part today at the central manifestation marking April 27th, Kosovo Missing Person&#8217;s Day, held in Mej\u00eb, municipality of Gjakova.<\/p>\n<p>In her speech held during the manifestation, President Jahjaga said:<\/p>\n<p>Honourable representatives of the institutions of the Republic of Kosovo,<br \/>\nHonourable Mayor of Gjakova,<br \/>\nHonourable veterans of the Kosovo Liberation Army,<br \/>\nHonourable martyr family members,<br \/>\nHonourable family members of the missing persons, who have for the past 14 years lived in agony expecting news about your beloved ones,<br \/>\nHonourable citizens;<\/p>\n<p>In these anniversaries of great pain, we gather together to remember our dearly beloved: our children, our brothers and sisters, mothers and fathers, our dearest and closest people, who sacrificed for fatherland, who were killed and massacred, and dead and alive were taken away in order to erase the traces of heinous crimes committed in our lands by the occupator, by the police, the paramilitary forces, military forces assisted by the various gangs, with the sole purpose being the cleansing of the territory, committing of ethnic cleansing and change the national structure of the population. Their only motive for committing these crimes was the fact that these martyrs were Albanians.<\/p>\n<p>Honourable fellow citizens,<\/p>\n<p>Republic of Kosovo today, is a sovereign and independent state, on a clear path towards integration into European Union and eternal friendship with the United States of America. Today we are free to jointly with our international friends build a safer present and a safer future, better for all of us and for the coming generations. An occupator&#8217;s boot shall never again set foot on our lands!<\/p>\n<p>Republic of Kosovo is a civic state. A country of free and equal people, irrespective of their national or religious background.<\/p>\n<p>We are building our state and relations between people based on love and understanding and not on hatred.<\/p>\n<p>We are building a state of rule of law and order, which means that all criminals will be facing justice and will be receiving the deserved punishment for their heinous acts.<\/p>\n<p>Honourable citizens,<\/p>\n<p>Meja massacre is one of the heaviest blows that the enemy that enemy tried on our nation. A large number of people fell as victims, not sparing even the children or the elderly.<\/p>\n<p>Occupator undertook this act with aim to incite the movement of population and to commit ethnic cleansing, to hit hard at our hearts by murdering our beloved ones, aiming to kill our desire for freedom, for independence and democracy. <\/p>\n<p>As the President of the country, I tell you that, as institutions, and with the help of the international missions, we will never stop until we bring all these perpetrating criminals to face the justice. There is and there will not be an amnesty for them. There is no place where they can hide.<\/p>\n<p>Honourable fellow citizens,<\/p>\n<p>Bowing and honouring at this eternal place of rest of the martyrs of our Albanian nation, of all faiths and creeds, who placed their lives at the altar of freedom, is in honour of their lives, their dreams and their ideals, which he have brought to life by now, and is also a reminder to all of us that freedom and independence was gained with lots of sacrifice and effort.<\/p>\n<p>Eternal honour and memory for our most beloved ones, who we miss so much today. <\/p>\n<p>Eternal glory to them.<\/p>\n","protected":false},"excerpt":{"rendered":"<p>President of the Republic of Kosovo, Mrs. Atifete Jahjaga, took part today at the central manifestation marking April 27th, Kosovo Missing Person&#8217;s Day, held in Mej\u00eb, municipality of Gjakova.<\/p>\n","protected":false},"author":1,"featured_media":51323,"comment_status":"open","ping_status":"closed","sticky":false,"template":"","format":"standard","meta":{"_eb_attr":"","footnotes":""},"categories":[105],"tags":[],"class_list":["post-70879","post","type-post","status-publish","format-standard","has-post-thumbnail","hentry","category-speeches"],"yoast_head":"<!-- This site is optimized with the Yoast SEO plugin v23.5 - https:\/\/yoast.com\/wordpress\/plugins\/seo\/ -->\n<title>President Jahjaga&#146;s speech on the occasion of marking of the April 27th, Kosovo Missing Person&#146;s Day - President of the Republic of Kosovo - DR. VJOSA OSMANI - SADRIU<\/title>\n<meta name=\"description\" content=\"President Jahjaga&#146;s speech on the occasion of marking of the April 27th, Kosovo Missing Person&#146;s Day - President of the Republic of Kosovo - DR. VJOSA OSMANI - SADRIU -\" \/>\n<meta name=\"robots\" content=\"index, follow, max-snippet:-1, max-image-preview:large, max-video-preview:-1\" \/>\n<link rel=\"canonical\" href=\"https:\/\/president-ksgov.net\/fjalimi-i-presidentes-jahjaga-ne-shenimin-e-27-prillit-dites-se-te-pagjeturve-te-kosoves\/\" \/>\n<meta property=\"og:locale\" content=\"en_US\" \/>\n<meta property=\"og:type\" content=\"article\" \/>\n<meta property=\"og:title\" content=\"President Jahjaga&#146;s speech on the occasion of marking of the April 27th, Kosovo Missing Person&#146;s Day - President of the Republic of Kosovo - DR. VJOSA OSMANI - SADRIU\" \/>\n<meta property=\"og:description\" content=\"President Jahjaga&#146;s speech on the occasion of marking of the April 27th, Kosovo Missing Person&#146;s Day - President of the Republic of Kosovo - DR. VJOSA OSMANI - SADRIU -\" \/>\n<meta property=\"og:url\" content=\"https:\/\/president-ksgov.net\/fjalimi-i-presidentes-jahjaga-ne-shenimin-e-27-prillit-dites-se-te-pagjeturve-te-kosoves\/\" \/>\n<meta property=\"og:site_name\" content=\"President of the Republic of Kosovo - DR. VJOSA OSMANI - SADRIU\" \/>\n<meta property=\"article:published_time\" content=\"2013-04-27T15:30:56+00:00\" \/>\n<meta property=\"article:modified_time\" content=\"2023-03-07T10:44:34+00:00\" \/>\n<meta property=\"og:image\" content=\"https:\/\/president-ksgov.net\/wp-content\/uploads\/27_04_13_127929_27_04_2013_Meje_0.jpg\" \/>\n\t<meta property=\"og:image:width\" content=\"1000\" \/>\n\t<meta property=\"og:image:height\" content=\"1071\" \/>\n\t<meta property=\"og:image:type\" content=\"image\/jpeg\" \/>\n<meta name=\"author\" content=\"admin\" \/>\n<meta name=\"twitter:card\" content=\"summary_large_image\" \/>\n<meta name=\"twitter:label1\" content=\"Written by\" \/>\n\t<meta name=\"twitter:data1\" content=\"admin\" \/>\n\t<meta name=\"twitter:label2\" content=\"Est. reading time\" \/>\n\t<meta name=\"twitter:data2\" content=\"3 minutes\" \/>\n<script type=\"application\/ld+json\" class=\"yoast-schema-graph\">{\"@context\":\"https:\/\/schema.org\",\"@graph\":[{\"@type\":\"WebPage\",\"@id\":\"https:\/\/president-ksgov.net\/fjalimi-i-presidentes-jahjaga-ne-shenimin-e-27-prillit-dites-se-te-pagjeturve-te-kosoves\/\",\"url\":\"https:\/\/president-ksgov.net\/fjalimi-i-presidentes-jahjaga-ne-shenimin-e-27-prillit-dites-se-te-pagjeturve-te-kosoves\/\",\"name\":\"President Jahjaga&#146;s speech on the occasion of marking of the April 27th, Kosovo Missing Person&#146;s Day - President of the Republic of Kosovo - DR. VJOSA OSMANI - SADRIU\",\"isPartOf\":{\"@id\":\"https:\/\/president-ksgov.net\/#website\"},\"primaryImageOfPage\":{\"@id\":\"https:\/\/president-ksgov.net\/fjalimi-i-presidentes-jahjaga-ne-shenimin-e-27-prillit-dites-se-te-pagjeturve-te-kosoves\/#primaryimage\"},\"image\":{\"@id\":\"https:\/\/president-ksgov.net\/fjalimi-i-presidentes-jahjaga-ne-shenimin-e-27-prillit-dites-se-te-pagjeturve-te-kosoves\/#primaryimage\"},\"thumbnailUrl\":\"https:\/\/president-ksgov.net\/wp-content\/uploads\/27_04_13_127929_27_04_2013_Meje_0.jpg\",\"datePublished\":\"2013-04-27T15:30:56+00:00\",\"dateModified\":\"2023-03-07T10:44:34+00:00\",\"author\":{\"@id\":\"https:\/\/president-ksgov.net\/#\/schema\/person\/bb4337a5fb147cb2046d80548172cbee\"},\"description\":\"President Jahjaga&#146;s speech on the occasion of marking of the April 27th, Kosovo Missing Person&#146;s Day - President of the Republic of Kosovo - DR. VJOSA OSMANI - SADRIU -\",\"breadcrumb\":{\"@id\":\"https:\/\/president-ksgov.net\/fjalimi-i-presidentes-jahjaga-ne-shenimin-e-27-prillit-dites-se-te-pagjeturve-te-kosoves\/#breadcrumb\"},\"inLanguage\":\"en-US\",\"potentialAction\":[{\"@type\":\"ReadAction\",\"target\":[\"https:\/\/president-ksgov.net\/fjalimi-i-presidentes-jahjaga-ne-shenimin-e-27-prillit-dites-se-te-pagjeturve-te-kosoves\/\"]}]},{\"@type\":\"ImageObject\",\"inLanguage\":\"en-US\",\"@id\":\"https:\/\/president-ksgov.net\/fjalimi-i-presidentes-jahjaga-ne-shenimin-e-27-prillit-dites-se-te-pagjeturve-te-kosoves\/#primaryimage\",\"url\":\"https:\/\/president-ksgov.net\/wp-content\/uploads\/27_04_13_127929_27_04_2013_Meje_0.jpg\",\"contentUrl\":\"https:\/\/president-ksgov.net\/wp-content\/uploads\/27_04_13_127929_27_04_2013_Meje_0.jpg\",\"width\":1000,\"height\":1071},{\"@type\":\"BreadcrumbList\",\"@id\":\"https:\/\/president-ksgov.net\/fjalimi-i-presidentes-jahjaga-ne-shenimin-e-27-prillit-dites-se-te-pagjeturve-te-kosoves\/#breadcrumb\",\"itemListElement\":[{\"@type\":\"ListItem\",\"position\":1,\"name\":\"Home\",\"item\":\"https:\/\/president-ksgov.net\/en\/\"},{\"@type\":\"ListItem\",\"position\":2,\"name\":\"President Jahjaga&#146;s speech on the occasion of marking of the April 27th, Kosovo Missing Person&#146;s Day\"}]},{\"@type\":\"WebSite\",\"@id\":\"https:\/\/president-ksgov.net\/#website\",\"url\":\"https:\/\/president-ksgov.net\/\",\"name\":\"Presidente e Republik\u00ebs s\u00eb Kosov\u00ebs\",\"description\":\"Presidente e Republik\u00ebs s\u00eb Kosov\u00ebs\",\"alternateName\":\"DR. VJOSA OSMANI - SADRIU\",\"potentialAction\":[{\"@type\":\"SearchAction\",\"target\":{\"@type\":\"EntryPoint\",\"urlTemplate\":\"https:\/\/president-ksgov.net\/?s={search_term_string}\"},\"query-input\":{\"@type\":\"PropertyValueSpecification\",\"valueRequired\":true,\"valueName\":\"search_term_string\"}}],\"inLanguage\":\"en-US\"},{\"@type\":\"Person\",\"@id\":\"https:\/\/president-ksgov.net\/#\/schema\/person\/bb4337a5fb147cb2046d80548172cbee\",\"name\":\"admin\",\"image\":{\"@type\":\"ImageObject\",\"inLanguage\":\"en-US\",\"@id\":\"https:\/\/president-ksgov.net\/#\/schema\/person\/image\/\",\"url\":\"https:\/\/secure.gravatar.com\/avatar\/36156ca0fa3b8d9d25174f146e16beea0cf28f37adf1b9e19b6c9c279a7c9dd3?s=96&d=mm&r=g\",\"contentUrl\":\"https:\/\/secure.gravatar.com\/avatar\/36156ca0fa3b8d9d25174f146e16beea0cf28f37adf1b9e19b6c9c279a7c9dd3?s=96&d=mm&r=g\",\"caption\":\"admin\"},\"sameAs\":[\"https:\/\/president-ksgov.net\"]}]}<\/script>\n<!-- \/ Yoast SEO plugin. -->","yoast_head_json":{"title":"President Jahjaga&#146;s speech on the occasion of marking of the April 27th, Kosovo Missing Person&#146;s Day - President of the Republic of Kosovo - DR. VJOSA OSMANI - SADRIU","description":"President Jahjaga&#146;s speech on the occasion of marking of the April 27th, Kosovo Missing Person&#146;s Day - President of the Republic of Kosovo - DR. VJOSA OSMANI - SADRIU -","robots":{"index":"index","follow":"follow","max-snippet":"max-snippet:-1","max-image-preview":"max-image-preview:large","max-video-preview":"max-video-preview:-1"},"canonical":"https:\/\/president-ksgov.net\/fjalimi-i-presidentes-jahjaga-ne-shenimin-e-27-prillit-dites-se-te-pagjeturve-te-kosoves\/","og_locale":"en_US","og_type":"article","og_title":"President Jahjaga&#146;s speech on the occasion of marking of the April 27th, Kosovo Missing Person&#146;s Day - President of the Republic of Kosovo - DR. VJOSA OSMANI - SADRIU","og_description":"President Jahjaga&#146;s speech on the occasion of marking of the April 27th, Kosovo Missing Person&#146;s Day - President of the Republic of Kosovo - DR. VJOSA OSMANI - SADRIU -","og_url":"https:\/\/president-ksgov.net\/fjalimi-i-presidentes-jahjaga-ne-shenimin-e-27-prillit-dites-se-te-pagjeturve-te-kosoves\/","og_site_name":"President of the Republic of Kosovo - DR. VJOSA OSMANI - SADRIU","article_published_time":"2013-04-27T15:30:56+00:00","article_modified_time":"2023-03-07T10:44:34+00:00","og_image":[{"width":1000,"height":1071,"url":"https:\/\/president-ksgov.net\/wp-content\/uploads\/27_04_13_127929_27_04_2013_Meje_0.jpg","type":"image\/jpeg"}],"author":"admin","twitter_card":"summary_large_image","twitter_misc":{"Written by":"admin","Est. reading time":"3 minutes"},"schema":{"@context":"https:\/\/schema.org","@graph":[{"@type":"WebPage","@id":"https:\/\/president-ksgov.net\/fjalimi-i-presidentes-jahjaga-ne-shenimin-e-27-prillit-dites-se-te-pagjeturve-te-kosoves\/","url":"https:\/\/president-ksgov.net\/fjalimi-i-presidentes-jahjaga-ne-shenimin-e-27-prillit-dites-se-te-pagjeturve-te-kosoves\/","name":"President Jahjaga&#146;s speech on the occasion of marking of the April 27th, Kosovo Missing Person&#146;s Day - President of the Republic of Kosovo - DR. VJOSA OSMANI - SADRIU","isPartOf":{"@id":"https:\/\/president-ksgov.net\/#website"},"primaryImageOfPage":{"@id":"https:\/\/president-ksgov.net\/fjalimi-i-presidentes-jahjaga-ne-shenimin-e-27-prillit-dites-se-te-pagjeturve-te-kosoves\/#primaryimage"},"image":{"@id":"https:\/\/president-ksgov.net\/fjalimi-i-presidentes-jahjaga-ne-shenimin-e-27-prillit-dites-se-te-pagjeturve-te-kosoves\/#primaryimage"},"thumbnailUrl":"https:\/\/president-ksgov.net\/wp-content\/uploads\/27_04_13_127929_27_04_2013_Meje_0.jpg","datePublished":"2013-04-27T15:30:56+00:00","dateModified":"2023-03-07T10:44:34+00:00","author":{"@id":"https:\/\/president-ksgov.net\/#\/schema\/person\/bb4337a5fb147cb2046d80548172cbee"},"description":"President Jahjaga&#146;s speech on the occasion of marking of the April 27th, Kosovo Missing Person&#146;s Day - President of the Republic of Kosovo - DR. VJOSA OSMANI - SADRIU -","breadcrumb":{"@id":"https:\/\/president-ksgov.net\/fjalimi-i-presidentes-jahjaga-ne-shenimin-e-27-prillit-dites-se-te-pagjeturve-te-kosoves\/#breadcrumb"},"inLanguage":"en-US","potentialAction":[{"@type":"ReadAction","target":["https:\/\/president-ksgov.net\/fjalimi-i-presidentes-jahjaga-ne-shenimin-e-27-prillit-dites-se-te-pagjeturve-te-kosoves\/"]}]},{"@type":"ImageObject","inLanguage":"en-US","@id":"https:\/\/president-ksgov.net\/fjalimi-i-presidentes-jahjaga-ne-shenimin-e-27-prillit-dites-se-te-pagjeturve-te-kosoves\/#primaryimage","url":"https:\/\/president-ksgov.net\/wp-content\/uploads\/27_04_13_127929_27_04_2013_Meje_0.jpg","contentUrl":"https:\/\/president-ksgov.net\/wp-content\/uploads\/27_04_13_127929_27_04_2013_Meje_0.jpg","width":1000,"height":1071},{"@type":"BreadcrumbList","@id":"https:\/\/president-ksgov.net\/fjalimi-i-presidentes-jahjaga-ne-shenimin-e-27-prillit-dites-se-te-pagjeturve-te-kosoves\/#breadcrumb","itemListElement":[{"@type":"ListItem","position":1,"name":"Home","item":"https:\/\/president-ksgov.net\/en\/"},{"@type":"ListItem","position":2,"name":"President Jahjaga&#146;s speech on the occasion of marking of the April 27th, Kosovo Missing Person&#146;s Day"}]},{"@type":"WebSite","@id":"https:\/\/president-ksgov.net\/#website","url":"https:\/\/president-ksgov.net\/","name":"Presidente e Republik\u00ebs s\u00eb Kosov\u00ebs","description":"Presidente e Republik\u00ebs s\u00eb Kosov\u00ebs","alternateName":"DR. VJOSA OSMANI - SADRIU","potentialAction":[{"@type":"SearchAction","target":{"@type":"EntryPoint","urlTemplate":"https:\/\/president-ksgov.net\/?s={search_term_string}"},"query-input":{"@type":"PropertyValueSpecification","valueRequired":true,"valueName":"search_term_string"}}],"inLanguage":"en-US"},{"@type":"Person","@id":"https:\/\/president-ksgov.net\/#\/schema\/person\/bb4337a5fb147cb2046d80548172cbee","name":"admin","image":{"@type":"ImageObject","inLanguage":"en-US","@id":"https:\/\/president-ksgov.net\/#\/schema\/person\/image\/","url":"https:\/\/secure.gravatar.com\/avatar\/36156ca0fa3b8d9d25174f146e16beea0cf28f37adf1b9e19b6c9c279a7c9dd3?s=96&d=mm&r=g","contentUrl":"https:\/\/secure.gravatar.com\/avatar\/36156ca0fa3b8d9d25174f146e16beea0cf28f37adf1b9e19b6c9c279a7c9dd3?s=96&d=mm&r=g","caption":"admin"},"sameAs":["https:\/\/president-ksgov.net"]}]}},"_links":{"self":[{"href":"https:\/\/president-ksgov.net\/en\/wp-json\/wp\/v2\/posts\/70879","targetHints":{"allow":["GET"]}}],"collection":[{"href":"https:\/\/president-ksgov.net\/en\/wp-json\/wp\/v2\/posts"}],"about":[{"href":"https:\/\/president-ksgov.net\/en\/wp-json\/wp\/v2\/types\/post"}],"author":[{"embeddable":true,"href":"https:\/\/president-ksgov.net\/en\/wp-json\/wp\/v2\/users\/1"}],"replies":[{"embeddable":true,"href":"https:\/\/president-ksgov.net\/en\/wp-json\/wp\/v2\/comments?post=70879"}],"version-history":[{"count":0,"href":"https:\/\/president-ksgov.net\/en\/wp-json\/wp\/v2\/posts\/70879\/revisions"}],"wp:featuredmedia":[{"embeddable":true,"href":"https:\/\/president-ksgov.net\/en\/wp-json\/wp\/v2\/media\/51323"}],"wp:attachment":[{"href":"https:\/\/president-ksgov.net\/en\/wp-json\/wp\/v2\/media?parent=70879"}],"wp:term":[{"taxonomy":"category","embeddable":true,"href":"https:\/\/president-ksgov.net\/en\/wp-json\/wp\/v2\/categories?post=70879"},{"taxonomy":"post_tag","embeddable":true,"href":"https:\/\/president-ksgov.net\/en\/wp-json\/wp\/v2\/tags?post=70879"}],"curies":[{"name":"wp","href":"https:\/\/api.w.org\/{rel}","templated":true}]}}