{"id":70805,"date":"2013-06-15T14:11:46","date_gmt":"2013-06-15T14:11:46","guid":{"rendered":"https:\/\/dev.president-ksgov.net\/remarks-of-the-president-of-the-republic-of-kosovo-madam-atifete-jahjaga-delivered-at-the-opening-ceremony-of-the-mini-olympics-2013-for-children-with-disabilities\/"},"modified":"2023-03-07T10:42:15","modified_gmt":"2023-03-07T10:42:15","slug":"remarks-of-the-president-of-the-republic-of-kosovo-madam-atifete-jahjaga-delivered-at-the-opening-ceremony-of-the-mini-olympics-2013-for-children-with-disabilities","status":"publish","type":"post","link":"https:\/\/president-ksgov.net\/en\/remarks-of-the-president-of-the-republic-of-kosovo-madam-atifete-jahjaga-delivered-at-the-opening-ceremony-of-the-mini-olympics-2013-for-children-with-disabilities\/","title":{"rendered":"Remarks of the President of the Republic of Kosovo, Madam Atifete Jahjaga, delivered at the opening ceremony of the Mini-Olympics 2013, for children with disabilities"},"content":{"rendered":"<p>It is a great pleasure to be among you today and to open together this year&#8217;s Mini Olympics. This event, which is signing its ninth year, marks the importance of inclusiveness and of offering equal opportunities to each member of our society.<\/p>\n<p>I would like to thank OSCE for the continuous support it has provided to the organization of Mini Olympics for years, as well as the Kosovo Academy for Public Safety, who, through its contribution, is building a safer and a more inclusive society. I also want to thank the Kosovo Paralympics Committee, who undertook the initiative for organizing this event.<br \/>\n\u00a0<br \/>\nEspecially, I would like to thank and greet the families and friends of the youngsters who are participating at this Olympics, their mothers and fathers, who take care of their children and who have raised them to consider themselves as equal to others, challenging all the prejudice and taboos with which they are faced every single day.<br \/>\n\u00a0<br \/>\nIt is this tireless hard work of theirs that motivates these youngsters, despite all the difficulties and barriers, to never stop dreaming and to continue to reach for their dreams, towards a better and a safer future for themselves.<br \/>\n\u00a0<br \/>\nToday, each young participant at this Olympics, through sports, is sending the message of human courage and of dedication, which they are carrying with pride, on their still tender shoulders.<br \/>\n\u00a0<br \/>\nToday, they are sending the message that strong will, can break all the barriers and can help overcome all the difficulties. When there is dedication one can reach his or her own dreams and enjoy each opportunity which life presents.<br \/>\n\u00a0<br \/>\nToday, they are teaching us a lot!<br \/>\n\u00a0<br \/>\nIt is on the same bases on which we are aiming to build our state, a democratic country and an inclusive society where each citizen is guaranteed and ensured equal rights and opportunities to become an active member of the society, to be offered choices and opportunities to utilize ones own potential.<br \/>\n\u00a0<br \/>\nWe are dedicated and we are working very hard towards creating an inclusive society, not an excluding one, which offers equal opportunities and is responsive to the requirements and needs of all its citizens, regardless of their differences.<br \/>\n\u00a0<br \/>\nWe are dedicated towards building a state in service of its citizens, where each one of you does not hesitate to dream and pursue to make your dreams a reality.<br \/>\n\u00a0<br \/>\nIn your eyes, today I see a brave and a fighting spirit and an eagerness to start the Olympics as soon as possible. Therefore, without any undue prolongation, I would like to tell you today that each one of you is a winner. Good luck and lots of success.<\/p>\n","protected":false},"excerpt":{"rendered":"<p>It is a great pleasure to be among you today and to open together this year&#8217;s Mini Olympics. This event, which is signing its ninth year, marks the importance of inclusiveness and of offering equal opportunities to each member of our society.<\/p>\n","protected":false},"author":1,"featured_media":50701,"comment_status":"open","ping_status":"closed","sticky":false,"template":"","format":"standard","meta":{"_eb_attr":"","footnotes":""},"categories":[105],"tags":[],"class_list":["post-70805","post","type-post","status-publish","format-standard","has-post-thumbnail","hentry","category-speeches"],"yoast_head":"<!-- This site is optimized with the Yoast SEO plugin v23.5 - https:\/\/yoast.com\/wordpress\/plugins\/seo\/ -->\n<title>Remarks of the President of the Republic of Kosovo, Madam Atifete Jahjaga, delivered at the opening ceremony of the Mini-Olympics 2013, for children with disabilities - President of the Republic of Kosovo - DR. VJOSA OSMANI - SADRIU<\/title>\n<meta name=\"description\" content=\"Remarks of the President of the Republic of Kosovo, Madam Atifete Jahjaga, delivered at the opening ceremony of the Mini-Olympics 2013, for children with disabilities - President of the Republic of Kosovo - DR. VJOSA OSMANI - SADRIU -\" \/>\n<meta name=\"robots\" content=\"index, follow, max-snippet:-1, max-image-preview:large, max-video-preview:-1\" \/>\n<link rel=\"canonical\" href=\"https:\/\/president-ksgov.net\/fjala-e-presidentes-atifete-jahjaga-ne-ceremonine-e-hapjes-se-mini-olimpiades-2013-per-te-rinjte-me-aftesi-te-kufizuara\/\" \/>\n<meta property=\"og:locale\" content=\"en_US\" \/>\n<meta property=\"og:type\" content=\"article\" \/>\n<meta property=\"og:title\" content=\"Remarks of the President of the Republic of Kosovo, Madam Atifete Jahjaga, delivered at the opening ceremony of the Mini-Olympics 2013, for children with disabilities - President of the Republic of Kosovo - DR. VJOSA OSMANI - SADRIU\" \/>\n<meta property=\"og:description\" content=\"Remarks of the President of the Republic of Kosovo, Madam Atifete Jahjaga, delivered at the opening ceremony of the Mini-Olympics 2013, for children with disabilities - President of the Republic of Kosovo - DR. VJOSA OSMANI - SADRIU -\" \/>\n<meta property=\"og:url\" content=\"https:\/\/president-ksgov.net\/fjala-e-presidentes-atifete-jahjaga-ne-ceremonine-e-hapjes-se-mini-olimpiades-2013-per-te-rinjte-me-aftesi-te-kufizuara\/\" \/>\n<meta property=\"og:site_name\" content=\"President of the Republic of Kosovo - DR. VJOSA OSMANI - SADRIU\" \/>\n<meta property=\"article:published_time\" content=\"2013-06-15T14:11:46+00:00\" \/>\n<meta property=\"article:modified_time\" content=\"2023-03-07T10:42:15+00:00\" \/>\n<meta property=\"og:image\" content=\"https:\/\/president-ksgov.net\/wp-content\/uploads\/15_06_13_116908_15_06_2013_Miniolimpiada_0.jpg\" \/>\n\t<meta property=\"og:image:width\" content=\"1000\" \/>\n\t<meta property=\"og:image:height\" content=\"1585\" \/>\n\t<meta property=\"og:image:type\" content=\"image\/jpeg\" \/>\n<meta name=\"author\" content=\"admin\" \/>\n<meta name=\"twitter:card\" content=\"summary_large_image\" \/>\n<meta name=\"twitter:label1\" content=\"Written by\" \/>\n\t<meta name=\"twitter:data1\" content=\"admin\" \/>\n\t<meta name=\"twitter:label2\" content=\"Est. reading time\" \/>\n\t<meta name=\"twitter:data2\" content=\"2 minutes\" \/>\n<script type=\"application\/ld+json\" class=\"yoast-schema-graph\">{\"@context\":\"https:\/\/schema.org\",\"@graph\":[{\"@type\":\"WebPage\",\"@id\":\"https:\/\/president-ksgov.net\/fjala-e-presidentes-atifete-jahjaga-ne-ceremonine-e-hapjes-se-mini-olimpiades-2013-per-te-rinjte-me-aftesi-te-kufizuara\/\",\"url\":\"https:\/\/president-ksgov.net\/fjala-e-presidentes-atifete-jahjaga-ne-ceremonine-e-hapjes-se-mini-olimpiades-2013-per-te-rinjte-me-aftesi-te-kufizuara\/\",\"name\":\"Remarks of the President of the Republic of Kosovo, Madam Atifete Jahjaga, delivered at the opening ceremony of the Mini-Olympics 2013, for children with disabilities - President of the Republic of Kosovo - DR. VJOSA OSMANI - SADRIU\",\"isPartOf\":{\"@id\":\"https:\/\/president-ksgov.net\/#website\"},\"primaryImageOfPage\":{\"@id\":\"https:\/\/president-ksgov.net\/fjala-e-presidentes-atifete-jahjaga-ne-ceremonine-e-hapjes-se-mini-olimpiades-2013-per-te-rinjte-me-aftesi-te-kufizuara\/#primaryimage\"},\"image\":{\"@id\":\"https:\/\/president-ksgov.net\/fjala-e-presidentes-atifete-jahjaga-ne-ceremonine-e-hapjes-se-mini-olimpiades-2013-per-te-rinjte-me-aftesi-te-kufizuara\/#primaryimage\"},\"thumbnailUrl\":\"https:\/\/president-ksgov.net\/wp-content\/uploads\/15_06_13_116908_15_06_2013_Miniolimpiada_0.jpg\",\"datePublished\":\"2013-06-15T14:11:46+00:00\",\"dateModified\":\"2023-03-07T10:42:15+00:00\",\"author\":{\"@id\":\"https:\/\/president-ksgov.net\/#\/schema\/person\/bb4337a5fb147cb2046d80548172cbee\"},\"description\":\"Remarks of the President of the Republic of Kosovo, Madam Atifete Jahjaga, delivered at the opening ceremony of the Mini-Olympics 2013, for children with disabilities - President of the Republic of Kosovo - DR. VJOSA OSMANI - SADRIU -\",\"breadcrumb\":{\"@id\":\"https:\/\/president-ksgov.net\/fjala-e-presidentes-atifete-jahjaga-ne-ceremonine-e-hapjes-se-mini-olimpiades-2013-per-te-rinjte-me-aftesi-te-kufizuara\/#breadcrumb\"},\"inLanguage\":\"en-US\",\"potentialAction\":[{\"@type\":\"ReadAction\",\"target\":[\"https:\/\/president-ksgov.net\/fjala-e-presidentes-atifete-jahjaga-ne-ceremonine-e-hapjes-se-mini-olimpiades-2013-per-te-rinjte-me-aftesi-te-kufizuara\/\"]}]},{\"@type\":\"ImageObject\",\"inLanguage\":\"en-US\",\"@id\":\"https:\/\/president-ksgov.net\/fjala-e-presidentes-atifete-jahjaga-ne-ceremonine-e-hapjes-se-mini-olimpiades-2013-per-te-rinjte-me-aftesi-te-kufizuara\/#primaryimage\",\"url\":\"https:\/\/president-ksgov.net\/wp-content\/uploads\/15_06_13_116908_15_06_2013_Miniolimpiada_0.jpg\",\"contentUrl\":\"https:\/\/president-ksgov.net\/wp-content\/uploads\/15_06_13_116908_15_06_2013_Miniolimpiada_0.jpg\",\"width\":1000,\"height\":1585},{\"@type\":\"BreadcrumbList\",\"@id\":\"https:\/\/president-ksgov.net\/fjala-e-presidentes-atifete-jahjaga-ne-ceremonine-e-hapjes-se-mini-olimpiades-2013-per-te-rinjte-me-aftesi-te-kufizuara\/#breadcrumb\",\"itemListElement\":[{\"@type\":\"ListItem\",\"position\":1,\"name\":\"Home\",\"item\":\"https:\/\/president-ksgov.net\/en\/\"},{\"@type\":\"ListItem\",\"position\":2,\"name\":\"Remarks of the President of the Republic of Kosovo, Madam Atifete Jahjaga, delivered at the opening ceremony of the Mini-Olympics 2013, for children with disabilities\"}]},{\"@type\":\"WebSite\",\"@id\":\"https:\/\/president-ksgov.net\/#website\",\"url\":\"https:\/\/president-ksgov.net\/\",\"name\":\"Presidente e Republik\u00ebs s\u00eb Kosov\u00ebs\",\"description\":\"Presidente e Republik\u00ebs s\u00eb Kosov\u00ebs\",\"alternateName\":\"DR. VJOSA OSMANI - SADRIU\",\"potentialAction\":[{\"@type\":\"SearchAction\",\"target\":{\"@type\":\"EntryPoint\",\"urlTemplate\":\"https:\/\/president-ksgov.net\/?s={search_term_string}\"},\"query-input\":{\"@type\":\"PropertyValueSpecification\",\"valueRequired\":true,\"valueName\":\"search_term_string\"}}],\"inLanguage\":\"en-US\"},{\"@type\":\"Person\",\"@id\":\"https:\/\/president-ksgov.net\/#\/schema\/person\/bb4337a5fb147cb2046d80548172cbee\",\"name\":\"admin\",\"image\":{\"@type\":\"ImageObject\",\"inLanguage\":\"en-US\",\"@id\":\"https:\/\/president-ksgov.net\/#\/schema\/person\/image\/\",\"url\":\"https:\/\/secure.gravatar.com\/avatar\/36156ca0fa3b8d9d25174f146e16beea0cf28f37adf1b9e19b6c9c279a7c9dd3?s=96&d=mm&r=g\",\"contentUrl\":\"https:\/\/secure.gravatar.com\/avatar\/36156ca0fa3b8d9d25174f146e16beea0cf28f37adf1b9e19b6c9c279a7c9dd3?s=96&d=mm&r=g\",\"caption\":\"admin\"},\"sameAs\":[\"https:\/\/president-ksgov.net\"]}]}<\/script>\n<!-- \/ Yoast SEO plugin. -->","yoast_head_json":{"title":"Remarks of the President of the Republic of Kosovo, Madam Atifete Jahjaga, delivered at the opening ceremony of the Mini-Olympics 2013, for children with disabilities - President of the Republic of Kosovo - DR. VJOSA OSMANI - SADRIU","description":"Remarks of the President of the Republic of Kosovo, Madam Atifete Jahjaga, delivered at the opening ceremony of the Mini-Olympics 2013, for children with disabilities - President of the Republic of Kosovo - DR. VJOSA OSMANI - SADRIU -","robots":{"index":"index","follow":"follow","max-snippet":"max-snippet:-1","max-image-preview":"max-image-preview:large","max-video-preview":"max-video-preview:-1"},"canonical":"https:\/\/president-ksgov.net\/fjala-e-presidentes-atifete-jahjaga-ne-ceremonine-e-hapjes-se-mini-olimpiades-2013-per-te-rinjte-me-aftesi-te-kufizuara\/","og_locale":"en_US","og_type":"article","og_title":"Remarks of the President of the Republic of Kosovo, Madam Atifete Jahjaga, delivered at the opening ceremony of the Mini-Olympics 2013, for children with disabilities - President of the Republic of Kosovo - DR. VJOSA OSMANI - SADRIU","og_description":"Remarks of the President of the Republic of Kosovo, Madam Atifete Jahjaga, delivered at the opening ceremony of the Mini-Olympics 2013, for children with disabilities - President of the Republic of Kosovo - DR. VJOSA OSMANI - SADRIU -","og_url":"https:\/\/president-ksgov.net\/fjala-e-presidentes-atifete-jahjaga-ne-ceremonine-e-hapjes-se-mini-olimpiades-2013-per-te-rinjte-me-aftesi-te-kufizuara\/","og_site_name":"President of the Republic of Kosovo - DR. VJOSA OSMANI - SADRIU","article_published_time":"2013-06-15T14:11:46+00:00","article_modified_time":"2023-03-07T10:42:15+00:00","og_image":[{"width":1000,"height":1585,"url":"https:\/\/president-ksgov.net\/wp-content\/uploads\/15_06_13_116908_15_06_2013_Miniolimpiada_0.jpg","type":"image\/jpeg"}],"author":"admin","twitter_card":"summary_large_image","twitter_misc":{"Written by":"admin","Est. reading time":"2 minutes"},"schema":{"@context":"https:\/\/schema.org","@graph":[{"@type":"WebPage","@id":"https:\/\/president-ksgov.net\/fjala-e-presidentes-atifete-jahjaga-ne-ceremonine-e-hapjes-se-mini-olimpiades-2013-per-te-rinjte-me-aftesi-te-kufizuara\/","url":"https:\/\/president-ksgov.net\/fjala-e-presidentes-atifete-jahjaga-ne-ceremonine-e-hapjes-se-mini-olimpiades-2013-per-te-rinjte-me-aftesi-te-kufizuara\/","name":"Remarks of the President of the Republic of Kosovo, Madam Atifete Jahjaga, delivered at the opening ceremony of the Mini-Olympics 2013, for children with disabilities - President of the Republic of Kosovo - DR. VJOSA OSMANI - SADRIU","isPartOf":{"@id":"https:\/\/president-ksgov.net\/#website"},"primaryImageOfPage":{"@id":"https:\/\/president-ksgov.net\/fjala-e-presidentes-atifete-jahjaga-ne-ceremonine-e-hapjes-se-mini-olimpiades-2013-per-te-rinjte-me-aftesi-te-kufizuara\/#primaryimage"},"image":{"@id":"https:\/\/president-ksgov.net\/fjala-e-presidentes-atifete-jahjaga-ne-ceremonine-e-hapjes-se-mini-olimpiades-2013-per-te-rinjte-me-aftesi-te-kufizuara\/#primaryimage"},"thumbnailUrl":"https:\/\/president-ksgov.net\/wp-content\/uploads\/15_06_13_116908_15_06_2013_Miniolimpiada_0.jpg","datePublished":"2013-06-15T14:11:46+00:00","dateModified":"2023-03-07T10:42:15+00:00","author":{"@id":"https:\/\/president-ksgov.net\/#\/schema\/person\/bb4337a5fb147cb2046d80548172cbee"},"description":"Remarks of the President of the Republic of Kosovo, Madam Atifete Jahjaga, delivered at the opening ceremony of the Mini-Olympics 2013, for children with disabilities - President of the Republic of Kosovo - DR. VJOSA OSMANI - SADRIU -","breadcrumb":{"@id":"https:\/\/president-ksgov.net\/fjala-e-presidentes-atifete-jahjaga-ne-ceremonine-e-hapjes-se-mini-olimpiades-2013-per-te-rinjte-me-aftesi-te-kufizuara\/#breadcrumb"},"inLanguage":"en-US","potentialAction":[{"@type":"ReadAction","target":["https:\/\/president-ksgov.net\/fjala-e-presidentes-atifete-jahjaga-ne-ceremonine-e-hapjes-se-mini-olimpiades-2013-per-te-rinjte-me-aftesi-te-kufizuara\/"]}]},{"@type":"ImageObject","inLanguage":"en-US","@id":"https:\/\/president-ksgov.net\/fjala-e-presidentes-atifete-jahjaga-ne-ceremonine-e-hapjes-se-mini-olimpiades-2013-per-te-rinjte-me-aftesi-te-kufizuara\/#primaryimage","url":"https:\/\/president-ksgov.net\/wp-content\/uploads\/15_06_13_116908_15_06_2013_Miniolimpiada_0.jpg","contentUrl":"https:\/\/president-ksgov.net\/wp-content\/uploads\/15_06_13_116908_15_06_2013_Miniolimpiada_0.jpg","width":1000,"height":1585},{"@type":"BreadcrumbList","@id":"https:\/\/president-ksgov.net\/fjala-e-presidentes-atifete-jahjaga-ne-ceremonine-e-hapjes-se-mini-olimpiades-2013-per-te-rinjte-me-aftesi-te-kufizuara\/#breadcrumb","itemListElement":[{"@type":"ListItem","position":1,"name":"Home","item":"https:\/\/president-ksgov.net\/en\/"},{"@type":"ListItem","position":2,"name":"Remarks of the President of the Republic of Kosovo, Madam Atifete Jahjaga, delivered at the opening ceremony of the Mini-Olympics 2013, for children with disabilities"}]},{"@type":"WebSite","@id":"https:\/\/president-ksgov.net\/#website","url":"https:\/\/president-ksgov.net\/","name":"Presidente e Republik\u00ebs s\u00eb Kosov\u00ebs","description":"Presidente e Republik\u00ebs s\u00eb Kosov\u00ebs","alternateName":"DR. VJOSA OSMANI - SADRIU","potentialAction":[{"@type":"SearchAction","target":{"@type":"EntryPoint","urlTemplate":"https:\/\/president-ksgov.net\/?s={search_term_string}"},"query-input":{"@type":"PropertyValueSpecification","valueRequired":true,"valueName":"search_term_string"}}],"inLanguage":"en-US"},{"@type":"Person","@id":"https:\/\/president-ksgov.net\/#\/schema\/person\/bb4337a5fb147cb2046d80548172cbee","name":"admin","image":{"@type":"ImageObject","inLanguage":"en-US","@id":"https:\/\/president-ksgov.net\/#\/schema\/person\/image\/","url":"https:\/\/secure.gravatar.com\/avatar\/36156ca0fa3b8d9d25174f146e16beea0cf28f37adf1b9e19b6c9c279a7c9dd3?s=96&d=mm&r=g","contentUrl":"https:\/\/secure.gravatar.com\/avatar\/36156ca0fa3b8d9d25174f146e16beea0cf28f37adf1b9e19b6c9c279a7c9dd3?s=96&d=mm&r=g","caption":"admin"},"sameAs":["https:\/\/president-ksgov.net"]}]}},"_links":{"self":[{"href":"https:\/\/president-ksgov.net\/en\/wp-json\/wp\/v2\/posts\/70805","targetHints":{"allow":["GET"]}}],"collection":[{"href":"https:\/\/president-ksgov.net\/en\/wp-json\/wp\/v2\/posts"}],"about":[{"href":"https:\/\/president-ksgov.net\/en\/wp-json\/wp\/v2\/types\/post"}],"author":[{"embeddable":true,"href":"https:\/\/president-ksgov.net\/en\/wp-json\/wp\/v2\/users\/1"}],"replies":[{"embeddable":true,"href":"https:\/\/president-ksgov.net\/en\/wp-json\/wp\/v2\/comments?post=70805"}],"version-history":[{"count":0,"href":"https:\/\/president-ksgov.net\/en\/wp-json\/wp\/v2\/posts\/70805\/revisions"}],"wp:featuredmedia":[{"embeddable":true,"href":"https:\/\/president-ksgov.net\/en\/wp-json\/wp\/v2\/media\/50701"}],"wp:attachment":[{"href":"https:\/\/president-ksgov.net\/en\/wp-json\/wp\/v2\/media?parent=70805"}],"wp:term":[{"taxonomy":"category","embeddable":true,"href":"https:\/\/president-ksgov.net\/en\/wp-json\/wp\/v2\/categories?post=70805"},{"taxonomy":"post_tag","embeddable":true,"href":"https:\/\/president-ksgov.net\/en\/wp-json\/wp\/v2\/tags?post=70805"}],"curies":[{"name":"wp","href":"https:\/\/api.w.org\/{rel}","templated":true}]}}