{"id":70801,"date":"2013-06-18T15:29:59","date_gmt":"2013-06-18T15:29:59","guid":{"rendered":"https:\/\/dev.president-ksgov.net\/president-jahjaga-met-with-former-eu-special-envoy-for-kosovo-austrian-ambassador-mr-wolfgang-petritsch\/"},"modified":"2023-03-07T10:42:15","modified_gmt":"2023-03-07T10:42:15","slug":"president-jahjaga-met-with-former-eu-special-envoy-for-kosovo-austrian-ambassador-mr-wolfgang-petritsch","status":"publish","type":"post","link":"https:\/\/president-ksgov.net\/en\/president-jahjaga-met-with-former-eu-special-envoy-for-kosovo-austrian-ambassador-mr-wolfgang-petritsch\/","title":{"rendered":"President Jahjaga met with former EU Special envoy for Kosovo, Austrian Ambassador Mr. Wolfgang Petritsch"},"content":{"rendered":"<p>President of the Republic of Kosovo, Mrs. Atifete Jahjaga, met today at &#8220;Adem Jashari&#8221; Prishtina International Airport with former EU Special Envoy for Kosovo, Austrian Ambassador, Mr. Wolfgang Petritsch.<\/p>\n<p>President Jahjaga thanked Ambassador Petritsch for all his contributions and engagements for Kosovo, both on pre war and post war periods, as well as during the state building period. She stated that Republic of Kosovo has become a factor of peace and stability in the region and is contributing towards strengthening of good neighbourliness among the Balkan countries.<\/p>\n<p>President Jahjaga said that Kosovo has made considerable achievements on its path of European integrations and\u00a0 that institutions of the country are dedicated towards building of a democratic state of law, where all citizens, enjoy equal rights and oportunities, regardless.<\/p>\n<p>Ambassador Petritsch congratulated Madam President on the achievements of Kosovo in all fields and for important steps undertaken towards normalisation of relations between Kosovo and Serbia.<\/p>\n<p>He emphasized that the future of Kosovo and all the countries of the Balkan region lies within the EU.<\/p>\n<p>Meeting with Ambassador Petritsch took place at the Prishtina International Airport, as President of the Republic of Kosovo, Mrs. Atifete Jahjaga was on her way to Vienna, on an official visit to Austria, upon invitation made by the President of Austria, Mr. Heinz Fischer.<\/p>\n","protected":false},"excerpt":{"rendered":"<p>President of the Republic of Kosovo, Mrs. Atifete Jahjaga, met today at &#8220;Adem Jashari&#8221; Prishtina International Airport with former EU Special Envoy for Kosovo, Austrian Ambassador, Mr. Wolfgang Petritsch.<\/p>\n","protected":false},"author":1,"featured_media":50673,"comment_status":"open","ping_status":"closed","sticky":false,"template":"","format":"standard","meta":{"_eb_attr":"","footnotes":""},"categories":[111],"tags":[],"class_list":["post-70801","post","type-post","status-publish","format-standard","has-post-thumbnail","hentry","category-news"],"yoast_head":"<!-- This site is optimized with the Yoast SEO plugin v23.5 - https:\/\/yoast.com\/wordpress\/plugins\/seo\/ -->\n<title>President Jahjaga met with former EU Special envoy for Kosovo, Austrian Ambassador Mr. Wolfgang Petritsch - President of the Republic of Kosovo - DR. VJOSA OSMANI - SADRIU<\/title>\n<meta name=\"description\" content=\"President Jahjaga met with former EU Special envoy for Kosovo, Austrian Ambassador Mr. Wolfgang Petritsch - President of the Republic of Kosovo - DR. VJOSA OSMANI - SADRIU -\" \/>\n<meta name=\"robots\" content=\"index, follow, max-snippet:-1, max-image-preview:large, max-video-preview:-1\" \/>\n<link rel=\"canonical\" href=\"https:\/\/president-ksgov.net\/presidentja-jahjaga-u-takua-me-ish-perfaqesuesin-e-posacem-te-be-se-per-kosoven-ambasadorin-austriak-wolfgang-petrich\/\" \/>\n<meta property=\"og:locale\" content=\"en_US\" \/>\n<meta property=\"og:type\" content=\"article\" \/>\n<meta property=\"og:title\" content=\"President Jahjaga met with former EU Special envoy for Kosovo, Austrian Ambassador Mr. Wolfgang Petritsch - President of the Republic of Kosovo - DR. VJOSA OSMANI - SADRIU\" \/>\n<meta property=\"og:description\" content=\"President Jahjaga met with former EU Special envoy for Kosovo, Austrian Ambassador Mr. Wolfgang Petritsch - President of the Republic of Kosovo - DR. VJOSA OSMANI - SADRIU -\" \/>\n<meta property=\"og:url\" content=\"https:\/\/president-ksgov.net\/presidentja-jahjaga-u-takua-me-ish-perfaqesuesin-e-posacem-te-be-se-per-kosoven-ambasadorin-austriak-wolfgang-petrich\/\" \/>\n<meta property=\"og:site_name\" content=\"President of the Republic of Kosovo - DR. VJOSA OSMANI - SADRIU\" \/>\n<meta property=\"article:published_time\" content=\"2013-06-18T15:29:59+00:00\" \/>\n<meta property=\"article:modified_time\" content=\"2023-03-07T10:42:15+00:00\" \/>\n<meta property=\"og:image\" content=\"https:\/\/president-ksgov.net\/wp-content\/uploads\/18.06.2013_001.jpg\" \/>\n\t<meta property=\"og:image:width\" content=\"800\" \/>\n\t<meta property=\"og:image:height\" content=\"533\" \/>\n\t<meta property=\"og:image:type\" content=\"image\/jpeg\" \/>\n<meta name=\"author\" content=\"admin\" \/>\n<meta name=\"twitter:card\" content=\"summary_large_image\" \/>\n<meta name=\"twitter:label1\" content=\"Written by\" \/>\n\t<meta name=\"twitter:data1\" content=\"admin\" \/>\n\t<meta name=\"twitter:label2\" content=\"Est. reading time\" \/>\n\t<meta name=\"twitter:data2\" content=\"1 minute\" \/>\n<script type=\"application\/ld+json\" class=\"yoast-schema-graph\">{\"@context\":\"https:\/\/schema.org\",\"@graph\":[{\"@type\":\"WebPage\",\"@id\":\"https:\/\/president-ksgov.net\/presidentja-jahjaga-u-takua-me-ish-perfaqesuesin-e-posacem-te-be-se-per-kosoven-ambasadorin-austriak-wolfgang-petrich\/\",\"url\":\"https:\/\/president-ksgov.net\/presidentja-jahjaga-u-takua-me-ish-perfaqesuesin-e-posacem-te-be-se-per-kosoven-ambasadorin-austriak-wolfgang-petrich\/\",\"name\":\"President Jahjaga met with former EU Special envoy for Kosovo, Austrian Ambassador Mr. Wolfgang Petritsch - President of the Republic of Kosovo - DR. VJOSA OSMANI - SADRIU\",\"isPartOf\":{\"@id\":\"https:\/\/president-ksgov.net\/#website\"},\"primaryImageOfPage\":{\"@id\":\"https:\/\/president-ksgov.net\/presidentja-jahjaga-u-takua-me-ish-perfaqesuesin-e-posacem-te-be-se-per-kosoven-ambasadorin-austriak-wolfgang-petrich\/#primaryimage\"},\"image\":{\"@id\":\"https:\/\/president-ksgov.net\/presidentja-jahjaga-u-takua-me-ish-perfaqesuesin-e-posacem-te-be-se-per-kosoven-ambasadorin-austriak-wolfgang-petrich\/#primaryimage\"},\"thumbnailUrl\":\"https:\/\/president-ksgov.net\/wp-content\/uploads\/18.06.2013_001.jpg\",\"datePublished\":\"2013-06-18T15:29:59+00:00\",\"dateModified\":\"2023-03-07T10:42:15+00:00\",\"author\":{\"@id\":\"https:\/\/president-ksgov.net\/#\/schema\/person\/bb4337a5fb147cb2046d80548172cbee\"},\"description\":\"President Jahjaga met with former EU Special envoy for Kosovo, Austrian Ambassador Mr. Wolfgang Petritsch - President of the Republic of Kosovo - DR. VJOSA OSMANI - SADRIU -\",\"breadcrumb\":{\"@id\":\"https:\/\/president-ksgov.net\/presidentja-jahjaga-u-takua-me-ish-perfaqesuesin-e-posacem-te-be-se-per-kosoven-ambasadorin-austriak-wolfgang-petrich\/#breadcrumb\"},\"inLanguage\":\"en-US\",\"potentialAction\":[{\"@type\":\"ReadAction\",\"target\":[\"https:\/\/president-ksgov.net\/presidentja-jahjaga-u-takua-me-ish-perfaqesuesin-e-posacem-te-be-se-per-kosoven-ambasadorin-austriak-wolfgang-petrich\/\"]}]},{\"@type\":\"ImageObject\",\"inLanguage\":\"en-US\",\"@id\":\"https:\/\/president-ksgov.net\/presidentja-jahjaga-u-takua-me-ish-perfaqesuesin-e-posacem-te-be-se-per-kosoven-ambasadorin-austriak-wolfgang-petrich\/#primaryimage\",\"url\":\"https:\/\/president-ksgov.net\/wp-content\/uploads\/18.06.2013_001.jpg\",\"contentUrl\":\"https:\/\/president-ksgov.net\/wp-content\/uploads\/18.06.2013_001.jpg\",\"width\":800,\"height\":533},{\"@type\":\"BreadcrumbList\",\"@id\":\"https:\/\/president-ksgov.net\/presidentja-jahjaga-u-takua-me-ish-perfaqesuesin-e-posacem-te-be-se-per-kosoven-ambasadorin-austriak-wolfgang-petrich\/#breadcrumb\",\"itemListElement\":[{\"@type\":\"ListItem\",\"position\":1,\"name\":\"Home\",\"item\":\"https:\/\/president-ksgov.net\/en\/\"},{\"@type\":\"ListItem\",\"position\":2,\"name\":\"President Jahjaga met with former EU Special envoy for Kosovo, Austrian Ambassador Mr. Wolfgang Petritsch\"}]},{\"@type\":\"WebSite\",\"@id\":\"https:\/\/president-ksgov.net\/#website\",\"url\":\"https:\/\/president-ksgov.net\/\",\"name\":\"Presidente e Republik\u00ebs s\u00eb Kosov\u00ebs\",\"description\":\"Presidente e Republik\u00ebs s\u00eb Kosov\u00ebs\",\"alternateName\":\"DR. VJOSA OSMANI - SADRIU\",\"potentialAction\":[{\"@type\":\"SearchAction\",\"target\":{\"@type\":\"EntryPoint\",\"urlTemplate\":\"https:\/\/president-ksgov.net\/?s={search_term_string}\"},\"query-input\":{\"@type\":\"PropertyValueSpecification\",\"valueRequired\":true,\"valueName\":\"search_term_string\"}}],\"inLanguage\":\"en-US\"},{\"@type\":\"Person\",\"@id\":\"https:\/\/president-ksgov.net\/#\/schema\/person\/bb4337a5fb147cb2046d80548172cbee\",\"name\":\"admin\",\"image\":{\"@type\":\"ImageObject\",\"inLanguage\":\"en-US\",\"@id\":\"https:\/\/president-ksgov.net\/#\/schema\/person\/image\/\",\"url\":\"https:\/\/secure.gravatar.com\/avatar\/36156ca0fa3b8d9d25174f146e16beea0cf28f37adf1b9e19b6c9c279a7c9dd3?s=96&d=mm&r=g\",\"contentUrl\":\"https:\/\/secure.gravatar.com\/avatar\/36156ca0fa3b8d9d25174f146e16beea0cf28f37adf1b9e19b6c9c279a7c9dd3?s=96&d=mm&r=g\",\"caption\":\"admin\"},\"sameAs\":[\"https:\/\/president-ksgov.net\"]}]}<\/script>\n<!-- \/ Yoast SEO plugin. -->","yoast_head_json":{"title":"President Jahjaga met with former EU Special envoy for Kosovo, Austrian Ambassador Mr. Wolfgang Petritsch - President of the Republic of Kosovo - DR. VJOSA OSMANI - SADRIU","description":"President Jahjaga met with former EU Special envoy for Kosovo, Austrian Ambassador Mr. Wolfgang Petritsch - President of the Republic of Kosovo - DR. VJOSA OSMANI - SADRIU -","robots":{"index":"index","follow":"follow","max-snippet":"max-snippet:-1","max-image-preview":"max-image-preview:large","max-video-preview":"max-video-preview:-1"},"canonical":"https:\/\/president-ksgov.net\/presidentja-jahjaga-u-takua-me-ish-perfaqesuesin-e-posacem-te-be-se-per-kosoven-ambasadorin-austriak-wolfgang-petrich\/","og_locale":"en_US","og_type":"article","og_title":"President Jahjaga met with former EU Special envoy for Kosovo, Austrian Ambassador Mr. Wolfgang Petritsch - President of the Republic of Kosovo - DR. VJOSA OSMANI - SADRIU","og_description":"President Jahjaga met with former EU Special envoy for Kosovo, Austrian Ambassador Mr. Wolfgang Petritsch - President of the Republic of Kosovo - DR. VJOSA OSMANI - SADRIU -","og_url":"https:\/\/president-ksgov.net\/presidentja-jahjaga-u-takua-me-ish-perfaqesuesin-e-posacem-te-be-se-per-kosoven-ambasadorin-austriak-wolfgang-petrich\/","og_site_name":"President of the Republic of Kosovo - DR. VJOSA OSMANI - SADRIU","article_published_time":"2013-06-18T15:29:59+00:00","article_modified_time":"2023-03-07T10:42:15+00:00","og_image":[{"width":800,"height":533,"url":"https:\/\/president-ksgov.net\/wp-content\/uploads\/18.06.2013_001.jpg","type":"image\/jpeg"}],"author":"admin","twitter_card":"summary_large_image","twitter_misc":{"Written by":"admin","Est. reading time":"1 minute"},"schema":{"@context":"https:\/\/schema.org","@graph":[{"@type":"WebPage","@id":"https:\/\/president-ksgov.net\/presidentja-jahjaga-u-takua-me-ish-perfaqesuesin-e-posacem-te-be-se-per-kosoven-ambasadorin-austriak-wolfgang-petrich\/","url":"https:\/\/president-ksgov.net\/presidentja-jahjaga-u-takua-me-ish-perfaqesuesin-e-posacem-te-be-se-per-kosoven-ambasadorin-austriak-wolfgang-petrich\/","name":"President Jahjaga met with former EU Special envoy for Kosovo, Austrian Ambassador Mr. Wolfgang Petritsch - President of the Republic of Kosovo - DR. VJOSA OSMANI - SADRIU","isPartOf":{"@id":"https:\/\/president-ksgov.net\/#website"},"primaryImageOfPage":{"@id":"https:\/\/president-ksgov.net\/presidentja-jahjaga-u-takua-me-ish-perfaqesuesin-e-posacem-te-be-se-per-kosoven-ambasadorin-austriak-wolfgang-petrich\/#primaryimage"},"image":{"@id":"https:\/\/president-ksgov.net\/presidentja-jahjaga-u-takua-me-ish-perfaqesuesin-e-posacem-te-be-se-per-kosoven-ambasadorin-austriak-wolfgang-petrich\/#primaryimage"},"thumbnailUrl":"https:\/\/president-ksgov.net\/wp-content\/uploads\/18.06.2013_001.jpg","datePublished":"2013-06-18T15:29:59+00:00","dateModified":"2023-03-07T10:42:15+00:00","author":{"@id":"https:\/\/president-ksgov.net\/#\/schema\/person\/bb4337a5fb147cb2046d80548172cbee"},"description":"President Jahjaga met with former EU Special envoy for Kosovo, Austrian Ambassador Mr. Wolfgang Petritsch - President of the Republic of Kosovo - DR. VJOSA OSMANI - SADRIU -","breadcrumb":{"@id":"https:\/\/president-ksgov.net\/presidentja-jahjaga-u-takua-me-ish-perfaqesuesin-e-posacem-te-be-se-per-kosoven-ambasadorin-austriak-wolfgang-petrich\/#breadcrumb"},"inLanguage":"en-US","potentialAction":[{"@type":"ReadAction","target":["https:\/\/president-ksgov.net\/presidentja-jahjaga-u-takua-me-ish-perfaqesuesin-e-posacem-te-be-se-per-kosoven-ambasadorin-austriak-wolfgang-petrich\/"]}]},{"@type":"ImageObject","inLanguage":"en-US","@id":"https:\/\/president-ksgov.net\/presidentja-jahjaga-u-takua-me-ish-perfaqesuesin-e-posacem-te-be-se-per-kosoven-ambasadorin-austriak-wolfgang-petrich\/#primaryimage","url":"https:\/\/president-ksgov.net\/wp-content\/uploads\/18.06.2013_001.jpg","contentUrl":"https:\/\/president-ksgov.net\/wp-content\/uploads\/18.06.2013_001.jpg","width":800,"height":533},{"@type":"BreadcrumbList","@id":"https:\/\/president-ksgov.net\/presidentja-jahjaga-u-takua-me-ish-perfaqesuesin-e-posacem-te-be-se-per-kosoven-ambasadorin-austriak-wolfgang-petrich\/#breadcrumb","itemListElement":[{"@type":"ListItem","position":1,"name":"Home","item":"https:\/\/president-ksgov.net\/en\/"},{"@type":"ListItem","position":2,"name":"President Jahjaga met with former EU Special envoy for Kosovo, Austrian Ambassador Mr. Wolfgang Petritsch"}]},{"@type":"WebSite","@id":"https:\/\/president-ksgov.net\/#website","url":"https:\/\/president-ksgov.net\/","name":"Presidente e Republik\u00ebs s\u00eb Kosov\u00ebs","description":"Presidente e Republik\u00ebs s\u00eb Kosov\u00ebs","alternateName":"DR. VJOSA OSMANI - SADRIU","potentialAction":[{"@type":"SearchAction","target":{"@type":"EntryPoint","urlTemplate":"https:\/\/president-ksgov.net\/?s={search_term_string}"},"query-input":{"@type":"PropertyValueSpecification","valueRequired":true,"valueName":"search_term_string"}}],"inLanguage":"en-US"},{"@type":"Person","@id":"https:\/\/president-ksgov.net\/#\/schema\/person\/bb4337a5fb147cb2046d80548172cbee","name":"admin","image":{"@type":"ImageObject","inLanguage":"en-US","@id":"https:\/\/president-ksgov.net\/#\/schema\/person\/image\/","url":"https:\/\/secure.gravatar.com\/avatar\/36156ca0fa3b8d9d25174f146e16beea0cf28f37adf1b9e19b6c9c279a7c9dd3?s=96&d=mm&r=g","contentUrl":"https:\/\/secure.gravatar.com\/avatar\/36156ca0fa3b8d9d25174f146e16beea0cf28f37adf1b9e19b6c9c279a7c9dd3?s=96&d=mm&r=g","caption":"admin"},"sameAs":["https:\/\/president-ksgov.net"]}]}},"_links":{"self":[{"href":"https:\/\/president-ksgov.net\/en\/wp-json\/wp\/v2\/posts\/70801","targetHints":{"allow":["GET"]}}],"collection":[{"href":"https:\/\/president-ksgov.net\/en\/wp-json\/wp\/v2\/posts"}],"about":[{"href":"https:\/\/president-ksgov.net\/en\/wp-json\/wp\/v2\/types\/post"}],"author":[{"embeddable":true,"href":"https:\/\/president-ksgov.net\/en\/wp-json\/wp\/v2\/users\/1"}],"replies":[{"embeddable":true,"href":"https:\/\/president-ksgov.net\/en\/wp-json\/wp\/v2\/comments?post=70801"}],"version-history":[{"count":0,"href":"https:\/\/president-ksgov.net\/en\/wp-json\/wp\/v2\/posts\/70801\/revisions"}],"wp:featuredmedia":[{"embeddable":true,"href":"https:\/\/president-ksgov.net\/en\/wp-json\/wp\/v2\/media\/50673"}],"wp:attachment":[{"href":"https:\/\/president-ksgov.net\/en\/wp-json\/wp\/v2\/media?parent=70801"}],"wp:term":[{"taxonomy":"category","embeddable":true,"href":"https:\/\/president-ksgov.net\/en\/wp-json\/wp\/v2\/categories?post=70801"},{"taxonomy":"post_tag","embeddable":true,"href":"https:\/\/president-ksgov.net\/en\/wp-json\/wp\/v2\/tags?post=70801"}],"curies":[{"name":"wp","href":"https:\/\/api.w.org\/{rel}","templated":true}]}}